{"id":700,"date":"2020-03-28T19:41:42","date_gmt":"2020-03-28T18:41:42","guid":{"rendered":"https:\/\/weltlaeden.de\/wolfenbuettel\/?p=700"},"modified":"2020-04-07T20:15:14","modified_gmt":"2020-04-07T18:15:14","slug":"jetzt-lieferservice-des-weltladens-moeglich","status":"publish","type":"post","link":"https:\/\/weltlaeden.de\/wolfenbuettel\/jetzt-lieferservice-des-weltladens-moeglich\/","title":{"rendered":"Jetzt Lieferservice des Weltladens m\u00f6glich!"},"content":{"rendered":"<p>Ab Montag, 30.3.2020 k\u00f6nnen Kundinnen und Kunden, die sich auch in der Krise mit fairen Produkten versorgen wollen, das tun! Auch Gutscheine f\u00fcr die Zeit danach sind im Angebot.<\/p>\n<p>Der Weltladen bietet das mit Preisen ausgezeichnete Sortiment des Weltladens im Schaufenster Okerstra\u00dfe 10, auf www.weltlaeden.de\/wolfenbuettel und Facebook an:\u00a0<a href=\"https:\/\/www.facebook.com\/WerkstattSolidarischeWelt\/\">https:\/\/www.facebook.com\/WerkstattSolidarischeWelt\/<\/a>. Die Liste kann als<strong> <a href=\"https:\/\/weltlaeden.de\/wolfenbuettel\/wp-content\/uploads\/sites\/111\/2020\/04\/Preisliste-Weltladen-Aktuell-2020.04.07-zweispaltig.pdf\">PDF-Datei<\/a><\/strong> (neue Version vom 7.4.20) heruntergeladen werden.<\/p>\n<p>Bestellt werden kann unter: 05331-7107303 oder per e-mail: einkauf@weltladen-wf.de. Die Ehrenamtlichen setzen sich mit den KundInnen in Verbindung, um kontaktloses Liefern und Bezahlen zu kl\u00e4ren.<\/p>\n<p>Auch der faire Handel sp\u00fcrt die weltweite Krise, die die Wirtschaft ersch\u00fcttert. Es ist entscheidend, dass die Ums\u00e4tze nicht langanhaltend einbrechen. Mit den kreativen Ma\u00dfnahmen wird versucht die schlimmsten wirtschaftlichen Auswirkungen der Corona-Krise auf alle Partner abzumildern und die Versorgung der Bev\u00f6lkerung mit fair gehandelten Produkten zu gew\u00e4hrleisten.<\/p>\n<p>Dar\u00fcber hinaus bieten 30 Lieferanten der Weltl\u00e4den \u00fcber ihren Online Handel die M\u00f6glichkeit an, umfassend einzukaufen. Im Bestellformular kann man seinen Weltladen nennen und so erh\u00e4lt der eine Provision.<\/p>\n<p>Nicht nur gemeinsam, sondern auch kreativ, trotzen wir der Krise.<\/p>\n<pre><img loading=\"lazy\" decoding=\"async\" class=\"size-medium wp-image-710 alignleft\" src=\"https:\/\/weltlaeden.de\/wolfenbuettel\/wp-content\/uploads\/sites\/111\/2020\/03\/Lieferservice-Beispiel-224x300.jpg\" alt=\"\" width=\"224\" height=\"300\" srcset=\"https:\/\/weltlaeden.de\/wolfenbuettel\/wp-content\/uploads\/sites\/111\/2020\/03\/Lieferservice-Beispiel-224x300.jpg 224w, https:\/\/weltlaeden.de\/wolfenbuettel\/wp-content\/uploads\/sites\/111\/2020\/03\/Lieferservice-Beispiel.jpg 284w\" sizes=\"auto, (max-width: 224px) 100vw, 224px\" \/>Ein Beispiel f\u00fcr einen Einkauf per Lieferservice:\r\n\r\n\r\nOrangen Saft 1 Liter = 2,00\u20ac\r\nKaffee Sahne Bonbons 100 gr. = 1,70\u20ac\r\nEspresso Caramel Schokolade 100gr. = 2,50\u20ac\r\nCabernet Sauvignon 0,75 Liter = 7,00\u20ac\r\nPopquins 120gr. = 2,50\u20ac\r\nCaf\u00e9 Libert\u00e8 Bohne 250gr = 5,90\u20ac<\/pre>\n<p>&nbsp;<\/p>\n","protected":false},"excerpt":{"rendered":"<p>Ab Montag, 30.3.2020 k\u00f6nnen Kundinnen und Kunden, die sich auch in der Krise mit fairen Produkten versorgen wollen, das tun! Auch Gutscheine f\u00fcr die Zeit danach sind im Angebot. Der Weltladen bietet das mit Preisen ausgezeichnete Sortiment des Weltladens im Schaufenster Okerstra\u00dfe 10, auf www.weltlaeden.de\/wolfenbuettel und Facebook an:\u00a0https:\/\/www.facebook.com\/WerkstattSolidarischeWelt\/. Die Liste kann als PDF-Datei (neue Version&hellip;<\/p>\n","protected":false},"author":171,"featured_media":712,"comment_status":"closed","ping_status":"closed","sticky":false,"template":"","format":"standard","meta":{"footnotes":""},"categories":[1],"tags":[],"class_list":["post-700","post","type-post","status-publish","format-standard","has-post-thumbnail","hentry","category-allgemein","category-1","description-off"],"yoast_head":"<!-- This site is optimized with the Yoast SEO plugin v26.8 - https:\/\/yoast.com\/product\/yoast-seo-wordpress\/ -->\n<title>Jetzt Lieferservice des Weltladens m\u00f6glich! - Weltladen Wolfenb\u00fcttel<\/title>\n<meta name=\"robots\" content=\"index, follow, max-snippet:-1, max-image-preview:large, max-video-preview:-1\" \/>\n<link rel=\"canonical\" href=\"https:\/\/weltlaeden.de\/wolfenbuettel\/jetzt-lieferservice-des-weltladens-moeglich\/\" \/>\n<meta property=\"og:locale\" content=\"de_DE\" \/>\n<meta property=\"og:type\" content=\"article\" \/>\n<meta property=\"og:title\" content=\"Jetzt Lieferservice des Weltladens m\u00f6glich! - Weltladen Wolfenb\u00fcttel\" \/>\n<meta property=\"og:description\" content=\"Ab Montag, 30.3.2020 k\u00f6nnen Kundinnen und Kunden, die sich auch in der Krise mit fairen Produkten versorgen wollen, das tun! Auch Gutscheine f\u00fcr die Zeit danach sind im Angebot. Der Weltladen bietet das mit Preisen ausgezeichnete Sortiment des Weltladens im Schaufenster Okerstra\u00dfe 10, auf www.weltlaeden.de\/wolfenbuettel und Facebook an:\u00a0https:\/\/www.facebook.com\/WerkstattSolidarischeWelt\/. Die Liste kann als PDF-Datei (neue Version&hellip;\" \/>\n<meta property=\"og:url\" content=\"https:\/\/weltlaeden.de\/wolfenbuettel\/jetzt-lieferservice-des-weltladens-moeglich\/\" \/>\n<meta property=\"og:site_name\" content=\"Weltladen Wolfenb\u00fcttel\" \/>\n<meta property=\"article:published_time\" content=\"2020-03-28T18:41:42+00:00\" \/>\n<meta property=\"article:modified_time\" content=\"2020-04-07T18:15:14+00:00\" \/>\n<meta property=\"og:image\" content=\"https:\/\/weltlaeden.de\/wolfenbuettel\/wp-content\/uploads\/sites\/111\/2020\/03\/Gemeinsam-durch-die-Krise-4.jpg\" \/>\n\t<meta property=\"og:image:width\" content=\"939\" \/>\n\t<meta property=\"og:image:height\" content=\"532\" \/>\n\t<meta property=\"og:image:type\" content=\"image\/jpeg\" \/>\n<meta name=\"author\" content=\"wolfenbuettel\" \/>\n<meta name=\"twitter:card\" content=\"summary_large_image\" \/>\n<meta name=\"twitter:label1\" content=\"Verfasst von\" \/>\n\t<meta name=\"twitter:data1\" content=\"wolfenbuettel\" \/>\n\t<meta name=\"twitter:label2\" content=\"Gesch\u00e4tzte Lesezeit\" \/>\n\t<meta name=\"twitter:data2\" content=\"1\u00a0Minute\" \/>\n<script type=\"application\/ld+json\" class=\"yoast-schema-graph\">{\"@context\":\"https:\/\/schema.org\",\"@graph\":[{\"@type\":\"Article\",\"@id\":\"https:\/\/weltlaeden.de\/wolfenbuettel\/jetzt-lieferservice-des-weltladens-moeglich\/#article\",\"isPartOf\":{\"@id\":\"https:\/\/weltlaeden.de\/wolfenbuettel\/jetzt-lieferservice-des-weltladens-moeglich\/\"},\"author\":{\"name\":\"wolfenbuettel\",\"@id\":\"https:\/\/weltlaeden.de\/wolfenbuettel\/#\/schema\/person\/899f028df03087d4b5164e53e3998bf7\"},\"headline\":\"Jetzt Lieferservice des Weltladens m\u00f6glich!\",\"datePublished\":\"2020-03-28T18:41:42+00:00\",\"dateModified\":\"2020-04-07T18:15:14+00:00\",\"mainEntityOfPage\":{\"@id\":\"https:\/\/weltlaeden.de\/wolfenbuettel\/jetzt-lieferservice-des-weltladens-moeglich\/\"},\"wordCount\":198,\"image\":{\"@id\":\"https:\/\/weltlaeden.de\/wolfenbuettel\/jetzt-lieferservice-des-weltladens-moeglich\/#primaryimage\"},\"thumbnailUrl\":\"https:\/\/weltlaeden.de\/wolfenbuettel\/wp-content\/uploads\/sites\/111\/2020\/03\/Gemeinsam-durch-die-Krise-4.jpg\",\"articleSection\":[\"Keine Kategorie\"],\"inLanguage\":\"de\"},{\"@type\":\"WebPage\",\"@id\":\"https:\/\/weltlaeden.de\/wolfenbuettel\/jetzt-lieferservice-des-weltladens-moeglich\/\",\"url\":\"https:\/\/weltlaeden.de\/wolfenbuettel\/jetzt-lieferservice-des-weltladens-moeglich\/\",\"name\":\"Jetzt Lieferservice des Weltladens m\u00f6glich! - Weltladen Wolfenb\u00fcttel\",\"isPartOf\":{\"@id\":\"https:\/\/weltlaeden.de\/wolfenbuettel\/#website\"},\"primaryImageOfPage\":{\"@id\":\"https:\/\/weltlaeden.de\/wolfenbuettel\/jetzt-lieferservice-des-weltladens-moeglich\/#primaryimage\"},\"image\":{\"@id\":\"https:\/\/weltlaeden.de\/wolfenbuettel\/jetzt-lieferservice-des-weltladens-moeglich\/#primaryimage\"},\"thumbnailUrl\":\"https:\/\/weltlaeden.de\/wolfenbuettel\/wp-content\/uploads\/sites\/111\/2020\/03\/Gemeinsam-durch-die-Krise-4.jpg\",\"datePublished\":\"2020-03-28T18:41:42+00:00\",\"dateModified\":\"2020-04-07T18:15:14+00:00\",\"author\":{\"@id\":\"https:\/\/weltlaeden.de\/wolfenbuettel\/#\/schema\/person\/899f028df03087d4b5164e53e3998bf7\"},\"breadcrumb\":{\"@id\":\"https:\/\/weltlaeden.de\/wolfenbuettel\/jetzt-lieferservice-des-weltladens-moeglich\/#breadcrumb\"},\"inLanguage\":\"de\",\"potentialAction\":[{\"@type\":\"ReadAction\",\"target\":[\"https:\/\/weltlaeden.de\/wolfenbuettel\/jetzt-lieferservice-des-weltladens-moeglich\/\"]}]},{\"@type\":\"ImageObject\",\"inLanguage\":\"de\",\"@id\":\"https:\/\/weltlaeden.de\/wolfenbuettel\/jetzt-lieferservice-des-weltladens-moeglich\/#primaryimage\",\"url\":\"https:\/\/weltlaeden.de\/wolfenbuettel\/wp-content\/uploads\/sites\/111\/2020\/03\/Gemeinsam-durch-die-Krise-4.jpg\",\"contentUrl\":\"https:\/\/weltlaeden.de\/wolfenbuettel\/wp-content\/uploads\/sites\/111\/2020\/03\/Gemeinsam-durch-die-Krise-4.jpg\",\"width\":939,\"height\":532},{\"@type\":\"BreadcrumbList\",\"@id\":\"https:\/\/weltlaeden.de\/wolfenbuettel\/jetzt-lieferservice-des-weltladens-moeglich\/#breadcrumb\",\"itemListElement\":[{\"@type\":\"ListItem\",\"position\":1,\"name\":\"Startseite\",\"item\":\"https:\/\/weltlaeden.de\/wolfenbuettel\/\"},{\"@type\":\"ListItem\",\"position\":2,\"name\":\"Jetzt Lieferservice des Weltladens m\u00f6glich!\"}]},{\"@type\":\"WebSite\",\"@id\":\"https:\/\/weltlaeden.de\/wolfenbuettel\/#website\",\"url\":\"https:\/\/weltlaeden.de\/wolfenbuettel\/\",\"name\":\"Weltladen Wolfenb\u00fcttel\",\"description\":\"Faire Produkte seit 2014\",\"potentialAction\":[{\"@type\":\"SearchAction\",\"target\":{\"@type\":\"EntryPoint\",\"urlTemplate\":\"https:\/\/weltlaeden.de\/wolfenbuettel\/?s={search_term_string}\"},\"query-input\":{\"@type\":\"PropertyValueSpecification\",\"valueRequired\":true,\"valueName\":\"search_term_string\"}}],\"inLanguage\":\"de\"},{\"@type\":\"Person\",\"@id\":\"https:\/\/weltlaeden.de\/wolfenbuettel\/#\/schema\/person\/899f028df03087d4b5164e53e3998bf7\",\"name\":\"wolfenbuettel\",\"image\":{\"@type\":\"ImageObject\",\"inLanguage\":\"de\",\"@id\":\"https:\/\/weltlaeden.de\/wolfenbuettel\/#\/schema\/person\/image\/\",\"url\":\"https:\/\/secure.gravatar.com\/avatar\/14df0d43c292c996f203d87fe86f2d1c?s=96&d=mm&r=g\",\"contentUrl\":\"https:\/\/secure.gravatar.com\/avatar\/14df0d43c292c996f203d87fe86f2d1c?s=96&d=mm&r=g\",\"caption\":\"wolfenbuettel\"}}]}<\/script>\n<!-- \/ Yoast SEO plugin. -->","yoast_head_json":{"title":"Jetzt Lieferservice des Weltladens m\u00f6glich! - Weltladen Wolfenb\u00fcttel","robots":{"index":"index","follow":"follow","max-snippet":"max-snippet:-1","max-image-preview":"max-image-preview:large","max-video-preview":"max-video-preview:-1"},"canonical":"https:\/\/weltlaeden.de\/wolfenbuettel\/jetzt-lieferservice-des-weltladens-moeglich\/","og_locale":"de_DE","og_type":"article","og_title":"Jetzt Lieferservice des Weltladens m\u00f6glich! - Weltladen Wolfenb\u00fcttel","og_description":"Ab Montag, 30.3.2020 k\u00f6nnen Kundinnen und Kunden, die sich auch in der Krise mit fairen Produkten versorgen wollen, das tun! Auch Gutscheine f\u00fcr die Zeit danach sind im Angebot. Der Weltladen bietet das mit Preisen ausgezeichnete Sortiment des Weltladens im Schaufenster Okerstra\u00dfe 10, auf www.weltlaeden.de\/wolfenbuettel und Facebook an:\u00a0https:\/\/www.facebook.com\/WerkstattSolidarischeWelt\/. Die Liste kann als PDF-Datei (neue Version&hellip;","og_url":"https:\/\/weltlaeden.de\/wolfenbuettel\/jetzt-lieferservice-des-weltladens-moeglich\/","og_site_name":"Weltladen Wolfenb\u00fcttel","article_published_time":"2020-03-28T18:41:42+00:00","article_modified_time":"2020-04-07T18:15:14+00:00","og_image":[{"width":939,"height":532,"url":"https:\/\/weltlaeden.de\/wolfenbuettel\/wp-content\/uploads\/sites\/111\/2020\/03\/Gemeinsam-durch-die-Krise-4.jpg","type":"image\/jpeg"}],"author":"wolfenbuettel","twitter_card":"summary_large_image","twitter_misc":{"Verfasst von":"wolfenbuettel","Gesch\u00e4tzte Lesezeit":"1\u00a0Minute"},"schema":{"@context":"https:\/\/schema.org","@graph":[{"@type":"Article","@id":"https:\/\/weltlaeden.de\/wolfenbuettel\/jetzt-lieferservice-des-weltladens-moeglich\/#article","isPartOf":{"@id":"https:\/\/weltlaeden.de\/wolfenbuettel\/jetzt-lieferservice-des-weltladens-moeglich\/"},"author":{"name":"wolfenbuettel","@id":"https:\/\/weltlaeden.de\/wolfenbuettel\/#\/schema\/person\/899f028df03087d4b5164e53e3998bf7"},"headline":"Jetzt Lieferservice des Weltladens m\u00f6glich!","datePublished":"2020-03-28T18:41:42+00:00","dateModified":"2020-04-07T18:15:14+00:00","mainEntityOfPage":{"@id":"https:\/\/weltlaeden.de\/wolfenbuettel\/jetzt-lieferservice-des-weltladens-moeglich\/"},"wordCount":198,"image":{"@id":"https:\/\/weltlaeden.de\/wolfenbuettel\/jetzt-lieferservice-des-weltladens-moeglich\/#primaryimage"},"thumbnailUrl":"https:\/\/weltlaeden.de\/wolfenbuettel\/wp-content\/uploads\/sites\/111\/2020\/03\/Gemeinsam-durch-die-Krise-4.jpg","articleSection":["Keine Kategorie"],"inLanguage":"de"},{"@type":"WebPage","@id":"https:\/\/weltlaeden.de\/wolfenbuettel\/jetzt-lieferservice-des-weltladens-moeglich\/","url":"https:\/\/weltlaeden.de\/wolfenbuettel\/jetzt-lieferservice-des-weltladens-moeglich\/","name":"Jetzt Lieferservice des Weltladens m\u00f6glich! - Weltladen Wolfenb\u00fcttel","isPartOf":{"@id":"https:\/\/weltlaeden.de\/wolfenbuettel\/#website"},"primaryImageOfPage":{"@id":"https:\/\/weltlaeden.de\/wolfenbuettel\/jetzt-lieferservice-des-weltladens-moeglich\/#primaryimage"},"image":{"@id":"https:\/\/weltlaeden.de\/wolfenbuettel\/jetzt-lieferservice-des-weltladens-moeglich\/#primaryimage"},"thumbnailUrl":"https:\/\/weltlaeden.de\/wolfenbuettel\/wp-content\/uploads\/sites\/111\/2020\/03\/Gemeinsam-durch-die-Krise-4.jpg","datePublished":"2020-03-28T18:41:42+00:00","dateModified":"2020-04-07T18:15:14+00:00","author":{"@id":"https:\/\/weltlaeden.de\/wolfenbuettel\/#\/schema\/person\/899f028df03087d4b5164e53e3998bf7"},"breadcrumb":{"@id":"https:\/\/weltlaeden.de\/wolfenbuettel\/jetzt-lieferservice-des-weltladens-moeglich\/#breadcrumb"},"inLanguage":"de","potentialAction":[{"@type":"ReadAction","target":["https:\/\/weltlaeden.de\/wolfenbuettel\/jetzt-lieferservice-des-weltladens-moeglich\/"]}]},{"@type":"ImageObject","inLanguage":"de","@id":"https:\/\/weltlaeden.de\/wolfenbuettel\/jetzt-lieferservice-des-weltladens-moeglich\/#primaryimage","url":"https:\/\/weltlaeden.de\/wolfenbuettel\/wp-content\/uploads\/sites\/111\/2020\/03\/Gemeinsam-durch-die-Krise-4.jpg","contentUrl":"https:\/\/weltlaeden.de\/wolfenbuettel\/wp-content\/uploads\/sites\/111\/2020\/03\/Gemeinsam-durch-die-Krise-4.jpg","width":939,"height":532},{"@type":"BreadcrumbList","@id":"https:\/\/weltlaeden.de\/wolfenbuettel\/jetzt-lieferservice-des-weltladens-moeglich\/#breadcrumb","itemListElement":[{"@type":"ListItem","position":1,"name":"Startseite","item":"https:\/\/weltlaeden.de\/wolfenbuettel\/"},{"@type":"ListItem","position":2,"name":"Jetzt Lieferservice des Weltladens m\u00f6glich!"}]},{"@type":"WebSite","@id":"https:\/\/weltlaeden.de\/wolfenbuettel\/#website","url":"https:\/\/weltlaeden.de\/wolfenbuettel\/","name":"Weltladen Wolfenb\u00fcttel","description":"Faire Produkte seit 2014","potentialAction":[{"@type":"SearchAction","target":{"@type":"EntryPoint","urlTemplate":"https:\/\/weltlaeden.de\/wolfenbuettel\/?s={search_term_string}"},"query-input":{"@type":"PropertyValueSpecification","valueRequired":true,"valueName":"search_term_string"}}],"inLanguage":"de"},{"@type":"Person","@id":"https:\/\/weltlaeden.de\/wolfenbuettel\/#\/schema\/person\/899f028df03087d4b5164e53e3998bf7","name":"wolfenbuettel","image":{"@type":"ImageObject","inLanguage":"de","@id":"https:\/\/weltlaeden.de\/wolfenbuettel\/#\/schema\/person\/image\/","url":"https:\/\/secure.gravatar.com\/avatar\/14df0d43c292c996f203d87fe86f2d1c?s=96&d=mm&r=g","contentUrl":"https:\/\/secure.gravatar.com\/avatar\/14df0d43c292c996f203d87fe86f2d1c?s=96&d=mm&r=g","caption":"wolfenbuettel"}}]}},"_links":{"self":[{"href":"https:\/\/weltlaeden.de\/wolfenbuettel\/wp-json\/wp\/v2\/posts\/700","targetHints":{"allow":["GET"]}}],"collection":[{"href":"https:\/\/weltlaeden.de\/wolfenbuettel\/wp-json\/wp\/v2\/posts"}],"about":[{"href":"https:\/\/weltlaeden.de\/wolfenbuettel\/wp-json\/wp\/v2\/types\/post"}],"author":[{"embeddable":true,"href":"https:\/\/weltlaeden.de\/wolfenbuettel\/wp-json\/wp\/v2\/users\/171"}],"replies":[{"embeddable":true,"href":"https:\/\/weltlaeden.de\/wolfenbuettel\/wp-json\/wp\/v2\/comments?post=700"}],"version-history":[{"count":9,"href":"https:\/\/weltlaeden.de\/wolfenbuettel\/wp-json\/wp\/v2\/posts\/700\/revisions"}],"predecessor-version":[{"id":717,"href":"https:\/\/weltlaeden.de\/wolfenbuettel\/wp-json\/wp\/v2\/posts\/700\/revisions\/717"}],"wp:featuredmedia":[{"embeddable":true,"href":"https:\/\/weltlaeden.de\/wolfenbuettel\/wp-json\/wp\/v2\/media\/712"}],"wp:attachment":[{"href":"https:\/\/weltlaeden.de\/wolfenbuettel\/wp-json\/wp\/v2\/media?parent=700"}],"wp:term":[{"taxonomy":"category","embeddable":true,"href":"https:\/\/weltlaeden.de\/wolfenbuettel\/wp-json\/wp\/v2\/categories?post=700"},{"taxonomy":"post_tag","embeddable":true,"href":"https:\/\/weltlaeden.de\/wolfenbuettel\/wp-json\/wp\/v2\/tags?post=700"}],"curies":[{"name":"wp","href":"https:\/\/api.w.org\/{rel}","templated":true}]}}