{"id":588,"date":"2019-05-20T18:04:48","date_gmt":"2019-05-20T16:04:48","guid":{"rendered":"https:\/\/weltlaeden.de\/wolfenbuettel\/?p=588"},"modified":"2019-11-12T18:11:35","modified_gmt":"2019-11-12T17:11:35","slug":"der-weltladen-wolfenbuettel-feierte","status":"publish","type":"post","link":"https:\/\/weltlaeden.de\/wolfenbuettel\/der-weltladen-wolfenbuettel-feierte\/","title":{"rendered":"Der Weltladen Wolfenb\u00fcttel feierte"},"content":{"rendered":"<h3>5 Jahre Weltladen<\/h3>\n<p>Nach langer Vorbereitung war es so weit: Der Weltladen Wolfenb\u00fcttel feierte das 5 j\u00e4hrige Jubil\u00e4um vor dem Weltladen in der abgesperrten Okerstra\u00dfe mit einem abwechslungsreichen Programm. Bierzeltgarnituren luden zum Sitzen, Kl\u00f6nen und Kaffeetrinken ein, was bei herrlichem Sonnenschein gut angenommen wurde.<br \/>\nIn ihrer Er\u00f6ffnungsrede ging Beate Koch auf die Geschichte des Vereins Werkstatt solidarische Welt e. V. ein. Sie erz\u00e4hlte, wie \u00fcber die Jahre von einer kleinen Anzahl Aktiver ein gut funktionierender Weltladen gegr\u00fcndet wurde, den nun ca. 30 Ehrenamtliche gemeinsam betreiben: \u201edas klappt hervorragend und wir sind ein hochmotiviertes Team\u201c.<br \/>\nEs folgten Gru\u00dfadressen und das Pl\u00e4doyer f\u00fcr einen gerechteren Welthandel von der Stellvertretenden B\u00fcrgermeisterin Frau R\u00fchland, Kreisr\u00e4tin Frau Steinbr\u00fcgge, MdL Dunja Kreiser, MdB Victor Perli, Probst Schulz- Seitz und Pastor Eggers. Der Chor der Gro\u00dfen Schule sang passend zur Veranstaltung Lieder aus aller Welt. Im Anschluss wurde mit den G\u00e4sten aus nah und fern mit Fairtrade-Sekt angesto\u00dfen.<br \/>\nWie vielf\u00e4ltig das Engagement und die F\u00e4higkeiten der Ehrenamtlichen sind, bewies die fetzige Modenschau mit schicker Kleidung von Nepalaya. Zu Weltmusik humorig anmoderiert, stellten Mitarbeiterinnen auf der B\u00fchne gekonnt Kleider, T-Shirts und R\u00f6cke vor.<br \/>\nF\u00fcr jede und jeden war an diesem Vormittag etwas dabei:<br \/>\nDer Fairtrade Steuerungskreis der Stadt bot leckere und gesunde Smoothies an, die Fair\u00e4nderer vom Gymnasium im Schloss stellten die 10 Prinzipien des Fairen Handels auf spielerische Weise vor und am Gl\u00fccksrad mit Fragen zum Fairen Handel konnten kleine Preise gewonnen werden.<br \/>\n<img loading=\"lazy\" decoding=\"async\" class=\"alignnone size-medium wp-image-590\" src=\"https:\/\/weltlaeden.de\/wolfenbuettel\/wp-content\/uploads\/sites\/111\/2019\/11\/5-Jahre-Weltladen-6-300x200.jpg\" alt=\"\" width=\"300\" height=\"200\" srcset=\"https:\/\/weltlaeden.de\/wolfenbuettel\/wp-content\/uploads\/sites\/111\/2019\/11\/5-Jahre-Weltladen-6-300x200.jpg 300w, https:\/\/weltlaeden.de\/wolfenbuettel\/wp-content\/uploads\/sites\/111\/2019\/11\/5-Jahre-Weltladen-6-768x512.jpg 768w, https:\/\/weltlaeden.de\/wolfenbuettel\/wp-content\/uploads\/sites\/111\/2019\/11\/5-Jahre-Weltladen-6.jpg 1024w\" sizes=\"auto, (max-width: 300px) 100vw, 300px\" \/><img loading=\"lazy\" decoding=\"async\" class=\"alignnone size-medium wp-image-591\" src=\"https:\/\/weltlaeden.de\/wolfenbuettel\/wp-content\/uploads\/sites\/111\/2019\/11\/5-Jahre-Weltladen-5-300x200.jpg\" alt=\"\" width=\"300\" height=\"200\" srcset=\"https:\/\/weltlaeden.de\/wolfenbuettel\/wp-content\/uploads\/sites\/111\/2019\/11\/5-Jahre-Weltladen-5-300x200.jpg 300w, https:\/\/weltlaeden.de\/wolfenbuettel\/wp-content\/uploads\/sites\/111\/2019\/11\/5-Jahre-Weltladen-5-768x512.jpg 768w, https:\/\/weltlaeden.de\/wolfenbuettel\/wp-content\/uploads\/sites\/111\/2019\/11\/5-Jahre-Weltladen-5.jpg 1024w\" sizes=\"auto, (max-width: 300px) 100vw, 300px\" \/><img loading=\"lazy\" decoding=\"async\" class=\"alignnone size-medium wp-image-592\" src=\"https:\/\/weltlaeden.de\/wolfenbuettel\/wp-content\/uploads\/sites\/111\/2019\/11\/5-Jahre-Weltladen-4-300x200.jpg\" alt=\"\" width=\"300\" height=\"200\" srcset=\"https:\/\/weltlaeden.de\/wolfenbuettel\/wp-content\/uploads\/sites\/111\/2019\/11\/5-Jahre-Weltladen-4-300x200.jpg 300w, https:\/\/weltlaeden.de\/wolfenbuettel\/wp-content\/uploads\/sites\/111\/2019\/11\/5-Jahre-Weltladen-4-768x512.jpg 768w, https:\/\/weltlaeden.de\/wolfenbuettel\/wp-content\/uploads\/sites\/111\/2019\/11\/5-Jahre-Weltladen-4.jpg 1024w\" sizes=\"auto, (max-width: 300px) 100vw, 300px\" \/><img loading=\"lazy\" decoding=\"async\" class=\"alignleft wp-image-593 size-medium\" src=\"https:\/\/weltlaeden.de\/wolfenbuettel\/wp-content\/uploads\/sites\/111\/2019\/11\/5-Jahre-Weltladen-3-300x200.jpg\" alt=\"\" width=\"300\" height=\"200\" srcset=\"https:\/\/weltlaeden.de\/wolfenbuettel\/wp-content\/uploads\/sites\/111\/2019\/11\/5-Jahre-Weltladen-3-300x200.jpg 300w, https:\/\/weltlaeden.de\/wolfenbuettel\/wp-content\/uploads\/sites\/111\/2019\/11\/5-Jahre-Weltladen-3.jpg 512w\" sizes=\"auto, (max-width: 300px) 100vw, 300px\" \/>Den Tag lie\u00dfen die Vereinsmitglieder gem\u00fctlich mit B\u00fcffet und Getr\u00e4nken im Gemeindesaal der Ev. -luth Apostelkirche in Gro\u00df St\u00f6ckheim ausklingen. Alle waren gl\u00fccklich \u00fcber einen gelungenen Festtag.<\/p>\n","protected":false},"excerpt":{"rendered":"<p>5 Jahre Weltladen Nach langer Vorbereitung war es so weit: Der Weltladen Wolfenb\u00fcttel feierte das 5 j\u00e4hrige Jubil\u00e4um vor dem Weltladen in der abgesperrten Okerstra\u00dfe mit einem abwechslungsreichen Programm. Bierzeltgarnituren luden zum Sitzen, Kl\u00f6nen und Kaffeetrinken ein, was bei herrlichem Sonnenschein gut angenommen wurde. In ihrer Er\u00f6ffnungsrede ging Beate Koch auf die Geschichte des Vereins&hellip;<\/p>\n","protected":false},"author":171,"featured_media":589,"comment_status":"closed","ping_status":"closed","sticky":false,"template":"","format":"standard","meta":{"footnotes":""},"categories":[1],"tags":[],"class_list":["post-588","post","type-post","status-publish","format-standard","has-post-thumbnail","hentry","category-allgemein","category-1","description-off"],"yoast_head":"<!-- This site is optimized with the Yoast SEO plugin v26.8 - https:\/\/yoast.com\/product\/yoast-seo-wordpress\/ -->\n<title>Der Weltladen Wolfenb\u00fcttel feierte - Weltladen Wolfenb\u00fcttel<\/title>\n<meta name=\"robots\" content=\"index, follow, max-snippet:-1, max-image-preview:large, max-video-preview:-1\" \/>\n<link rel=\"canonical\" href=\"https:\/\/weltlaeden.de\/wolfenbuettel\/der-weltladen-wolfenbuettel-feierte\/\" \/>\n<meta property=\"og:locale\" content=\"de_DE\" \/>\n<meta property=\"og:type\" content=\"article\" \/>\n<meta property=\"og:title\" content=\"Der Weltladen Wolfenb\u00fcttel feierte - Weltladen Wolfenb\u00fcttel\" \/>\n<meta property=\"og:description\" content=\"5 Jahre Weltladen Nach langer Vorbereitung war es so weit: Der Weltladen Wolfenb\u00fcttel feierte das 5 j\u00e4hrige Jubil\u00e4um vor dem Weltladen in der abgesperrten Okerstra\u00dfe mit einem abwechslungsreichen Programm. Bierzeltgarnituren luden zum Sitzen, Kl\u00f6nen und Kaffeetrinken ein, was bei herrlichem Sonnenschein gut angenommen wurde. In ihrer Er\u00f6ffnungsrede ging Beate Koch auf die Geschichte des Vereins&hellip;\" \/>\n<meta property=\"og:url\" content=\"https:\/\/weltlaeden.de\/wolfenbuettel\/der-weltladen-wolfenbuettel-feierte\/\" \/>\n<meta property=\"og:site_name\" content=\"Weltladen Wolfenb\u00fcttel\" \/>\n<meta property=\"article:published_time\" content=\"2019-05-20T16:04:48+00:00\" \/>\n<meta property=\"article:modified_time\" content=\"2019-11-12T17:11:35+00:00\" \/>\n<meta property=\"og:image\" content=\"https:\/\/weltlaeden.de\/wolfenbuettel\/wp-content\/uploads\/sites\/111\/2019\/11\/5-Jahre-Weltladen-2.jpg\" \/>\n\t<meta property=\"og:image:width\" content=\"568\" \/>\n\t<meta property=\"og:image:height\" content=\"462\" \/>\n\t<meta property=\"og:image:type\" content=\"image\/jpeg\" \/>\n<meta name=\"author\" content=\"wolfenbuettel\" \/>\n<meta name=\"twitter:card\" content=\"summary_large_image\" \/>\n<meta name=\"twitter:label1\" content=\"Verfasst von\" \/>\n\t<meta name=\"twitter:data1\" content=\"wolfenbuettel\" \/>\n\t<meta name=\"twitter:label2\" content=\"Gesch\u00e4tzte Lesezeit\" \/>\n\t<meta name=\"twitter:data2\" content=\"1\u00a0Minute\" \/>\n<script type=\"application\/ld+json\" class=\"yoast-schema-graph\">{\"@context\":\"https:\/\/schema.org\",\"@graph\":[{\"@type\":\"Article\",\"@id\":\"https:\/\/weltlaeden.de\/wolfenbuettel\/der-weltladen-wolfenbuettel-feierte\/#article\",\"isPartOf\":{\"@id\":\"https:\/\/weltlaeden.de\/wolfenbuettel\/der-weltladen-wolfenbuettel-feierte\/\"},\"author\":{\"name\":\"wolfenbuettel\",\"@id\":\"https:\/\/weltlaeden.de\/wolfenbuettel\/#\/schema\/person\/899f028df03087d4b5164e53e3998bf7\"},\"headline\":\"Der Weltladen Wolfenb\u00fcttel feierte\",\"datePublished\":\"2019-05-20T16:04:48+00:00\",\"dateModified\":\"2019-11-12T17:11:35+00:00\",\"mainEntityOfPage\":{\"@id\":\"https:\/\/weltlaeden.de\/wolfenbuettel\/der-weltladen-wolfenbuettel-feierte\/\"},\"wordCount\":295,\"image\":{\"@id\":\"https:\/\/weltlaeden.de\/wolfenbuettel\/der-weltladen-wolfenbuettel-feierte\/#primaryimage\"},\"thumbnailUrl\":\"https:\/\/weltlaeden.de\/wolfenbuettel\/wp-content\/uploads\/sites\/111\/2019\/11\/5-Jahre-Weltladen-2.jpg\",\"articleSection\":[\"Keine Kategorie\"],\"inLanguage\":\"de\"},{\"@type\":\"WebPage\",\"@id\":\"https:\/\/weltlaeden.de\/wolfenbuettel\/der-weltladen-wolfenbuettel-feierte\/\",\"url\":\"https:\/\/weltlaeden.de\/wolfenbuettel\/der-weltladen-wolfenbuettel-feierte\/\",\"name\":\"Der Weltladen Wolfenb\u00fcttel feierte - Weltladen Wolfenb\u00fcttel\",\"isPartOf\":{\"@id\":\"https:\/\/weltlaeden.de\/wolfenbuettel\/#website\"},\"primaryImageOfPage\":{\"@id\":\"https:\/\/weltlaeden.de\/wolfenbuettel\/der-weltladen-wolfenbuettel-feierte\/#primaryimage\"},\"image\":{\"@id\":\"https:\/\/weltlaeden.de\/wolfenbuettel\/der-weltladen-wolfenbuettel-feierte\/#primaryimage\"},\"thumbnailUrl\":\"https:\/\/weltlaeden.de\/wolfenbuettel\/wp-content\/uploads\/sites\/111\/2019\/11\/5-Jahre-Weltladen-2.jpg\",\"datePublished\":\"2019-05-20T16:04:48+00:00\",\"dateModified\":\"2019-11-12T17:11:35+00:00\",\"author\":{\"@id\":\"https:\/\/weltlaeden.de\/wolfenbuettel\/#\/schema\/person\/899f028df03087d4b5164e53e3998bf7\"},\"breadcrumb\":{\"@id\":\"https:\/\/weltlaeden.de\/wolfenbuettel\/der-weltladen-wolfenbuettel-feierte\/#breadcrumb\"},\"inLanguage\":\"de\",\"potentialAction\":[{\"@type\":\"ReadAction\",\"target\":[\"https:\/\/weltlaeden.de\/wolfenbuettel\/der-weltladen-wolfenbuettel-feierte\/\"]}]},{\"@type\":\"ImageObject\",\"inLanguage\":\"de\",\"@id\":\"https:\/\/weltlaeden.de\/wolfenbuettel\/der-weltladen-wolfenbuettel-feierte\/#primaryimage\",\"url\":\"https:\/\/weltlaeden.de\/wolfenbuettel\/wp-content\/uploads\/sites\/111\/2019\/11\/5-Jahre-Weltladen-2.jpg\",\"contentUrl\":\"https:\/\/weltlaeden.de\/wolfenbuettel\/wp-content\/uploads\/sites\/111\/2019\/11\/5-Jahre-Weltladen-2.jpg\",\"width\":568,\"height\":462},{\"@type\":\"BreadcrumbList\",\"@id\":\"https:\/\/weltlaeden.de\/wolfenbuettel\/der-weltladen-wolfenbuettel-feierte\/#breadcrumb\",\"itemListElement\":[{\"@type\":\"ListItem\",\"position\":1,\"name\":\"Startseite\",\"item\":\"https:\/\/weltlaeden.de\/wolfenbuettel\/\"},{\"@type\":\"ListItem\",\"position\":2,\"name\":\"Der Weltladen Wolfenb\u00fcttel feierte\"}]},{\"@type\":\"WebSite\",\"@id\":\"https:\/\/weltlaeden.de\/wolfenbuettel\/#website\",\"url\":\"https:\/\/weltlaeden.de\/wolfenbuettel\/\",\"name\":\"Weltladen Wolfenb\u00fcttel\",\"description\":\"Faire Produkte seit 2014\",\"potentialAction\":[{\"@type\":\"SearchAction\",\"target\":{\"@type\":\"EntryPoint\",\"urlTemplate\":\"https:\/\/weltlaeden.de\/wolfenbuettel\/?s={search_term_string}\"},\"query-input\":{\"@type\":\"PropertyValueSpecification\",\"valueRequired\":true,\"valueName\":\"search_term_string\"}}],\"inLanguage\":\"de\"},{\"@type\":\"Person\",\"@id\":\"https:\/\/weltlaeden.de\/wolfenbuettel\/#\/schema\/person\/899f028df03087d4b5164e53e3998bf7\",\"name\":\"wolfenbuettel\",\"image\":{\"@type\":\"ImageObject\",\"inLanguage\":\"de\",\"@id\":\"https:\/\/weltlaeden.de\/wolfenbuettel\/#\/schema\/person\/image\/\",\"url\":\"https:\/\/secure.gravatar.com\/avatar\/14df0d43c292c996f203d87fe86f2d1c?s=96&d=mm&r=g\",\"contentUrl\":\"https:\/\/secure.gravatar.com\/avatar\/14df0d43c292c996f203d87fe86f2d1c?s=96&d=mm&r=g\",\"caption\":\"wolfenbuettel\"}}]}<\/script>\n<!-- \/ Yoast SEO plugin. -->","yoast_head_json":{"title":"Der Weltladen Wolfenb\u00fcttel feierte - Weltladen Wolfenb\u00fcttel","robots":{"index":"index","follow":"follow","max-snippet":"max-snippet:-1","max-image-preview":"max-image-preview:large","max-video-preview":"max-video-preview:-1"},"canonical":"https:\/\/weltlaeden.de\/wolfenbuettel\/der-weltladen-wolfenbuettel-feierte\/","og_locale":"de_DE","og_type":"article","og_title":"Der Weltladen Wolfenb\u00fcttel feierte - Weltladen Wolfenb\u00fcttel","og_description":"5 Jahre Weltladen Nach langer Vorbereitung war es so weit: Der Weltladen Wolfenb\u00fcttel feierte das 5 j\u00e4hrige Jubil\u00e4um vor dem Weltladen in der abgesperrten Okerstra\u00dfe mit einem abwechslungsreichen Programm. Bierzeltgarnituren luden zum Sitzen, Kl\u00f6nen und Kaffeetrinken ein, was bei herrlichem Sonnenschein gut angenommen wurde. In ihrer Er\u00f6ffnungsrede ging Beate Koch auf die Geschichte des Vereins&hellip;","og_url":"https:\/\/weltlaeden.de\/wolfenbuettel\/der-weltladen-wolfenbuettel-feierte\/","og_site_name":"Weltladen Wolfenb\u00fcttel","article_published_time":"2019-05-20T16:04:48+00:00","article_modified_time":"2019-11-12T17:11:35+00:00","og_image":[{"width":568,"height":462,"url":"https:\/\/weltlaeden.de\/wolfenbuettel\/wp-content\/uploads\/sites\/111\/2019\/11\/5-Jahre-Weltladen-2.jpg","type":"image\/jpeg"}],"author":"wolfenbuettel","twitter_card":"summary_large_image","twitter_misc":{"Verfasst von":"wolfenbuettel","Gesch\u00e4tzte Lesezeit":"1\u00a0Minute"},"schema":{"@context":"https:\/\/schema.org","@graph":[{"@type":"Article","@id":"https:\/\/weltlaeden.de\/wolfenbuettel\/der-weltladen-wolfenbuettel-feierte\/#article","isPartOf":{"@id":"https:\/\/weltlaeden.de\/wolfenbuettel\/der-weltladen-wolfenbuettel-feierte\/"},"author":{"name":"wolfenbuettel","@id":"https:\/\/weltlaeden.de\/wolfenbuettel\/#\/schema\/person\/899f028df03087d4b5164e53e3998bf7"},"headline":"Der Weltladen Wolfenb\u00fcttel feierte","datePublished":"2019-05-20T16:04:48+00:00","dateModified":"2019-11-12T17:11:35+00:00","mainEntityOfPage":{"@id":"https:\/\/weltlaeden.de\/wolfenbuettel\/der-weltladen-wolfenbuettel-feierte\/"},"wordCount":295,"image":{"@id":"https:\/\/weltlaeden.de\/wolfenbuettel\/der-weltladen-wolfenbuettel-feierte\/#primaryimage"},"thumbnailUrl":"https:\/\/weltlaeden.de\/wolfenbuettel\/wp-content\/uploads\/sites\/111\/2019\/11\/5-Jahre-Weltladen-2.jpg","articleSection":["Keine Kategorie"],"inLanguage":"de"},{"@type":"WebPage","@id":"https:\/\/weltlaeden.de\/wolfenbuettel\/der-weltladen-wolfenbuettel-feierte\/","url":"https:\/\/weltlaeden.de\/wolfenbuettel\/der-weltladen-wolfenbuettel-feierte\/","name":"Der Weltladen Wolfenb\u00fcttel feierte - Weltladen Wolfenb\u00fcttel","isPartOf":{"@id":"https:\/\/weltlaeden.de\/wolfenbuettel\/#website"},"primaryImageOfPage":{"@id":"https:\/\/weltlaeden.de\/wolfenbuettel\/der-weltladen-wolfenbuettel-feierte\/#primaryimage"},"image":{"@id":"https:\/\/weltlaeden.de\/wolfenbuettel\/der-weltladen-wolfenbuettel-feierte\/#primaryimage"},"thumbnailUrl":"https:\/\/weltlaeden.de\/wolfenbuettel\/wp-content\/uploads\/sites\/111\/2019\/11\/5-Jahre-Weltladen-2.jpg","datePublished":"2019-05-20T16:04:48+00:00","dateModified":"2019-11-12T17:11:35+00:00","author":{"@id":"https:\/\/weltlaeden.de\/wolfenbuettel\/#\/schema\/person\/899f028df03087d4b5164e53e3998bf7"},"breadcrumb":{"@id":"https:\/\/weltlaeden.de\/wolfenbuettel\/der-weltladen-wolfenbuettel-feierte\/#breadcrumb"},"inLanguage":"de","potentialAction":[{"@type":"ReadAction","target":["https:\/\/weltlaeden.de\/wolfenbuettel\/der-weltladen-wolfenbuettel-feierte\/"]}]},{"@type":"ImageObject","inLanguage":"de","@id":"https:\/\/weltlaeden.de\/wolfenbuettel\/der-weltladen-wolfenbuettel-feierte\/#primaryimage","url":"https:\/\/weltlaeden.de\/wolfenbuettel\/wp-content\/uploads\/sites\/111\/2019\/11\/5-Jahre-Weltladen-2.jpg","contentUrl":"https:\/\/weltlaeden.de\/wolfenbuettel\/wp-content\/uploads\/sites\/111\/2019\/11\/5-Jahre-Weltladen-2.jpg","width":568,"height":462},{"@type":"BreadcrumbList","@id":"https:\/\/weltlaeden.de\/wolfenbuettel\/der-weltladen-wolfenbuettel-feierte\/#breadcrumb","itemListElement":[{"@type":"ListItem","position":1,"name":"Startseite","item":"https:\/\/weltlaeden.de\/wolfenbuettel\/"},{"@type":"ListItem","position":2,"name":"Der Weltladen Wolfenb\u00fcttel feierte"}]},{"@type":"WebSite","@id":"https:\/\/weltlaeden.de\/wolfenbuettel\/#website","url":"https:\/\/weltlaeden.de\/wolfenbuettel\/","name":"Weltladen Wolfenb\u00fcttel","description":"Faire Produkte seit 2014","potentialAction":[{"@type":"SearchAction","target":{"@type":"EntryPoint","urlTemplate":"https:\/\/weltlaeden.de\/wolfenbuettel\/?s={search_term_string}"},"query-input":{"@type":"PropertyValueSpecification","valueRequired":true,"valueName":"search_term_string"}}],"inLanguage":"de"},{"@type":"Person","@id":"https:\/\/weltlaeden.de\/wolfenbuettel\/#\/schema\/person\/899f028df03087d4b5164e53e3998bf7","name":"wolfenbuettel","image":{"@type":"ImageObject","inLanguage":"de","@id":"https:\/\/weltlaeden.de\/wolfenbuettel\/#\/schema\/person\/image\/","url":"https:\/\/secure.gravatar.com\/avatar\/14df0d43c292c996f203d87fe86f2d1c?s=96&d=mm&r=g","contentUrl":"https:\/\/secure.gravatar.com\/avatar\/14df0d43c292c996f203d87fe86f2d1c?s=96&d=mm&r=g","caption":"wolfenbuettel"}}]}},"_links":{"self":[{"href":"https:\/\/weltlaeden.de\/wolfenbuettel\/wp-json\/wp\/v2\/posts\/588","targetHints":{"allow":["GET"]}}],"collection":[{"href":"https:\/\/weltlaeden.de\/wolfenbuettel\/wp-json\/wp\/v2\/posts"}],"about":[{"href":"https:\/\/weltlaeden.de\/wolfenbuettel\/wp-json\/wp\/v2\/types\/post"}],"author":[{"embeddable":true,"href":"https:\/\/weltlaeden.de\/wolfenbuettel\/wp-json\/wp\/v2\/users\/171"}],"replies":[{"embeddable":true,"href":"https:\/\/weltlaeden.de\/wolfenbuettel\/wp-json\/wp\/v2\/comments?post=588"}],"version-history":[{"count":3,"href":"https:\/\/weltlaeden.de\/wolfenbuettel\/wp-json\/wp\/v2\/posts\/588\/revisions"}],"predecessor-version":[{"id":596,"href":"https:\/\/weltlaeden.de\/wolfenbuettel\/wp-json\/wp\/v2\/posts\/588\/revisions\/596"}],"wp:featuredmedia":[{"embeddable":true,"href":"https:\/\/weltlaeden.de\/wolfenbuettel\/wp-json\/wp\/v2\/media\/589"}],"wp:attachment":[{"href":"https:\/\/weltlaeden.de\/wolfenbuettel\/wp-json\/wp\/v2\/media?parent=588"}],"wp:term":[{"taxonomy":"category","embeddable":true,"href":"https:\/\/weltlaeden.de\/wolfenbuettel\/wp-json\/wp\/v2\/categories?post=588"},{"taxonomy":"post_tag","embeddable":true,"href":"https:\/\/weltlaeden.de\/wolfenbuettel\/wp-json\/wp\/v2\/tags?post=588"}],"curies":[{"name":"wp","href":"https:\/\/api.w.org\/{rel}","templated":true}]}}