{"id":894,"date":"2025-10-13T21:31:11","date_gmt":"2025-10-13T19:31:11","guid":{"rendered":"https:\/\/weltlaeden.de\/wesel\/?p=894"},"modified":"2025-10-19T22:07:21","modified_gmt":"2025-10-19T20:07:21","slug":"versteigerung-von-kuriositaeten-und-spezereien-beim-hansefest","status":"publish","type":"post","link":"https:\/\/weltlaeden.de\/wesel\/versteigerung-von-kuriositaeten-und-spezereien-beim-hansefest\/","title":{"rendered":"Versteigerung von Kuriosit\u00e4ten und Spezereien beim Hansefest am 25.10.2025"},"content":{"rendered":"<div class=\"wpb-content-wrapper\"><p>[vc_row][vc_column width=&#8220;2\/3&#8243;][vc_single_image image=&#8220;892&#8243; img_size=&#8220;large&#8220; css=&#8220;&#8220;][\/vc_column][vc_column width=&#8220;1\/3&#8243;][vc_column_text css=&#8220;&#8220;]<\/p>\n<h2>Versteigerung von Kuriosit\u00e4ten und Spezereien beim <strong>Hansefest<\/strong><\/h2>\n<h2><strong>Samstag, den 25.10.2025 von 14 bis 16 Uhr<\/strong><\/h2>\n<h2>Auf dem <strong>Leyensplatz<\/strong> vorm Weltladen esperanza<\/h2>\n<p>&nbsp;<\/p>\n<p>&nbsp;<\/p>\n<p>&nbsp;<\/p>\n<p>[\/vc_column_text][\/vc_column][\/vc_row][vc_row][vc_column][vc_column_text css=&#8220;&#8220;]<strong><em>Seid gegr\u00fc\u00dft, edle Damen und ehrenwerte Herren!<\/em><\/strong><\/p>\n<p>Im Schutze der ehrw\u00fcrdigen Mauern unseres Leyensplatzes laden wir Euch herzlich ein zur Versteigerung von Kuriosit\u00e4ten und Spezereien <strong>am Samstag, den 25.10.2025 von 14-16 Uhr<\/strong>. Lasst Euch dieses Spektakel nicht entgehen, wenn der Weltladen gesammelte Kuriosit\u00e4ten aus aller Welt feilbietet und das geschickteste Gebot den Zuschlag erh\u00e4lt!<\/p>\n<p>So geht es vonstatten:<\/p>\n<ol>\n<li>Die Waren werden nacheinander pr\u00e4sentiert und durch den Herold beschrieben.<\/li>\n<li>Alle Anwesenden d\u00fcrfen ihre Gebote laut und deutlich kundtun.<\/li>\n<li>Mit dem Ruf \u201eZum ersten, zum zweiten, &#8230; zum dritten \u2013 verkauft!\u201c wird das h\u00f6chste Gebot angenommen.<\/li>\n<li>Die erworbenen Sch\u00e4tze sind unmittelbar nach der Versteigerung beim Schreiber zu begleichen.<\/li>\n<\/ol>\n<p>Nur ehrbare M\u00fcnzen werden angenommen \u2013 Falschgeld wird mit dem Pranger bestraft! Kinder und Hunde sind auf dem Marktplatz willkommen, f\u00fcr das leibliche Wohl ist rundherum gesorgt!<\/p>\n<p>Kommt zahlreich, bringt Eure Freunde und Eure besten Gebote! M\u00f6ge Fortuna Euch hold sein und die begehrtesten Sch\u00e4tze in Eure H\u00e4nde legen![\/vc_column_text][\/vc_column][\/vc_row]<\/p>\n<\/div>","protected":false},"excerpt":{"rendered":"<p>[vc_row][vc_column width=&#8220;2\/3&#8243;][vc_single_image image=&#8220;892&#8243; img_size=&#8220;large&#8220; css=&#8220;&#8220;][\/vc_column][vc_column width=&#8220;1\/3&#8243;][vc_column_text css=&#8220;&#8220;] Versteigerung von Kuriosit\u00e4ten und Spezereien beim Hansefest Samstag, den 25.10.2025 von 14 bis 16 Uhr Auf dem Leyensplatz vorm Weltladen esperanza &nbsp; &nbsp; &nbsp; [\/vc_column_text][\/vc_column][\/vc_row][vc_row][vc_column][vc_column_text css=&#8220;&#8220;]Seid gegr\u00fc\u00dft, edle Damen und ehrenwerte Herren! Im Schutze der ehrw\u00fcrdigen Mauern unseres Leyensplatzes laden wir Euch herzlich ein zur Versteigerung von Kuriosit\u00e4ten&hellip;<\/p>\n","protected":false},"author":294,"featured_media":892,"comment_status":"closed","ping_status":"closed","sticky":false,"template":"","format":"standard","meta":{"footnotes":""},"categories":[8,3],"tags":[18],"class_list":["post-894","post","type-post","status-publish","format-standard","has-post-thumbnail","hentry","category-neues","category-termine","tag-hansefest","category-8","category-3","description-off"],"yoast_head":"<!-- This site is optimized with the Yoast SEO plugin v26.8 - https:\/\/yoast.com\/product\/yoast-seo-wordpress\/ -->\n<title>Versteigerung von Kuriosit\u00e4ten und Spezereien beim Hansefest am 25.10.2025 - Weltladen Wesel<\/title>\n<meta name=\"robots\" content=\"index, follow, max-snippet:-1, max-image-preview:large, max-video-preview:-1\" \/>\n<link rel=\"canonical\" href=\"https:\/\/weltlaeden.de\/wesel\/versteigerung-von-kuriositaeten-und-spezereien-beim-hansefest\/\" \/>\n<meta property=\"og:locale\" content=\"de_DE\" \/>\n<meta property=\"og:type\" content=\"article\" \/>\n<meta property=\"og:title\" content=\"Versteigerung von Kuriosit\u00e4ten und Spezereien beim Hansefest am 25.10.2025 - Weltladen Wesel\" \/>\n<meta property=\"og:description\" content=\"[vc_row][vc_column width=&#8220;2\/3&#8243;][vc_single_image image=&#8220;892&#8243; img_size=&#8220;large&#8220; css=&#8220;&#8220;][\/vc_column][vc_column width=&#8220;1\/3&#8243;][vc_column_text css=&#8220;&#8220;] Versteigerung von Kuriosit\u00e4ten und Spezereien beim Hansefest Samstag, den 25.10.2025 von 14 bis 16 Uhr Auf dem Leyensplatz vorm Weltladen esperanza &nbsp; &nbsp; &nbsp; [\/vc_column_text][\/vc_column][\/vc_row][vc_row][vc_column][vc_column_text css=&#8220;&#8220;]Seid gegr\u00fc\u00dft, edle Damen und ehrenwerte Herren! Im Schutze der ehrw\u00fcrdigen Mauern unseres Leyensplatzes laden wir Euch herzlich ein zur Versteigerung von Kuriosit\u00e4ten&hellip;\" \/>\n<meta property=\"og:url\" content=\"https:\/\/weltlaeden.de\/wesel\/versteigerung-von-kuriositaeten-und-spezereien-beim-hansefest\/\" \/>\n<meta property=\"og:site_name\" content=\"Weltladen Wesel\" \/>\n<meta property=\"article:published_time\" content=\"2025-10-13T19:31:11+00:00\" \/>\n<meta property=\"article:modified_time\" content=\"2025-10-19T20:07:21+00:00\" \/>\n<meta property=\"og:image\" content=\"https:\/\/weltlaeden.de\/wesel\/wp-content\/uploads\/sites\/202\/2025\/10\/Versteigerung-1.png\" \/>\n\t<meta property=\"og:image:width\" content=\"512\" \/>\n\t<meta property=\"og:image:height\" content=\"512\" \/>\n\t<meta property=\"og:image:type\" content=\"image\/png\" \/>\n<meta name=\"author\" content=\"wesel\" \/>\n<meta name=\"twitter:card\" content=\"summary_large_image\" \/>\n<meta name=\"twitter:label1\" content=\"Verfasst von\" \/>\n\t<meta name=\"twitter:data1\" content=\"wesel\" \/>\n\t<meta name=\"twitter:label2\" content=\"Gesch\u00e4tzte Lesezeit\" \/>\n\t<meta name=\"twitter:data2\" content=\"1\u00a0Minute\" \/>\n<script type=\"application\/ld+json\" class=\"yoast-schema-graph\">{\"@context\":\"https:\/\/schema.org\",\"@graph\":[{\"@type\":\"Article\",\"@id\":\"https:\/\/weltlaeden.de\/wesel\/versteigerung-von-kuriositaeten-und-spezereien-beim-hansefest\/#article\",\"isPartOf\":{\"@id\":\"https:\/\/weltlaeden.de\/wesel\/versteigerung-von-kuriositaeten-und-spezereien-beim-hansefest\/\"},\"author\":{\"name\":\"wesel\",\"@id\":\"https:\/\/weltlaeden.de\/wesel\/#\/schema\/person\/f91741559d19b16e7db4fb58824bb87b\"},\"headline\":\"Versteigerung von Kuriosit\u00e4ten und Spezereien beim Hansefest am 25.10.2025\",\"datePublished\":\"2025-10-13T19:31:11+00:00\",\"dateModified\":\"2025-10-19T20:07:21+00:00\",\"mainEntityOfPage\":{\"@id\":\"https:\/\/weltlaeden.de\/wesel\/versteigerung-von-kuriositaeten-und-spezereien-beim-hansefest\/\"},\"wordCount\":240,\"image\":{\"@id\":\"https:\/\/weltlaeden.de\/wesel\/versteigerung-von-kuriositaeten-und-spezereien-beim-hansefest\/#primaryimage\"},\"thumbnailUrl\":\"https:\/\/weltlaeden.de\/wesel\/wp-content\/uploads\/sites\/202\/2025\/10\/Versteigerung-1.png\",\"keywords\":[\"Hansefest\"],\"articleSection\":[\"Neuigkeiten\",\"Termine\"],\"inLanguage\":\"de\"},{\"@type\":\"WebPage\",\"@id\":\"https:\/\/weltlaeden.de\/wesel\/versteigerung-von-kuriositaeten-und-spezereien-beim-hansefest\/\",\"url\":\"https:\/\/weltlaeden.de\/wesel\/versteigerung-von-kuriositaeten-und-spezereien-beim-hansefest\/\",\"name\":\"Versteigerung von Kuriosit\u00e4ten und Spezereien beim Hansefest am 25.10.2025 - Weltladen Wesel\",\"isPartOf\":{\"@id\":\"https:\/\/weltlaeden.de\/wesel\/#website\"},\"primaryImageOfPage\":{\"@id\":\"https:\/\/weltlaeden.de\/wesel\/versteigerung-von-kuriositaeten-und-spezereien-beim-hansefest\/#primaryimage\"},\"image\":{\"@id\":\"https:\/\/weltlaeden.de\/wesel\/versteigerung-von-kuriositaeten-und-spezereien-beim-hansefest\/#primaryimage\"},\"thumbnailUrl\":\"https:\/\/weltlaeden.de\/wesel\/wp-content\/uploads\/sites\/202\/2025\/10\/Versteigerung-1.png\",\"datePublished\":\"2025-10-13T19:31:11+00:00\",\"dateModified\":\"2025-10-19T20:07:21+00:00\",\"author\":{\"@id\":\"https:\/\/weltlaeden.de\/wesel\/#\/schema\/person\/f91741559d19b16e7db4fb58824bb87b\"},\"breadcrumb\":{\"@id\":\"https:\/\/weltlaeden.de\/wesel\/versteigerung-von-kuriositaeten-und-spezereien-beim-hansefest\/#breadcrumb\"},\"inLanguage\":\"de\",\"potentialAction\":[{\"@type\":\"ReadAction\",\"target\":[\"https:\/\/weltlaeden.de\/wesel\/versteigerung-von-kuriositaeten-und-spezereien-beim-hansefest\/\"]}]},{\"@type\":\"ImageObject\",\"inLanguage\":\"de\",\"@id\":\"https:\/\/weltlaeden.de\/wesel\/versteigerung-von-kuriositaeten-und-spezereien-beim-hansefest\/#primaryimage\",\"url\":\"https:\/\/weltlaeden.de\/wesel\/wp-content\/uploads\/sites\/202\/2025\/10\/Versteigerung-1.png\",\"contentUrl\":\"https:\/\/weltlaeden.de\/wesel\/wp-content\/uploads\/sites\/202\/2025\/10\/Versteigerung-1.png\",\"width\":512,\"height\":512},{\"@type\":\"BreadcrumbList\",\"@id\":\"https:\/\/weltlaeden.de\/wesel\/versteigerung-von-kuriositaeten-und-spezereien-beim-hansefest\/#breadcrumb\",\"itemListElement\":[{\"@type\":\"ListItem\",\"position\":1,\"name\":\"Startseite\",\"item\":\"https:\/\/weltlaeden.de\/wesel\/\"},{\"@type\":\"ListItem\",\"position\":2,\"name\":\"Versteigerung von Kuriosit\u00e4ten und Spezereien beim Hansefest am 25.10.2025\"}]},{\"@type\":\"WebSite\",\"@id\":\"https:\/\/weltlaeden.de\/wesel\/#website\",\"url\":\"https:\/\/weltlaeden.de\/wesel\/\",\"name\":\"Weltladen Wesel\",\"description\":\"Faire Produkte und Partnerschaft mit El Salvador seit 1985\",\"potentialAction\":[{\"@type\":\"SearchAction\",\"target\":{\"@type\":\"EntryPoint\",\"urlTemplate\":\"https:\/\/weltlaeden.de\/wesel\/?s={search_term_string}\"},\"query-input\":{\"@type\":\"PropertyValueSpecification\",\"valueRequired\":true,\"valueName\":\"search_term_string\"}}],\"inLanguage\":\"de\"},{\"@type\":\"Person\",\"@id\":\"https:\/\/weltlaeden.de\/wesel\/#\/schema\/person\/f91741559d19b16e7db4fb58824bb87b\",\"name\":\"wesel\",\"image\":{\"@type\":\"ImageObject\",\"inLanguage\":\"de\",\"@id\":\"https:\/\/weltlaeden.de\/wesel\/#\/schema\/person\/image\/\",\"url\":\"https:\/\/secure.gravatar.com\/avatar\/f265347733a807c06cfdbeebe1fbdc05?s=96&d=mm&r=g\",\"contentUrl\":\"https:\/\/secure.gravatar.com\/avatar\/f265347733a807c06cfdbeebe1fbdc05?s=96&d=mm&r=g\",\"caption\":\"wesel\"}}]}<\/script>\n<!-- \/ Yoast SEO plugin. -->","yoast_head_json":{"title":"Versteigerung von Kuriosit\u00e4ten und Spezereien beim Hansefest am 25.10.2025 - Weltladen Wesel","robots":{"index":"index","follow":"follow","max-snippet":"max-snippet:-1","max-image-preview":"max-image-preview:large","max-video-preview":"max-video-preview:-1"},"canonical":"https:\/\/weltlaeden.de\/wesel\/versteigerung-von-kuriositaeten-und-spezereien-beim-hansefest\/","og_locale":"de_DE","og_type":"article","og_title":"Versteigerung von Kuriosit\u00e4ten und Spezereien beim Hansefest am 25.10.2025 - Weltladen Wesel","og_description":"[vc_row][vc_column width=&#8220;2\/3&#8243;][vc_single_image image=&#8220;892&#8243; img_size=&#8220;large&#8220; css=&#8220;&#8220;][\/vc_column][vc_column width=&#8220;1\/3&#8243;][vc_column_text css=&#8220;&#8220;] Versteigerung von Kuriosit\u00e4ten und Spezereien beim Hansefest Samstag, den 25.10.2025 von 14 bis 16 Uhr Auf dem Leyensplatz vorm Weltladen esperanza &nbsp; &nbsp; &nbsp; [\/vc_column_text][\/vc_column][\/vc_row][vc_row][vc_column][vc_column_text css=&#8220;&#8220;]Seid gegr\u00fc\u00dft, edle Damen und ehrenwerte Herren! Im Schutze der ehrw\u00fcrdigen Mauern unseres Leyensplatzes laden wir Euch herzlich ein zur Versteigerung von Kuriosit\u00e4ten&hellip;","og_url":"https:\/\/weltlaeden.de\/wesel\/versteigerung-von-kuriositaeten-und-spezereien-beim-hansefest\/","og_site_name":"Weltladen Wesel","article_published_time":"2025-10-13T19:31:11+00:00","article_modified_time":"2025-10-19T20:07:21+00:00","og_image":[{"width":512,"height":512,"url":"https:\/\/weltlaeden.de\/wesel\/wp-content\/uploads\/sites\/202\/2025\/10\/Versteigerung-1.png","type":"image\/png"}],"author":"wesel","twitter_card":"summary_large_image","twitter_misc":{"Verfasst von":"wesel","Gesch\u00e4tzte Lesezeit":"1\u00a0Minute"},"schema":{"@context":"https:\/\/schema.org","@graph":[{"@type":"Article","@id":"https:\/\/weltlaeden.de\/wesel\/versteigerung-von-kuriositaeten-und-spezereien-beim-hansefest\/#article","isPartOf":{"@id":"https:\/\/weltlaeden.de\/wesel\/versteigerung-von-kuriositaeten-und-spezereien-beim-hansefest\/"},"author":{"name":"wesel","@id":"https:\/\/weltlaeden.de\/wesel\/#\/schema\/person\/f91741559d19b16e7db4fb58824bb87b"},"headline":"Versteigerung von Kuriosit\u00e4ten und Spezereien beim Hansefest am 25.10.2025","datePublished":"2025-10-13T19:31:11+00:00","dateModified":"2025-10-19T20:07:21+00:00","mainEntityOfPage":{"@id":"https:\/\/weltlaeden.de\/wesel\/versteigerung-von-kuriositaeten-und-spezereien-beim-hansefest\/"},"wordCount":240,"image":{"@id":"https:\/\/weltlaeden.de\/wesel\/versteigerung-von-kuriositaeten-und-spezereien-beim-hansefest\/#primaryimage"},"thumbnailUrl":"https:\/\/weltlaeden.de\/wesel\/wp-content\/uploads\/sites\/202\/2025\/10\/Versteigerung-1.png","keywords":["Hansefest"],"articleSection":["Neuigkeiten","Termine"],"inLanguage":"de"},{"@type":"WebPage","@id":"https:\/\/weltlaeden.de\/wesel\/versteigerung-von-kuriositaeten-und-spezereien-beim-hansefest\/","url":"https:\/\/weltlaeden.de\/wesel\/versteigerung-von-kuriositaeten-und-spezereien-beim-hansefest\/","name":"Versteigerung von Kuriosit\u00e4ten und Spezereien beim Hansefest am 25.10.2025 - Weltladen Wesel","isPartOf":{"@id":"https:\/\/weltlaeden.de\/wesel\/#website"},"primaryImageOfPage":{"@id":"https:\/\/weltlaeden.de\/wesel\/versteigerung-von-kuriositaeten-und-spezereien-beim-hansefest\/#primaryimage"},"image":{"@id":"https:\/\/weltlaeden.de\/wesel\/versteigerung-von-kuriositaeten-und-spezereien-beim-hansefest\/#primaryimage"},"thumbnailUrl":"https:\/\/weltlaeden.de\/wesel\/wp-content\/uploads\/sites\/202\/2025\/10\/Versteigerung-1.png","datePublished":"2025-10-13T19:31:11+00:00","dateModified":"2025-10-19T20:07:21+00:00","author":{"@id":"https:\/\/weltlaeden.de\/wesel\/#\/schema\/person\/f91741559d19b16e7db4fb58824bb87b"},"breadcrumb":{"@id":"https:\/\/weltlaeden.de\/wesel\/versteigerung-von-kuriositaeten-und-spezereien-beim-hansefest\/#breadcrumb"},"inLanguage":"de","potentialAction":[{"@type":"ReadAction","target":["https:\/\/weltlaeden.de\/wesel\/versteigerung-von-kuriositaeten-und-spezereien-beim-hansefest\/"]}]},{"@type":"ImageObject","inLanguage":"de","@id":"https:\/\/weltlaeden.de\/wesel\/versteigerung-von-kuriositaeten-und-spezereien-beim-hansefest\/#primaryimage","url":"https:\/\/weltlaeden.de\/wesel\/wp-content\/uploads\/sites\/202\/2025\/10\/Versteigerung-1.png","contentUrl":"https:\/\/weltlaeden.de\/wesel\/wp-content\/uploads\/sites\/202\/2025\/10\/Versteigerung-1.png","width":512,"height":512},{"@type":"BreadcrumbList","@id":"https:\/\/weltlaeden.de\/wesel\/versteigerung-von-kuriositaeten-und-spezereien-beim-hansefest\/#breadcrumb","itemListElement":[{"@type":"ListItem","position":1,"name":"Startseite","item":"https:\/\/weltlaeden.de\/wesel\/"},{"@type":"ListItem","position":2,"name":"Versteigerung von Kuriosit\u00e4ten und Spezereien beim Hansefest am 25.10.2025"}]},{"@type":"WebSite","@id":"https:\/\/weltlaeden.de\/wesel\/#website","url":"https:\/\/weltlaeden.de\/wesel\/","name":"Weltladen Wesel","description":"Faire Produkte und Partnerschaft mit El Salvador seit 1985","potentialAction":[{"@type":"SearchAction","target":{"@type":"EntryPoint","urlTemplate":"https:\/\/weltlaeden.de\/wesel\/?s={search_term_string}"},"query-input":{"@type":"PropertyValueSpecification","valueRequired":true,"valueName":"search_term_string"}}],"inLanguage":"de"},{"@type":"Person","@id":"https:\/\/weltlaeden.de\/wesel\/#\/schema\/person\/f91741559d19b16e7db4fb58824bb87b","name":"wesel","image":{"@type":"ImageObject","inLanguage":"de","@id":"https:\/\/weltlaeden.de\/wesel\/#\/schema\/person\/image\/","url":"https:\/\/secure.gravatar.com\/avatar\/f265347733a807c06cfdbeebe1fbdc05?s=96&d=mm&r=g","contentUrl":"https:\/\/secure.gravatar.com\/avatar\/f265347733a807c06cfdbeebe1fbdc05?s=96&d=mm&r=g","caption":"wesel"}}]}},"_links":{"self":[{"href":"https:\/\/weltlaeden.de\/wesel\/wp-json\/wp\/v2\/posts\/894","targetHints":{"allow":["GET"]}}],"collection":[{"href":"https:\/\/weltlaeden.de\/wesel\/wp-json\/wp\/v2\/posts"}],"about":[{"href":"https:\/\/weltlaeden.de\/wesel\/wp-json\/wp\/v2\/types\/post"}],"author":[{"embeddable":true,"href":"https:\/\/weltlaeden.de\/wesel\/wp-json\/wp\/v2\/users\/294"}],"replies":[{"embeddable":true,"href":"https:\/\/weltlaeden.de\/wesel\/wp-json\/wp\/v2\/comments?post=894"}],"version-history":[{"count":9,"href":"https:\/\/weltlaeden.de\/wesel\/wp-json\/wp\/v2\/posts\/894\/revisions"}],"predecessor-version":[{"id":902,"href":"https:\/\/weltlaeden.de\/wesel\/wp-json\/wp\/v2\/posts\/894\/revisions\/902"}],"wp:featuredmedia":[{"embeddable":true,"href":"https:\/\/weltlaeden.de\/wesel\/wp-json\/wp\/v2\/media\/892"}],"wp:attachment":[{"href":"https:\/\/weltlaeden.de\/wesel\/wp-json\/wp\/v2\/media?parent=894"}],"wp:term":[{"taxonomy":"category","embeddable":true,"href":"https:\/\/weltlaeden.de\/wesel\/wp-json\/wp\/v2\/categories?post=894"},{"taxonomy":"post_tag","embeddable":true,"href":"https:\/\/weltlaeden.de\/wesel\/wp-json\/wp\/v2\/tags?post=894"}],"curies":[{"name":"wp","href":"https:\/\/api.w.org\/{rel}","templated":true}]}}