{"id":975,"date":"2024-01-17T09:48:18","date_gmt":"2024-01-17T08:48:18","guid":{"rendered":"https:\/\/weltlaeden.de\/weissenhorn\/?p=975"},"modified":"2024-01-17T09:48:18","modified_gmt":"2024-01-17T08:48:18","slug":"fastenaktion-faire-tueten-das-plus-mit-genuss","status":"publish","type":"post","link":"https:\/\/weltlaeden.de\/weissenhorn\/fastenaktion-faire-tueten-das-plus-mit-genuss\/","title":{"rendered":"Fastenaktion &#8220; Faire T\u00fcten &#8220;  &#8211; das Plus mit Genuss"},"content":{"rendered":"<h2>Weltladen startet Fasten-Aktion<\/h2>\n<h1><span style=\"color: #ff6600\">\u201eFaire T\u00fcten\u201d &#8211; das Plus mit Genuss<\/span><\/h1>\n<h2><\/h2>\n<h2>Jede Woche eine T\u00fcte mit fair gehandelten Lebensmitteln:<\/h2>\n<h2><span style=\"color: #ff6600\">Mit dieser Aktion will der Wei\u00dfenhorner Weltladen<\/span><\/h2>\n<h2><span style=\"color: #ff6600\"> in der siebenw\u00f6chigen Fastenzeit ab Aschermittwoch<\/span><\/h2>\n<h2><span style=\"color: #ff6600\"> daf\u00fcr werben, <\/span><span style=\"color: #ff6600\">das eigene Konsumverhalten zu \u00fcberdenken. <\/span><\/h2>\n<p>&nbsp;<\/p>\n<h3><strong>Die Kunden sollen sich fragen, ob sie alle Produkte in der &#8222;Billig-Variante&#8220; brauchen, sagt Franz Snehotta, Vorsitzender des Wei\u00dfenhorner Weltladen.<\/strong><\/h3>\n<h3><strong> Besser sei, einen Teil des Konsums so zu gestalten, dass die Produzenten gut leben k\u00f6nnten. <\/strong><\/h3>\n<h3><strong>&#8222;Bei der Fastenzeit geht es nicht nur um Verzicht, sondern um ein bewussteres Leben. Die Existenz anderer Menschen h\u00e4ngt von unserem Konsum ab&#8220;, so Snehotta: \u201edie &#8222;Fairen T\u00fcten&#8220; laden ein zu sieben Wochen ohne Ausbeutung von Menschen, Umwelt und Ressourcen.\u201c <\/strong><\/h3>\n<h3><span style=\"color: #ff6600\"><strong>Die Fairen T\u00fcten gibt es im Abonnement f\u00fcr 88 \u20ac im Weltladen. <\/strong><\/span><\/h3>\n<h3><strong>In den T\u00fcten sind fair gehandelte Lebensmittel mit je einem passenden Rezept dazu und Hintergrundinfos zu Produkten, L\u00e4ndern und Menschen aus aller Welt. <\/strong><\/h3>\n<h3><strong>Die Idee zu &#8222;Sieben Wochen mit fairen Produkten&#8220; entstand 2014 und ist angelehnt an das Konzept von Gem\u00fcsekisten mit regionalen Produkten, die einige Biol\u00e4den anbieten. &#8222;Wir haben daraus unsere Variante gemacht, um die Vielfalt der fairen Produkte deutlich zu machen&#8220;, erkl\u00e4rt Snehotta.<\/strong><\/h3>\n<h3><span style=\"color: #ff6600\"><strong>Und so funktioniert`s<\/strong><\/span><\/h3>\n<h3>Wer mitmachen m\u00f6chte meldet sich bis sp\u00e4testens 27. Januar 2024 im Weltladen Wei\u00dfenhorn zur Fastenaktion 2024 an und bezahlt &#8211; bitte in bar &#8211; sein \u201eFaire-T\u00fcten\u201c Abo.<\/h3>\n<h3><span style=\"color: #ff6600\"> Jede Woche vom 14.Februar bis 30.M\u00e4rz wird dann die neue \u201eFaire T\u00fcte\u201cdurch die Kunden im Weltladen abgeholt.<\/span><\/h3>\n<h3><span style=\"color: #ff6600\"> Das Weltladen-Team hofft auf eine gro\u00dfe Beteiligung und verspricht ein Plus mit Genuss.<\/span><\/h3>\n","protected":false},"excerpt":{"rendered":"<p>Weltladen startet Fasten-Aktion \u201eFaire T\u00fcten\u201d &#8211; das Plus mit Genuss Jede Woche eine T\u00fcte mit fair gehandelten Lebensmitteln: Mit dieser Aktion will der Wei\u00dfenhorner Weltladen in der siebenw\u00f6chigen Fastenzeit ab Aschermittwoch daf\u00fcr werben, das eigene Konsumverhalten zu \u00fcberdenken. &nbsp; Die Kunden sollen sich fragen, ob sie alle Produkte in der &#8222;Billig-Variante&#8220; brauchen, sagt Franz Snehotta,&hellip;<\/p>\n","protected":false},"author":191,"featured_media":976,"comment_status":"closed","ping_status":"closed","sticky":false,"template":"","format":"standard","meta":{"footnotes":""},"categories":[8],"tags":[],"class_list":["post-975","post","type-post","status-publish","format-standard","has-post-thumbnail","hentry","category-neues","category-8","description-off"],"yoast_head":"<!-- This site is optimized with the Yoast SEO plugin v26.8 - https:\/\/yoast.com\/product\/yoast-seo-wordpress\/ -->\n<title>Fastenaktion &quot; Faire T\u00fcten &quot; - das Plus mit Genuss - Weltladen Wei\u00dfenhorn<\/title>\n<meta name=\"robots\" content=\"index, follow, max-snippet:-1, max-image-preview:large, max-video-preview:-1\" \/>\n<link rel=\"canonical\" href=\"https:\/\/weltlaeden.de\/weissenhorn\/fastenaktion-faire-tueten-das-plus-mit-genuss\/\" \/>\n<meta property=\"og:locale\" content=\"de_DE\" \/>\n<meta property=\"og:type\" content=\"article\" \/>\n<meta property=\"og:title\" content=\"Fastenaktion &quot; Faire T\u00fcten &quot; - das Plus mit Genuss - Weltladen Wei\u00dfenhorn\" \/>\n<meta property=\"og:description\" content=\"Weltladen startet Fasten-Aktion \u201eFaire T\u00fcten\u201d &#8211; das Plus mit Genuss Jede Woche eine T\u00fcte mit fair gehandelten Lebensmitteln: Mit dieser Aktion will der Wei\u00dfenhorner Weltladen in der siebenw\u00f6chigen Fastenzeit ab Aschermittwoch daf\u00fcr werben, das eigene Konsumverhalten zu \u00fcberdenken. &nbsp; Die Kunden sollen sich fragen, ob sie alle Produkte in der &#8222;Billig-Variante&#8220; brauchen, sagt Franz Snehotta,&hellip;\" \/>\n<meta property=\"og:url\" content=\"https:\/\/weltlaeden.de\/weissenhorn\/fastenaktion-faire-tueten-das-plus-mit-genuss\/\" \/>\n<meta property=\"og:site_name\" content=\"Weltladen Wei\u00dfenhorn\" \/>\n<meta property=\"article:published_time\" content=\"2024-01-17T08:48:18+00:00\" \/>\n<meta property=\"og:image\" content=\"https:\/\/weltlaeden.de\/weissenhorn\/wp-content\/uploads\/sites\/129\/2024\/01\/74B43BB7-EA6E-4017-8A21-E4986DFEC954-e1705480914119.jpeg\" \/>\n\t<meta property=\"og:image:width\" content=\"1986\" \/>\n\t<meta property=\"og:image:height\" content=\"1269\" \/>\n\t<meta property=\"og:image:type\" content=\"image\/jpeg\" \/>\n<meta name=\"author\" content=\"weissenhorn\" \/>\n<meta name=\"twitter:card\" content=\"summary_large_image\" \/>\n<meta name=\"twitter:label1\" content=\"Verfasst von\" \/>\n\t<meta name=\"twitter:data1\" content=\"weissenhorn\" \/>\n\t<meta name=\"twitter:label2\" content=\"Gesch\u00e4tzte Lesezeit\" \/>\n\t<meta name=\"twitter:data2\" content=\"1\u00a0Minute\" \/>\n<script type=\"application\/ld+json\" class=\"yoast-schema-graph\">{\"@context\":\"https:\/\/schema.org\",\"@graph\":[{\"@type\":\"Article\",\"@id\":\"https:\/\/weltlaeden.de\/weissenhorn\/fastenaktion-faire-tueten-das-plus-mit-genuss\/#article\",\"isPartOf\":{\"@id\":\"https:\/\/weltlaeden.de\/weissenhorn\/fastenaktion-faire-tueten-das-plus-mit-genuss\/\"},\"author\":{\"name\":\"weissenhorn\",\"@id\":\"https:\/\/weltlaeden.de\/weissenhorn\/#\/schema\/person\/a54ab778984ca172a44d8286c0e76e78\"},\"headline\":\"Fastenaktion &#8220; Faire T\u00fcten &#8220; &#8211; das Plus mit Genuss\",\"datePublished\":\"2024-01-17T08:48:18+00:00\",\"mainEntityOfPage\":{\"@id\":\"https:\/\/weltlaeden.de\/weissenhorn\/fastenaktion-faire-tueten-das-plus-mit-genuss\/\"},\"wordCount\":279,\"image\":{\"@id\":\"https:\/\/weltlaeden.de\/weissenhorn\/fastenaktion-faire-tueten-das-plus-mit-genuss\/#primaryimage\"},\"thumbnailUrl\":\"https:\/\/weltlaeden.de\/weissenhorn\/wp-content\/uploads\/sites\/129\/2024\/01\/74B43BB7-EA6E-4017-8A21-E4986DFEC954-e1705480914119.jpeg\",\"articleSection\":[\"Neuigkeiten\"],\"inLanguage\":\"de\"},{\"@type\":\"WebPage\",\"@id\":\"https:\/\/weltlaeden.de\/weissenhorn\/fastenaktion-faire-tueten-das-plus-mit-genuss\/\",\"url\":\"https:\/\/weltlaeden.de\/weissenhorn\/fastenaktion-faire-tueten-das-plus-mit-genuss\/\",\"name\":\"Fastenaktion \\\" Faire T\u00fcten \\\" - das Plus mit Genuss - Weltladen Wei\u00dfenhorn\",\"isPartOf\":{\"@id\":\"https:\/\/weltlaeden.de\/weissenhorn\/#website\"},\"primaryImageOfPage\":{\"@id\":\"https:\/\/weltlaeden.de\/weissenhorn\/fastenaktion-faire-tueten-das-plus-mit-genuss\/#primaryimage\"},\"image\":{\"@id\":\"https:\/\/weltlaeden.de\/weissenhorn\/fastenaktion-faire-tueten-das-plus-mit-genuss\/#primaryimage\"},\"thumbnailUrl\":\"https:\/\/weltlaeden.de\/weissenhorn\/wp-content\/uploads\/sites\/129\/2024\/01\/74B43BB7-EA6E-4017-8A21-E4986DFEC954-e1705480914119.jpeg\",\"datePublished\":\"2024-01-17T08:48:18+00:00\",\"author\":{\"@id\":\"https:\/\/weltlaeden.de\/weissenhorn\/#\/schema\/person\/a54ab778984ca172a44d8286c0e76e78\"},\"breadcrumb\":{\"@id\":\"https:\/\/weltlaeden.de\/weissenhorn\/fastenaktion-faire-tueten-das-plus-mit-genuss\/#breadcrumb\"},\"inLanguage\":\"de\",\"potentialAction\":[{\"@type\":\"ReadAction\",\"target\":[\"https:\/\/weltlaeden.de\/weissenhorn\/fastenaktion-faire-tueten-das-plus-mit-genuss\/\"]}]},{\"@type\":\"ImageObject\",\"inLanguage\":\"de\",\"@id\":\"https:\/\/weltlaeden.de\/weissenhorn\/fastenaktion-faire-tueten-das-plus-mit-genuss\/#primaryimage\",\"url\":\"https:\/\/weltlaeden.de\/weissenhorn\/wp-content\/uploads\/sites\/129\/2024\/01\/74B43BB7-EA6E-4017-8A21-E4986DFEC954-e1705480914119.jpeg\",\"contentUrl\":\"https:\/\/weltlaeden.de\/weissenhorn\/wp-content\/uploads\/sites\/129\/2024\/01\/74B43BB7-EA6E-4017-8A21-E4986DFEC954-e1705480914119.jpeg\",\"width\":1986,\"height\":1269},{\"@type\":\"BreadcrumbList\",\"@id\":\"https:\/\/weltlaeden.de\/weissenhorn\/fastenaktion-faire-tueten-das-plus-mit-genuss\/#breadcrumb\",\"itemListElement\":[{\"@type\":\"ListItem\",\"position\":1,\"name\":\"Startseite\",\"item\":\"https:\/\/weltlaeden.de\/weissenhorn\/\"},{\"@type\":\"ListItem\",\"position\":2,\"name\":\"Fastenaktion &#8220; Faire T\u00fcten &#8220; &#8211; das Plus mit Genuss\"}]},{\"@type\":\"WebSite\",\"@id\":\"https:\/\/weltlaeden.de\/weissenhorn\/#website\",\"url\":\"https:\/\/weltlaeden.de\/weissenhorn\/\",\"name\":\"Weltladen Wei\u00dfenhorn\",\"description\":\"Faire Produkte seit 1990\",\"potentialAction\":[{\"@type\":\"SearchAction\",\"target\":{\"@type\":\"EntryPoint\",\"urlTemplate\":\"https:\/\/weltlaeden.de\/weissenhorn\/?s={search_term_string}\"},\"query-input\":{\"@type\":\"PropertyValueSpecification\",\"valueRequired\":true,\"valueName\":\"search_term_string\"}}],\"inLanguage\":\"de\"},{\"@type\":\"Person\",\"@id\":\"https:\/\/weltlaeden.de\/weissenhorn\/#\/schema\/person\/a54ab778984ca172a44d8286c0e76e78\",\"name\":\"weissenhorn\",\"image\":{\"@type\":\"ImageObject\",\"inLanguage\":\"de\",\"@id\":\"https:\/\/weltlaeden.de\/weissenhorn\/#\/schema\/person\/image\/\",\"url\":\"https:\/\/secure.gravatar.com\/avatar\/9094ba6a92e3b50222fd0796b579f81f?s=96&d=mm&r=g\",\"contentUrl\":\"https:\/\/secure.gravatar.com\/avatar\/9094ba6a92e3b50222fd0796b579f81f?s=96&d=mm&r=g\",\"caption\":\"weissenhorn\"}}]}<\/script>\n<!-- \/ Yoast SEO plugin. -->","yoast_head_json":{"title":"Fastenaktion \" Faire T\u00fcten \" - das Plus mit Genuss - Weltladen Wei\u00dfenhorn","robots":{"index":"index","follow":"follow","max-snippet":"max-snippet:-1","max-image-preview":"max-image-preview:large","max-video-preview":"max-video-preview:-1"},"canonical":"https:\/\/weltlaeden.de\/weissenhorn\/fastenaktion-faire-tueten-das-plus-mit-genuss\/","og_locale":"de_DE","og_type":"article","og_title":"Fastenaktion \" Faire T\u00fcten \" - das Plus mit Genuss - Weltladen Wei\u00dfenhorn","og_description":"Weltladen startet Fasten-Aktion \u201eFaire T\u00fcten\u201d &#8211; das Plus mit Genuss Jede Woche eine T\u00fcte mit fair gehandelten Lebensmitteln: Mit dieser Aktion will der Wei\u00dfenhorner Weltladen in der siebenw\u00f6chigen Fastenzeit ab Aschermittwoch daf\u00fcr werben, das eigene Konsumverhalten zu \u00fcberdenken. &nbsp; Die Kunden sollen sich fragen, ob sie alle Produkte in der &#8222;Billig-Variante&#8220; brauchen, sagt Franz Snehotta,&hellip;","og_url":"https:\/\/weltlaeden.de\/weissenhorn\/fastenaktion-faire-tueten-das-plus-mit-genuss\/","og_site_name":"Weltladen Wei\u00dfenhorn","article_published_time":"2024-01-17T08:48:18+00:00","og_image":[{"width":1986,"height":1269,"url":"https:\/\/weltlaeden.de\/weissenhorn\/wp-content\/uploads\/sites\/129\/2024\/01\/74B43BB7-EA6E-4017-8A21-E4986DFEC954-e1705480914119.jpeg","type":"image\/jpeg"}],"author":"weissenhorn","twitter_card":"summary_large_image","twitter_misc":{"Verfasst von":"weissenhorn","Gesch\u00e4tzte Lesezeit":"1\u00a0Minute"},"schema":{"@context":"https:\/\/schema.org","@graph":[{"@type":"Article","@id":"https:\/\/weltlaeden.de\/weissenhorn\/fastenaktion-faire-tueten-das-plus-mit-genuss\/#article","isPartOf":{"@id":"https:\/\/weltlaeden.de\/weissenhorn\/fastenaktion-faire-tueten-das-plus-mit-genuss\/"},"author":{"name":"weissenhorn","@id":"https:\/\/weltlaeden.de\/weissenhorn\/#\/schema\/person\/a54ab778984ca172a44d8286c0e76e78"},"headline":"Fastenaktion &#8220; Faire T\u00fcten &#8220; &#8211; das Plus mit Genuss","datePublished":"2024-01-17T08:48:18+00:00","mainEntityOfPage":{"@id":"https:\/\/weltlaeden.de\/weissenhorn\/fastenaktion-faire-tueten-das-plus-mit-genuss\/"},"wordCount":279,"image":{"@id":"https:\/\/weltlaeden.de\/weissenhorn\/fastenaktion-faire-tueten-das-plus-mit-genuss\/#primaryimage"},"thumbnailUrl":"https:\/\/weltlaeden.de\/weissenhorn\/wp-content\/uploads\/sites\/129\/2024\/01\/74B43BB7-EA6E-4017-8A21-E4986DFEC954-e1705480914119.jpeg","articleSection":["Neuigkeiten"],"inLanguage":"de"},{"@type":"WebPage","@id":"https:\/\/weltlaeden.de\/weissenhorn\/fastenaktion-faire-tueten-das-plus-mit-genuss\/","url":"https:\/\/weltlaeden.de\/weissenhorn\/fastenaktion-faire-tueten-das-plus-mit-genuss\/","name":"Fastenaktion \" Faire T\u00fcten \" - das Plus mit Genuss - Weltladen Wei\u00dfenhorn","isPartOf":{"@id":"https:\/\/weltlaeden.de\/weissenhorn\/#website"},"primaryImageOfPage":{"@id":"https:\/\/weltlaeden.de\/weissenhorn\/fastenaktion-faire-tueten-das-plus-mit-genuss\/#primaryimage"},"image":{"@id":"https:\/\/weltlaeden.de\/weissenhorn\/fastenaktion-faire-tueten-das-plus-mit-genuss\/#primaryimage"},"thumbnailUrl":"https:\/\/weltlaeden.de\/weissenhorn\/wp-content\/uploads\/sites\/129\/2024\/01\/74B43BB7-EA6E-4017-8A21-E4986DFEC954-e1705480914119.jpeg","datePublished":"2024-01-17T08:48:18+00:00","author":{"@id":"https:\/\/weltlaeden.de\/weissenhorn\/#\/schema\/person\/a54ab778984ca172a44d8286c0e76e78"},"breadcrumb":{"@id":"https:\/\/weltlaeden.de\/weissenhorn\/fastenaktion-faire-tueten-das-plus-mit-genuss\/#breadcrumb"},"inLanguage":"de","potentialAction":[{"@type":"ReadAction","target":["https:\/\/weltlaeden.de\/weissenhorn\/fastenaktion-faire-tueten-das-plus-mit-genuss\/"]}]},{"@type":"ImageObject","inLanguage":"de","@id":"https:\/\/weltlaeden.de\/weissenhorn\/fastenaktion-faire-tueten-das-plus-mit-genuss\/#primaryimage","url":"https:\/\/weltlaeden.de\/weissenhorn\/wp-content\/uploads\/sites\/129\/2024\/01\/74B43BB7-EA6E-4017-8A21-E4986DFEC954-e1705480914119.jpeg","contentUrl":"https:\/\/weltlaeden.de\/weissenhorn\/wp-content\/uploads\/sites\/129\/2024\/01\/74B43BB7-EA6E-4017-8A21-E4986DFEC954-e1705480914119.jpeg","width":1986,"height":1269},{"@type":"BreadcrumbList","@id":"https:\/\/weltlaeden.de\/weissenhorn\/fastenaktion-faire-tueten-das-plus-mit-genuss\/#breadcrumb","itemListElement":[{"@type":"ListItem","position":1,"name":"Startseite","item":"https:\/\/weltlaeden.de\/weissenhorn\/"},{"@type":"ListItem","position":2,"name":"Fastenaktion &#8220; Faire T\u00fcten &#8220; &#8211; das Plus mit Genuss"}]},{"@type":"WebSite","@id":"https:\/\/weltlaeden.de\/weissenhorn\/#website","url":"https:\/\/weltlaeden.de\/weissenhorn\/","name":"Weltladen Wei\u00dfenhorn","description":"Faire Produkte seit 1990","potentialAction":[{"@type":"SearchAction","target":{"@type":"EntryPoint","urlTemplate":"https:\/\/weltlaeden.de\/weissenhorn\/?s={search_term_string}"},"query-input":{"@type":"PropertyValueSpecification","valueRequired":true,"valueName":"search_term_string"}}],"inLanguage":"de"},{"@type":"Person","@id":"https:\/\/weltlaeden.de\/weissenhorn\/#\/schema\/person\/a54ab778984ca172a44d8286c0e76e78","name":"weissenhorn","image":{"@type":"ImageObject","inLanguage":"de","@id":"https:\/\/weltlaeden.de\/weissenhorn\/#\/schema\/person\/image\/","url":"https:\/\/secure.gravatar.com\/avatar\/9094ba6a92e3b50222fd0796b579f81f?s=96&d=mm&r=g","contentUrl":"https:\/\/secure.gravatar.com\/avatar\/9094ba6a92e3b50222fd0796b579f81f?s=96&d=mm&r=g","caption":"weissenhorn"}}]}},"_links":{"self":[{"href":"https:\/\/weltlaeden.de\/weissenhorn\/wp-json\/wp\/v2\/posts\/975","targetHints":{"allow":["GET"]}}],"collection":[{"href":"https:\/\/weltlaeden.de\/weissenhorn\/wp-json\/wp\/v2\/posts"}],"about":[{"href":"https:\/\/weltlaeden.de\/weissenhorn\/wp-json\/wp\/v2\/types\/post"}],"author":[{"embeddable":true,"href":"https:\/\/weltlaeden.de\/weissenhorn\/wp-json\/wp\/v2\/users\/191"}],"replies":[{"embeddable":true,"href":"https:\/\/weltlaeden.de\/weissenhorn\/wp-json\/wp\/v2\/comments?post=975"}],"version-history":[{"count":1,"href":"https:\/\/weltlaeden.de\/weissenhorn\/wp-json\/wp\/v2\/posts\/975\/revisions"}],"predecessor-version":[{"id":977,"href":"https:\/\/weltlaeden.de\/weissenhorn\/wp-json\/wp\/v2\/posts\/975\/revisions\/977"}],"wp:featuredmedia":[{"embeddable":true,"href":"https:\/\/weltlaeden.de\/weissenhorn\/wp-json\/wp\/v2\/media\/976"}],"wp:attachment":[{"href":"https:\/\/weltlaeden.de\/weissenhorn\/wp-json\/wp\/v2\/media?parent=975"}],"wp:term":[{"taxonomy":"category","embeddable":true,"href":"https:\/\/weltlaeden.de\/weissenhorn\/wp-json\/wp\/v2\/categories?post=975"},{"taxonomy":"post_tag","embeddable":true,"href":"https:\/\/weltlaeden.de\/weissenhorn\/wp-json\/wp\/v2\/tags?post=975"}],"curies":[{"name":"wp","href":"https:\/\/api.w.org\/{rel}","templated":true}]}}