{"id":960,"date":"2023-12-24T09:26:14","date_gmt":"2023-12-24T08:26:14","guid":{"rendered":"https:\/\/weltlaeden.de\/weissenhorn\/?p=960"},"modified":"2023-12-25T11:51:03","modified_gmt":"2023-12-25T10:51:03","slug":"danke-sagen-2","status":"publish","type":"post","link":"https:\/\/weltlaeden.de\/weissenhorn\/danke-sagen-2\/","title":{"rendered":"Danke sagen"},"content":{"rendered":"<h1><\/h1>\n<h2 style=\"text-align: center\"><span style=\"color: #ff6600\">Wieder neigt sich ein Jahr dem Ende zu.<\/span><\/h2>\n<h2 style=\"text-align: center\"><span style=\"color: #ff6600\">Wir m\u00f6chten dies zum Anlass nehmen, <\/span><\/h2>\n<h2 style=\"text-align: center\"><span style=\"color: #ff6600\">um uns bei unseren Kunden, Freunden und Bekannten<\/span><\/h2>\n<h1 style=\"text-align: center\">herzlichst zu bedanken!<\/h1>\n<h2 style=\"text-align: center\"><span style=\"color: #ff6600\">F\u00fcr das\u00a0 Weihnachtsfest w\u00fcnschen wir frohe und<\/span><\/h2>\n<h2 style=\"text-align: center\"><span style=\"color: #ff6600\"> gl\u00fcckliche Stunden<\/span><\/h2>\n<h2 style=\"text-align: center\"><span style=\"color: #ff6600\">sowie ein erfolgreiches und friedvolles neues Jahr<\/span><\/h2>\n","protected":false},"excerpt":{"rendered":"<p>Wieder neigt sich ein Jahr dem Ende zu. Wir m\u00f6chten dies zum Anlass nehmen, um uns bei unseren Kunden, Freunden und Bekannten herzlichst zu bedanken! F\u00fcr das\u00a0 Weihnachtsfest w\u00fcnschen wir frohe und gl\u00fcckliche Stunden sowie ein erfolgreiches und friedvolles neues Jahr<\/p>\n","protected":false},"author":191,"featured_media":0,"comment_status":"closed","ping_status":"closed","sticky":false,"template":"","format":"standard","meta":{"footnotes":""},"categories":[8],"tags":[],"class_list":["post-960","post","type-post","status-publish","format-standard","hentry","category-neues","category-8","description-off"],"yoast_head":"<!-- This site is optimized with the Yoast SEO plugin v26.8 - https:\/\/yoast.com\/product\/yoast-seo-wordpress\/ -->\n<title>Danke sagen - Weltladen Wei\u00dfenhorn<\/title>\n<meta name=\"robots\" content=\"index, follow, max-snippet:-1, max-image-preview:large, max-video-preview:-1\" \/>\n<link rel=\"canonical\" href=\"https:\/\/weltlaeden.de\/weissenhorn\/danke-sagen-2\/\" \/>\n<meta property=\"og:locale\" content=\"de_DE\" \/>\n<meta property=\"og:type\" content=\"article\" \/>\n<meta property=\"og:title\" content=\"Danke sagen - Weltladen Wei\u00dfenhorn\" \/>\n<meta property=\"og:description\" content=\"Wieder neigt sich ein Jahr dem Ende zu. Wir m\u00f6chten dies zum Anlass nehmen, um uns bei unseren Kunden, Freunden und Bekannten herzlichst zu bedanken! F\u00fcr das\u00a0 Weihnachtsfest w\u00fcnschen wir frohe und gl\u00fcckliche Stunden sowie ein erfolgreiches und friedvolles neues Jahr\" \/>\n<meta property=\"og:url\" content=\"https:\/\/weltlaeden.de\/weissenhorn\/danke-sagen-2\/\" \/>\n<meta property=\"og:site_name\" content=\"Weltladen Wei\u00dfenhorn\" \/>\n<meta property=\"article:published_time\" content=\"2023-12-24T08:26:14+00:00\" \/>\n<meta property=\"article:modified_time\" content=\"2023-12-25T10:51:03+00:00\" \/>\n<meta name=\"author\" content=\"weissenhorn\" \/>\n<meta name=\"twitter:card\" content=\"summary_large_image\" \/>\n<meta name=\"twitter:label1\" content=\"Verfasst von\" \/>\n\t<meta name=\"twitter:data1\" content=\"weissenhorn\" \/>\n<script type=\"application\/ld+json\" class=\"yoast-schema-graph\">{\"@context\":\"https:\/\/schema.org\",\"@graph\":[{\"@type\":\"Article\",\"@id\":\"https:\/\/weltlaeden.de\/weissenhorn\/danke-sagen-2\/#article\",\"isPartOf\":{\"@id\":\"https:\/\/weltlaeden.de\/weissenhorn\/danke-sagen-2\/\"},\"author\":{\"name\":\"weissenhorn\",\"@id\":\"https:\/\/weltlaeden.de\/weissenhorn\/#\/schema\/person\/a54ab778984ca172a44d8286c0e76e78\"},\"headline\":\"Danke sagen\",\"datePublished\":\"2023-12-24T08:26:14+00:00\",\"dateModified\":\"2023-12-25T10:51:03+00:00\",\"mainEntityOfPage\":{\"@id\":\"https:\/\/weltlaeden.de\/weissenhorn\/danke-sagen-2\/\"},\"wordCount\":47,\"articleSection\":[\"Neuigkeiten\"],\"inLanguage\":\"de\"},{\"@type\":\"WebPage\",\"@id\":\"https:\/\/weltlaeden.de\/weissenhorn\/danke-sagen-2\/\",\"url\":\"https:\/\/weltlaeden.de\/weissenhorn\/danke-sagen-2\/\",\"name\":\"Danke sagen - Weltladen Wei\u00dfenhorn\",\"isPartOf\":{\"@id\":\"https:\/\/weltlaeden.de\/weissenhorn\/#website\"},\"datePublished\":\"2023-12-24T08:26:14+00:00\",\"dateModified\":\"2023-12-25T10:51:03+00:00\",\"author\":{\"@id\":\"https:\/\/weltlaeden.de\/weissenhorn\/#\/schema\/person\/a54ab778984ca172a44d8286c0e76e78\"},\"breadcrumb\":{\"@id\":\"https:\/\/weltlaeden.de\/weissenhorn\/danke-sagen-2\/#breadcrumb\"},\"inLanguage\":\"de\",\"potentialAction\":[{\"@type\":\"ReadAction\",\"target\":[\"https:\/\/weltlaeden.de\/weissenhorn\/danke-sagen-2\/\"]}]},{\"@type\":\"BreadcrumbList\",\"@id\":\"https:\/\/weltlaeden.de\/weissenhorn\/danke-sagen-2\/#breadcrumb\",\"itemListElement\":[{\"@type\":\"ListItem\",\"position\":1,\"name\":\"Startseite\",\"item\":\"https:\/\/weltlaeden.de\/weissenhorn\/\"},{\"@type\":\"ListItem\",\"position\":2,\"name\":\"Danke sagen\"}]},{\"@type\":\"WebSite\",\"@id\":\"https:\/\/weltlaeden.de\/weissenhorn\/#website\",\"url\":\"https:\/\/weltlaeden.de\/weissenhorn\/\",\"name\":\"Weltladen Wei\u00dfenhorn\",\"description\":\"Faire Produkte seit 1990\",\"potentialAction\":[{\"@type\":\"SearchAction\",\"target\":{\"@type\":\"EntryPoint\",\"urlTemplate\":\"https:\/\/weltlaeden.de\/weissenhorn\/?s={search_term_string}\"},\"query-input\":{\"@type\":\"PropertyValueSpecification\",\"valueRequired\":true,\"valueName\":\"search_term_string\"}}],\"inLanguage\":\"de\"},{\"@type\":\"Person\",\"@id\":\"https:\/\/weltlaeden.de\/weissenhorn\/#\/schema\/person\/a54ab778984ca172a44d8286c0e76e78\",\"name\":\"weissenhorn\",\"image\":{\"@type\":\"ImageObject\",\"inLanguage\":\"de\",\"@id\":\"https:\/\/weltlaeden.de\/weissenhorn\/#\/schema\/person\/image\/\",\"url\":\"https:\/\/secure.gravatar.com\/avatar\/9094ba6a92e3b50222fd0796b579f81f?s=96&d=mm&r=g\",\"contentUrl\":\"https:\/\/secure.gravatar.com\/avatar\/9094ba6a92e3b50222fd0796b579f81f?s=96&d=mm&r=g\",\"caption\":\"weissenhorn\"}}]}<\/script>\n<!-- \/ Yoast SEO plugin. -->","yoast_head_json":{"title":"Danke sagen - Weltladen Wei\u00dfenhorn","robots":{"index":"index","follow":"follow","max-snippet":"max-snippet:-1","max-image-preview":"max-image-preview:large","max-video-preview":"max-video-preview:-1"},"canonical":"https:\/\/weltlaeden.de\/weissenhorn\/danke-sagen-2\/","og_locale":"de_DE","og_type":"article","og_title":"Danke sagen - Weltladen Wei\u00dfenhorn","og_description":"Wieder neigt sich ein Jahr dem Ende zu. Wir m\u00f6chten dies zum Anlass nehmen, um uns bei unseren Kunden, Freunden und Bekannten herzlichst zu bedanken! F\u00fcr das\u00a0 Weihnachtsfest w\u00fcnschen wir frohe und gl\u00fcckliche Stunden sowie ein erfolgreiches und friedvolles neues Jahr","og_url":"https:\/\/weltlaeden.de\/weissenhorn\/danke-sagen-2\/","og_site_name":"Weltladen Wei\u00dfenhorn","article_published_time":"2023-12-24T08:26:14+00:00","article_modified_time":"2023-12-25T10:51:03+00:00","author":"weissenhorn","twitter_card":"summary_large_image","twitter_misc":{"Verfasst von":"weissenhorn"},"schema":{"@context":"https:\/\/schema.org","@graph":[{"@type":"Article","@id":"https:\/\/weltlaeden.de\/weissenhorn\/danke-sagen-2\/#article","isPartOf":{"@id":"https:\/\/weltlaeden.de\/weissenhorn\/danke-sagen-2\/"},"author":{"name":"weissenhorn","@id":"https:\/\/weltlaeden.de\/weissenhorn\/#\/schema\/person\/a54ab778984ca172a44d8286c0e76e78"},"headline":"Danke sagen","datePublished":"2023-12-24T08:26:14+00:00","dateModified":"2023-12-25T10:51:03+00:00","mainEntityOfPage":{"@id":"https:\/\/weltlaeden.de\/weissenhorn\/danke-sagen-2\/"},"wordCount":47,"articleSection":["Neuigkeiten"],"inLanguage":"de"},{"@type":"WebPage","@id":"https:\/\/weltlaeden.de\/weissenhorn\/danke-sagen-2\/","url":"https:\/\/weltlaeden.de\/weissenhorn\/danke-sagen-2\/","name":"Danke sagen - Weltladen Wei\u00dfenhorn","isPartOf":{"@id":"https:\/\/weltlaeden.de\/weissenhorn\/#website"},"datePublished":"2023-12-24T08:26:14+00:00","dateModified":"2023-12-25T10:51:03+00:00","author":{"@id":"https:\/\/weltlaeden.de\/weissenhorn\/#\/schema\/person\/a54ab778984ca172a44d8286c0e76e78"},"breadcrumb":{"@id":"https:\/\/weltlaeden.de\/weissenhorn\/danke-sagen-2\/#breadcrumb"},"inLanguage":"de","potentialAction":[{"@type":"ReadAction","target":["https:\/\/weltlaeden.de\/weissenhorn\/danke-sagen-2\/"]}]},{"@type":"BreadcrumbList","@id":"https:\/\/weltlaeden.de\/weissenhorn\/danke-sagen-2\/#breadcrumb","itemListElement":[{"@type":"ListItem","position":1,"name":"Startseite","item":"https:\/\/weltlaeden.de\/weissenhorn\/"},{"@type":"ListItem","position":2,"name":"Danke sagen"}]},{"@type":"WebSite","@id":"https:\/\/weltlaeden.de\/weissenhorn\/#website","url":"https:\/\/weltlaeden.de\/weissenhorn\/","name":"Weltladen Wei\u00dfenhorn","description":"Faire Produkte seit 1990","potentialAction":[{"@type":"SearchAction","target":{"@type":"EntryPoint","urlTemplate":"https:\/\/weltlaeden.de\/weissenhorn\/?s={search_term_string}"},"query-input":{"@type":"PropertyValueSpecification","valueRequired":true,"valueName":"search_term_string"}}],"inLanguage":"de"},{"@type":"Person","@id":"https:\/\/weltlaeden.de\/weissenhorn\/#\/schema\/person\/a54ab778984ca172a44d8286c0e76e78","name":"weissenhorn","image":{"@type":"ImageObject","inLanguage":"de","@id":"https:\/\/weltlaeden.de\/weissenhorn\/#\/schema\/person\/image\/","url":"https:\/\/secure.gravatar.com\/avatar\/9094ba6a92e3b50222fd0796b579f81f?s=96&d=mm&r=g","contentUrl":"https:\/\/secure.gravatar.com\/avatar\/9094ba6a92e3b50222fd0796b579f81f?s=96&d=mm&r=g","caption":"weissenhorn"}}]}},"_links":{"self":[{"href":"https:\/\/weltlaeden.de\/weissenhorn\/wp-json\/wp\/v2\/posts\/960","targetHints":{"allow":["GET"]}}],"collection":[{"href":"https:\/\/weltlaeden.de\/weissenhorn\/wp-json\/wp\/v2\/posts"}],"about":[{"href":"https:\/\/weltlaeden.de\/weissenhorn\/wp-json\/wp\/v2\/types\/post"}],"author":[{"embeddable":true,"href":"https:\/\/weltlaeden.de\/weissenhorn\/wp-json\/wp\/v2\/users\/191"}],"replies":[{"embeddable":true,"href":"https:\/\/weltlaeden.de\/weissenhorn\/wp-json\/wp\/v2\/comments?post=960"}],"version-history":[{"count":4,"href":"https:\/\/weltlaeden.de\/weissenhorn\/wp-json\/wp\/v2\/posts\/960\/revisions"}],"predecessor-version":[{"id":965,"href":"https:\/\/weltlaeden.de\/weissenhorn\/wp-json\/wp\/v2\/posts\/960\/revisions\/965"}],"wp:attachment":[{"href":"https:\/\/weltlaeden.de\/weissenhorn\/wp-json\/wp\/v2\/media?parent=960"}],"wp:term":[{"taxonomy":"category","embeddable":true,"href":"https:\/\/weltlaeden.de\/weissenhorn\/wp-json\/wp\/v2\/categories?post=960"},{"taxonomy":"post_tag","embeddable":true,"href":"https:\/\/weltlaeden.de\/weissenhorn\/wp-json\/wp\/v2\/tags?post=960"}],"curies":[{"name":"wp","href":"https:\/\/api.w.org\/{rel}","templated":true}]}}