{"id":957,"date":"2023-12-02T10:58:30","date_gmt":"2023-12-02T09:58:30","guid":{"rendered":"https:\/\/weltlaeden.de\/weissenhorn\/?p=957"},"modified":"2023-12-25T11:49:03","modified_gmt":"2023-12-25T10:49:03","slug":"weihnachtstartufi-im-weissenhorner-weltladen","status":"publish","type":"post","link":"https:\/\/weltlaeden.de\/weissenhorn\/weihnachtstartufi-im-weissenhorner-weltladen\/","title":{"rendered":"Weihnachtstartufi im Wei\u00dfenhorner Weltladen"},"content":{"rendered":"<p>&nbsp;<\/p>\n<p>&nbsp;<\/p>\n<h1 style=\"text-align: center\"><span style=\"color: #ff6600\"><strong>Weihnachtstartufi im Wei\u00dfenhorner Weltladen<\/strong><\/span><\/h1>\n<h3><\/h3>\n<h3 style=\"text-align: center\"><strong>Aus Italien, Paraguay, Tansania und Ecuador stammen die Zutaten zum <\/strong><\/h3>\n<h3 style=\"text-align: center\"><strong>Fair-Produkt des Monats im Wei\u00dfenhorner Weltladen: <\/strong><\/h3>\n<h2 style=\"text-align: center\"><span style=\"color: #ff6600\"><strong>Weihnachtstartufi, die in einer Sozialkooperative im Piemont hergestellt werden.<\/strong><\/span><\/h2>\n<p>&nbsp;<\/p>\n<p><strong>Vorweihnachtliches Ambiente verstr\u00f6mt dieser Schokotr\u00fcffel aus Edelbitterschokolade und Zimt. <\/strong><\/p>\n<p><strong>Aus dem italienischen Piemont stammen die grob gehackten Haseln\u00fcsse, die laut italienischem Originalrezept in den Tartufi nicht fehlen d\u00fcrfen. <\/strong><\/p>\n<p><strong>Hinzu kommen faire Zutaten wie Rohrohrzucker aus Paraguay, edle Vanille aus Tansania und hochwertiger ecuadorianischer Kakao.<\/strong><\/p>\n<p><strong> In traditioneller Handarbeit entstehen daraus genussvolle Schokoladentr\u00fcffel, die abschlie\u00dfend mit ein wenig Puderzucker verfeinert werden. <\/strong><\/p>\n<p><strong>Die Confetteria \u201eLibero Mondo\u201c im s\u00fcdlichen Piemont ist eine Sozialkooperative mit 25 Mitarbeiterinnen und Mitarbeitern, von denen der Gro\u00dfteil aufgrund k\u00f6rperlicher und geistiger Beeintr\u00e4chtigungen auf dem ersten Arbeitsmarkt keine Chance h\u00e4tte. <\/strong><\/p>\n<p><strong>Seit 1997 arbeitet die Kooperative nach den Grunds\u00e4tzen des Fairen Handelns und ist zertifiziertes Mitglied der World Fair Trade Organization (WFTO). <\/strong><\/p>\n<p><strong>Hier werden die Schokotr\u00fcffel liebevoll verpackt und warten nun im Wei\u00dfenhorner Weltladen auf genussfreudige Abnehmer*innen \u2013 was \u00fcbrigens auch f\u00fcr die letzten fairen Nikol\u00e4use gilt.<\/strong><\/p>\n<h2 style=\"text-align: center\"><span style=\"color: #ff6600\">Die Tartufi <\/span><\/h2>\n<h2><span style=\"color: #ff6600\">gibt es als FairProdukt des Monats Dezember um 20% im Preis reduziert <\/span><\/h2>\n<h2><span style=\"color: #ff6600\">im Wei\u00dfenhorner Weltladen \u2013 mitten in der guten Stube der Fairtrade-Stadt.<\/span><\/h2>\n","protected":false},"excerpt":{"rendered":"<p>&nbsp; &nbsp; Weihnachtstartufi im Wei\u00dfenhorner Weltladen Aus Italien, Paraguay, Tansania und Ecuador stammen die Zutaten zum Fair-Produkt des Monats im Wei\u00dfenhorner Weltladen: Weihnachtstartufi, die in einer Sozialkooperative im Piemont hergestellt werden. &nbsp; Vorweihnachtliches Ambiente verstr\u00f6mt dieser Schokotr\u00fcffel aus Edelbitterschokolade und Zimt. Aus dem italienischen Piemont stammen die grob gehackten Haseln\u00fcsse, die laut italienischem Originalrezept in&hellip;<\/p>\n","protected":false},"author":191,"featured_media":656,"comment_status":"closed","ping_status":"closed","sticky":false,"template":"","format":"standard","meta":{"footnotes":""},"categories":[12],"tags":[],"class_list":["post-957","post","type-post","status-publish","format-standard","has-post-thumbnail","hentry","category-produkt-des-monats","category-12","description-off"],"yoast_head":"<!-- This site is optimized with the Yoast SEO plugin v26.8 - https:\/\/yoast.com\/product\/yoast-seo-wordpress\/ -->\n<title>Weihnachtstartufi im Wei\u00dfenhorner Weltladen - Weltladen Wei\u00dfenhorn<\/title>\n<meta name=\"robots\" content=\"index, follow, max-snippet:-1, max-image-preview:large, max-video-preview:-1\" \/>\n<link rel=\"canonical\" href=\"https:\/\/weltlaeden.de\/weissenhorn\/weihnachtstartufi-im-weissenhorner-weltladen\/\" \/>\n<meta property=\"og:locale\" content=\"de_DE\" \/>\n<meta property=\"og:type\" content=\"article\" \/>\n<meta property=\"og:title\" content=\"Weihnachtstartufi im Wei\u00dfenhorner Weltladen - Weltladen Wei\u00dfenhorn\" \/>\n<meta property=\"og:description\" content=\"&nbsp; &nbsp; Weihnachtstartufi im Wei\u00dfenhorner Weltladen Aus Italien, Paraguay, Tansania und Ecuador stammen die Zutaten zum Fair-Produkt des Monats im Wei\u00dfenhorner Weltladen: Weihnachtstartufi, die in einer Sozialkooperative im Piemont hergestellt werden. &nbsp; Vorweihnachtliches Ambiente verstr\u00f6mt dieser Schokotr\u00fcffel aus Edelbitterschokolade und Zimt. Aus dem italienischen Piemont stammen die grob gehackten Haseln\u00fcsse, die laut italienischem Originalrezept in&hellip;\" \/>\n<meta property=\"og:url\" content=\"https:\/\/weltlaeden.de\/weissenhorn\/weihnachtstartufi-im-weissenhorner-weltladen\/\" \/>\n<meta property=\"og:site_name\" content=\"Weltladen Wei\u00dfenhorn\" \/>\n<meta property=\"article:published_time\" content=\"2023-12-02T09:58:30+00:00\" \/>\n<meta property=\"article:modified_time\" content=\"2023-12-25T10:49:03+00:00\" \/>\n<meta property=\"og:image\" content=\"https:\/\/weltlaeden.de\/weissenhorn\/wp-content\/uploads\/sites\/129\/2020\/11\/82FEB673-7501-4955-A79B-480D4EA04F0B-e1606748760111.jpeg\" \/>\n\t<meta property=\"og:image:width\" content=\"176\" \/>\n\t<meta property=\"og:image:height\" content=\"259\" \/>\n\t<meta property=\"og:image:type\" content=\"image\/jpeg\" \/>\n<meta name=\"author\" content=\"weissenhorn\" \/>\n<meta name=\"twitter:card\" content=\"summary_large_image\" \/>\n<meta name=\"twitter:label1\" content=\"Verfasst von\" \/>\n\t<meta name=\"twitter:data1\" content=\"weissenhorn\" \/>\n\t<meta name=\"twitter:label2\" content=\"Gesch\u00e4tzte Lesezeit\" \/>\n\t<meta name=\"twitter:data2\" content=\"1\u00a0Minute\" \/>\n<script type=\"application\/ld+json\" class=\"yoast-schema-graph\">{\"@context\":\"https:\/\/schema.org\",\"@graph\":[{\"@type\":\"Article\",\"@id\":\"https:\/\/weltlaeden.de\/weissenhorn\/weihnachtstartufi-im-weissenhorner-weltladen\/#article\",\"isPartOf\":{\"@id\":\"https:\/\/weltlaeden.de\/weissenhorn\/weihnachtstartufi-im-weissenhorner-weltladen\/\"},\"author\":{\"name\":\"weissenhorn\",\"@id\":\"https:\/\/weltlaeden.de\/weissenhorn\/#\/schema\/person\/a54ab778984ca172a44d8286c0e76e78\"},\"headline\":\"Weihnachtstartufi im Wei\u00dfenhorner Weltladen\",\"datePublished\":\"2023-12-02T09:58:30+00:00\",\"dateModified\":\"2023-12-25T10:49:03+00:00\",\"mainEntityOfPage\":{\"@id\":\"https:\/\/weltlaeden.de\/weissenhorn\/weihnachtstartufi-im-weissenhorner-weltladen\/\"},\"wordCount\":213,\"image\":{\"@id\":\"https:\/\/weltlaeden.de\/weissenhorn\/weihnachtstartufi-im-weissenhorner-weltladen\/#primaryimage\"},\"thumbnailUrl\":\"https:\/\/weltlaeden.de\/weissenhorn\/wp-content\/uploads\/sites\/129\/2020\/11\/82FEB673-7501-4955-A79B-480D4EA04F0B-e1606748760111.jpeg\",\"articleSection\":[\"Produkt des Monats\"],\"inLanguage\":\"de\"},{\"@type\":\"WebPage\",\"@id\":\"https:\/\/weltlaeden.de\/weissenhorn\/weihnachtstartufi-im-weissenhorner-weltladen\/\",\"url\":\"https:\/\/weltlaeden.de\/weissenhorn\/weihnachtstartufi-im-weissenhorner-weltladen\/\",\"name\":\"Weihnachtstartufi im Wei\u00dfenhorner Weltladen - Weltladen Wei\u00dfenhorn\",\"isPartOf\":{\"@id\":\"https:\/\/weltlaeden.de\/weissenhorn\/#website\"},\"primaryImageOfPage\":{\"@id\":\"https:\/\/weltlaeden.de\/weissenhorn\/weihnachtstartufi-im-weissenhorner-weltladen\/#primaryimage\"},\"image\":{\"@id\":\"https:\/\/weltlaeden.de\/weissenhorn\/weihnachtstartufi-im-weissenhorner-weltladen\/#primaryimage\"},\"thumbnailUrl\":\"https:\/\/weltlaeden.de\/weissenhorn\/wp-content\/uploads\/sites\/129\/2020\/11\/82FEB673-7501-4955-A79B-480D4EA04F0B-e1606748760111.jpeg\",\"datePublished\":\"2023-12-02T09:58:30+00:00\",\"dateModified\":\"2023-12-25T10:49:03+00:00\",\"author\":{\"@id\":\"https:\/\/weltlaeden.de\/weissenhorn\/#\/schema\/person\/a54ab778984ca172a44d8286c0e76e78\"},\"breadcrumb\":{\"@id\":\"https:\/\/weltlaeden.de\/weissenhorn\/weihnachtstartufi-im-weissenhorner-weltladen\/#breadcrumb\"},\"inLanguage\":\"de\",\"potentialAction\":[{\"@type\":\"ReadAction\",\"target\":[\"https:\/\/weltlaeden.de\/weissenhorn\/weihnachtstartufi-im-weissenhorner-weltladen\/\"]}]},{\"@type\":\"ImageObject\",\"inLanguage\":\"de\",\"@id\":\"https:\/\/weltlaeden.de\/weissenhorn\/weihnachtstartufi-im-weissenhorner-weltladen\/#primaryimage\",\"url\":\"https:\/\/weltlaeden.de\/weissenhorn\/wp-content\/uploads\/sites\/129\/2020\/11\/82FEB673-7501-4955-A79B-480D4EA04F0B-e1606748760111.jpeg\",\"contentUrl\":\"https:\/\/weltlaeden.de\/weissenhorn\/wp-content\/uploads\/sites\/129\/2020\/11\/82FEB673-7501-4955-A79B-480D4EA04F0B-e1606748760111.jpeg\",\"width\":176,\"height\":259},{\"@type\":\"BreadcrumbList\",\"@id\":\"https:\/\/weltlaeden.de\/weissenhorn\/weihnachtstartufi-im-weissenhorner-weltladen\/#breadcrumb\",\"itemListElement\":[{\"@type\":\"ListItem\",\"position\":1,\"name\":\"Startseite\",\"item\":\"https:\/\/weltlaeden.de\/weissenhorn\/\"},{\"@type\":\"ListItem\",\"position\":2,\"name\":\"Weihnachtstartufi im Wei\u00dfenhorner Weltladen\"}]},{\"@type\":\"WebSite\",\"@id\":\"https:\/\/weltlaeden.de\/weissenhorn\/#website\",\"url\":\"https:\/\/weltlaeden.de\/weissenhorn\/\",\"name\":\"Weltladen Wei\u00dfenhorn\",\"description\":\"Faire Produkte seit 1990\",\"potentialAction\":[{\"@type\":\"SearchAction\",\"target\":{\"@type\":\"EntryPoint\",\"urlTemplate\":\"https:\/\/weltlaeden.de\/weissenhorn\/?s={search_term_string}\"},\"query-input\":{\"@type\":\"PropertyValueSpecification\",\"valueRequired\":true,\"valueName\":\"search_term_string\"}}],\"inLanguage\":\"de\"},{\"@type\":\"Person\",\"@id\":\"https:\/\/weltlaeden.de\/weissenhorn\/#\/schema\/person\/a54ab778984ca172a44d8286c0e76e78\",\"name\":\"weissenhorn\",\"image\":{\"@type\":\"ImageObject\",\"inLanguage\":\"de\",\"@id\":\"https:\/\/weltlaeden.de\/weissenhorn\/#\/schema\/person\/image\/\",\"url\":\"https:\/\/secure.gravatar.com\/avatar\/9094ba6a92e3b50222fd0796b579f81f?s=96&d=mm&r=g\",\"contentUrl\":\"https:\/\/secure.gravatar.com\/avatar\/9094ba6a92e3b50222fd0796b579f81f?s=96&d=mm&r=g\",\"caption\":\"weissenhorn\"}}]}<\/script>\n<!-- \/ Yoast SEO plugin. -->","yoast_head_json":{"title":"Weihnachtstartufi im Wei\u00dfenhorner Weltladen - Weltladen Wei\u00dfenhorn","robots":{"index":"index","follow":"follow","max-snippet":"max-snippet:-1","max-image-preview":"max-image-preview:large","max-video-preview":"max-video-preview:-1"},"canonical":"https:\/\/weltlaeden.de\/weissenhorn\/weihnachtstartufi-im-weissenhorner-weltladen\/","og_locale":"de_DE","og_type":"article","og_title":"Weihnachtstartufi im Wei\u00dfenhorner Weltladen - Weltladen Wei\u00dfenhorn","og_description":"&nbsp; &nbsp; Weihnachtstartufi im Wei\u00dfenhorner Weltladen Aus Italien, Paraguay, Tansania und Ecuador stammen die Zutaten zum Fair-Produkt des Monats im Wei\u00dfenhorner Weltladen: Weihnachtstartufi, die in einer Sozialkooperative im Piemont hergestellt werden. &nbsp; Vorweihnachtliches Ambiente verstr\u00f6mt dieser Schokotr\u00fcffel aus Edelbitterschokolade und Zimt. Aus dem italienischen Piemont stammen die grob gehackten Haseln\u00fcsse, die laut italienischem Originalrezept in&hellip;","og_url":"https:\/\/weltlaeden.de\/weissenhorn\/weihnachtstartufi-im-weissenhorner-weltladen\/","og_site_name":"Weltladen Wei\u00dfenhorn","article_published_time":"2023-12-02T09:58:30+00:00","article_modified_time":"2023-12-25T10:49:03+00:00","og_image":[{"width":176,"height":259,"url":"https:\/\/weltlaeden.de\/weissenhorn\/wp-content\/uploads\/sites\/129\/2020\/11\/82FEB673-7501-4955-A79B-480D4EA04F0B-e1606748760111.jpeg","type":"image\/jpeg"}],"author":"weissenhorn","twitter_card":"summary_large_image","twitter_misc":{"Verfasst von":"weissenhorn","Gesch\u00e4tzte Lesezeit":"1\u00a0Minute"},"schema":{"@context":"https:\/\/schema.org","@graph":[{"@type":"Article","@id":"https:\/\/weltlaeden.de\/weissenhorn\/weihnachtstartufi-im-weissenhorner-weltladen\/#article","isPartOf":{"@id":"https:\/\/weltlaeden.de\/weissenhorn\/weihnachtstartufi-im-weissenhorner-weltladen\/"},"author":{"name":"weissenhorn","@id":"https:\/\/weltlaeden.de\/weissenhorn\/#\/schema\/person\/a54ab778984ca172a44d8286c0e76e78"},"headline":"Weihnachtstartufi im Wei\u00dfenhorner Weltladen","datePublished":"2023-12-02T09:58:30+00:00","dateModified":"2023-12-25T10:49:03+00:00","mainEntityOfPage":{"@id":"https:\/\/weltlaeden.de\/weissenhorn\/weihnachtstartufi-im-weissenhorner-weltladen\/"},"wordCount":213,"image":{"@id":"https:\/\/weltlaeden.de\/weissenhorn\/weihnachtstartufi-im-weissenhorner-weltladen\/#primaryimage"},"thumbnailUrl":"https:\/\/weltlaeden.de\/weissenhorn\/wp-content\/uploads\/sites\/129\/2020\/11\/82FEB673-7501-4955-A79B-480D4EA04F0B-e1606748760111.jpeg","articleSection":["Produkt des Monats"],"inLanguage":"de"},{"@type":"WebPage","@id":"https:\/\/weltlaeden.de\/weissenhorn\/weihnachtstartufi-im-weissenhorner-weltladen\/","url":"https:\/\/weltlaeden.de\/weissenhorn\/weihnachtstartufi-im-weissenhorner-weltladen\/","name":"Weihnachtstartufi im Wei\u00dfenhorner Weltladen - Weltladen Wei\u00dfenhorn","isPartOf":{"@id":"https:\/\/weltlaeden.de\/weissenhorn\/#website"},"primaryImageOfPage":{"@id":"https:\/\/weltlaeden.de\/weissenhorn\/weihnachtstartufi-im-weissenhorner-weltladen\/#primaryimage"},"image":{"@id":"https:\/\/weltlaeden.de\/weissenhorn\/weihnachtstartufi-im-weissenhorner-weltladen\/#primaryimage"},"thumbnailUrl":"https:\/\/weltlaeden.de\/weissenhorn\/wp-content\/uploads\/sites\/129\/2020\/11\/82FEB673-7501-4955-A79B-480D4EA04F0B-e1606748760111.jpeg","datePublished":"2023-12-02T09:58:30+00:00","dateModified":"2023-12-25T10:49:03+00:00","author":{"@id":"https:\/\/weltlaeden.de\/weissenhorn\/#\/schema\/person\/a54ab778984ca172a44d8286c0e76e78"},"breadcrumb":{"@id":"https:\/\/weltlaeden.de\/weissenhorn\/weihnachtstartufi-im-weissenhorner-weltladen\/#breadcrumb"},"inLanguage":"de","potentialAction":[{"@type":"ReadAction","target":["https:\/\/weltlaeden.de\/weissenhorn\/weihnachtstartufi-im-weissenhorner-weltladen\/"]}]},{"@type":"ImageObject","inLanguage":"de","@id":"https:\/\/weltlaeden.de\/weissenhorn\/weihnachtstartufi-im-weissenhorner-weltladen\/#primaryimage","url":"https:\/\/weltlaeden.de\/weissenhorn\/wp-content\/uploads\/sites\/129\/2020\/11\/82FEB673-7501-4955-A79B-480D4EA04F0B-e1606748760111.jpeg","contentUrl":"https:\/\/weltlaeden.de\/weissenhorn\/wp-content\/uploads\/sites\/129\/2020\/11\/82FEB673-7501-4955-A79B-480D4EA04F0B-e1606748760111.jpeg","width":176,"height":259},{"@type":"BreadcrumbList","@id":"https:\/\/weltlaeden.de\/weissenhorn\/weihnachtstartufi-im-weissenhorner-weltladen\/#breadcrumb","itemListElement":[{"@type":"ListItem","position":1,"name":"Startseite","item":"https:\/\/weltlaeden.de\/weissenhorn\/"},{"@type":"ListItem","position":2,"name":"Weihnachtstartufi im Wei\u00dfenhorner Weltladen"}]},{"@type":"WebSite","@id":"https:\/\/weltlaeden.de\/weissenhorn\/#website","url":"https:\/\/weltlaeden.de\/weissenhorn\/","name":"Weltladen Wei\u00dfenhorn","description":"Faire Produkte seit 1990","potentialAction":[{"@type":"SearchAction","target":{"@type":"EntryPoint","urlTemplate":"https:\/\/weltlaeden.de\/weissenhorn\/?s={search_term_string}"},"query-input":{"@type":"PropertyValueSpecification","valueRequired":true,"valueName":"search_term_string"}}],"inLanguage":"de"},{"@type":"Person","@id":"https:\/\/weltlaeden.de\/weissenhorn\/#\/schema\/person\/a54ab778984ca172a44d8286c0e76e78","name":"weissenhorn","image":{"@type":"ImageObject","inLanguage":"de","@id":"https:\/\/weltlaeden.de\/weissenhorn\/#\/schema\/person\/image\/","url":"https:\/\/secure.gravatar.com\/avatar\/9094ba6a92e3b50222fd0796b579f81f?s=96&d=mm&r=g","contentUrl":"https:\/\/secure.gravatar.com\/avatar\/9094ba6a92e3b50222fd0796b579f81f?s=96&d=mm&r=g","caption":"weissenhorn"}}]}},"_links":{"self":[{"href":"https:\/\/weltlaeden.de\/weissenhorn\/wp-json\/wp\/v2\/posts\/957","targetHints":{"allow":["GET"]}}],"collection":[{"href":"https:\/\/weltlaeden.de\/weissenhorn\/wp-json\/wp\/v2\/posts"}],"about":[{"href":"https:\/\/weltlaeden.de\/weissenhorn\/wp-json\/wp\/v2\/types\/post"}],"author":[{"embeddable":true,"href":"https:\/\/weltlaeden.de\/weissenhorn\/wp-json\/wp\/v2\/users\/191"}],"replies":[{"embeddable":true,"href":"https:\/\/weltlaeden.de\/weissenhorn\/wp-json\/wp\/v2\/comments?post=957"}],"version-history":[{"count":1,"href":"https:\/\/weltlaeden.de\/weissenhorn\/wp-json\/wp\/v2\/posts\/957\/revisions"}],"predecessor-version":[{"id":958,"href":"https:\/\/weltlaeden.de\/weissenhorn\/wp-json\/wp\/v2\/posts\/957\/revisions\/958"}],"wp:featuredmedia":[{"embeddable":true,"href":"https:\/\/weltlaeden.de\/weissenhorn\/wp-json\/wp\/v2\/media\/656"}],"wp:attachment":[{"href":"https:\/\/weltlaeden.de\/weissenhorn\/wp-json\/wp\/v2\/media?parent=957"}],"wp:term":[{"taxonomy":"category","embeddable":true,"href":"https:\/\/weltlaeden.de\/weissenhorn\/wp-json\/wp\/v2\/categories?post=957"},{"taxonomy":"post_tag","embeddable":true,"href":"https:\/\/weltlaeden.de\/weissenhorn\/wp-json\/wp\/v2\/tags?post=957"}],"curies":[{"name":"wp","href":"https:\/\/api.w.org\/{rel}","templated":true}]}}