{"id":946,"date":"2023-09-26T13:45:51","date_gmt":"2023-09-26T11:45:51","guid":{"rendered":"https:\/\/weltlaeden.de\/weissenhorn\/?p=946"},"modified":"2023-09-26T13:45:51","modified_gmt":"2023-09-26T11:45:51","slug":"windlichter-aus-indien-fuer-die-dunklen-monate","status":"publish","type":"post","link":"https:\/\/weltlaeden.de\/weissenhorn\/windlichter-aus-indien-fuer-die-dunklen-monate\/","title":{"rendered":"Windlichter aus Indien f\u00fcr die dunklen Monate"},"content":{"rendered":"<h1><span style=\"color: #ff6600\"><strong>Windlichter aus Indien f\u00fcr die dunklen Monate<\/strong><\/span><\/h1>\n<h2><\/h2>\n<h2><span style=\"color: #ff6600\"><strong>Geschmackvolle Windlichter aus Indien sind das FairProdukt des Monats<\/strong><\/span><\/h2>\n<h2><span style=\"color: #ff6600\"><strong> Oktober im Wei\u00dfenhorner Weltladen.<\/strong><\/span><\/h2>\n<p>&nbsp;<\/p>\n<p><strong>Wie eine Arche Noah gegen die Flut von Ungerechtigkeit und Ausbeutung, so versteht sich dieser Fairhandelspartner aus Indien.<\/strong><\/p>\n<p><strong> \u201eNoah\u2019s Ark\u201c wurde 1986 mit dem Ziel gegr\u00fcndet, gegen die ausbeuterischen Mittelm\u00e4nner vorzugehen, die ein Exportwachstum der vielf\u00e4ltigen Handwerksprodukte auf Kosten der lokalen Handwerker vorantrieben. <\/strong><\/p>\n<p><strong>Die zunehmende Ungleichheit &#8211; v.a. in der Provisionsverteilung &#8211; bewog den Initianten von Noah\u2019s Ark dazu, ein eigenes Unternehmen nach ethischen Grunds\u00e4tzen zu gr\u00fcnden, wo Transparenz, ad\u00e4quate Arbeitsbedingungen und kostendeckende L\u00f6hne die Grundlage bildeten.<\/strong><\/p>\n<p><strong> Aus der Ein-Raum-Werkstatt wurde ein Betrieb mit \u00fcber 50 Angestellten, die heute f\u00fcr Administration, Lagerung,<\/strong> <strong>Qualit\u00e4tskontrolle und Versand zust\u00e4ndig sind. F\u00fcr die Herstellung der Produkte sind mittlerweile fast 500 HandwerkerInnen zust\u00e4ndig, die in 49 Gruppen \u00fcber ganz Nordindien verteilt sind und nicht nur Handwerksprodukte herstellen, sondern oft auch Subsistenzwirtschaft betreiben. <\/strong><\/p>\n<p><strong>Nebst Designvorschl\u00e4gen und Instruktionen zu Qualit\u00e4t erm\u00f6glicht Noah\u2019s Ark die notwendigen Vorauszahlungen f\u00fcr die Materialbeschaffung vor Ort und liefert Sicherheitsausr\u00fcstungen, wie Feuerl\u00f6scher, Handschuhe und Masken, aber auch neue Wasserfilter und unterst\u00fctzt weitere Infrastrukturanpassungen in den Werkst\u00e4tten. <\/strong><\/p>\n<p><strong>Die Organisation hat in den letzten Jahren auch die Zusammenarbeit mit sozial benachteiligten Kastenangeh\u00f6rigen,<\/strong> <strong>Fl\u00fcchtlingen und Behinderten gesucht, mit weiteren Gruppen also, die ebenfalls von der vorherrschenden Umverteilungsungleichheit betroffen sind. <\/strong><\/p>\n<p><strong>Die Angestellten und HandwerkerInnen der Organisation verf\u00fcgen zudem \u00fcber ein internes Rentensystem und kostenfreie medizinische Betreuung. Zwei an das Mutterhaus angelehnte Nichtregierungsorganisationen \u00fcbernehmen und sichern die Durchf\u00fchrung unterschiedlicher sozialer Projekte, wie Weiterbildungsma\u00dfnahmen f\u00fcr die KunsthandwerkerInnen, dauernde Pr\u00fcfung und Verbesserung der Arbeitsbedingungen, Bekanntmachung des Konzepts des Fairen Handels und den damit verbundenen Rechten.<\/strong><\/p>\n<p><strong> Die Verbreitung von Informationen zu Gesundheit und Familienplanung sind ebenso grundlegend, um dem eigentlichen Ziel der wirtschaftlichen St\u00e4rkung und finanziellen Unabh\u00e4ngigkeit der Produzenten Schritt f\u00fcr Schritt n\u00e4her zu kommen.<\/strong><\/p>\n<h2>\n<span style=\"color: #ff6600\">Die Windlichter aus der \u201eArche Noah\u201c <\/span><\/h2>\n<h2><span style=\"color: #ff6600\">gibt es im Oktober um 20 % im Preis reduziert <\/span><\/h2>\n<h2><span style=\"color: #ff6600\">im Wei\u00dfenhorner Weltladen \u2013 mitten in der guten Stube der Fairtrade-Stadt.<\/span><\/h2>\n","protected":false},"excerpt":{"rendered":"<p>Windlichter aus Indien f\u00fcr die dunklen Monate Geschmackvolle Windlichter aus Indien sind das FairProdukt des Monats Oktober im Wei\u00dfenhorner Weltladen. &nbsp; Wie eine Arche Noah gegen die Flut von Ungerechtigkeit und Ausbeutung, so versteht sich dieser Fairhandelspartner aus Indien. \u201eNoah\u2019s Ark\u201c wurde 1986 mit dem Ziel gegr\u00fcndet, gegen die ausbeuterischen Mittelm\u00e4nner vorzugehen, die ein Exportwachstum&hellip;<\/p>\n","protected":false},"author":191,"featured_media":0,"comment_status":"closed","ping_status":"closed","sticky":false,"template":"","format":"standard","meta":{"footnotes":""},"categories":[12],"tags":[],"class_list":["post-946","post","type-post","status-publish","format-standard","hentry","category-produkt-des-monats","category-12","description-off"],"yoast_head":"<!-- This site is optimized with the Yoast SEO plugin v26.8 - https:\/\/yoast.com\/product\/yoast-seo-wordpress\/ -->\n<title>Windlichter aus Indien f\u00fcr die dunklen Monate - Weltladen Wei\u00dfenhorn<\/title>\n<meta name=\"robots\" content=\"index, follow, max-snippet:-1, max-image-preview:large, max-video-preview:-1\" \/>\n<link rel=\"canonical\" href=\"https:\/\/weltlaeden.de\/weissenhorn\/windlichter-aus-indien-fuer-die-dunklen-monate\/\" \/>\n<meta property=\"og:locale\" content=\"de_DE\" \/>\n<meta property=\"og:type\" content=\"article\" \/>\n<meta property=\"og:title\" content=\"Windlichter aus Indien f\u00fcr die dunklen Monate - Weltladen Wei\u00dfenhorn\" \/>\n<meta property=\"og:description\" content=\"Windlichter aus Indien f\u00fcr die dunklen Monate Geschmackvolle Windlichter aus Indien sind das FairProdukt des Monats Oktober im Wei\u00dfenhorner Weltladen. &nbsp; Wie eine Arche Noah gegen die Flut von Ungerechtigkeit und Ausbeutung, so versteht sich dieser Fairhandelspartner aus Indien. \u201eNoah\u2019s Ark\u201c wurde 1986 mit dem Ziel gegr\u00fcndet, gegen die ausbeuterischen Mittelm\u00e4nner vorzugehen, die ein Exportwachstum&hellip;\" \/>\n<meta property=\"og:url\" content=\"https:\/\/weltlaeden.de\/weissenhorn\/windlichter-aus-indien-fuer-die-dunklen-monate\/\" \/>\n<meta property=\"og:site_name\" content=\"Weltladen Wei\u00dfenhorn\" \/>\n<meta property=\"article:published_time\" content=\"2023-09-26T11:45:51+00:00\" \/>\n<meta name=\"author\" content=\"weissenhorn\" \/>\n<meta name=\"twitter:card\" content=\"summary_large_image\" \/>\n<meta name=\"twitter:label1\" content=\"Verfasst von\" \/>\n\t<meta name=\"twitter:data1\" content=\"weissenhorn\" \/>\n\t<meta name=\"twitter:label2\" content=\"Gesch\u00e4tzte Lesezeit\" \/>\n\t<meta name=\"twitter:data2\" content=\"2\u00a0Minuten\" \/>\n<script type=\"application\/ld+json\" class=\"yoast-schema-graph\">{\"@context\":\"https:\/\/schema.org\",\"@graph\":[{\"@type\":\"Article\",\"@id\":\"https:\/\/weltlaeden.de\/weissenhorn\/windlichter-aus-indien-fuer-die-dunklen-monate\/#article\",\"isPartOf\":{\"@id\":\"https:\/\/weltlaeden.de\/weissenhorn\/windlichter-aus-indien-fuer-die-dunklen-monate\/\"},\"author\":{\"name\":\"weissenhorn\",\"@id\":\"https:\/\/weltlaeden.de\/weissenhorn\/#\/schema\/person\/a54ab778984ca172a44d8286c0e76e78\"},\"headline\":\"Windlichter aus Indien f\u00fcr die dunklen Monate\",\"datePublished\":\"2023-09-26T11:45:51+00:00\",\"mainEntityOfPage\":{\"@id\":\"https:\/\/weltlaeden.de\/weissenhorn\/windlichter-aus-indien-fuer-die-dunklen-monate\/\"},\"wordCount\":361,\"articleSection\":[\"Produkt des Monats\"],\"inLanguage\":\"de\"},{\"@type\":\"WebPage\",\"@id\":\"https:\/\/weltlaeden.de\/weissenhorn\/windlichter-aus-indien-fuer-die-dunklen-monate\/\",\"url\":\"https:\/\/weltlaeden.de\/weissenhorn\/windlichter-aus-indien-fuer-die-dunklen-monate\/\",\"name\":\"Windlichter aus Indien f\u00fcr die dunklen Monate - Weltladen Wei\u00dfenhorn\",\"isPartOf\":{\"@id\":\"https:\/\/weltlaeden.de\/weissenhorn\/#website\"},\"datePublished\":\"2023-09-26T11:45:51+00:00\",\"author\":{\"@id\":\"https:\/\/weltlaeden.de\/weissenhorn\/#\/schema\/person\/a54ab778984ca172a44d8286c0e76e78\"},\"breadcrumb\":{\"@id\":\"https:\/\/weltlaeden.de\/weissenhorn\/windlichter-aus-indien-fuer-die-dunklen-monate\/#breadcrumb\"},\"inLanguage\":\"de\",\"potentialAction\":[{\"@type\":\"ReadAction\",\"target\":[\"https:\/\/weltlaeden.de\/weissenhorn\/windlichter-aus-indien-fuer-die-dunklen-monate\/\"]}]},{\"@type\":\"BreadcrumbList\",\"@id\":\"https:\/\/weltlaeden.de\/weissenhorn\/windlichter-aus-indien-fuer-die-dunklen-monate\/#breadcrumb\",\"itemListElement\":[{\"@type\":\"ListItem\",\"position\":1,\"name\":\"Startseite\",\"item\":\"https:\/\/weltlaeden.de\/weissenhorn\/\"},{\"@type\":\"ListItem\",\"position\":2,\"name\":\"Windlichter aus Indien f\u00fcr die dunklen Monate\"}]},{\"@type\":\"WebSite\",\"@id\":\"https:\/\/weltlaeden.de\/weissenhorn\/#website\",\"url\":\"https:\/\/weltlaeden.de\/weissenhorn\/\",\"name\":\"Weltladen Wei\u00dfenhorn\",\"description\":\"Faire Produkte seit 1990\",\"potentialAction\":[{\"@type\":\"SearchAction\",\"target\":{\"@type\":\"EntryPoint\",\"urlTemplate\":\"https:\/\/weltlaeden.de\/weissenhorn\/?s={search_term_string}\"},\"query-input\":{\"@type\":\"PropertyValueSpecification\",\"valueRequired\":true,\"valueName\":\"search_term_string\"}}],\"inLanguage\":\"de\"},{\"@type\":\"Person\",\"@id\":\"https:\/\/weltlaeden.de\/weissenhorn\/#\/schema\/person\/a54ab778984ca172a44d8286c0e76e78\",\"name\":\"weissenhorn\",\"image\":{\"@type\":\"ImageObject\",\"inLanguage\":\"de\",\"@id\":\"https:\/\/weltlaeden.de\/weissenhorn\/#\/schema\/person\/image\/\",\"url\":\"https:\/\/secure.gravatar.com\/avatar\/9094ba6a92e3b50222fd0796b579f81f?s=96&d=mm&r=g\",\"contentUrl\":\"https:\/\/secure.gravatar.com\/avatar\/9094ba6a92e3b50222fd0796b579f81f?s=96&d=mm&r=g\",\"caption\":\"weissenhorn\"}}]}<\/script>\n<!-- \/ Yoast SEO plugin. -->","yoast_head_json":{"title":"Windlichter aus Indien f\u00fcr die dunklen Monate - Weltladen Wei\u00dfenhorn","robots":{"index":"index","follow":"follow","max-snippet":"max-snippet:-1","max-image-preview":"max-image-preview:large","max-video-preview":"max-video-preview:-1"},"canonical":"https:\/\/weltlaeden.de\/weissenhorn\/windlichter-aus-indien-fuer-die-dunklen-monate\/","og_locale":"de_DE","og_type":"article","og_title":"Windlichter aus Indien f\u00fcr die dunklen Monate - Weltladen Wei\u00dfenhorn","og_description":"Windlichter aus Indien f\u00fcr die dunklen Monate Geschmackvolle Windlichter aus Indien sind das FairProdukt des Monats Oktober im Wei\u00dfenhorner Weltladen. &nbsp; Wie eine Arche Noah gegen die Flut von Ungerechtigkeit und Ausbeutung, so versteht sich dieser Fairhandelspartner aus Indien. \u201eNoah\u2019s Ark\u201c wurde 1986 mit dem Ziel gegr\u00fcndet, gegen die ausbeuterischen Mittelm\u00e4nner vorzugehen, die ein Exportwachstum&hellip;","og_url":"https:\/\/weltlaeden.de\/weissenhorn\/windlichter-aus-indien-fuer-die-dunklen-monate\/","og_site_name":"Weltladen Wei\u00dfenhorn","article_published_time":"2023-09-26T11:45:51+00:00","author":"weissenhorn","twitter_card":"summary_large_image","twitter_misc":{"Verfasst von":"weissenhorn","Gesch\u00e4tzte Lesezeit":"2\u00a0Minuten"},"schema":{"@context":"https:\/\/schema.org","@graph":[{"@type":"Article","@id":"https:\/\/weltlaeden.de\/weissenhorn\/windlichter-aus-indien-fuer-die-dunklen-monate\/#article","isPartOf":{"@id":"https:\/\/weltlaeden.de\/weissenhorn\/windlichter-aus-indien-fuer-die-dunklen-monate\/"},"author":{"name":"weissenhorn","@id":"https:\/\/weltlaeden.de\/weissenhorn\/#\/schema\/person\/a54ab778984ca172a44d8286c0e76e78"},"headline":"Windlichter aus Indien f\u00fcr die dunklen Monate","datePublished":"2023-09-26T11:45:51+00:00","mainEntityOfPage":{"@id":"https:\/\/weltlaeden.de\/weissenhorn\/windlichter-aus-indien-fuer-die-dunklen-monate\/"},"wordCount":361,"articleSection":["Produkt des Monats"],"inLanguage":"de"},{"@type":"WebPage","@id":"https:\/\/weltlaeden.de\/weissenhorn\/windlichter-aus-indien-fuer-die-dunklen-monate\/","url":"https:\/\/weltlaeden.de\/weissenhorn\/windlichter-aus-indien-fuer-die-dunklen-monate\/","name":"Windlichter aus Indien f\u00fcr die dunklen Monate - Weltladen Wei\u00dfenhorn","isPartOf":{"@id":"https:\/\/weltlaeden.de\/weissenhorn\/#website"},"datePublished":"2023-09-26T11:45:51+00:00","author":{"@id":"https:\/\/weltlaeden.de\/weissenhorn\/#\/schema\/person\/a54ab778984ca172a44d8286c0e76e78"},"breadcrumb":{"@id":"https:\/\/weltlaeden.de\/weissenhorn\/windlichter-aus-indien-fuer-die-dunklen-monate\/#breadcrumb"},"inLanguage":"de","potentialAction":[{"@type":"ReadAction","target":["https:\/\/weltlaeden.de\/weissenhorn\/windlichter-aus-indien-fuer-die-dunklen-monate\/"]}]},{"@type":"BreadcrumbList","@id":"https:\/\/weltlaeden.de\/weissenhorn\/windlichter-aus-indien-fuer-die-dunklen-monate\/#breadcrumb","itemListElement":[{"@type":"ListItem","position":1,"name":"Startseite","item":"https:\/\/weltlaeden.de\/weissenhorn\/"},{"@type":"ListItem","position":2,"name":"Windlichter aus Indien f\u00fcr die dunklen Monate"}]},{"@type":"WebSite","@id":"https:\/\/weltlaeden.de\/weissenhorn\/#website","url":"https:\/\/weltlaeden.de\/weissenhorn\/","name":"Weltladen Wei\u00dfenhorn","description":"Faire Produkte seit 1990","potentialAction":[{"@type":"SearchAction","target":{"@type":"EntryPoint","urlTemplate":"https:\/\/weltlaeden.de\/weissenhorn\/?s={search_term_string}"},"query-input":{"@type":"PropertyValueSpecification","valueRequired":true,"valueName":"search_term_string"}}],"inLanguage":"de"},{"@type":"Person","@id":"https:\/\/weltlaeden.de\/weissenhorn\/#\/schema\/person\/a54ab778984ca172a44d8286c0e76e78","name":"weissenhorn","image":{"@type":"ImageObject","inLanguage":"de","@id":"https:\/\/weltlaeden.de\/weissenhorn\/#\/schema\/person\/image\/","url":"https:\/\/secure.gravatar.com\/avatar\/9094ba6a92e3b50222fd0796b579f81f?s=96&d=mm&r=g","contentUrl":"https:\/\/secure.gravatar.com\/avatar\/9094ba6a92e3b50222fd0796b579f81f?s=96&d=mm&r=g","caption":"weissenhorn"}}]}},"_links":{"self":[{"href":"https:\/\/weltlaeden.de\/weissenhorn\/wp-json\/wp\/v2\/posts\/946","targetHints":{"allow":["GET"]}}],"collection":[{"href":"https:\/\/weltlaeden.de\/weissenhorn\/wp-json\/wp\/v2\/posts"}],"about":[{"href":"https:\/\/weltlaeden.de\/weissenhorn\/wp-json\/wp\/v2\/types\/post"}],"author":[{"embeddable":true,"href":"https:\/\/weltlaeden.de\/weissenhorn\/wp-json\/wp\/v2\/users\/191"}],"replies":[{"embeddable":true,"href":"https:\/\/weltlaeden.de\/weissenhorn\/wp-json\/wp\/v2\/comments?post=946"}],"version-history":[{"count":1,"href":"https:\/\/weltlaeden.de\/weissenhorn\/wp-json\/wp\/v2\/posts\/946\/revisions"}],"predecessor-version":[{"id":947,"href":"https:\/\/weltlaeden.de\/weissenhorn\/wp-json\/wp\/v2\/posts\/946\/revisions\/947"}],"wp:attachment":[{"href":"https:\/\/weltlaeden.de\/weissenhorn\/wp-json\/wp\/v2\/media?parent=946"}],"wp:term":[{"taxonomy":"category","embeddable":true,"href":"https:\/\/weltlaeden.de\/weissenhorn\/wp-json\/wp\/v2\/categories?post=946"},{"taxonomy":"post_tag","embeddable":true,"href":"https:\/\/weltlaeden.de\/weissenhorn\/wp-json\/wp\/v2\/tags?post=946"}],"curies":[{"name":"wp","href":"https:\/\/api.w.org\/{rel}","templated":true}]}}