{"id":942,"date":"2023-09-01T21:00:43","date_gmt":"2023-09-01T19:00:43","guid":{"rendered":"https:\/\/weltlaeden.de\/weissenhorn\/?p=942"},"modified":"2023-09-01T21:00:43","modified_gmt":"2023-09-01T19:00:43","slug":"fairer-handel-for-future-regenwald-klima-artenschutz","status":"publish","type":"post","link":"https:\/\/weltlaeden.de\/weissenhorn\/fairer-handel-for-future-regenwald-klima-artenschutz\/","title":{"rendered":"Fairer Handel for Future  Regenwald &#8211; Klima &#8211; Artenschutz"},"content":{"rendered":"<h1><span style=\"color: #ff6600\"><strong>Fairer Handel for Future<\/strong><\/span><\/h1>\n<h1><span style=\"color: #ff9900\"><strong><span style=\"color: #339966\">Regenwald<\/span> \u2013 <span style=\"color: #00ccff\">Klima<\/span> \u2013 <span style=\"color: #993366\">Artenschutz<\/span><\/strong><\/span><\/h1>\n<p>&nbsp;<\/p>\n<h2><span style=\"color: #ff9900\">\u201e<span style=\"color: #ff6600\"><strong>Wir stehen in einem Wettlauf mit der Zeit &#8211; <\/strong><\/span><\/span><\/h2>\n<h2><span style=\"color: #ff6600\"><strong>Wenn wir die Erderw\u00e4rmung und den Artenverlust bremsen wollen, <\/strong><\/span><\/h2>\n<h2><span style=\"color: #ff6600\"><strong>m\u00fcssen wir handeln!\u201c<\/strong><\/span><\/h2>\n<h2><span style=\"color: #ff6600\"><strong> sagt Weltladen-Pressesprecher Ulrich Hoffmann: <\/strong><\/span><\/h2>\n<h2><span style=\"color: #ff6600\"><strong>\u201eein Schl\u00fcssel dazu ist der Schutz der Regenw\u00e4lder am Amazonas.\u201c.<\/strong><\/span><\/h2>\n<p>&nbsp;<\/p>\n<h3>Der Wei\u00dfenhorner Weltladen steht in Verbindung zum Regenwaldladen in Freiburg,<\/h3>\n<h3>der f\u00fcr eine nachhaltige Nutzung der Amazonasw\u00e4lder durch die traditionelle Bev\u00f6lkerung steht.<\/h3>\n<h3>Aus der langj\u00e4hrigen Projektzusammenarbeit stammen lokal hergestellte, einzigartige,<\/h3>\n<h3>hochwertige Kunsthandwerk-, Genuss- und K\u00f6rperpflegeprodukte.<\/h3>\n<h3>Dadurch wird ein Teil der unfassbaren Biodiversit\u00e4t des f\u00fcr das Weltklima so wichtigen Lebensraums nachhaltig nutzbar.<\/h3>\n<h3>Sie generieren verl\u00e4ssliche Einkommen f\u00fcr die Bev\u00f6lkerung und sch\u00fctzen gleichzeitig den Wald. Durch die komplette Produktion vor Ort erfolgt\u00a0dort\u00a0die Wertsch\u00f6pfung und der Aufbau neuer Sozial- und Wirtschaftsstrukturen, die dringend n\u00f6tig sind, um die W\u00e4lder am Amazonas zu erhalten.<\/h3>\n<h3>Die lokale Verarbeitung sichert das \u00dcberleben der Bewohner im Wald und es entstehen weitere Arbeitspl\u00e4tze im urbanen Bereich.<\/h3>\n<h3>Das Produkt des Monats im September sind Hautpflege\u00f6le und Naturseifen aus dem Regenwald: Die Rohstoffe, also Samen, \u00d6le und Fr\u00fcchte, stammen allesamt aus Wildsammlungen, es kommen weder D\u00fcnge- noch Spritzmittel zum Einsatz.<\/h3>\n<h3><span style=\"color: #000000\">Die Hautpflege\u00f6le aus dem Regenwald sind das Andiroba-, das Buriti- und das Paranuss-Hautpflege\u00f6l. <\/span><\/h3>\n<h3><span style=\"color: #000000\">Dazu kommen die Natur-Haarseife und die Gesichtspflegeseife <\/span><\/h3>\n<h2><span style=\"color: #ff6600\">\u2013 all diese Produkte gibt es im September als Produkt des Monats\u00a0<\/span><\/h2>\n<h2><span style=\"color: #ff6600\">um 20% im Preis reduziert im Wei\u00dfenhorner Weltladen <\/span><\/h2>\n<h2><span style=\"color: #ff6600\">\u2013 mitten in der guten Stube der Fairtrade-Stadt.<\/span><\/h2>\n<h3>\nDer Weltladen solidarisiert sich damit auch mit der Fridays-for-future-Bewegung,<\/h3>\n<h3>die am 15.September ihren gro\u00dfen Aktionstag hat und sagt: \u201eRegenwaldschutz ist Klimaschutz f\u00fcr unsere Zukunft \u2013 bitte macht alle mit!\u201c<\/h3>\n","protected":false},"excerpt":{"rendered":"<p>Fairer Handel for Future Regenwald \u2013 Klima \u2013 Artenschutz &nbsp; \u201eWir stehen in einem Wettlauf mit der Zeit &#8211; Wenn wir die Erderw\u00e4rmung und den Artenverlust bremsen wollen, m\u00fcssen wir handeln!\u201c sagt Weltladen-Pressesprecher Ulrich Hoffmann: \u201eein Schl\u00fcssel dazu ist der Schutz der Regenw\u00e4lder am Amazonas.\u201c. &nbsp; Der Wei\u00dfenhorner Weltladen steht in Verbindung zum Regenwaldladen in&hellip;<\/p>\n","protected":false},"author":191,"featured_media":0,"comment_status":"closed","ping_status":"closed","sticky":false,"template":"","format":"standard","meta":{"footnotes":""},"categories":[12],"tags":[],"class_list":["post-942","post","type-post","status-publish","format-standard","hentry","category-produkt-des-monats","category-12","description-off"],"yoast_head":"<!-- This site is optimized with the Yoast SEO plugin v26.8 - https:\/\/yoast.com\/product\/yoast-seo-wordpress\/ -->\n<title>Fairer Handel for Future Regenwald - Klima - Artenschutz - Weltladen Wei\u00dfenhorn<\/title>\n<meta name=\"robots\" content=\"index, follow, max-snippet:-1, max-image-preview:large, max-video-preview:-1\" \/>\n<link rel=\"canonical\" href=\"https:\/\/weltlaeden.de\/weissenhorn\/fairer-handel-for-future-regenwald-klima-artenschutz\/\" \/>\n<meta property=\"og:locale\" content=\"de_DE\" \/>\n<meta property=\"og:type\" content=\"article\" \/>\n<meta property=\"og:title\" content=\"Fairer Handel for Future Regenwald - Klima - Artenschutz - Weltladen Wei\u00dfenhorn\" \/>\n<meta property=\"og:description\" content=\"Fairer Handel for Future Regenwald \u2013 Klima \u2013 Artenschutz &nbsp; \u201eWir stehen in einem Wettlauf mit der Zeit &#8211; Wenn wir die Erderw\u00e4rmung und den Artenverlust bremsen wollen, m\u00fcssen wir handeln!\u201c sagt Weltladen-Pressesprecher Ulrich Hoffmann: \u201eein Schl\u00fcssel dazu ist der Schutz der Regenw\u00e4lder am Amazonas.\u201c. &nbsp; Der Wei\u00dfenhorner Weltladen steht in Verbindung zum Regenwaldladen in&hellip;\" \/>\n<meta property=\"og:url\" content=\"https:\/\/weltlaeden.de\/weissenhorn\/fairer-handel-for-future-regenwald-klima-artenschutz\/\" \/>\n<meta property=\"og:site_name\" content=\"Weltladen Wei\u00dfenhorn\" \/>\n<meta property=\"article:published_time\" content=\"2023-09-01T19:00:43+00:00\" \/>\n<meta name=\"author\" content=\"weissenhorn\" \/>\n<meta name=\"twitter:card\" content=\"summary_large_image\" \/>\n<meta name=\"twitter:label1\" content=\"Verfasst von\" \/>\n\t<meta name=\"twitter:data1\" content=\"weissenhorn\" \/>\n\t<meta name=\"twitter:label2\" content=\"Gesch\u00e4tzte Lesezeit\" \/>\n\t<meta name=\"twitter:data2\" content=\"1\u00a0Minute\" \/>\n<script type=\"application\/ld+json\" class=\"yoast-schema-graph\">{\"@context\":\"https:\/\/schema.org\",\"@graph\":[{\"@type\":\"Article\",\"@id\":\"https:\/\/weltlaeden.de\/weissenhorn\/fairer-handel-for-future-regenwald-klima-artenschutz\/#article\",\"isPartOf\":{\"@id\":\"https:\/\/weltlaeden.de\/weissenhorn\/fairer-handel-for-future-regenwald-klima-artenschutz\/\"},\"author\":{\"name\":\"weissenhorn\",\"@id\":\"https:\/\/weltlaeden.de\/weissenhorn\/#\/schema\/person\/a54ab778984ca172a44d8286c0e76e78\"},\"headline\":\"Fairer Handel for Future Regenwald &#8211; Klima &#8211; Artenschutz\",\"datePublished\":\"2023-09-01T19:00:43+00:00\",\"mainEntityOfPage\":{\"@id\":\"https:\/\/weltlaeden.de\/weissenhorn\/fairer-handel-for-future-regenwald-klima-artenschutz\/\"},\"wordCount\":295,\"articleSection\":[\"Produkt des Monats\"],\"inLanguage\":\"de\"},{\"@type\":\"WebPage\",\"@id\":\"https:\/\/weltlaeden.de\/weissenhorn\/fairer-handel-for-future-regenwald-klima-artenschutz\/\",\"url\":\"https:\/\/weltlaeden.de\/weissenhorn\/fairer-handel-for-future-regenwald-klima-artenschutz\/\",\"name\":\"Fairer Handel for Future Regenwald - Klima - Artenschutz - Weltladen Wei\u00dfenhorn\",\"isPartOf\":{\"@id\":\"https:\/\/weltlaeden.de\/weissenhorn\/#website\"},\"datePublished\":\"2023-09-01T19:00:43+00:00\",\"author\":{\"@id\":\"https:\/\/weltlaeden.de\/weissenhorn\/#\/schema\/person\/a54ab778984ca172a44d8286c0e76e78\"},\"breadcrumb\":{\"@id\":\"https:\/\/weltlaeden.de\/weissenhorn\/fairer-handel-for-future-regenwald-klima-artenschutz\/#breadcrumb\"},\"inLanguage\":\"de\",\"potentialAction\":[{\"@type\":\"ReadAction\",\"target\":[\"https:\/\/weltlaeden.de\/weissenhorn\/fairer-handel-for-future-regenwald-klima-artenschutz\/\"]}]},{\"@type\":\"BreadcrumbList\",\"@id\":\"https:\/\/weltlaeden.de\/weissenhorn\/fairer-handel-for-future-regenwald-klima-artenschutz\/#breadcrumb\",\"itemListElement\":[{\"@type\":\"ListItem\",\"position\":1,\"name\":\"Startseite\",\"item\":\"https:\/\/weltlaeden.de\/weissenhorn\/\"},{\"@type\":\"ListItem\",\"position\":2,\"name\":\"Fairer Handel for Future Regenwald &#8211; Klima &#8211; Artenschutz\"}]},{\"@type\":\"WebSite\",\"@id\":\"https:\/\/weltlaeden.de\/weissenhorn\/#website\",\"url\":\"https:\/\/weltlaeden.de\/weissenhorn\/\",\"name\":\"Weltladen Wei\u00dfenhorn\",\"description\":\"Faire Produkte seit 1990\",\"potentialAction\":[{\"@type\":\"SearchAction\",\"target\":{\"@type\":\"EntryPoint\",\"urlTemplate\":\"https:\/\/weltlaeden.de\/weissenhorn\/?s={search_term_string}\"},\"query-input\":{\"@type\":\"PropertyValueSpecification\",\"valueRequired\":true,\"valueName\":\"search_term_string\"}}],\"inLanguage\":\"de\"},{\"@type\":\"Person\",\"@id\":\"https:\/\/weltlaeden.de\/weissenhorn\/#\/schema\/person\/a54ab778984ca172a44d8286c0e76e78\",\"name\":\"weissenhorn\",\"image\":{\"@type\":\"ImageObject\",\"inLanguage\":\"de\",\"@id\":\"https:\/\/weltlaeden.de\/weissenhorn\/#\/schema\/person\/image\/\",\"url\":\"https:\/\/secure.gravatar.com\/avatar\/9094ba6a92e3b50222fd0796b579f81f?s=96&d=mm&r=g\",\"contentUrl\":\"https:\/\/secure.gravatar.com\/avatar\/9094ba6a92e3b50222fd0796b579f81f?s=96&d=mm&r=g\",\"caption\":\"weissenhorn\"}}]}<\/script>\n<!-- \/ Yoast SEO plugin. -->","yoast_head_json":{"title":"Fairer Handel for Future Regenwald - Klima - Artenschutz - Weltladen Wei\u00dfenhorn","robots":{"index":"index","follow":"follow","max-snippet":"max-snippet:-1","max-image-preview":"max-image-preview:large","max-video-preview":"max-video-preview:-1"},"canonical":"https:\/\/weltlaeden.de\/weissenhorn\/fairer-handel-for-future-regenwald-klima-artenschutz\/","og_locale":"de_DE","og_type":"article","og_title":"Fairer Handel for Future Regenwald - Klima - Artenschutz - Weltladen Wei\u00dfenhorn","og_description":"Fairer Handel for Future Regenwald \u2013 Klima \u2013 Artenschutz &nbsp; \u201eWir stehen in einem Wettlauf mit der Zeit &#8211; Wenn wir die Erderw\u00e4rmung und den Artenverlust bremsen wollen, m\u00fcssen wir handeln!\u201c sagt Weltladen-Pressesprecher Ulrich Hoffmann: \u201eein Schl\u00fcssel dazu ist der Schutz der Regenw\u00e4lder am Amazonas.\u201c. &nbsp; Der Wei\u00dfenhorner Weltladen steht in Verbindung zum Regenwaldladen in&hellip;","og_url":"https:\/\/weltlaeden.de\/weissenhorn\/fairer-handel-for-future-regenwald-klima-artenschutz\/","og_site_name":"Weltladen Wei\u00dfenhorn","article_published_time":"2023-09-01T19:00:43+00:00","author":"weissenhorn","twitter_card":"summary_large_image","twitter_misc":{"Verfasst von":"weissenhorn","Gesch\u00e4tzte Lesezeit":"1\u00a0Minute"},"schema":{"@context":"https:\/\/schema.org","@graph":[{"@type":"Article","@id":"https:\/\/weltlaeden.de\/weissenhorn\/fairer-handel-for-future-regenwald-klima-artenschutz\/#article","isPartOf":{"@id":"https:\/\/weltlaeden.de\/weissenhorn\/fairer-handel-for-future-regenwald-klima-artenschutz\/"},"author":{"name":"weissenhorn","@id":"https:\/\/weltlaeden.de\/weissenhorn\/#\/schema\/person\/a54ab778984ca172a44d8286c0e76e78"},"headline":"Fairer Handel for Future Regenwald &#8211; Klima &#8211; Artenschutz","datePublished":"2023-09-01T19:00:43+00:00","mainEntityOfPage":{"@id":"https:\/\/weltlaeden.de\/weissenhorn\/fairer-handel-for-future-regenwald-klima-artenschutz\/"},"wordCount":295,"articleSection":["Produkt des Monats"],"inLanguage":"de"},{"@type":"WebPage","@id":"https:\/\/weltlaeden.de\/weissenhorn\/fairer-handel-for-future-regenwald-klima-artenschutz\/","url":"https:\/\/weltlaeden.de\/weissenhorn\/fairer-handel-for-future-regenwald-klima-artenschutz\/","name":"Fairer Handel for Future Regenwald - Klima - Artenschutz - Weltladen Wei\u00dfenhorn","isPartOf":{"@id":"https:\/\/weltlaeden.de\/weissenhorn\/#website"},"datePublished":"2023-09-01T19:00:43+00:00","author":{"@id":"https:\/\/weltlaeden.de\/weissenhorn\/#\/schema\/person\/a54ab778984ca172a44d8286c0e76e78"},"breadcrumb":{"@id":"https:\/\/weltlaeden.de\/weissenhorn\/fairer-handel-for-future-regenwald-klima-artenschutz\/#breadcrumb"},"inLanguage":"de","potentialAction":[{"@type":"ReadAction","target":["https:\/\/weltlaeden.de\/weissenhorn\/fairer-handel-for-future-regenwald-klima-artenschutz\/"]}]},{"@type":"BreadcrumbList","@id":"https:\/\/weltlaeden.de\/weissenhorn\/fairer-handel-for-future-regenwald-klima-artenschutz\/#breadcrumb","itemListElement":[{"@type":"ListItem","position":1,"name":"Startseite","item":"https:\/\/weltlaeden.de\/weissenhorn\/"},{"@type":"ListItem","position":2,"name":"Fairer Handel for Future Regenwald &#8211; Klima &#8211; Artenschutz"}]},{"@type":"WebSite","@id":"https:\/\/weltlaeden.de\/weissenhorn\/#website","url":"https:\/\/weltlaeden.de\/weissenhorn\/","name":"Weltladen Wei\u00dfenhorn","description":"Faire Produkte seit 1990","potentialAction":[{"@type":"SearchAction","target":{"@type":"EntryPoint","urlTemplate":"https:\/\/weltlaeden.de\/weissenhorn\/?s={search_term_string}"},"query-input":{"@type":"PropertyValueSpecification","valueRequired":true,"valueName":"search_term_string"}}],"inLanguage":"de"},{"@type":"Person","@id":"https:\/\/weltlaeden.de\/weissenhorn\/#\/schema\/person\/a54ab778984ca172a44d8286c0e76e78","name":"weissenhorn","image":{"@type":"ImageObject","inLanguage":"de","@id":"https:\/\/weltlaeden.de\/weissenhorn\/#\/schema\/person\/image\/","url":"https:\/\/secure.gravatar.com\/avatar\/9094ba6a92e3b50222fd0796b579f81f?s=96&d=mm&r=g","contentUrl":"https:\/\/secure.gravatar.com\/avatar\/9094ba6a92e3b50222fd0796b579f81f?s=96&d=mm&r=g","caption":"weissenhorn"}}]}},"_links":{"self":[{"href":"https:\/\/weltlaeden.de\/weissenhorn\/wp-json\/wp\/v2\/posts\/942","targetHints":{"allow":["GET"]}}],"collection":[{"href":"https:\/\/weltlaeden.de\/weissenhorn\/wp-json\/wp\/v2\/posts"}],"about":[{"href":"https:\/\/weltlaeden.de\/weissenhorn\/wp-json\/wp\/v2\/types\/post"}],"author":[{"embeddable":true,"href":"https:\/\/weltlaeden.de\/weissenhorn\/wp-json\/wp\/v2\/users\/191"}],"replies":[{"embeddable":true,"href":"https:\/\/weltlaeden.de\/weissenhorn\/wp-json\/wp\/v2\/comments?post=942"}],"version-history":[{"count":1,"href":"https:\/\/weltlaeden.de\/weissenhorn\/wp-json\/wp\/v2\/posts\/942\/revisions"}],"predecessor-version":[{"id":943,"href":"https:\/\/weltlaeden.de\/weissenhorn\/wp-json\/wp\/v2\/posts\/942\/revisions\/943"}],"wp:attachment":[{"href":"https:\/\/weltlaeden.de\/weissenhorn\/wp-json\/wp\/v2\/media?parent=942"}],"wp:term":[{"taxonomy":"category","embeddable":true,"href":"https:\/\/weltlaeden.de\/weissenhorn\/wp-json\/wp\/v2\/categories?post=942"},{"taxonomy":"post_tag","embeddable":true,"href":"https:\/\/weltlaeden.de\/weissenhorn\/wp-json\/wp\/v2\/tags?post=942"}],"curies":[{"name":"wp","href":"https:\/\/api.w.org\/{rel}","templated":true}]}}