{"id":939,"date":"2023-08-01T09:30:47","date_gmt":"2023-08-01T07:30:47","guid":{"rendered":"https:\/\/weltlaeden.de\/weissenhorn\/?p=939"},"modified":"2023-08-01T09:30:47","modified_gmt":"2023-08-01T07:30:47","slug":"tatort-manila-faire-mangos-von-den-philippinen","status":"publish","type":"post","link":"https:\/\/weltlaeden.de\/weissenhorn\/tatort-manila-faire-mangos-von-den-philippinen\/","title":{"rendered":"Tatort Manila  &#8211;  Faire Mangos von den Philippinen"},"content":{"rendered":"<hr \/>\n<h1><span style=\"color: #ff6600\"><strong>Tatort Manila &#8211; Faire Mangos von den Philippinen<\/strong><\/span><\/h1>\n<p>&nbsp;<\/p>\n<h3><strong>Anfang der 90er Jahre verfaulten die Mangofr\u00fcchte <\/strong><\/h3>\n<h3><strong>mangels Nachfrage noch an den B\u00e4umen<\/strong><strong style=\"font-size: 14px\">\u2013 <\/strong><\/h3>\n<h3><strong>heute sind sie eine wichtige Einkommensquelle f\u00fcr die rund 500 Kleinbauerfamilien,<\/strong><\/h3>\n<h3><strong> die Teil eines ganz besonderen Fair Trade Mango-Projekts auf den Philippinen sind.<\/strong><\/h3>\n<p>&nbsp;<\/p>\n<p><strong>Shay Cullen wurde nach seiner Ausbildung an einem irischen College 1969 als Missionar auf die Philippinen entsandt.<\/strong><\/p>\n<p><strong> Sein erster Einsatzort war Olongapo in unmittelbarer N\u00e4he des amerikanischen Milit\u00e4rst\u00fctzpunktes an der Subic-Bucht.<\/strong><\/p>\n<p><strong> 1974 gr\u00fcndete er mit anderen zusammen die Stiftung PREDA (<em>Peoples Recovery, Empowerment and Development Assistance Foundation<\/em>), um Folter- und Missbrauchsopfern des Marcosregimes und der Milit\u00e4rbasis zu helfen. <\/strong><\/p>\n<p><strong>Die Aufdeckung zahlreicher Menschenrechtsverletzungen, Korruptionsf\u00e4lle und Kinderh\u00e4ndlerringe ist sein Verdienst.<\/strong><\/p>\n<p><strong> Cullen war aufgrund seiner Erfahrungen auf den Philippinen ma\u00dfgeblich an der Entwicklung des Drehbuchs <\/strong><\/p>\n<p><strong>zur <em>Tatort<\/em>-Folge Manila aus dem Jahr 1998 beteiligt, die das Schicksal philippinischer Stra\u00dfenkinder, Sextourismus und Kindesmisshandlung thematisierte.<\/strong><\/p>\n<p><strong> Als Folge der Erfahrungen bei den Dreharbeiten gr\u00fcndeten Mitglieder des K\u00f6lner Tatortteams um die beiden Hauptdarsteller Dietmar B\u00e4r und Klaus J.Behrendt den Tatort-Verein, um Pater Shay Cullen und seine Kinderrechtsarbeit auf den Philippinen finanziell zu unterst\u00fctzen. <\/strong><\/p>\n<p><strong>Zudem schuf er mit der PREDA und dem Prinzip des fairen Handels wichtige Einkommensm\u00f6glichkeiten f\u00fcr ehemalige Stra\u00dfenkinder und die philippinischen Ureinwohner, den Aeta. Sie profitieren davon, dass sie regelm\u00e4\u00dfig hohe Erzeugerpreise f\u00fcr ihre Mangofr\u00fcchte bekommen, sich nicht um den Verkauf ihrer Mangos k\u00fcmmern m\u00fcssen, da die Abnahme gew\u00e4hrleistet wird und sie alle Mangos abliefern k\u00f6nnen und gleicherma\u00dfen hohe Preise bekommen \u2013 also auch die B-Ware und kleinen Fr\u00fcchte, die f\u00fcr die Verarbeitung zu Mangop\u00fcree verwendet werden.<\/strong><\/p>\n<p><strong>All dies f\u00fchrt dazu, dass das Leben auf dem Land f\u00fcr die Mangobauern und ihre Familien wieder lebenswert geworden ist.\u00a0 Durch die Zahlung fairer Preise f\u00fcr ihre Mangofr\u00fcchte werden Kleinbauernfamilien unterst\u00fctzt, neue Perspektiven auf dem Land zu finden, so dass damit Landflucht verhindert wird und ein Armutskreislauf gestoppt wird, der ansonsten f\u00fcr viele Kinder oft in der Kinderprostitution der Mega-Stadt Manila endet.<\/strong><\/p>\n<h3>\u201eVom Erl\u00f6s der Ernte eines gr\u00f6\u00dferen Mangobaumes k\u00f6nnen zwei Kinder ein Jahr zur Schule geschickt werden, inklusive aller damit verbundenen Kosten,\u201c sagt Pater Shay Cullen.<\/h3>\n<h3>\n<span style=\"color: #ff6600\">Getrocknete Mangos, ungezuckert und ungeschwefelt nach einer neuen Rezeptur mit mehr Frucht und weniger zugesetztem Zucker gibt es <\/span><\/h3>\n<h2 style=\"text-align: center\"><span style=\"color: #000000\">im August als FairProdukt des Monats <\/span><span style=\"color: #ff6600\"><span style=\"color: #000000\">um 20% im Preis reduziert<\/span> <\/span><\/h2>\n<h3><span style=\"color: #ff6600\">im Wei\u00dfenhorner Weltladen \u2013 mitten in der guten Stube der Fairtrade-Stadt.<\/span><\/h3>\n","protected":false},"excerpt":{"rendered":"<p>Tatort Manila &#8211; Faire Mangos von den Philippinen &nbsp; Anfang der 90er Jahre verfaulten die Mangofr\u00fcchte mangels Nachfrage noch an den B\u00e4umen\u2013 heute sind sie eine wichtige Einkommensquelle f\u00fcr die rund 500 Kleinbauerfamilien, die Teil eines ganz besonderen Fair Trade Mango-Projekts auf den Philippinen sind. &nbsp; Shay Cullen wurde nach seiner Ausbildung an einem irischen&hellip;<\/p>\n","protected":false},"author":191,"featured_media":0,"comment_status":"closed","ping_status":"closed","sticky":false,"template":"","format":"standard","meta":{"footnotes":""},"categories":[12],"tags":[],"class_list":["post-939","post","type-post","status-publish","format-standard","hentry","category-produkt-des-monats","category-12","description-off"],"yoast_head":"<!-- This site is optimized with the Yoast SEO plugin v26.8 - https:\/\/yoast.com\/product\/yoast-seo-wordpress\/ -->\n<title>Tatort Manila - Faire Mangos von den Philippinen - Weltladen Wei\u00dfenhorn<\/title>\n<meta name=\"robots\" content=\"index, follow, max-snippet:-1, max-image-preview:large, max-video-preview:-1\" \/>\n<link rel=\"canonical\" href=\"https:\/\/weltlaeden.de\/weissenhorn\/tatort-manila-faire-mangos-von-den-philippinen\/\" \/>\n<meta property=\"og:locale\" content=\"de_DE\" \/>\n<meta property=\"og:type\" content=\"article\" \/>\n<meta property=\"og:title\" content=\"Tatort Manila - Faire Mangos von den Philippinen - Weltladen Wei\u00dfenhorn\" \/>\n<meta property=\"og:description\" content=\"Tatort Manila &#8211; Faire Mangos von den Philippinen &nbsp; Anfang der 90er Jahre verfaulten die Mangofr\u00fcchte mangels Nachfrage noch an den B\u00e4umen\u2013 heute sind sie eine wichtige Einkommensquelle f\u00fcr die rund 500 Kleinbauerfamilien, die Teil eines ganz besonderen Fair Trade Mango-Projekts auf den Philippinen sind. &nbsp; Shay Cullen wurde nach seiner Ausbildung an einem irischen&hellip;\" \/>\n<meta property=\"og:url\" content=\"https:\/\/weltlaeden.de\/weissenhorn\/tatort-manila-faire-mangos-von-den-philippinen\/\" \/>\n<meta property=\"og:site_name\" content=\"Weltladen Wei\u00dfenhorn\" \/>\n<meta property=\"article:published_time\" content=\"2023-08-01T07:30:47+00:00\" \/>\n<meta name=\"author\" content=\"weissenhorn\" \/>\n<meta name=\"twitter:card\" content=\"summary_large_image\" \/>\n<meta name=\"twitter:label1\" content=\"Verfasst von\" \/>\n\t<meta name=\"twitter:data1\" content=\"weissenhorn\" \/>\n\t<meta name=\"twitter:label2\" content=\"Gesch\u00e4tzte Lesezeit\" \/>\n\t<meta name=\"twitter:data2\" content=\"2\u00a0Minuten\" \/>\n<script type=\"application\/ld+json\" class=\"yoast-schema-graph\">{\"@context\":\"https:\/\/schema.org\",\"@graph\":[{\"@type\":\"Article\",\"@id\":\"https:\/\/weltlaeden.de\/weissenhorn\/tatort-manila-faire-mangos-von-den-philippinen\/#article\",\"isPartOf\":{\"@id\":\"https:\/\/weltlaeden.de\/weissenhorn\/tatort-manila-faire-mangos-von-den-philippinen\/\"},\"author\":{\"name\":\"weissenhorn\",\"@id\":\"https:\/\/weltlaeden.de\/weissenhorn\/#\/schema\/person\/a54ab778984ca172a44d8286c0e76e78\"},\"headline\":\"Tatort Manila &#8211; Faire Mangos von den Philippinen\",\"datePublished\":\"2023-08-01T07:30:47+00:00\",\"mainEntityOfPage\":{\"@id\":\"https:\/\/weltlaeden.de\/weissenhorn\/tatort-manila-faire-mangos-von-den-philippinen\/\"},\"wordCount\":426,\"articleSection\":[\"Produkt des Monats\"],\"inLanguage\":\"de\"},{\"@type\":\"WebPage\",\"@id\":\"https:\/\/weltlaeden.de\/weissenhorn\/tatort-manila-faire-mangos-von-den-philippinen\/\",\"url\":\"https:\/\/weltlaeden.de\/weissenhorn\/tatort-manila-faire-mangos-von-den-philippinen\/\",\"name\":\"Tatort Manila - Faire Mangos von den Philippinen - Weltladen Wei\u00dfenhorn\",\"isPartOf\":{\"@id\":\"https:\/\/weltlaeden.de\/weissenhorn\/#website\"},\"datePublished\":\"2023-08-01T07:30:47+00:00\",\"author\":{\"@id\":\"https:\/\/weltlaeden.de\/weissenhorn\/#\/schema\/person\/a54ab778984ca172a44d8286c0e76e78\"},\"breadcrumb\":{\"@id\":\"https:\/\/weltlaeden.de\/weissenhorn\/tatort-manila-faire-mangos-von-den-philippinen\/#breadcrumb\"},\"inLanguage\":\"de\",\"potentialAction\":[{\"@type\":\"ReadAction\",\"target\":[\"https:\/\/weltlaeden.de\/weissenhorn\/tatort-manila-faire-mangos-von-den-philippinen\/\"]}]},{\"@type\":\"BreadcrumbList\",\"@id\":\"https:\/\/weltlaeden.de\/weissenhorn\/tatort-manila-faire-mangos-von-den-philippinen\/#breadcrumb\",\"itemListElement\":[{\"@type\":\"ListItem\",\"position\":1,\"name\":\"Startseite\",\"item\":\"https:\/\/weltlaeden.de\/weissenhorn\/\"},{\"@type\":\"ListItem\",\"position\":2,\"name\":\"Tatort Manila &#8211; Faire Mangos von den Philippinen\"}]},{\"@type\":\"WebSite\",\"@id\":\"https:\/\/weltlaeden.de\/weissenhorn\/#website\",\"url\":\"https:\/\/weltlaeden.de\/weissenhorn\/\",\"name\":\"Weltladen Wei\u00dfenhorn\",\"description\":\"Faire Produkte seit 1990\",\"potentialAction\":[{\"@type\":\"SearchAction\",\"target\":{\"@type\":\"EntryPoint\",\"urlTemplate\":\"https:\/\/weltlaeden.de\/weissenhorn\/?s={search_term_string}\"},\"query-input\":{\"@type\":\"PropertyValueSpecification\",\"valueRequired\":true,\"valueName\":\"search_term_string\"}}],\"inLanguage\":\"de\"},{\"@type\":\"Person\",\"@id\":\"https:\/\/weltlaeden.de\/weissenhorn\/#\/schema\/person\/a54ab778984ca172a44d8286c0e76e78\",\"name\":\"weissenhorn\",\"image\":{\"@type\":\"ImageObject\",\"inLanguage\":\"de\",\"@id\":\"https:\/\/weltlaeden.de\/weissenhorn\/#\/schema\/person\/image\/\",\"url\":\"https:\/\/secure.gravatar.com\/avatar\/9094ba6a92e3b50222fd0796b579f81f?s=96&d=mm&r=g\",\"contentUrl\":\"https:\/\/secure.gravatar.com\/avatar\/9094ba6a92e3b50222fd0796b579f81f?s=96&d=mm&r=g\",\"caption\":\"weissenhorn\"}}]}<\/script>\n<!-- \/ Yoast SEO plugin. -->","yoast_head_json":{"title":"Tatort Manila - Faire Mangos von den Philippinen - Weltladen Wei\u00dfenhorn","robots":{"index":"index","follow":"follow","max-snippet":"max-snippet:-1","max-image-preview":"max-image-preview:large","max-video-preview":"max-video-preview:-1"},"canonical":"https:\/\/weltlaeden.de\/weissenhorn\/tatort-manila-faire-mangos-von-den-philippinen\/","og_locale":"de_DE","og_type":"article","og_title":"Tatort Manila - Faire Mangos von den Philippinen - Weltladen Wei\u00dfenhorn","og_description":"Tatort Manila &#8211; Faire Mangos von den Philippinen &nbsp; Anfang der 90er Jahre verfaulten die Mangofr\u00fcchte mangels Nachfrage noch an den B\u00e4umen\u2013 heute sind sie eine wichtige Einkommensquelle f\u00fcr die rund 500 Kleinbauerfamilien, die Teil eines ganz besonderen Fair Trade Mango-Projekts auf den Philippinen sind. &nbsp; Shay Cullen wurde nach seiner Ausbildung an einem irischen&hellip;","og_url":"https:\/\/weltlaeden.de\/weissenhorn\/tatort-manila-faire-mangos-von-den-philippinen\/","og_site_name":"Weltladen Wei\u00dfenhorn","article_published_time":"2023-08-01T07:30:47+00:00","author":"weissenhorn","twitter_card":"summary_large_image","twitter_misc":{"Verfasst von":"weissenhorn","Gesch\u00e4tzte Lesezeit":"2\u00a0Minuten"},"schema":{"@context":"https:\/\/schema.org","@graph":[{"@type":"Article","@id":"https:\/\/weltlaeden.de\/weissenhorn\/tatort-manila-faire-mangos-von-den-philippinen\/#article","isPartOf":{"@id":"https:\/\/weltlaeden.de\/weissenhorn\/tatort-manila-faire-mangos-von-den-philippinen\/"},"author":{"name":"weissenhorn","@id":"https:\/\/weltlaeden.de\/weissenhorn\/#\/schema\/person\/a54ab778984ca172a44d8286c0e76e78"},"headline":"Tatort Manila &#8211; Faire Mangos von den Philippinen","datePublished":"2023-08-01T07:30:47+00:00","mainEntityOfPage":{"@id":"https:\/\/weltlaeden.de\/weissenhorn\/tatort-manila-faire-mangos-von-den-philippinen\/"},"wordCount":426,"articleSection":["Produkt des Monats"],"inLanguage":"de"},{"@type":"WebPage","@id":"https:\/\/weltlaeden.de\/weissenhorn\/tatort-manila-faire-mangos-von-den-philippinen\/","url":"https:\/\/weltlaeden.de\/weissenhorn\/tatort-manila-faire-mangos-von-den-philippinen\/","name":"Tatort Manila - Faire Mangos von den Philippinen - Weltladen Wei\u00dfenhorn","isPartOf":{"@id":"https:\/\/weltlaeden.de\/weissenhorn\/#website"},"datePublished":"2023-08-01T07:30:47+00:00","author":{"@id":"https:\/\/weltlaeden.de\/weissenhorn\/#\/schema\/person\/a54ab778984ca172a44d8286c0e76e78"},"breadcrumb":{"@id":"https:\/\/weltlaeden.de\/weissenhorn\/tatort-manila-faire-mangos-von-den-philippinen\/#breadcrumb"},"inLanguage":"de","potentialAction":[{"@type":"ReadAction","target":["https:\/\/weltlaeden.de\/weissenhorn\/tatort-manila-faire-mangos-von-den-philippinen\/"]}]},{"@type":"BreadcrumbList","@id":"https:\/\/weltlaeden.de\/weissenhorn\/tatort-manila-faire-mangos-von-den-philippinen\/#breadcrumb","itemListElement":[{"@type":"ListItem","position":1,"name":"Startseite","item":"https:\/\/weltlaeden.de\/weissenhorn\/"},{"@type":"ListItem","position":2,"name":"Tatort Manila &#8211; Faire Mangos von den Philippinen"}]},{"@type":"WebSite","@id":"https:\/\/weltlaeden.de\/weissenhorn\/#website","url":"https:\/\/weltlaeden.de\/weissenhorn\/","name":"Weltladen Wei\u00dfenhorn","description":"Faire Produkte seit 1990","potentialAction":[{"@type":"SearchAction","target":{"@type":"EntryPoint","urlTemplate":"https:\/\/weltlaeden.de\/weissenhorn\/?s={search_term_string}"},"query-input":{"@type":"PropertyValueSpecification","valueRequired":true,"valueName":"search_term_string"}}],"inLanguage":"de"},{"@type":"Person","@id":"https:\/\/weltlaeden.de\/weissenhorn\/#\/schema\/person\/a54ab778984ca172a44d8286c0e76e78","name":"weissenhorn","image":{"@type":"ImageObject","inLanguage":"de","@id":"https:\/\/weltlaeden.de\/weissenhorn\/#\/schema\/person\/image\/","url":"https:\/\/secure.gravatar.com\/avatar\/9094ba6a92e3b50222fd0796b579f81f?s=96&d=mm&r=g","contentUrl":"https:\/\/secure.gravatar.com\/avatar\/9094ba6a92e3b50222fd0796b579f81f?s=96&d=mm&r=g","caption":"weissenhorn"}}]}},"_links":{"self":[{"href":"https:\/\/weltlaeden.de\/weissenhorn\/wp-json\/wp\/v2\/posts\/939","targetHints":{"allow":["GET"]}}],"collection":[{"href":"https:\/\/weltlaeden.de\/weissenhorn\/wp-json\/wp\/v2\/posts"}],"about":[{"href":"https:\/\/weltlaeden.de\/weissenhorn\/wp-json\/wp\/v2\/types\/post"}],"author":[{"embeddable":true,"href":"https:\/\/weltlaeden.de\/weissenhorn\/wp-json\/wp\/v2\/users\/191"}],"replies":[{"embeddable":true,"href":"https:\/\/weltlaeden.de\/weissenhorn\/wp-json\/wp\/v2\/comments?post=939"}],"version-history":[{"count":1,"href":"https:\/\/weltlaeden.de\/weissenhorn\/wp-json\/wp\/v2\/posts\/939\/revisions"}],"predecessor-version":[{"id":941,"href":"https:\/\/weltlaeden.de\/weissenhorn\/wp-json\/wp\/v2\/posts\/939\/revisions\/941"}],"wp:attachment":[{"href":"https:\/\/weltlaeden.de\/weissenhorn\/wp-json\/wp\/v2\/media?parent=939"}],"wp:term":[{"taxonomy":"category","embeddable":true,"href":"https:\/\/weltlaeden.de\/weissenhorn\/wp-json\/wp\/v2\/categories?post=939"},{"taxonomy":"post_tag","embeddable":true,"href":"https:\/\/weltlaeden.de\/weissenhorn\/wp-json\/wp\/v2\/tags?post=939"}],"curies":[{"name":"wp","href":"https:\/\/api.w.org\/{rel}","templated":true}]}}