{"id":917,"date":"2023-06-01T11:29:57","date_gmt":"2023-06-01T09:29:57","guid":{"rendered":"https:\/\/weltlaeden.de\/weissenhorn\/?p=917"},"modified":"2023-06-01T11:29:57","modified_gmt":"2023-06-01T09:29:57","slug":"suesse-fairfuehrer-im-weltladen","status":"publish","type":"post","link":"https:\/\/weltlaeden.de\/weissenhorn\/suesse-fairfuehrer-im-weltladen\/","title":{"rendered":"S\u00fc\u00dfe Fairf\u00fchrer im Weltladen"},"content":{"rendered":"<p>&nbsp;<\/p>\n<h1><strong><span style=\"color: #000000\">S\u00fc\u00dfe Fairf\u00fchrer im Weltladen<\/span><br \/>\n<\/strong><\/h1>\n<h2><span style=\"color: #ff6600\"><strong>Im Juni sind s\u00fc\u00dfe Riegel das &#8222;Produkt des Monats&#8220;: <\/strong><\/span><\/h2>\n<h2><span style=\"color: #ff6600\"><strong>Verschiedene Schokoriegel, Sesamriegel, \u00a0Kokosriegel mit Vollmilch- und Edelbitterschokolade, Nussriegel Hanna und Paule und Fruchtriegel Emma und Oskar <\/strong><\/span><\/h2>\n<h2><span style=\"color: #ff6600\"><strong>gibt es in diesem Monat um 20% g\u00fcnstiger. <\/strong><\/span><\/h2>\n<p>&nbsp;<\/p>\n<h4>Die Zutaten der leckeren Zwischendurch-Happen kommen zum Beispiel aus Sri Lanka:<\/h4>\n<h4>56 Kleinbauernfamilien aus zwei Kooperativen bauen dort Kokosn\u00fcsse auf ihrem eigenen Land an.<\/h4>\n<h4>Die Anbauweise in Mischkultur sorgt f\u00fcr ganzj\u00e4hrige Erntem\u00f6glichkeiten, nat\u00fcrlichen D\u00fcnger und tr\u00e4gt zu einer erh\u00f6hten Bodenfruchtbarkeit bei.<\/h4>\n<h4>Die teilnehmenden Kleinbauern erhalten faire Erzeugerpreise und h\u00f6here L\u00f6hne als markt\u00fcblich.<\/h4>\n<h4>Durch die Fair Trade Pr\u00e4mie und durch die gezielte Investition von 1 % des Umsatzes k\u00f6nnen 3 angestellte Lehrerinnen in einem Kindergarten und in einer Montessori-Schule finanziert werden.<\/h4>\n<h4>Ist das nicht ein wunderbares Argument, dieser s\u00fc\u00dfen Fairf\u00fchrung nachzugeben?<\/h4>\n","protected":false},"excerpt":{"rendered":"<p>&nbsp; S\u00fc\u00dfe Fairf\u00fchrer im Weltladen Im Juni sind s\u00fc\u00dfe Riegel das &#8222;Produkt des Monats&#8220;: Verschiedene Schokoriegel, Sesamriegel, \u00a0Kokosriegel mit Vollmilch- und Edelbitterschokolade, Nussriegel Hanna und Paule und Fruchtriegel Emma und Oskar gibt es in diesem Monat um 20% g\u00fcnstiger. &nbsp; Die Zutaten der leckeren Zwischendurch-Happen kommen zum Beispiel aus Sri Lanka: 56 Kleinbauernfamilien aus zwei&hellip;<\/p>\n","protected":false},"author":191,"featured_media":0,"comment_status":"closed","ping_status":"closed","sticky":false,"template":"","format":"standard","meta":{"footnotes":""},"categories":[12],"tags":[],"class_list":["post-917","post","type-post","status-publish","format-standard","hentry","category-produkt-des-monats","category-12","description-off"],"yoast_head":"<!-- This site is optimized with the Yoast SEO plugin v26.8 - https:\/\/yoast.com\/product\/yoast-seo-wordpress\/ -->\n<title>S\u00fc\u00dfe Fairf\u00fchrer im Weltladen - Weltladen Wei\u00dfenhorn<\/title>\n<meta name=\"robots\" content=\"index, follow, max-snippet:-1, max-image-preview:large, max-video-preview:-1\" \/>\n<link rel=\"canonical\" href=\"https:\/\/weltlaeden.de\/weissenhorn\/suesse-fairfuehrer-im-weltladen\/\" \/>\n<meta property=\"og:locale\" content=\"de_DE\" \/>\n<meta property=\"og:type\" content=\"article\" \/>\n<meta property=\"og:title\" content=\"S\u00fc\u00dfe Fairf\u00fchrer im Weltladen - Weltladen Wei\u00dfenhorn\" \/>\n<meta property=\"og:description\" content=\"&nbsp; S\u00fc\u00dfe Fairf\u00fchrer im Weltladen Im Juni sind s\u00fc\u00dfe Riegel das &#8222;Produkt des Monats&#8220;: Verschiedene Schokoriegel, Sesamriegel, \u00a0Kokosriegel mit Vollmilch- und Edelbitterschokolade, Nussriegel Hanna und Paule und Fruchtriegel Emma und Oskar gibt es in diesem Monat um 20% g\u00fcnstiger. &nbsp; Die Zutaten der leckeren Zwischendurch-Happen kommen zum Beispiel aus Sri Lanka: 56 Kleinbauernfamilien aus zwei&hellip;\" \/>\n<meta property=\"og:url\" content=\"https:\/\/weltlaeden.de\/weissenhorn\/suesse-fairfuehrer-im-weltladen\/\" \/>\n<meta property=\"og:site_name\" content=\"Weltladen Wei\u00dfenhorn\" \/>\n<meta property=\"article:published_time\" content=\"2023-06-01T09:29:57+00:00\" \/>\n<meta name=\"author\" content=\"weissenhorn\" \/>\n<meta name=\"twitter:card\" content=\"summary_large_image\" \/>\n<meta name=\"twitter:label1\" content=\"Verfasst von\" \/>\n\t<meta name=\"twitter:data1\" content=\"weissenhorn\" \/>\n\t<meta name=\"twitter:label2\" content=\"Gesch\u00e4tzte Lesezeit\" \/>\n\t<meta name=\"twitter:data2\" content=\"1\u00a0Minute\" \/>\n<script type=\"application\/ld+json\" class=\"yoast-schema-graph\">{\"@context\":\"https:\/\/schema.org\",\"@graph\":[{\"@type\":\"Article\",\"@id\":\"https:\/\/weltlaeden.de\/weissenhorn\/suesse-fairfuehrer-im-weltladen\/#article\",\"isPartOf\":{\"@id\":\"https:\/\/weltlaeden.de\/weissenhorn\/suesse-fairfuehrer-im-weltladen\/\"},\"author\":{\"name\":\"weissenhorn\",\"@id\":\"https:\/\/weltlaeden.de\/weissenhorn\/#\/schema\/person\/a54ab778984ca172a44d8286c0e76e78\"},\"headline\":\"S\u00fc\u00dfe Fairf\u00fchrer im Weltladen\",\"datePublished\":\"2023-06-01T09:29:57+00:00\",\"mainEntityOfPage\":{\"@id\":\"https:\/\/weltlaeden.de\/weissenhorn\/suesse-fairfuehrer-im-weltladen\/\"},\"wordCount\":150,\"articleSection\":[\"Produkt des Monats\"],\"inLanguage\":\"de\"},{\"@type\":\"WebPage\",\"@id\":\"https:\/\/weltlaeden.de\/weissenhorn\/suesse-fairfuehrer-im-weltladen\/\",\"url\":\"https:\/\/weltlaeden.de\/weissenhorn\/suesse-fairfuehrer-im-weltladen\/\",\"name\":\"S\u00fc\u00dfe Fairf\u00fchrer im Weltladen - Weltladen Wei\u00dfenhorn\",\"isPartOf\":{\"@id\":\"https:\/\/weltlaeden.de\/weissenhorn\/#website\"},\"datePublished\":\"2023-06-01T09:29:57+00:00\",\"author\":{\"@id\":\"https:\/\/weltlaeden.de\/weissenhorn\/#\/schema\/person\/a54ab778984ca172a44d8286c0e76e78\"},\"breadcrumb\":{\"@id\":\"https:\/\/weltlaeden.de\/weissenhorn\/suesse-fairfuehrer-im-weltladen\/#breadcrumb\"},\"inLanguage\":\"de\",\"potentialAction\":[{\"@type\":\"ReadAction\",\"target\":[\"https:\/\/weltlaeden.de\/weissenhorn\/suesse-fairfuehrer-im-weltladen\/\"]}]},{\"@type\":\"BreadcrumbList\",\"@id\":\"https:\/\/weltlaeden.de\/weissenhorn\/suesse-fairfuehrer-im-weltladen\/#breadcrumb\",\"itemListElement\":[{\"@type\":\"ListItem\",\"position\":1,\"name\":\"Startseite\",\"item\":\"https:\/\/weltlaeden.de\/weissenhorn\/\"},{\"@type\":\"ListItem\",\"position\":2,\"name\":\"S\u00fc\u00dfe Fairf\u00fchrer im Weltladen\"}]},{\"@type\":\"WebSite\",\"@id\":\"https:\/\/weltlaeden.de\/weissenhorn\/#website\",\"url\":\"https:\/\/weltlaeden.de\/weissenhorn\/\",\"name\":\"Weltladen Wei\u00dfenhorn\",\"description\":\"Faire Produkte seit 1990\",\"potentialAction\":[{\"@type\":\"SearchAction\",\"target\":{\"@type\":\"EntryPoint\",\"urlTemplate\":\"https:\/\/weltlaeden.de\/weissenhorn\/?s={search_term_string}\"},\"query-input\":{\"@type\":\"PropertyValueSpecification\",\"valueRequired\":true,\"valueName\":\"search_term_string\"}}],\"inLanguage\":\"de\"},{\"@type\":\"Person\",\"@id\":\"https:\/\/weltlaeden.de\/weissenhorn\/#\/schema\/person\/a54ab778984ca172a44d8286c0e76e78\",\"name\":\"weissenhorn\",\"image\":{\"@type\":\"ImageObject\",\"inLanguage\":\"de\",\"@id\":\"https:\/\/weltlaeden.de\/weissenhorn\/#\/schema\/person\/image\/\",\"url\":\"https:\/\/secure.gravatar.com\/avatar\/9094ba6a92e3b50222fd0796b579f81f?s=96&d=mm&r=g\",\"contentUrl\":\"https:\/\/secure.gravatar.com\/avatar\/9094ba6a92e3b50222fd0796b579f81f?s=96&d=mm&r=g\",\"caption\":\"weissenhorn\"}}]}<\/script>\n<!-- \/ Yoast SEO plugin. -->","yoast_head_json":{"title":"S\u00fc\u00dfe Fairf\u00fchrer im Weltladen - Weltladen Wei\u00dfenhorn","robots":{"index":"index","follow":"follow","max-snippet":"max-snippet:-1","max-image-preview":"max-image-preview:large","max-video-preview":"max-video-preview:-1"},"canonical":"https:\/\/weltlaeden.de\/weissenhorn\/suesse-fairfuehrer-im-weltladen\/","og_locale":"de_DE","og_type":"article","og_title":"S\u00fc\u00dfe Fairf\u00fchrer im Weltladen - Weltladen Wei\u00dfenhorn","og_description":"&nbsp; S\u00fc\u00dfe Fairf\u00fchrer im Weltladen Im Juni sind s\u00fc\u00dfe Riegel das &#8222;Produkt des Monats&#8220;: Verschiedene Schokoriegel, Sesamriegel, \u00a0Kokosriegel mit Vollmilch- und Edelbitterschokolade, Nussriegel Hanna und Paule und Fruchtriegel Emma und Oskar gibt es in diesem Monat um 20% g\u00fcnstiger. &nbsp; Die Zutaten der leckeren Zwischendurch-Happen kommen zum Beispiel aus Sri Lanka: 56 Kleinbauernfamilien aus zwei&hellip;","og_url":"https:\/\/weltlaeden.de\/weissenhorn\/suesse-fairfuehrer-im-weltladen\/","og_site_name":"Weltladen Wei\u00dfenhorn","article_published_time":"2023-06-01T09:29:57+00:00","author":"weissenhorn","twitter_card":"summary_large_image","twitter_misc":{"Verfasst von":"weissenhorn","Gesch\u00e4tzte Lesezeit":"1\u00a0Minute"},"schema":{"@context":"https:\/\/schema.org","@graph":[{"@type":"Article","@id":"https:\/\/weltlaeden.de\/weissenhorn\/suesse-fairfuehrer-im-weltladen\/#article","isPartOf":{"@id":"https:\/\/weltlaeden.de\/weissenhorn\/suesse-fairfuehrer-im-weltladen\/"},"author":{"name":"weissenhorn","@id":"https:\/\/weltlaeden.de\/weissenhorn\/#\/schema\/person\/a54ab778984ca172a44d8286c0e76e78"},"headline":"S\u00fc\u00dfe Fairf\u00fchrer im Weltladen","datePublished":"2023-06-01T09:29:57+00:00","mainEntityOfPage":{"@id":"https:\/\/weltlaeden.de\/weissenhorn\/suesse-fairfuehrer-im-weltladen\/"},"wordCount":150,"articleSection":["Produkt des Monats"],"inLanguage":"de"},{"@type":"WebPage","@id":"https:\/\/weltlaeden.de\/weissenhorn\/suesse-fairfuehrer-im-weltladen\/","url":"https:\/\/weltlaeden.de\/weissenhorn\/suesse-fairfuehrer-im-weltladen\/","name":"S\u00fc\u00dfe Fairf\u00fchrer im Weltladen - Weltladen Wei\u00dfenhorn","isPartOf":{"@id":"https:\/\/weltlaeden.de\/weissenhorn\/#website"},"datePublished":"2023-06-01T09:29:57+00:00","author":{"@id":"https:\/\/weltlaeden.de\/weissenhorn\/#\/schema\/person\/a54ab778984ca172a44d8286c0e76e78"},"breadcrumb":{"@id":"https:\/\/weltlaeden.de\/weissenhorn\/suesse-fairfuehrer-im-weltladen\/#breadcrumb"},"inLanguage":"de","potentialAction":[{"@type":"ReadAction","target":["https:\/\/weltlaeden.de\/weissenhorn\/suesse-fairfuehrer-im-weltladen\/"]}]},{"@type":"BreadcrumbList","@id":"https:\/\/weltlaeden.de\/weissenhorn\/suesse-fairfuehrer-im-weltladen\/#breadcrumb","itemListElement":[{"@type":"ListItem","position":1,"name":"Startseite","item":"https:\/\/weltlaeden.de\/weissenhorn\/"},{"@type":"ListItem","position":2,"name":"S\u00fc\u00dfe Fairf\u00fchrer im Weltladen"}]},{"@type":"WebSite","@id":"https:\/\/weltlaeden.de\/weissenhorn\/#website","url":"https:\/\/weltlaeden.de\/weissenhorn\/","name":"Weltladen Wei\u00dfenhorn","description":"Faire Produkte seit 1990","potentialAction":[{"@type":"SearchAction","target":{"@type":"EntryPoint","urlTemplate":"https:\/\/weltlaeden.de\/weissenhorn\/?s={search_term_string}"},"query-input":{"@type":"PropertyValueSpecification","valueRequired":true,"valueName":"search_term_string"}}],"inLanguage":"de"},{"@type":"Person","@id":"https:\/\/weltlaeden.de\/weissenhorn\/#\/schema\/person\/a54ab778984ca172a44d8286c0e76e78","name":"weissenhorn","image":{"@type":"ImageObject","inLanguage":"de","@id":"https:\/\/weltlaeden.de\/weissenhorn\/#\/schema\/person\/image\/","url":"https:\/\/secure.gravatar.com\/avatar\/9094ba6a92e3b50222fd0796b579f81f?s=96&d=mm&r=g","contentUrl":"https:\/\/secure.gravatar.com\/avatar\/9094ba6a92e3b50222fd0796b579f81f?s=96&d=mm&r=g","caption":"weissenhorn"}}]}},"_links":{"self":[{"href":"https:\/\/weltlaeden.de\/weissenhorn\/wp-json\/wp\/v2\/posts\/917","targetHints":{"allow":["GET"]}}],"collection":[{"href":"https:\/\/weltlaeden.de\/weissenhorn\/wp-json\/wp\/v2\/posts"}],"about":[{"href":"https:\/\/weltlaeden.de\/weissenhorn\/wp-json\/wp\/v2\/types\/post"}],"author":[{"embeddable":true,"href":"https:\/\/weltlaeden.de\/weissenhorn\/wp-json\/wp\/v2\/users\/191"}],"replies":[{"embeddable":true,"href":"https:\/\/weltlaeden.de\/weissenhorn\/wp-json\/wp\/v2\/comments?post=917"}],"version-history":[{"count":1,"href":"https:\/\/weltlaeden.de\/weissenhorn\/wp-json\/wp\/v2\/posts\/917\/revisions"}],"predecessor-version":[{"id":918,"href":"https:\/\/weltlaeden.de\/weissenhorn\/wp-json\/wp\/v2\/posts\/917\/revisions\/918"}],"wp:attachment":[{"href":"https:\/\/weltlaeden.de\/weissenhorn\/wp-json\/wp\/v2\/media?parent=917"}],"wp:term":[{"taxonomy":"category","embeddable":true,"href":"https:\/\/weltlaeden.de\/weissenhorn\/wp-json\/wp\/v2\/categories?post=917"},{"taxonomy":"post_tag","embeddable":true,"href":"https:\/\/weltlaeden.de\/weissenhorn\/wp-json\/wp\/v2\/tags?post=917"}],"curies":[{"name":"wp","href":"https:\/\/api.w.org\/{rel}","templated":true}]}}