{"id":912,"date":"2023-05-01T10:21:57","date_gmt":"2023-05-01T08:21:57","guid":{"rendered":"https:\/\/weltlaeden.de\/weissenhorn\/?p=912"},"modified":"2023-05-01T10:21:57","modified_gmt":"2023-05-01T08:21:57","slug":"ledertaschen-sind-das-fairprodukt-des-monats-mai","status":"publish","type":"post","link":"https:\/\/weltlaeden.de\/weissenhorn\/ledertaschen-sind-das-fairprodukt-des-monats-mai\/","title":{"rendered":"Ledertaschen sind das FairProdukt des Monats Mai"},"content":{"rendered":"<h1><span style=\"color: #ff6600\"><strong>Fair und schick \u2013 <\/strong><\/span><\/h1>\n<h1><span style=\"color: #ff6600\"><strong>Ledertaschen sind das FairProdukt des Monats Mai<\/strong><\/span><\/h1>\n<p>&nbsp;<\/p>\n<p><strong>L\u00e4ssige Rucks\u00e4cke f\u00fcr den Stadtbummel, ger\u00e4umige Aktentaschen f\u00fcr den Tag im B\u00fcro <\/strong><\/p>\n<p><strong>und schicke Handtaschen zum Treffen mit Freunden \u2013 die fair gehandelten Taschen und Rucks\u00e4cke <\/strong><\/p>\n<p><strong>aus Rind- oder Ziegenleder sind praktisch, langlebig und sch\u00f6n zugleich. <\/strong><\/p>\n<p><strong>Zudem sind die Lederartikel frei von sch\u00e4dlichen Umweltgiften und werden entweder mit AZO-freien Farben gef\u00e4rbt oder sind naturbelassen. <\/strong><\/p>\n<p><strong>Das \u00d6koleder wird pflanzlich gegerbt, d.h. zum Gerben werden Pflanzenteile wie Wurzeln, Bl\u00e4tter und Rinde eingesetzt.<\/strong><\/p>\n<p>&nbsp;<\/p>\n<h4>Die Taschen kommen etwa vom <span style=\"color: #ff6600\">Fairhandels-Partner Feathertouch mit Sitz in Kalkutta. <\/span><\/h4>\n<h4>Das Leder wird meist in muslimischen Gemeinden eingekauft, weil dort, anders als bei den Hindus, auch Rindfleisch verarbeitet wird.<\/h4>\n<h4>Alle Mitarbeitenden bei Feathertouch erhalten einen fairen Lohn, der in den letzten Jahren um jeweils 20% erh\u00f6ht wurde &#8211; weit mehr als wegen Inflation erh\u00f6ht werden musste.<\/h4>\n<h4>Die betriebliche Krankenversicherung entspricht hohen Standards: Im Krankheitsfall werden alle Kosten abgedeckt und die Familie des Angestellten ist jeweils mitversichert.<\/h4>\n<h4>Den gleichen fairen Bedingungen f\u00fchlt sich <span style=\"color: #ff6600\">Artisan Well, gegr\u00fcndet 2005<\/span>, verpflichtet.<\/h4>\n<h4>Ein besonderer Blick gilt hier dem Schutz marginalisierter Handwerker in Westbengalen.<\/h4>\n<h4>Die Organisation arbeitet mit insgesamt 31 Produzentengruppen zusammen.<\/h4>\n<h4>Von diesen Gruppen bezieht Artisan Well das Rohleder, einige fertige Handwerksprodukte und kleine Lederartikel.<\/h4>\n<h4>In der Zentrale in Kolkata arbeiten 18 Festangestellte und 20 Teilzeitbesch\u00e4ftigte in der Fertigung der hochwertigen Lederprodukte.<\/h4>\n<h4>Einmal pro Jahr wird ein Vorstand, bestehend aus 8 Mitgliedern, gew\u00e4hlt, der die verschiedenen Bereiche der Organisation betreut.<\/h4>\n<h4>F\u00fcr die KunsthandwerkerInnen werden regelm\u00e4\u00dfig Kurse und Workshops zu unterschiedlichen Themen angeboten: Wie baut man eine Kooperative auf? Wie gestalte ich Arbeitsabl\u00e4ufe? Was muss ich bei Qualit\u00e4tskontrollen beachten?<\/h4>\n<h4>Dabei werden auch laufend Schritte erarbeitet, die den Arbeitsalltag der Handwerker positiv beeinflussench kauft ausschlie\u00dflich reines Rohmaterial und erledigt alle weiteren Arbeitsschritte &#8211; vom Design, dem Gerben des Leders bis zum N\u00e4hen und der abschlie\u00dfenden Qualit\u00e4tskontrolle &#8211; unter dem eigenen Dach.<\/h4>\n<h4>Alle Gerbstoffe entsprechen strengen europ\u00e4schen Umweltrichtlinien und der Anteil an vegetabil gegerbtem Leder wird fortw\u00e4hrend vergr.<\/h4>\n<h2><span style=\"color: #ff6600\">Fairgehandelte Ledertaschen, <\/span><\/h2>\n<h2><span style=\"color: #ff6600\">mit denen man sich nicht nur \u201eim St\u00e4dtle\u201c gut sehen lassen kann, <\/span><\/h2>\n<h2><span style=\"color: #ff6600\">sind das FairProdukt des Monats Mai im Wei\u00dfenhorner Weltladen, <\/span><\/h2>\n<h2><span style=\"color: #ff6600\">mitten in der guten Stube Wei\u00dfenhorns, <\/span><\/h2>\n<h1><span style=\"color: #ff6600\">wo man sie um 20% im Preis reduziert erwerben kann.<\/span><\/h1>\n","protected":false},"excerpt":{"rendered":"<p>Fair und schick \u2013 Ledertaschen sind das FairProdukt des Monats Mai &nbsp; L\u00e4ssige Rucks\u00e4cke f\u00fcr den Stadtbummel, ger\u00e4umige Aktentaschen f\u00fcr den Tag im B\u00fcro und schicke Handtaschen zum Treffen mit Freunden \u2013 die fair gehandelten Taschen und Rucks\u00e4cke aus Rind- oder Ziegenleder sind praktisch, langlebig und sch\u00f6n zugleich. Zudem sind die Lederartikel frei von sch\u00e4dlichen&hellip;<\/p>\n","protected":false},"author":191,"featured_media":0,"comment_status":"closed","ping_status":"closed","sticky":false,"template":"","format":"standard","meta":{"footnotes":""},"categories":[12],"tags":[],"class_list":["post-912","post","type-post","status-publish","format-standard","hentry","category-produkt-des-monats","category-12","description-off"],"yoast_head":"<!-- This site is optimized with the Yoast SEO plugin v26.8 - https:\/\/yoast.com\/product\/yoast-seo-wordpress\/ -->\n<title>Ledertaschen sind das FairProdukt des Monats Mai - Weltladen Wei\u00dfenhorn<\/title>\n<meta name=\"robots\" content=\"index, follow, max-snippet:-1, max-image-preview:large, max-video-preview:-1\" \/>\n<link rel=\"canonical\" href=\"https:\/\/weltlaeden.de\/weissenhorn\/ledertaschen-sind-das-fairprodukt-des-monats-mai\/\" \/>\n<meta property=\"og:locale\" content=\"de_DE\" \/>\n<meta property=\"og:type\" content=\"article\" \/>\n<meta property=\"og:title\" content=\"Ledertaschen sind das FairProdukt des Monats Mai - Weltladen Wei\u00dfenhorn\" \/>\n<meta property=\"og:description\" content=\"Fair und schick \u2013 Ledertaschen sind das FairProdukt des Monats Mai &nbsp; L\u00e4ssige Rucks\u00e4cke f\u00fcr den Stadtbummel, ger\u00e4umige Aktentaschen f\u00fcr den Tag im B\u00fcro und schicke Handtaschen zum Treffen mit Freunden \u2013 die fair gehandelten Taschen und Rucks\u00e4cke aus Rind- oder Ziegenleder sind praktisch, langlebig und sch\u00f6n zugleich. Zudem sind die Lederartikel frei von sch\u00e4dlichen&hellip;\" \/>\n<meta property=\"og:url\" content=\"https:\/\/weltlaeden.de\/weissenhorn\/ledertaschen-sind-das-fairprodukt-des-monats-mai\/\" \/>\n<meta property=\"og:site_name\" content=\"Weltladen Wei\u00dfenhorn\" \/>\n<meta property=\"article:published_time\" content=\"2023-05-01T08:21:57+00:00\" \/>\n<meta name=\"author\" content=\"weissenhorn\" \/>\n<meta name=\"twitter:card\" content=\"summary_large_image\" \/>\n<meta name=\"twitter:label1\" content=\"Verfasst von\" \/>\n\t<meta name=\"twitter:data1\" content=\"weissenhorn\" \/>\n\t<meta name=\"twitter:label2\" content=\"Gesch\u00e4tzte Lesezeit\" \/>\n\t<meta name=\"twitter:data2\" content=\"2\u00a0Minuten\" \/>\n<script type=\"application\/ld+json\" class=\"yoast-schema-graph\">{\"@context\":\"https:\/\/schema.org\",\"@graph\":[{\"@type\":\"Article\",\"@id\":\"https:\/\/weltlaeden.de\/weissenhorn\/ledertaschen-sind-das-fairprodukt-des-monats-mai\/#article\",\"isPartOf\":{\"@id\":\"https:\/\/weltlaeden.de\/weissenhorn\/ledertaschen-sind-das-fairprodukt-des-monats-mai\/\"},\"author\":{\"name\":\"weissenhorn\",\"@id\":\"https:\/\/weltlaeden.de\/weissenhorn\/#\/schema\/person\/a54ab778984ca172a44d8286c0e76e78\"},\"headline\":\"Ledertaschen sind das FairProdukt des Monats Mai\",\"datePublished\":\"2023-05-01T08:21:57+00:00\",\"mainEntityOfPage\":{\"@id\":\"https:\/\/weltlaeden.de\/weissenhorn\/ledertaschen-sind-das-fairprodukt-des-monats-mai\/\"},\"wordCount\":392,\"articleSection\":[\"Produkt des Monats\"],\"inLanguage\":\"de\"},{\"@type\":\"WebPage\",\"@id\":\"https:\/\/weltlaeden.de\/weissenhorn\/ledertaschen-sind-das-fairprodukt-des-monats-mai\/\",\"url\":\"https:\/\/weltlaeden.de\/weissenhorn\/ledertaschen-sind-das-fairprodukt-des-monats-mai\/\",\"name\":\"Ledertaschen sind das FairProdukt des Monats Mai - Weltladen Wei\u00dfenhorn\",\"isPartOf\":{\"@id\":\"https:\/\/weltlaeden.de\/weissenhorn\/#website\"},\"datePublished\":\"2023-05-01T08:21:57+00:00\",\"author\":{\"@id\":\"https:\/\/weltlaeden.de\/weissenhorn\/#\/schema\/person\/a54ab778984ca172a44d8286c0e76e78\"},\"breadcrumb\":{\"@id\":\"https:\/\/weltlaeden.de\/weissenhorn\/ledertaschen-sind-das-fairprodukt-des-monats-mai\/#breadcrumb\"},\"inLanguage\":\"de\",\"potentialAction\":[{\"@type\":\"ReadAction\",\"target\":[\"https:\/\/weltlaeden.de\/weissenhorn\/ledertaschen-sind-das-fairprodukt-des-monats-mai\/\"]}]},{\"@type\":\"BreadcrumbList\",\"@id\":\"https:\/\/weltlaeden.de\/weissenhorn\/ledertaschen-sind-das-fairprodukt-des-monats-mai\/#breadcrumb\",\"itemListElement\":[{\"@type\":\"ListItem\",\"position\":1,\"name\":\"Startseite\",\"item\":\"https:\/\/weltlaeden.de\/weissenhorn\/\"},{\"@type\":\"ListItem\",\"position\":2,\"name\":\"Ledertaschen sind das FairProdukt des Monats Mai\"}]},{\"@type\":\"WebSite\",\"@id\":\"https:\/\/weltlaeden.de\/weissenhorn\/#website\",\"url\":\"https:\/\/weltlaeden.de\/weissenhorn\/\",\"name\":\"Weltladen Wei\u00dfenhorn\",\"description\":\"Faire Produkte seit 1990\",\"potentialAction\":[{\"@type\":\"SearchAction\",\"target\":{\"@type\":\"EntryPoint\",\"urlTemplate\":\"https:\/\/weltlaeden.de\/weissenhorn\/?s={search_term_string}\"},\"query-input\":{\"@type\":\"PropertyValueSpecification\",\"valueRequired\":true,\"valueName\":\"search_term_string\"}}],\"inLanguage\":\"de\"},{\"@type\":\"Person\",\"@id\":\"https:\/\/weltlaeden.de\/weissenhorn\/#\/schema\/person\/a54ab778984ca172a44d8286c0e76e78\",\"name\":\"weissenhorn\",\"image\":{\"@type\":\"ImageObject\",\"inLanguage\":\"de\",\"@id\":\"https:\/\/weltlaeden.de\/weissenhorn\/#\/schema\/person\/image\/\",\"url\":\"https:\/\/secure.gravatar.com\/avatar\/9094ba6a92e3b50222fd0796b579f81f?s=96&d=mm&r=g\",\"contentUrl\":\"https:\/\/secure.gravatar.com\/avatar\/9094ba6a92e3b50222fd0796b579f81f?s=96&d=mm&r=g\",\"caption\":\"weissenhorn\"}}]}<\/script>\n<!-- \/ Yoast SEO plugin. -->","yoast_head_json":{"title":"Ledertaschen sind das FairProdukt des Monats Mai - Weltladen Wei\u00dfenhorn","robots":{"index":"index","follow":"follow","max-snippet":"max-snippet:-1","max-image-preview":"max-image-preview:large","max-video-preview":"max-video-preview:-1"},"canonical":"https:\/\/weltlaeden.de\/weissenhorn\/ledertaschen-sind-das-fairprodukt-des-monats-mai\/","og_locale":"de_DE","og_type":"article","og_title":"Ledertaschen sind das FairProdukt des Monats Mai - Weltladen Wei\u00dfenhorn","og_description":"Fair und schick \u2013 Ledertaschen sind das FairProdukt des Monats Mai &nbsp; L\u00e4ssige Rucks\u00e4cke f\u00fcr den Stadtbummel, ger\u00e4umige Aktentaschen f\u00fcr den Tag im B\u00fcro und schicke Handtaschen zum Treffen mit Freunden \u2013 die fair gehandelten Taschen und Rucks\u00e4cke aus Rind- oder Ziegenleder sind praktisch, langlebig und sch\u00f6n zugleich. Zudem sind die Lederartikel frei von sch\u00e4dlichen&hellip;","og_url":"https:\/\/weltlaeden.de\/weissenhorn\/ledertaschen-sind-das-fairprodukt-des-monats-mai\/","og_site_name":"Weltladen Wei\u00dfenhorn","article_published_time":"2023-05-01T08:21:57+00:00","author":"weissenhorn","twitter_card":"summary_large_image","twitter_misc":{"Verfasst von":"weissenhorn","Gesch\u00e4tzte Lesezeit":"2\u00a0Minuten"},"schema":{"@context":"https:\/\/schema.org","@graph":[{"@type":"Article","@id":"https:\/\/weltlaeden.de\/weissenhorn\/ledertaschen-sind-das-fairprodukt-des-monats-mai\/#article","isPartOf":{"@id":"https:\/\/weltlaeden.de\/weissenhorn\/ledertaschen-sind-das-fairprodukt-des-monats-mai\/"},"author":{"name":"weissenhorn","@id":"https:\/\/weltlaeden.de\/weissenhorn\/#\/schema\/person\/a54ab778984ca172a44d8286c0e76e78"},"headline":"Ledertaschen sind das FairProdukt des Monats Mai","datePublished":"2023-05-01T08:21:57+00:00","mainEntityOfPage":{"@id":"https:\/\/weltlaeden.de\/weissenhorn\/ledertaschen-sind-das-fairprodukt-des-monats-mai\/"},"wordCount":392,"articleSection":["Produkt des Monats"],"inLanguage":"de"},{"@type":"WebPage","@id":"https:\/\/weltlaeden.de\/weissenhorn\/ledertaschen-sind-das-fairprodukt-des-monats-mai\/","url":"https:\/\/weltlaeden.de\/weissenhorn\/ledertaschen-sind-das-fairprodukt-des-monats-mai\/","name":"Ledertaschen sind das FairProdukt des Monats Mai - Weltladen Wei\u00dfenhorn","isPartOf":{"@id":"https:\/\/weltlaeden.de\/weissenhorn\/#website"},"datePublished":"2023-05-01T08:21:57+00:00","author":{"@id":"https:\/\/weltlaeden.de\/weissenhorn\/#\/schema\/person\/a54ab778984ca172a44d8286c0e76e78"},"breadcrumb":{"@id":"https:\/\/weltlaeden.de\/weissenhorn\/ledertaschen-sind-das-fairprodukt-des-monats-mai\/#breadcrumb"},"inLanguage":"de","potentialAction":[{"@type":"ReadAction","target":["https:\/\/weltlaeden.de\/weissenhorn\/ledertaschen-sind-das-fairprodukt-des-monats-mai\/"]}]},{"@type":"BreadcrumbList","@id":"https:\/\/weltlaeden.de\/weissenhorn\/ledertaschen-sind-das-fairprodukt-des-monats-mai\/#breadcrumb","itemListElement":[{"@type":"ListItem","position":1,"name":"Startseite","item":"https:\/\/weltlaeden.de\/weissenhorn\/"},{"@type":"ListItem","position":2,"name":"Ledertaschen sind das FairProdukt des Monats Mai"}]},{"@type":"WebSite","@id":"https:\/\/weltlaeden.de\/weissenhorn\/#website","url":"https:\/\/weltlaeden.de\/weissenhorn\/","name":"Weltladen Wei\u00dfenhorn","description":"Faire Produkte seit 1990","potentialAction":[{"@type":"SearchAction","target":{"@type":"EntryPoint","urlTemplate":"https:\/\/weltlaeden.de\/weissenhorn\/?s={search_term_string}"},"query-input":{"@type":"PropertyValueSpecification","valueRequired":true,"valueName":"search_term_string"}}],"inLanguage":"de"},{"@type":"Person","@id":"https:\/\/weltlaeden.de\/weissenhorn\/#\/schema\/person\/a54ab778984ca172a44d8286c0e76e78","name":"weissenhorn","image":{"@type":"ImageObject","inLanguage":"de","@id":"https:\/\/weltlaeden.de\/weissenhorn\/#\/schema\/person\/image\/","url":"https:\/\/secure.gravatar.com\/avatar\/9094ba6a92e3b50222fd0796b579f81f?s=96&d=mm&r=g","contentUrl":"https:\/\/secure.gravatar.com\/avatar\/9094ba6a92e3b50222fd0796b579f81f?s=96&d=mm&r=g","caption":"weissenhorn"}}]}},"_links":{"self":[{"href":"https:\/\/weltlaeden.de\/weissenhorn\/wp-json\/wp\/v2\/posts\/912","targetHints":{"allow":["GET"]}}],"collection":[{"href":"https:\/\/weltlaeden.de\/weissenhorn\/wp-json\/wp\/v2\/posts"}],"about":[{"href":"https:\/\/weltlaeden.de\/weissenhorn\/wp-json\/wp\/v2\/types\/post"}],"author":[{"embeddable":true,"href":"https:\/\/weltlaeden.de\/weissenhorn\/wp-json\/wp\/v2\/users\/191"}],"replies":[{"embeddable":true,"href":"https:\/\/weltlaeden.de\/weissenhorn\/wp-json\/wp\/v2\/comments?post=912"}],"version-history":[{"count":1,"href":"https:\/\/weltlaeden.de\/weissenhorn\/wp-json\/wp\/v2\/posts\/912\/revisions"}],"predecessor-version":[{"id":913,"href":"https:\/\/weltlaeden.de\/weissenhorn\/wp-json\/wp\/v2\/posts\/912\/revisions\/913"}],"wp:attachment":[{"href":"https:\/\/weltlaeden.de\/weissenhorn\/wp-json\/wp\/v2\/media?parent=912"}],"wp:term":[{"taxonomy":"category","embeddable":true,"href":"https:\/\/weltlaeden.de\/weissenhorn\/wp-json\/wp\/v2\/categories?post=912"},{"taxonomy":"post_tag","embeddable":true,"href":"https:\/\/weltlaeden.de\/weissenhorn\/wp-json\/wp\/v2\/tags?post=912"}],"curies":[{"name":"wp","href":"https:\/\/api.w.org\/{rel}","templated":true}]}}