{"id":908,"date":"2023-03-30T17:34:37","date_gmt":"2023-03-30T15:34:37","guid":{"rendered":"https:\/\/weltlaeden.de\/weissenhorn\/?p=908"},"modified":"2023-03-30T17:36:31","modified_gmt":"2023-03-30T15:36:31","slug":"tuechervielfalt-aus-der-einen-welt-3","status":"publish","type":"post","link":"https:\/\/weltlaeden.de\/weissenhorn\/tuechervielfalt-aus-der-einen-welt-3\/","title":{"rendered":"T\u00fcchervielfalt aus der Einen Welt"},"content":{"rendered":"<p><strong>FairProdukt des Monats<\/strong><\/p>\n<h1><span style=\"color: #ff6600\">T\u00fcchervielfalt aus der Einen Welt<\/span><\/h1>\n<h3><strong>\u00a0<\/strong><\/h3>\n<h2><span style=\"color: #ff6600\"><strong>Schals aus Wolle, Baumwolle, Seide, Leinen und Viscose von Produzenten aus Indien, <\/strong><strong>Nepal, Vietnam, Sri Lanka und Laos<\/strong><\/span><\/h2>\n<h2><span style=\"color: #ff6600\"><strong> sind die FairProdukte des Monats April im Wei\u00dfenhorner Weltladen.<\/strong><\/span><\/h2>\n<h3><strong>Schals sind nicht nur ein praktisches und sch\u00f6nes Accessoire, sondern leisten vor allem w\u00e4hrend der \u00dcbergangszeit gute Dienste. <\/strong><\/h3>\n<h3><strong>Sie halten den Hals sch\u00f6n warm und sorgen daf\u00fcr dass der ungem\u00fctlich kalte Wind und nasses Wetter Hals und Ohren nichts anhaben kann.\u00a0<\/strong><\/h3>\n<p><strong>\u201eEin sch\u00f6ner Schal ist immer ein tolles Accessoire, welches man vielf\u00e4ltig und immer wieder neu kombinieren kann,\u201c sagt<\/strong> <strong>Weltladen-Mitarbeiterin Maria Wei\u00df: \u201eje nach L\u00e4nge und Breite des Schals kann man ihn auch einfach als w\u00e4rmende Quelle um die Schultern drapieren. Somit kann man eigentlich jedem Outfit aufpeppen.\u201c <\/strong><\/p>\n<p><strong>Die fairen Schals aus der Einen Welt kommen etwa von der 1978 gegr\u00fcndeten Vermarktungsorganisation Sasha mit Sitz in Kolkata in Indien. Sie erm\u00f6glicht gut 5000 Handwerksfamilien, organisiert in 150 Genossenschaften und Familienbetrieben, einen Marktzugang zu fairen Bedingungen. <\/strong><\/p>\n<p><strong>Ein wichtiges Prinzip dabei ist, m\u00f6glichst viele Arbeitsschritte in der Produktionskette \u2013 von der Erzeugung der Rohmaterialien bis zur Endverarbeitung \u2013 so weit als m\u00f6glich durch die Mitgliedergruppen auszuf\u00fchren. So z\u00fcchten einige Seidenraupen und stellen den Faden her. <\/strong><\/p>\n<p><strong>Andere weben, meist auf einfachen Handwebst\u00fchlen, die Stoffbahnen. Weitere Produzenten sind auf das Zuschneiden, N\u00e4hen und Besticken der Schals und T\u00fccher spezialisiert.<\/strong><\/p>\n<h2><span style=\"color: #ff6600\">P\u00fcnktlich zu Ostern und Fr\u00fchling <\/span><\/h2>\n<h2><span style=\"color: #ff6600\">kehrt damit eine bunte faire T\u00fcchervielfalt in den Weltladen ein. <\/span><\/h2>\n<h2><span style=\"color: #ff6600\">Im April gibt es die T\u00fccher 20% g\u00fcnstiger <\/span><\/h2>\n<h2><span style=\"color: #ff6600\">als FairProdukt des Monats im Wei\u00dfenhorner Weltladen<\/span><\/h2>\n<h2><span style=\"color: #ff6600\"> mitten in der guten Stube der Fairtrade-Stadt.<\/span><\/h2>\n","protected":false},"excerpt":{"rendered":"<p>FairProdukt des Monats T\u00fcchervielfalt aus der Einen Welt \u00a0 Schals aus Wolle, Baumwolle, Seide, Leinen und Viscose von Produzenten aus Indien, Nepal, Vietnam, Sri Lanka und Laos sind die FairProdukte des Monats April im Wei\u00dfenhorner Weltladen. Schals sind nicht nur ein praktisches und sch\u00f6nes Accessoire, sondern leisten vor allem w\u00e4hrend der \u00dcbergangszeit gute Dienste. Sie&hellip;<\/p>\n","protected":false},"author":191,"featured_media":0,"comment_status":"closed","ping_status":"closed","sticky":false,"template":"","format":"standard","meta":{"footnotes":""},"categories":[12],"tags":[],"class_list":["post-908","post","type-post","status-publish","format-standard","hentry","category-produkt-des-monats","category-12","description-off"],"yoast_head":"<!-- This site is optimized with the Yoast SEO plugin v26.8 - https:\/\/yoast.com\/product\/yoast-seo-wordpress\/ -->\n<title>T\u00fcchervielfalt aus der Einen Welt - Weltladen Wei\u00dfenhorn<\/title>\n<meta name=\"robots\" content=\"index, follow, max-snippet:-1, max-image-preview:large, max-video-preview:-1\" \/>\n<link rel=\"canonical\" href=\"https:\/\/weltlaeden.de\/weissenhorn\/tuechervielfalt-aus-der-einen-welt-3\/\" \/>\n<meta property=\"og:locale\" content=\"de_DE\" \/>\n<meta property=\"og:type\" content=\"article\" \/>\n<meta property=\"og:title\" content=\"T\u00fcchervielfalt aus der Einen Welt - Weltladen Wei\u00dfenhorn\" \/>\n<meta property=\"og:description\" content=\"FairProdukt des Monats T\u00fcchervielfalt aus der Einen Welt \u00a0 Schals aus Wolle, Baumwolle, Seide, Leinen und Viscose von Produzenten aus Indien, Nepal, Vietnam, Sri Lanka und Laos sind die FairProdukte des Monats April im Wei\u00dfenhorner Weltladen. Schals sind nicht nur ein praktisches und sch\u00f6nes Accessoire, sondern leisten vor allem w\u00e4hrend der \u00dcbergangszeit gute Dienste. Sie&hellip;\" \/>\n<meta property=\"og:url\" content=\"https:\/\/weltlaeden.de\/weissenhorn\/tuechervielfalt-aus-der-einen-welt-3\/\" \/>\n<meta property=\"og:site_name\" content=\"Weltladen Wei\u00dfenhorn\" \/>\n<meta property=\"article:published_time\" content=\"2023-03-30T15:34:37+00:00\" \/>\n<meta property=\"article:modified_time\" content=\"2023-03-30T15:36:31+00:00\" \/>\n<meta name=\"author\" content=\"weissenhorn\" \/>\n<meta name=\"twitter:card\" content=\"summary_large_image\" \/>\n<meta name=\"twitter:label1\" content=\"Verfasst von\" \/>\n\t<meta name=\"twitter:data1\" content=\"weissenhorn\" \/>\n\t<meta name=\"twitter:label2\" content=\"Gesch\u00e4tzte Lesezeit\" \/>\n\t<meta name=\"twitter:data2\" content=\"1\u00a0Minute\" \/>\n<script type=\"application\/ld+json\" class=\"yoast-schema-graph\">{\"@context\":\"https:\/\/schema.org\",\"@graph\":[{\"@type\":\"Article\",\"@id\":\"https:\/\/weltlaeden.de\/weissenhorn\/tuechervielfalt-aus-der-einen-welt-3\/#article\",\"isPartOf\":{\"@id\":\"https:\/\/weltlaeden.de\/weissenhorn\/tuechervielfalt-aus-der-einen-welt-3\/\"},\"author\":{\"name\":\"weissenhorn\",\"@id\":\"https:\/\/weltlaeden.de\/weissenhorn\/#\/schema\/person\/a54ab778984ca172a44d8286c0e76e78\"},\"headline\":\"T\u00fcchervielfalt aus der Einen Welt\",\"datePublished\":\"2023-03-30T15:34:37+00:00\",\"dateModified\":\"2023-03-30T15:36:31+00:00\",\"mainEntityOfPage\":{\"@id\":\"https:\/\/weltlaeden.de\/weissenhorn\/tuechervielfalt-aus-der-einen-welt-3\/\"},\"wordCount\":283,\"articleSection\":[\"Produkt des Monats\"],\"inLanguage\":\"de\"},{\"@type\":\"WebPage\",\"@id\":\"https:\/\/weltlaeden.de\/weissenhorn\/tuechervielfalt-aus-der-einen-welt-3\/\",\"url\":\"https:\/\/weltlaeden.de\/weissenhorn\/tuechervielfalt-aus-der-einen-welt-3\/\",\"name\":\"T\u00fcchervielfalt aus der Einen Welt - Weltladen Wei\u00dfenhorn\",\"isPartOf\":{\"@id\":\"https:\/\/weltlaeden.de\/weissenhorn\/#website\"},\"datePublished\":\"2023-03-30T15:34:37+00:00\",\"dateModified\":\"2023-03-30T15:36:31+00:00\",\"author\":{\"@id\":\"https:\/\/weltlaeden.de\/weissenhorn\/#\/schema\/person\/a54ab778984ca172a44d8286c0e76e78\"},\"breadcrumb\":{\"@id\":\"https:\/\/weltlaeden.de\/weissenhorn\/tuechervielfalt-aus-der-einen-welt-3\/#breadcrumb\"},\"inLanguage\":\"de\",\"potentialAction\":[{\"@type\":\"ReadAction\",\"target\":[\"https:\/\/weltlaeden.de\/weissenhorn\/tuechervielfalt-aus-der-einen-welt-3\/\"]}]},{\"@type\":\"BreadcrumbList\",\"@id\":\"https:\/\/weltlaeden.de\/weissenhorn\/tuechervielfalt-aus-der-einen-welt-3\/#breadcrumb\",\"itemListElement\":[{\"@type\":\"ListItem\",\"position\":1,\"name\":\"Startseite\",\"item\":\"https:\/\/weltlaeden.de\/weissenhorn\/\"},{\"@type\":\"ListItem\",\"position\":2,\"name\":\"T\u00fcchervielfalt aus der Einen Welt\"}]},{\"@type\":\"WebSite\",\"@id\":\"https:\/\/weltlaeden.de\/weissenhorn\/#website\",\"url\":\"https:\/\/weltlaeden.de\/weissenhorn\/\",\"name\":\"Weltladen Wei\u00dfenhorn\",\"description\":\"Faire Produkte seit 1990\",\"potentialAction\":[{\"@type\":\"SearchAction\",\"target\":{\"@type\":\"EntryPoint\",\"urlTemplate\":\"https:\/\/weltlaeden.de\/weissenhorn\/?s={search_term_string}\"},\"query-input\":{\"@type\":\"PropertyValueSpecification\",\"valueRequired\":true,\"valueName\":\"search_term_string\"}}],\"inLanguage\":\"de\"},{\"@type\":\"Person\",\"@id\":\"https:\/\/weltlaeden.de\/weissenhorn\/#\/schema\/person\/a54ab778984ca172a44d8286c0e76e78\",\"name\":\"weissenhorn\",\"image\":{\"@type\":\"ImageObject\",\"inLanguage\":\"de\",\"@id\":\"https:\/\/weltlaeden.de\/weissenhorn\/#\/schema\/person\/image\/\",\"url\":\"https:\/\/secure.gravatar.com\/avatar\/9094ba6a92e3b50222fd0796b579f81f?s=96&d=mm&r=g\",\"contentUrl\":\"https:\/\/secure.gravatar.com\/avatar\/9094ba6a92e3b50222fd0796b579f81f?s=96&d=mm&r=g\",\"caption\":\"weissenhorn\"}}]}<\/script>\n<!-- \/ Yoast SEO plugin. -->","yoast_head_json":{"title":"T\u00fcchervielfalt aus der Einen Welt - Weltladen Wei\u00dfenhorn","robots":{"index":"index","follow":"follow","max-snippet":"max-snippet:-1","max-image-preview":"max-image-preview:large","max-video-preview":"max-video-preview:-1"},"canonical":"https:\/\/weltlaeden.de\/weissenhorn\/tuechervielfalt-aus-der-einen-welt-3\/","og_locale":"de_DE","og_type":"article","og_title":"T\u00fcchervielfalt aus der Einen Welt - Weltladen Wei\u00dfenhorn","og_description":"FairProdukt des Monats T\u00fcchervielfalt aus der Einen Welt \u00a0 Schals aus Wolle, Baumwolle, Seide, Leinen und Viscose von Produzenten aus Indien, Nepal, Vietnam, Sri Lanka und Laos sind die FairProdukte des Monats April im Wei\u00dfenhorner Weltladen. Schals sind nicht nur ein praktisches und sch\u00f6nes Accessoire, sondern leisten vor allem w\u00e4hrend der \u00dcbergangszeit gute Dienste. Sie&hellip;","og_url":"https:\/\/weltlaeden.de\/weissenhorn\/tuechervielfalt-aus-der-einen-welt-3\/","og_site_name":"Weltladen Wei\u00dfenhorn","article_published_time":"2023-03-30T15:34:37+00:00","article_modified_time":"2023-03-30T15:36:31+00:00","author":"weissenhorn","twitter_card":"summary_large_image","twitter_misc":{"Verfasst von":"weissenhorn","Gesch\u00e4tzte Lesezeit":"1\u00a0Minute"},"schema":{"@context":"https:\/\/schema.org","@graph":[{"@type":"Article","@id":"https:\/\/weltlaeden.de\/weissenhorn\/tuechervielfalt-aus-der-einen-welt-3\/#article","isPartOf":{"@id":"https:\/\/weltlaeden.de\/weissenhorn\/tuechervielfalt-aus-der-einen-welt-3\/"},"author":{"name":"weissenhorn","@id":"https:\/\/weltlaeden.de\/weissenhorn\/#\/schema\/person\/a54ab778984ca172a44d8286c0e76e78"},"headline":"T\u00fcchervielfalt aus der Einen Welt","datePublished":"2023-03-30T15:34:37+00:00","dateModified":"2023-03-30T15:36:31+00:00","mainEntityOfPage":{"@id":"https:\/\/weltlaeden.de\/weissenhorn\/tuechervielfalt-aus-der-einen-welt-3\/"},"wordCount":283,"articleSection":["Produkt des Monats"],"inLanguage":"de"},{"@type":"WebPage","@id":"https:\/\/weltlaeden.de\/weissenhorn\/tuechervielfalt-aus-der-einen-welt-3\/","url":"https:\/\/weltlaeden.de\/weissenhorn\/tuechervielfalt-aus-der-einen-welt-3\/","name":"T\u00fcchervielfalt aus der Einen Welt - Weltladen Wei\u00dfenhorn","isPartOf":{"@id":"https:\/\/weltlaeden.de\/weissenhorn\/#website"},"datePublished":"2023-03-30T15:34:37+00:00","dateModified":"2023-03-30T15:36:31+00:00","author":{"@id":"https:\/\/weltlaeden.de\/weissenhorn\/#\/schema\/person\/a54ab778984ca172a44d8286c0e76e78"},"breadcrumb":{"@id":"https:\/\/weltlaeden.de\/weissenhorn\/tuechervielfalt-aus-der-einen-welt-3\/#breadcrumb"},"inLanguage":"de","potentialAction":[{"@type":"ReadAction","target":["https:\/\/weltlaeden.de\/weissenhorn\/tuechervielfalt-aus-der-einen-welt-3\/"]}]},{"@type":"BreadcrumbList","@id":"https:\/\/weltlaeden.de\/weissenhorn\/tuechervielfalt-aus-der-einen-welt-3\/#breadcrumb","itemListElement":[{"@type":"ListItem","position":1,"name":"Startseite","item":"https:\/\/weltlaeden.de\/weissenhorn\/"},{"@type":"ListItem","position":2,"name":"T\u00fcchervielfalt aus der Einen Welt"}]},{"@type":"WebSite","@id":"https:\/\/weltlaeden.de\/weissenhorn\/#website","url":"https:\/\/weltlaeden.de\/weissenhorn\/","name":"Weltladen Wei\u00dfenhorn","description":"Faire Produkte seit 1990","potentialAction":[{"@type":"SearchAction","target":{"@type":"EntryPoint","urlTemplate":"https:\/\/weltlaeden.de\/weissenhorn\/?s={search_term_string}"},"query-input":{"@type":"PropertyValueSpecification","valueRequired":true,"valueName":"search_term_string"}}],"inLanguage":"de"},{"@type":"Person","@id":"https:\/\/weltlaeden.de\/weissenhorn\/#\/schema\/person\/a54ab778984ca172a44d8286c0e76e78","name":"weissenhorn","image":{"@type":"ImageObject","inLanguage":"de","@id":"https:\/\/weltlaeden.de\/weissenhorn\/#\/schema\/person\/image\/","url":"https:\/\/secure.gravatar.com\/avatar\/9094ba6a92e3b50222fd0796b579f81f?s=96&d=mm&r=g","contentUrl":"https:\/\/secure.gravatar.com\/avatar\/9094ba6a92e3b50222fd0796b579f81f?s=96&d=mm&r=g","caption":"weissenhorn"}}]}},"_links":{"self":[{"href":"https:\/\/weltlaeden.de\/weissenhorn\/wp-json\/wp\/v2\/posts\/908","targetHints":{"allow":["GET"]}}],"collection":[{"href":"https:\/\/weltlaeden.de\/weissenhorn\/wp-json\/wp\/v2\/posts"}],"about":[{"href":"https:\/\/weltlaeden.de\/weissenhorn\/wp-json\/wp\/v2\/types\/post"}],"author":[{"embeddable":true,"href":"https:\/\/weltlaeden.de\/weissenhorn\/wp-json\/wp\/v2\/users\/191"}],"replies":[{"embeddable":true,"href":"https:\/\/weltlaeden.de\/weissenhorn\/wp-json\/wp\/v2\/comments?post=908"}],"version-history":[{"count":3,"href":"https:\/\/weltlaeden.de\/weissenhorn\/wp-json\/wp\/v2\/posts\/908\/revisions"}],"predecessor-version":[{"id":911,"href":"https:\/\/weltlaeden.de\/weissenhorn\/wp-json\/wp\/v2\/posts\/908\/revisions\/911"}],"wp:attachment":[{"href":"https:\/\/weltlaeden.de\/weissenhorn\/wp-json\/wp\/v2\/media?parent=908"}],"wp:term":[{"taxonomy":"category","embeddable":true,"href":"https:\/\/weltlaeden.de\/weissenhorn\/wp-json\/wp\/v2\/categories?post=908"},{"taxonomy":"post_tag","embeddable":true,"href":"https:\/\/weltlaeden.de\/weissenhorn\/wp-json\/wp\/v2\/tags?post=908"}],"curies":[{"name":"wp","href":"https:\/\/api.w.org\/{rel}","templated":true}]}}