{"id":875,"date":"2022-12-04T14:17:59","date_gmt":"2022-12-04T13:17:59","guid":{"rendered":"https:\/\/weltlaeden.de\/weissenhorn\/?p=875"},"modified":"2022-12-04T14:21:29","modified_gmt":"2022-12-04T13:21:29","slug":"hinweis-erweiterte-oeffnungszeit-in-der-weihnachtszeit","status":"publish","type":"post","link":"https:\/\/weltlaeden.de\/weissenhorn\/hinweis-erweiterte-oeffnungszeit-in-der-weihnachtszeit\/","title":{"rendered":"Hinweis  erweiterte \u00d6ffnungszeit in der Weihnachtszeit !!!"},"content":{"rendered":"<p>&nbsp;<\/p>\n<h1 style=\"text-align: center\"><span style=\"color: #ff9900\">in der Weihnachtszeit ist unser Weltladen nun auch<\/span><\/h1>\n<h1 style=\"text-align: center\"><span style=\"color: #ff9900\"> Montags von 14 bis 18:Uhr ge\u00f6ffnet !!<\/span><\/h1>\n","protected":false},"excerpt":{"rendered":"<p>&nbsp; in der Weihnachtszeit ist unser Weltladen nun auch Montags von 14 bis 18:Uhr ge\u00f6ffnet !!<\/p>\n","protected":false},"author":191,"featured_media":0,"comment_status":"closed","ping_status":"closed","sticky":false,"template":"","format":"standard","meta":{"footnotes":""},"categories":[8],"tags":[],"class_list":["post-875","post","type-post","status-publish","format-standard","hentry","category-neues","category-8","description-off"],"yoast_head":"<!-- This site is optimized with the Yoast SEO plugin v26.8 - https:\/\/yoast.com\/product\/yoast-seo-wordpress\/ -->\n<title>Hinweis erweiterte \u00d6ffnungszeit in der Weihnachtszeit !!! - Weltladen Wei\u00dfenhorn<\/title>\n<meta name=\"robots\" content=\"index, follow, max-snippet:-1, max-image-preview:large, max-video-preview:-1\" \/>\n<link rel=\"canonical\" href=\"https:\/\/weltlaeden.de\/weissenhorn\/hinweis-erweiterte-oeffnungszeit-in-der-weihnachtszeit\/\" \/>\n<meta property=\"og:locale\" content=\"de_DE\" \/>\n<meta property=\"og:type\" content=\"article\" \/>\n<meta property=\"og:title\" content=\"Hinweis erweiterte \u00d6ffnungszeit in der Weihnachtszeit !!! - Weltladen Wei\u00dfenhorn\" \/>\n<meta property=\"og:description\" content=\"&nbsp; in der Weihnachtszeit ist unser Weltladen nun auch Montags von 14 bis 18:Uhr ge\u00f6ffnet !!\" \/>\n<meta property=\"og:url\" content=\"https:\/\/weltlaeden.de\/weissenhorn\/hinweis-erweiterte-oeffnungszeit-in-der-weihnachtszeit\/\" \/>\n<meta property=\"og:site_name\" content=\"Weltladen Wei\u00dfenhorn\" \/>\n<meta property=\"article:published_time\" content=\"2022-12-04T13:17:59+00:00\" \/>\n<meta property=\"article:modified_time\" content=\"2022-12-04T13:21:29+00:00\" \/>\n<meta name=\"author\" content=\"weissenhorn\" \/>\n<meta name=\"twitter:card\" content=\"summary_large_image\" \/>\n<meta name=\"twitter:label1\" content=\"Verfasst von\" \/>\n\t<meta name=\"twitter:data1\" content=\"weissenhorn\" \/>\n<script type=\"application\/ld+json\" class=\"yoast-schema-graph\">{\"@context\":\"https:\/\/schema.org\",\"@graph\":[{\"@type\":\"Article\",\"@id\":\"https:\/\/weltlaeden.de\/weissenhorn\/hinweis-erweiterte-oeffnungszeit-in-der-weihnachtszeit\/#article\",\"isPartOf\":{\"@id\":\"https:\/\/weltlaeden.de\/weissenhorn\/hinweis-erweiterte-oeffnungszeit-in-der-weihnachtszeit\/\"},\"author\":{\"name\":\"weissenhorn\",\"@id\":\"https:\/\/weltlaeden.de\/weissenhorn\/#\/schema\/person\/a54ab778984ca172a44d8286c0e76e78\"},\"headline\":\"Hinweis erweiterte \u00d6ffnungszeit in der Weihnachtszeit !!!\",\"datePublished\":\"2022-12-04T13:17:59+00:00\",\"dateModified\":\"2022-12-04T13:21:29+00:00\",\"mainEntityOfPage\":{\"@id\":\"https:\/\/weltlaeden.de\/weissenhorn\/hinweis-erweiterte-oeffnungszeit-in-der-weihnachtszeit\/\"},\"wordCount\":21,\"articleSection\":[\"Neuigkeiten\"],\"inLanguage\":\"de\"},{\"@type\":\"WebPage\",\"@id\":\"https:\/\/weltlaeden.de\/weissenhorn\/hinweis-erweiterte-oeffnungszeit-in-der-weihnachtszeit\/\",\"url\":\"https:\/\/weltlaeden.de\/weissenhorn\/hinweis-erweiterte-oeffnungszeit-in-der-weihnachtszeit\/\",\"name\":\"Hinweis erweiterte \u00d6ffnungszeit in der Weihnachtszeit !!! - Weltladen Wei\u00dfenhorn\",\"isPartOf\":{\"@id\":\"https:\/\/weltlaeden.de\/weissenhorn\/#website\"},\"datePublished\":\"2022-12-04T13:17:59+00:00\",\"dateModified\":\"2022-12-04T13:21:29+00:00\",\"author\":{\"@id\":\"https:\/\/weltlaeden.de\/weissenhorn\/#\/schema\/person\/a54ab778984ca172a44d8286c0e76e78\"},\"breadcrumb\":{\"@id\":\"https:\/\/weltlaeden.de\/weissenhorn\/hinweis-erweiterte-oeffnungszeit-in-der-weihnachtszeit\/#breadcrumb\"},\"inLanguage\":\"de\",\"potentialAction\":[{\"@type\":\"ReadAction\",\"target\":[\"https:\/\/weltlaeden.de\/weissenhorn\/hinweis-erweiterte-oeffnungszeit-in-der-weihnachtszeit\/\"]}]},{\"@type\":\"BreadcrumbList\",\"@id\":\"https:\/\/weltlaeden.de\/weissenhorn\/hinweis-erweiterte-oeffnungszeit-in-der-weihnachtszeit\/#breadcrumb\",\"itemListElement\":[{\"@type\":\"ListItem\",\"position\":1,\"name\":\"Startseite\",\"item\":\"https:\/\/weltlaeden.de\/weissenhorn\/\"},{\"@type\":\"ListItem\",\"position\":2,\"name\":\"Hinweis erweiterte \u00d6ffnungszeit in der Weihnachtszeit !!!\"}]},{\"@type\":\"WebSite\",\"@id\":\"https:\/\/weltlaeden.de\/weissenhorn\/#website\",\"url\":\"https:\/\/weltlaeden.de\/weissenhorn\/\",\"name\":\"Weltladen Wei\u00dfenhorn\",\"description\":\"Faire Produkte seit 1990\",\"potentialAction\":[{\"@type\":\"SearchAction\",\"target\":{\"@type\":\"EntryPoint\",\"urlTemplate\":\"https:\/\/weltlaeden.de\/weissenhorn\/?s={search_term_string}\"},\"query-input\":{\"@type\":\"PropertyValueSpecification\",\"valueRequired\":true,\"valueName\":\"search_term_string\"}}],\"inLanguage\":\"de\"},{\"@type\":\"Person\",\"@id\":\"https:\/\/weltlaeden.de\/weissenhorn\/#\/schema\/person\/a54ab778984ca172a44d8286c0e76e78\",\"name\":\"weissenhorn\",\"image\":{\"@type\":\"ImageObject\",\"inLanguage\":\"de\",\"@id\":\"https:\/\/weltlaeden.de\/weissenhorn\/#\/schema\/person\/image\/\",\"url\":\"https:\/\/secure.gravatar.com\/avatar\/9094ba6a92e3b50222fd0796b579f81f?s=96&d=mm&r=g\",\"contentUrl\":\"https:\/\/secure.gravatar.com\/avatar\/9094ba6a92e3b50222fd0796b579f81f?s=96&d=mm&r=g\",\"caption\":\"weissenhorn\"}}]}<\/script>\n<!-- \/ Yoast SEO plugin. -->","yoast_head_json":{"title":"Hinweis erweiterte \u00d6ffnungszeit in der Weihnachtszeit !!! - Weltladen Wei\u00dfenhorn","robots":{"index":"index","follow":"follow","max-snippet":"max-snippet:-1","max-image-preview":"max-image-preview:large","max-video-preview":"max-video-preview:-1"},"canonical":"https:\/\/weltlaeden.de\/weissenhorn\/hinweis-erweiterte-oeffnungszeit-in-der-weihnachtszeit\/","og_locale":"de_DE","og_type":"article","og_title":"Hinweis erweiterte \u00d6ffnungszeit in der Weihnachtszeit !!! - Weltladen Wei\u00dfenhorn","og_description":"&nbsp; in der Weihnachtszeit ist unser Weltladen nun auch Montags von 14 bis 18:Uhr ge\u00f6ffnet !!","og_url":"https:\/\/weltlaeden.de\/weissenhorn\/hinweis-erweiterte-oeffnungszeit-in-der-weihnachtszeit\/","og_site_name":"Weltladen Wei\u00dfenhorn","article_published_time":"2022-12-04T13:17:59+00:00","article_modified_time":"2022-12-04T13:21:29+00:00","author":"weissenhorn","twitter_card":"summary_large_image","twitter_misc":{"Verfasst von":"weissenhorn"},"schema":{"@context":"https:\/\/schema.org","@graph":[{"@type":"Article","@id":"https:\/\/weltlaeden.de\/weissenhorn\/hinweis-erweiterte-oeffnungszeit-in-der-weihnachtszeit\/#article","isPartOf":{"@id":"https:\/\/weltlaeden.de\/weissenhorn\/hinweis-erweiterte-oeffnungszeit-in-der-weihnachtszeit\/"},"author":{"name":"weissenhorn","@id":"https:\/\/weltlaeden.de\/weissenhorn\/#\/schema\/person\/a54ab778984ca172a44d8286c0e76e78"},"headline":"Hinweis erweiterte \u00d6ffnungszeit in der Weihnachtszeit !!!","datePublished":"2022-12-04T13:17:59+00:00","dateModified":"2022-12-04T13:21:29+00:00","mainEntityOfPage":{"@id":"https:\/\/weltlaeden.de\/weissenhorn\/hinweis-erweiterte-oeffnungszeit-in-der-weihnachtszeit\/"},"wordCount":21,"articleSection":["Neuigkeiten"],"inLanguage":"de"},{"@type":"WebPage","@id":"https:\/\/weltlaeden.de\/weissenhorn\/hinweis-erweiterte-oeffnungszeit-in-der-weihnachtszeit\/","url":"https:\/\/weltlaeden.de\/weissenhorn\/hinweis-erweiterte-oeffnungszeit-in-der-weihnachtszeit\/","name":"Hinweis erweiterte \u00d6ffnungszeit in der Weihnachtszeit !!! - Weltladen Wei\u00dfenhorn","isPartOf":{"@id":"https:\/\/weltlaeden.de\/weissenhorn\/#website"},"datePublished":"2022-12-04T13:17:59+00:00","dateModified":"2022-12-04T13:21:29+00:00","author":{"@id":"https:\/\/weltlaeden.de\/weissenhorn\/#\/schema\/person\/a54ab778984ca172a44d8286c0e76e78"},"breadcrumb":{"@id":"https:\/\/weltlaeden.de\/weissenhorn\/hinweis-erweiterte-oeffnungszeit-in-der-weihnachtszeit\/#breadcrumb"},"inLanguage":"de","potentialAction":[{"@type":"ReadAction","target":["https:\/\/weltlaeden.de\/weissenhorn\/hinweis-erweiterte-oeffnungszeit-in-der-weihnachtszeit\/"]}]},{"@type":"BreadcrumbList","@id":"https:\/\/weltlaeden.de\/weissenhorn\/hinweis-erweiterte-oeffnungszeit-in-der-weihnachtszeit\/#breadcrumb","itemListElement":[{"@type":"ListItem","position":1,"name":"Startseite","item":"https:\/\/weltlaeden.de\/weissenhorn\/"},{"@type":"ListItem","position":2,"name":"Hinweis erweiterte \u00d6ffnungszeit in der Weihnachtszeit !!!"}]},{"@type":"WebSite","@id":"https:\/\/weltlaeden.de\/weissenhorn\/#website","url":"https:\/\/weltlaeden.de\/weissenhorn\/","name":"Weltladen Wei\u00dfenhorn","description":"Faire Produkte seit 1990","potentialAction":[{"@type":"SearchAction","target":{"@type":"EntryPoint","urlTemplate":"https:\/\/weltlaeden.de\/weissenhorn\/?s={search_term_string}"},"query-input":{"@type":"PropertyValueSpecification","valueRequired":true,"valueName":"search_term_string"}}],"inLanguage":"de"},{"@type":"Person","@id":"https:\/\/weltlaeden.de\/weissenhorn\/#\/schema\/person\/a54ab778984ca172a44d8286c0e76e78","name":"weissenhorn","image":{"@type":"ImageObject","inLanguage":"de","@id":"https:\/\/weltlaeden.de\/weissenhorn\/#\/schema\/person\/image\/","url":"https:\/\/secure.gravatar.com\/avatar\/9094ba6a92e3b50222fd0796b579f81f?s=96&d=mm&r=g","contentUrl":"https:\/\/secure.gravatar.com\/avatar\/9094ba6a92e3b50222fd0796b579f81f?s=96&d=mm&r=g","caption":"weissenhorn"}}]}},"_links":{"self":[{"href":"https:\/\/weltlaeden.de\/weissenhorn\/wp-json\/wp\/v2\/posts\/875","targetHints":{"allow":["GET"]}}],"collection":[{"href":"https:\/\/weltlaeden.de\/weissenhorn\/wp-json\/wp\/v2\/posts"}],"about":[{"href":"https:\/\/weltlaeden.de\/weissenhorn\/wp-json\/wp\/v2\/types\/post"}],"author":[{"embeddable":true,"href":"https:\/\/weltlaeden.de\/weissenhorn\/wp-json\/wp\/v2\/users\/191"}],"replies":[{"embeddable":true,"href":"https:\/\/weltlaeden.de\/weissenhorn\/wp-json\/wp\/v2\/comments?post=875"}],"version-history":[{"count":2,"href":"https:\/\/weltlaeden.de\/weissenhorn\/wp-json\/wp\/v2\/posts\/875\/revisions"}],"predecessor-version":[{"id":877,"href":"https:\/\/weltlaeden.de\/weissenhorn\/wp-json\/wp\/v2\/posts\/875\/revisions\/877"}],"wp:attachment":[{"href":"https:\/\/weltlaeden.de\/weissenhorn\/wp-json\/wp\/v2\/media?parent=875"}],"wp:term":[{"taxonomy":"category","embeddable":true,"href":"https:\/\/weltlaeden.de\/weissenhorn\/wp-json\/wp\/v2\/categories?post=875"},{"taxonomy":"post_tag","embeddable":true,"href":"https:\/\/weltlaeden.de\/weissenhorn\/wp-json\/wp\/v2\/tags?post=875"}],"curies":[{"name":"wp","href":"https:\/\/api.w.org\/{rel}","templated":true}]}}