{"id":862,"date":"2022-10-17T12:16:06","date_gmt":"2022-10-17T10:16:06","guid":{"rendered":"https:\/\/weltlaeden.de\/weissenhorn\/?p=862"},"modified":"2022-10-17T12:18:45","modified_gmt":"2022-10-17T10:18:45","slug":"feedback-mitarbeiter-fortbildung-des-weltladens-vom-8-oktober-2022","status":"publish","type":"post","link":"https:\/\/weltlaeden.de\/weissenhorn\/feedback-mitarbeiter-fortbildung-des-weltladens-vom-8-oktober-2022\/","title":{"rendered":"Feedback Mitarbeiter Fortbildung des Weltladens vom 8.Oktober 2022"},"content":{"rendered":"<h2 class=\"p1\"><span style=\"color: #ff6600\"><strong>Palm(kern)\u00f6l \u2013 Fluch oder Segen?<\/strong><\/span><\/h2>\n<h3 class=\"p2\">Zu diesem Thema konnte Franz Snehotta, Vorstand im Weltladenverein, 21 Mitarbeiterinnen des Wei\u00dfenhorner Weltladens am Samstag, 8. Oktober 2022<span class=\"Apple-converted-space\">\u00a0 <\/span>zur diesj\u00e4hrigen Mitarbeiterfortbildung im Augustanazentrum begr\u00fc\u00dfen.<\/h3>\n<h3 class=\"p2\">Die Referentin, Frau Anastasia Gas\u00f3 vom EineWeltNetzwerk Bayern hatte einen gro\u00dfen Koffer voll mit Produkten und Infos zum Palm\u00f6l mitgebracht.<\/h3>\n<h3 class=\"p2\">Wie es gewonnen, verarbeitet und verwendet wird, welche Chancen, aber auch welche Nachteile es mit sich bringt, erfuhr das Mitarbeiterteam in Kurzvortr\u00e4gen und abwechslungsreicher Gruppenarbeit.<\/h3>\n<h3 class=\"p2\">In der Produktpalette unserer Superm\u00e4rkte kommt dieses vielseitige Pflanzen\u00f6l in nahezu jedem zweiten Artikel vor.<\/h3>\n<h3 class=\"p2\">Wir finden es in all seinen Facetten in Fertigprodukten, S\u00fc\u00dfigkeiten, Pflegeartikeln, Waschmitteln, Kerzen und vielem mehr.<\/h3>\n<h3 class=\"p2\">Die Vorteile, die die \u00d6lpalme mit ihren Fr\u00fcchten und Kernen liefert, liegen in dem hohen Ertrag und der enormen Vielseitigkeit der Verwendung, wodurch Palm(kern)\u00f6l f\u00fcr viele unserer Produkte unverzichtbar erscheint.<\/h3>\n<h3 class=\"p2\">Jedoch d\u00fcrfen die Nachteile nicht au\u00dfer Acht gelassen werden, denn den ausgedehnten \u00d6lpalmen-Plantagen fallen gro\u00dfe Gebiete des Regenwaldes und der Tropen zum Opfer.<\/h3>\n<h3 class=\"p2\">Der Einsatz von Pestiziden belastet zunehmend Mensch und Umwelt. Auch schm\u00e4lern die hohe Nachfrage und Produktion die Arbeitsbedingungen in erheblichem Ma\u00dfe, die Lebensgrundlagen gehen verloren.<\/h3>\n<h3><\/h3>\n<h3 class=\"p2\">Was bleibt zu tun? Auch Produkte des Weltladens enthalten mitunter den Rohstoff Palm\u00f6l. Die Verantwortlichen beim Einkauf der Waren achten jedoch darauf, dass das Palm\u00f6l aus zertifizierten Betrieben kommt, die bei der Produktion und im fairen Handel auf menschenw\u00fcrdige Bedingungen h\u00f6chsten Wert legen und die den Schutz des Klimas und der Umwelt unserem Konsum und dem Profit nicht unterordnen.<\/h3>\n<p class=\"p2\">(Iris Konrad \u2013 Mak, f\u00fcr den Weltladen Wei\u00dfenhorn)<\/p>\n","protected":false},"excerpt":{"rendered":"<p>Palm(kern)\u00f6l \u2013 Fluch oder Segen? Zu diesem Thema konnte Franz Snehotta, Vorstand im Weltladenverein, 21 Mitarbeiterinnen des Wei\u00dfenhorner Weltladens am Samstag, 8. Oktober 2022\u00a0 zur diesj\u00e4hrigen Mitarbeiterfortbildung im Augustanazentrum begr\u00fc\u00dfen. Die Referentin, Frau Anastasia Gas\u00f3 vom EineWeltNetzwerk Bayern hatte einen gro\u00dfen Koffer voll mit Produkten und Infos zum Palm\u00f6l mitgebracht. Wie es gewonnen, verarbeitet und&hellip;<\/p>\n","protected":false},"author":191,"featured_media":863,"comment_status":"closed","ping_status":"closed","sticky":false,"template":"","format":"standard","meta":{"footnotes":""},"categories":[8],"tags":[],"class_list":["post-862","post","type-post","status-publish","format-standard","has-post-thumbnail","hentry","category-neues","category-8","description-off"],"yoast_head":"<!-- This site is optimized with the Yoast SEO plugin v26.8 - https:\/\/yoast.com\/product\/yoast-seo-wordpress\/ -->\n<title>Feedback Mitarbeiter Fortbildung des Weltladens vom 8.Oktober 2022 - Weltladen Wei\u00dfenhorn<\/title>\n<meta name=\"robots\" content=\"index, follow, max-snippet:-1, max-image-preview:large, max-video-preview:-1\" \/>\n<link rel=\"canonical\" href=\"https:\/\/weltlaeden.de\/weissenhorn\/feedback-mitarbeiter-fortbildung-des-weltladens-vom-8-oktober-2022\/\" \/>\n<meta property=\"og:locale\" content=\"de_DE\" \/>\n<meta property=\"og:type\" content=\"article\" \/>\n<meta property=\"og:title\" content=\"Feedback Mitarbeiter Fortbildung des Weltladens vom 8.Oktober 2022 - Weltladen Wei\u00dfenhorn\" \/>\n<meta property=\"og:description\" content=\"Palm(kern)\u00f6l \u2013 Fluch oder Segen? Zu diesem Thema konnte Franz Snehotta, Vorstand im Weltladenverein, 21 Mitarbeiterinnen des Wei\u00dfenhorner Weltladens am Samstag, 8. Oktober 2022\u00a0 zur diesj\u00e4hrigen Mitarbeiterfortbildung im Augustanazentrum begr\u00fc\u00dfen. Die Referentin, Frau Anastasia Gas\u00f3 vom EineWeltNetzwerk Bayern hatte einen gro\u00dfen Koffer voll mit Produkten und Infos zum Palm\u00f6l mitgebracht. Wie es gewonnen, verarbeitet und&hellip;\" \/>\n<meta property=\"og:url\" content=\"https:\/\/weltlaeden.de\/weissenhorn\/feedback-mitarbeiter-fortbildung-des-weltladens-vom-8-oktober-2022\/\" \/>\n<meta property=\"og:site_name\" content=\"Weltladen Wei\u00dfenhorn\" \/>\n<meta property=\"article:published_time\" content=\"2022-10-17T10:16:06+00:00\" \/>\n<meta property=\"article:modified_time\" content=\"2022-10-17T10:18:45+00:00\" \/>\n<meta property=\"og:image\" content=\"https:\/\/weltlaeden.de\/weissenhorn\/wp-content\/uploads\/sites\/129\/2022\/10\/2EC9E007-C2A3-41A3-B7A6-4200E471F560_1_105_c-e1666001895858.jpeg\" \/>\n\t<meta property=\"og:image:width\" content=\"1016\" \/>\n\t<meta property=\"og:image:height\" content=\"652\" \/>\n\t<meta property=\"og:image:type\" content=\"image\/jpeg\" \/>\n<meta name=\"author\" content=\"weissenhorn\" \/>\n<meta name=\"twitter:card\" content=\"summary_large_image\" \/>\n<meta name=\"twitter:label1\" content=\"Verfasst von\" \/>\n\t<meta name=\"twitter:data1\" content=\"weissenhorn\" \/>\n\t<meta name=\"twitter:label2\" content=\"Gesch\u00e4tzte Lesezeit\" \/>\n\t<meta name=\"twitter:data2\" content=\"1\u00a0Minute\" \/>\n<script type=\"application\/ld+json\" class=\"yoast-schema-graph\">{\"@context\":\"https:\/\/schema.org\",\"@graph\":[{\"@type\":\"Article\",\"@id\":\"https:\/\/weltlaeden.de\/weissenhorn\/feedback-mitarbeiter-fortbildung-des-weltladens-vom-8-oktober-2022\/#article\",\"isPartOf\":{\"@id\":\"https:\/\/weltlaeden.de\/weissenhorn\/feedback-mitarbeiter-fortbildung-des-weltladens-vom-8-oktober-2022\/\"},\"author\":{\"name\":\"weissenhorn\",\"@id\":\"https:\/\/weltlaeden.de\/weissenhorn\/#\/schema\/person\/a54ab778984ca172a44d8286c0e76e78\"},\"headline\":\"Feedback Mitarbeiter Fortbildung des Weltladens vom 8.Oktober 2022\",\"datePublished\":\"2022-10-17T10:16:06+00:00\",\"dateModified\":\"2022-10-17T10:18:45+00:00\",\"mainEntityOfPage\":{\"@id\":\"https:\/\/weltlaeden.de\/weissenhorn\/feedback-mitarbeiter-fortbildung-des-weltladens-vom-8-oktober-2022\/\"},\"wordCount\":279,\"image\":{\"@id\":\"https:\/\/weltlaeden.de\/weissenhorn\/feedback-mitarbeiter-fortbildung-des-weltladens-vom-8-oktober-2022\/#primaryimage\"},\"thumbnailUrl\":\"https:\/\/weltlaeden.de\/weissenhorn\/wp-content\/uploads\/sites\/129\/2022\/10\/2EC9E007-C2A3-41A3-B7A6-4200E471F560_1_105_c-e1666001895858.jpeg\",\"articleSection\":[\"Neuigkeiten\"],\"inLanguage\":\"de\"},{\"@type\":\"WebPage\",\"@id\":\"https:\/\/weltlaeden.de\/weissenhorn\/feedback-mitarbeiter-fortbildung-des-weltladens-vom-8-oktober-2022\/\",\"url\":\"https:\/\/weltlaeden.de\/weissenhorn\/feedback-mitarbeiter-fortbildung-des-weltladens-vom-8-oktober-2022\/\",\"name\":\"Feedback Mitarbeiter Fortbildung des Weltladens vom 8.Oktober 2022 - Weltladen Wei\u00dfenhorn\",\"isPartOf\":{\"@id\":\"https:\/\/weltlaeden.de\/weissenhorn\/#website\"},\"primaryImageOfPage\":{\"@id\":\"https:\/\/weltlaeden.de\/weissenhorn\/feedback-mitarbeiter-fortbildung-des-weltladens-vom-8-oktober-2022\/#primaryimage\"},\"image\":{\"@id\":\"https:\/\/weltlaeden.de\/weissenhorn\/feedback-mitarbeiter-fortbildung-des-weltladens-vom-8-oktober-2022\/#primaryimage\"},\"thumbnailUrl\":\"https:\/\/weltlaeden.de\/weissenhorn\/wp-content\/uploads\/sites\/129\/2022\/10\/2EC9E007-C2A3-41A3-B7A6-4200E471F560_1_105_c-e1666001895858.jpeg\",\"datePublished\":\"2022-10-17T10:16:06+00:00\",\"dateModified\":\"2022-10-17T10:18:45+00:00\",\"author\":{\"@id\":\"https:\/\/weltlaeden.de\/weissenhorn\/#\/schema\/person\/a54ab778984ca172a44d8286c0e76e78\"},\"breadcrumb\":{\"@id\":\"https:\/\/weltlaeden.de\/weissenhorn\/feedback-mitarbeiter-fortbildung-des-weltladens-vom-8-oktober-2022\/#breadcrumb\"},\"inLanguage\":\"de\",\"potentialAction\":[{\"@type\":\"ReadAction\",\"target\":[\"https:\/\/weltlaeden.de\/weissenhorn\/feedback-mitarbeiter-fortbildung-des-weltladens-vom-8-oktober-2022\/\"]}]},{\"@type\":\"ImageObject\",\"inLanguage\":\"de\",\"@id\":\"https:\/\/weltlaeden.de\/weissenhorn\/feedback-mitarbeiter-fortbildung-des-weltladens-vom-8-oktober-2022\/#primaryimage\",\"url\":\"https:\/\/weltlaeden.de\/weissenhorn\/wp-content\/uploads\/sites\/129\/2022\/10\/2EC9E007-C2A3-41A3-B7A6-4200E471F560_1_105_c-e1666001895858.jpeg\",\"contentUrl\":\"https:\/\/weltlaeden.de\/weissenhorn\/wp-content\/uploads\/sites\/129\/2022\/10\/2EC9E007-C2A3-41A3-B7A6-4200E471F560_1_105_c-e1666001895858.jpeg\",\"width\":1016,\"height\":652},{\"@type\":\"BreadcrumbList\",\"@id\":\"https:\/\/weltlaeden.de\/weissenhorn\/feedback-mitarbeiter-fortbildung-des-weltladens-vom-8-oktober-2022\/#breadcrumb\",\"itemListElement\":[{\"@type\":\"ListItem\",\"position\":1,\"name\":\"Startseite\",\"item\":\"https:\/\/weltlaeden.de\/weissenhorn\/\"},{\"@type\":\"ListItem\",\"position\":2,\"name\":\"Feedback Mitarbeiter Fortbildung des Weltladens vom 8.Oktober 2022\"}]},{\"@type\":\"WebSite\",\"@id\":\"https:\/\/weltlaeden.de\/weissenhorn\/#website\",\"url\":\"https:\/\/weltlaeden.de\/weissenhorn\/\",\"name\":\"Weltladen Wei\u00dfenhorn\",\"description\":\"Faire Produkte seit 1990\",\"potentialAction\":[{\"@type\":\"SearchAction\",\"target\":{\"@type\":\"EntryPoint\",\"urlTemplate\":\"https:\/\/weltlaeden.de\/weissenhorn\/?s={search_term_string}\"},\"query-input\":{\"@type\":\"PropertyValueSpecification\",\"valueRequired\":true,\"valueName\":\"search_term_string\"}}],\"inLanguage\":\"de\"},{\"@type\":\"Person\",\"@id\":\"https:\/\/weltlaeden.de\/weissenhorn\/#\/schema\/person\/a54ab778984ca172a44d8286c0e76e78\",\"name\":\"weissenhorn\",\"image\":{\"@type\":\"ImageObject\",\"inLanguage\":\"de\",\"@id\":\"https:\/\/weltlaeden.de\/weissenhorn\/#\/schema\/person\/image\/\",\"url\":\"https:\/\/secure.gravatar.com\/avatar\/9094ba6a92e3b50222fd0796b579f81f?s=96&d=mm&r=g\",\"contentUrl\":\"https:\/\/secure.gravatar.com\/avatar\/9094ba6a92e3b50222fd0796b579f81f?s=96&d=mm&r=g\",\"caption\":\"weissenhorn\"}}]}<\/script>\n<!-- \/ Yoast SEO plugin. -->","yoast_head_json":{"title":"Feedback Mitarbeiter Fortbildung des Weltladens vom 8.Oktober 2022 - Weltladen Wei\u00dfenhorn","robots":{"index":"index","follow":"follow","max-snippet":"max-snippet:-1","max-image-preview":"max-image-preview:large","max-video-preview":"max-video-preview:-1"},"canonical":"https:\/\/weltlaeden.de\/weissenhorn\/feedback-mitarbeiter-fortbildung-des-weltladens-vom-8-oktober-2022\/","og_locale":"de_DE","og_type":"article","og_title":"Feedback Mitarbeiter Fortbildung des Weltladens vom 8.Oktober 2022 - Weltladen Wei\u00dfenhorn","og_description":"Palm(kern)\u00f6l \u2013 Fluch oder Segen? Zu diesem Thema konnte Franz Snehotta, Vorstand im Weltladenverein, 21 Mitarbeiterinnen des Wei\u00dfenhorner Weltladens am Samstag, 8. Oktober 2022\u00a0 zur diesj\u00e4hrigen Mitarbeiterfortbildung im Augustanazentrum begr\u00fc\u00dfen. Die Referentin, Frau Anastasia Gas\u00f3 vom EineWeltNetzwerk Bayern hatte einen gro\u00dfen Koffer voll mit Produkten und Infos zum Palm\u00f6l mitgebracht. Wie es gewonnen, verarbeitet und&hellip;","og_url":"https:\/\/weltlaeden.de\/weissenhorn\/feedback-mitarbeiter-fortbildung-des-weltladens-vom-8-oktober-2022\/","og_site_name":"Weltladen Wei\u00dfenhorn","article_published_time":"2022-10-17T10:16:06+00:00","article_modified_time":"2022-10-17T10:18:45+00:00","og_image":[{"width":1016,"height":652,"url":"https:\/\/weltlaeden.de\/weissenhorn\/wp-content\/uploads\/sites\/129\/2022\/10\/2EC9E007-C2A3-41A3-B7A6-4200E471F560_1_105_c-e1666001895858.jpeg","type":"image\/jpeg"}],"author":"weissenhorn","twitter_card":"summary_large_image","twitter_misc":{"Verfasst von":"weissenhorn","Gesch\u00e4tzte Lesezeit":"1\u00a0Minute"},"schema":{"@context":"https:\/\/schema.org","@graph":[{"@type":"Article","@id":"https:\/\/weltlaeden.de\/weissenhorn\/feedback-mitarbeiter-fortbildung-des-weltladens-vom-8-oktober-2022\/#article","isPartOf":{"@id":"https:\/\/weltlaeden.de\/weissenhorn\/feedback-mitarbeiter-fortbildung-des-weltladens-vom-8-oktober-2022\/"},"author":{"name":"weissenhorn","@id":"https:\/\/weltlaeden.de\/weissenhorn\/#\/schema\/person\/a54ab778984ca172a44d8286c0e76e78"},"headline":"Feedback Mitarbeiter Fortbildung des Weltladens vom 8.Oktober 2022","datePublished":"2022-10-17T10:16:06+00:00","dateModified":"2022-10-17T10:18:45+00:00","mainEntityOfPage":{"@id":"https:\/\/weltlaeden.de\/weissenhorn\/feedback-mitarbeiter-fortbildung-des-weltladens-vom-8-oktober-2022\/"},"wordCount":279,"image":{"@id":"https:\/\/weltlaeden.de\/weissenhorn\/feedback-mitarbeiter-fortbildung-des-weltladens-vom-8-oktober-2022\/#primaryimage"},"thumbnailUrl":"https:\/\/weltlaeden.de\/weissenhorn\/wp-content\/uploads\/sites\/129\/2022\/10\/2EC9E007-C2A3-41A3-B7A6-4200E471F560_1_105_c-e1666001895858.jpeg","articleSection":["Neuigkeiten"],"inLanguage":"de"},{"@type":"WebPage","@id":"https:\/\/weltlaeden.de\/weissenhorn\/feedback-mitarbeiter-fortbildung-des-weltladens-vom-8-oktober-2022\/","url":"https:\/\/weltlaeden.de\/weissenhorn\/feedback-mitarbeiter-fortbildung-des-weltladens-vom-8-oktober-2022\/","name":"Feedback Mitarbeiter Fortbildung des Weltladens vom 8.Oktober 2022 - Weltladen Wei\u00dfenhorn","isPartOf":{"@id":"https:\/\/weltlaeden.de\/weissenhorn\/#website"},"primaryImageOfPage":{"@id":"https:\/\/weltlaeden.de\/weissenhorn\/feedback-mitarbeiter-fortbildung-des-weltladens-vom-8-oktober-2022\/#primaryimage"},"image":{"@id":"https:\/\/weltlaeden.de\/weissenhorn\/feedback-mitarbeiter-fortbildung-des-weltladens-vom-8-oktober-2022\/#primaryimage"},"thumbnailUrl":"https:\/\/weltlaeden.de\/weissenhorn\/wp-content\/uploads\/sites\/129\/2022\/10\/2EC9E007-C2A3-41A3-B7A6-4200E471F560_1_105_c-e1666001895858.jpeg","datePublished":"2022-10-17T10:16:06+00:00","dateModified":"2022-10-17T10:18:45+00:00","author":{"@id":"https:\/\/weltlaeden.de\/weissenhorn\/#\/schema\/person\/a54ab778984ca172a44d8286c0e76e78"},"breadcrumb":{"@id":"https:\/\/weltlaeden.de\/weissenhorn\/feedback-mitarbeiter-fortbildung-des-weltladens-vom-8-oktober-2022\/#breadcrumb"},"inLanguage":"de","potentialAction":[{"@type":"ReadAction","target":["https:\/\/weltlaeden.de\/weissenhorn\/feedback-mitarbeiter-fortbildung-des-weltladens-vom-8-oktober-2022\/"]}]},{"@type":"ImageObject","inLanguage":"de","@id":"https:\/\/weltlaeden.de\/weissenhorn\/feedback-mitarbeiter-fortbildung-des-weltladens-vom-8-oktober-2022\/#primaryimage","url":"https:\/\/weltlaeden.de\/weissenhorn\/wp-content\/uploads\/sites\/129\/2022\/10\/2EC9E007-C2A3-41A3-B7A6-4200E471F560_1_105_c-e1666001895858.jpeg","contentUrl":"https:\/\/weltlaeden.de\/weissenhorn\/wp-content\/uploads\/sites\/129\/2022\/10\/2EC9E007-C2A3-41A3-B7A6-4200E471F560_1_105_c-e1666001895858.jpeg","width":1016,"height":652},{"@type":"BreadcrumbList","@id":"https:\/\/weltlaeden.de\/weissenhorn\/feedback-mitarbeiter-fortbildung-des-weltladens-vom-8-oktober-2022\/#breadcrumb","itemListElement":[{"@type":"ListItem","position":1,"name":"Startseite","item":"https:\/\/weltlaeden.de\/weissenhorn\/"},{"@type":"ListItem","position":2,"name":"Feedback Mitarbeiter Fortbildung des Weltladens vom 8.Oktober 2022"}]},{"@type":"WebSite","@id":"https:\/\/weltlaeden.de\/weissenhorn\/#website","url":"https:\/\/weltlaeden.de\/weissenhorn\/","name":"Weltladen Wei\u00dfenhorn","description":"Faire Produkte seit 1990","potentialAction":[{"@type":"SearchAction","target":{"@type":"EntryPoint","urlTemplate":"https:\/\/weltlaeden.de\/weissenhorn\/?s={search_term_string}"},"query-input":{"@type":"PropertyValueSpecification","valueRequired":true,"valueName":"search_term_string"}}],"inLanguage":"de"},{"@type":"Person","@id":"https:\/\/weltlaeden.de\/weissenhorn\/#\/schema\/person\/a54ab778984ca172a44d8286c0e76e78","name":"weissenhorn","image":{"@type":"ImageObject","inLanguage":"de","@id":"https:\/\/weltlaeden.de\/weissenhorn\/#\/schema\/person\/image\/","url":"https:\/\/secure.gravatar.com\/avatar\/9094ba6a92e3b50222fd0796b579f81f?s=96&d=mm&r=g","contentUrl":"https:\/\/secure.gravatar.com\/avatar\/9094ba6a92e3b50222fd0796b579f81f?s=96&d=mm&r=g","caption":"weissenhorn"}}]}},"_links":{"self":[{"href":"https:\/\/weltlaeden.de\/weissenhorn\/wp-json\/wp\/v2\/posts\/862","targetHints":{"allow":["GET"]}}],"collection":[{"href":"https:\/\/weltlaeden.de\/weissenhorn\/wp-json\/wp\/v2\/posts"}],"about":[{"href":"https:\/\/weltlaeden.de\/weissenhorn\/wp-json\/wp\/v2\/types\/post"}],"author":[{"embeddable":true,"href":"https:\/\/weltlaeden.de\/weissenhorn\/wp-json\/wp\/v2\/users\/191"}],"replies":[{"embeddable":true,"href":"https:\/\/weltlaeden.de\/weissenhorn\/wp-json\/wp\/v2\/comments?post=862"}],"version-history":[{"count":1,"href":"https:\/\/weltlaeden.de\/weissenhorn\/wp-json\/wp\/v2\/posts\/862\/revisions"}],"predecessor-version":[{"id":864,"href":"https:\/\/weltlaeden.de\/weissenhorn\/wp-json\/wp\/v2\/posts\/862\/revisions\/864"}],"wp:featuredmedia":[{"embeddable":true,"href":"https:\/\/weltlaeden.de\/weissenhorn\/wp-json\/wp\/v2\/media\/863"}],"wp:attachment":[{"href":"https:\/\/weltlaeden.de\/weissenhorn\/wp-json\/wp\/v2\/media?parent=862"}],"wp:term":[{"taxonomy":"category","embeddable":true,"href":"https:\/\/weltlaeden.de\/weissenhorn\/wp-json\/wp\/v2\/categories?post=862"},{"taxonomy":"post_tag","embeddable":true,"href":"https:\/\/weltlaeden.de\/weissenhorn\/wp-json\/wp\/v2\/tags?post=862"}],"curies":[{"name":"wp","href":"https:\/\/api.w.org\/{rel}","templated":true}]}}