{"id":820,"date":"2022-06-20T11:33:16","date_gmt":"2022-06-20T09:33:16","guid":{"rendered":"https:\/\/weltlaeden.de\/weissenhorn\/?p=820"},"modified":"2022-06-20T11:37:29","modified_gmt":"2022-06-20T09:37:29","slug":"vom-bananenverkaeufer-zum-immobilienbesitze","status":"publish","type":"post","link":"https:\/\/weltlaeden.de\/weissenhorn\/vom-bananenverkaeufer-zum-immobilienbesitze\/","title":{"rendered":"Vom Bananenverk\u00e4ufer zum Immobilienbesitzer"},"content":{"rendered":"<h2><strong><br \/>\n<span style=\"color: #ff6600\">Der faire Handel hat in Wei\u00dfenhorn etwas zu feiern<\/span><\/strong><\/h2>\n<p>&nbsp;<\/p>\n<h3><span style=\"color: #ff6600\"><strong>Als vor 25 Jahren ein kleiner Kreis von Engagierten begann, in Wei\u00dfenhorn fairgehandelte Bananen zu verkaufen, konnte wohl noch niemand ahnen, dass gewachsen aus diesem kleinen Anfang ein Vierteljahrhundert sp\u00e4ter in einer Fairtrade-Stadt Wei\u00dfenhorn ein Weltladen im eigenen Haus mitten in der Altstadt seinen 20.Geburtstag feiern w\u00fcrde. <\/strong><\/span><\/h3>\n<p>&nbsp;<\/p>\n<p><strong>Genau zu diesen beiden Anl\u00e4ssen hatte der Weltladen-Verein in Wei\u00dfenhorn zur gro\u00dfen Geburtstagsfeier eingeladen. Der Gratulanten waren viele, der inspirierenden Beitr\u00e4ge auch, und es wurde nicht nur zur\u00fcckgeschaut, sondern vielmehr nach vorne.<\/strong><\/p>\n<p>Diesen Bogen aufzuspannen war die Aufgabe des <strong>Vereinsvorsitzenden Franz Snehotta<\/strong>, der in einer mitrei\u00dfenden und bilderreichen Rede die Verbundenheit aller in der einen Welt darstellte. Die Vernetzung von allem mit allem ist auch ein Bild f\u00fcr den Weltladen selbst, in dem viele Menschen in unterschiedlichsten Gruppen zusammenwirken, worauf Franz Snehotta mit gro\u00dfer Freude und gewissem Stolz hinweisen konnte.<\/p>\n<p>Die Gru\u00dfworte von<strong> B\u00fcrgermeister Dr.Wolfgang Fendt und der stellvertretenden Landr\u00e4tin Susanne Salzmann<\/strong> dr\u00fcckten Respekt und Wertsch\u00e4tzung f\u00fcr das herausragende ehrenamtliche Engagement der Weltladen-Mitglieder aus.<\/p>\n<p>Schlie\u00dflich darf der Weltladen auch als \u201eMotor\u201c der Fairtrade-Stadt Wei\u00dfenhorn gelten, einen Titel, den Wei\u00dfenhorn als erste Kommune im Landkreis vor acht Jahren erstmals erhalten hat.<\/p>\n<p>Der Festredner, <strong>Dr. Alexander Fonari vom Eine Welt Netzwerk Bayern e.V.,<\/strong> ging bei seinem Vortrag auf die M\u00f6glichkeiten fairer Beschaffung in Kommunen ein. Dabei \u00fcberreichte er B\u00fcrgermeister Dr. Fendt ein fair gehandeltes \u00d6ko-Handtuch als kleine Anregung, in Kitas, Schulen und Krankenh\u00e4usern auf fair gehandelte Textilien zu achten.<\/p>\n<p>Doch nicht nur Reden gab es zur fairen Feier, sondern auch Musik der Fair-Ladies und der Trommelgruppe, eine von Matthias D\u00fcffert gestaltete und sowohl informativ wie humorvoll gezeigte PowerPoint zu \u201e25 Jahre faire Bananen und 20 Jahre Weltladen Wei\u00dfenhorn\u201c und nicht zuletzt die Preisverleihung zu einem Malwettbewerb an den Wei\u00dfenhorner Schulen rund um das Thema Fairer Handel.<\/p>\n<p><strong>\u201eDer faire Handel geh\u00f6rt zu Wei\u00dfenhorn wie die Fugger,\u201c sagt Fairtrade-Stadtrat Ulrich Hoffmann augenzwinkernd: \u201eDer Fairtrade-Gedanke ist mitten in der Stadtgesellschaft angekommen. Und es ist eben nicht der Handel allein, es ist auch die faire Bildungsarbeit und politisches Handeln f\u00fcr eine gerechte Welt, f\u00fcr die der Weltladen steht \u2013 und das ist gut so!\u201c<\/strong><\/p>\n<p><img loading=\"lazy\" decoding=\"async\" class=\"alignnone size-medium wp-image-823\" src=\"https:\/\/weltlaeden.de\/weissenhorn\/wp-content\/uploads\/sites\/129\/2022\/06\/82A3FB1C-5C1F-405F-9141-FF87C27063FC_1_105_c-1-300x203.jpeg\" alt=\"\" width=\"300\" height=\"203\" srcset=\"https:\/\/weltlaeden.de\/weissenhorn\/wp-content\/uploads\/sites\/129\/2022\/06\/82A3FB1C-5C1F-405F-9141-FF87C27063FC_1_105_c-1-300x203.jpeg 300w, https:\/\/weltlaeden.de\/weissenhorn\/wp-content\/uploads\/sites\/129\/2022\/06\/82A3FB1C-5C1F-405F-9141-FF87C27063FC_1_105_c-1-1024x694.jpeg 1024w, https:\/\/weltlaeden.de\/weissenhorn\/wp-content\/uploads\/sites\/129\/2022\/06\/82A3FB1C-5C1F-405F-9141-FF87C27063FC_1_105_c-1-768x521.jpeg 768w, https:\/\/weltlaeden.de\/weissenhorn\/wp-content\/uploads\/sites\/129\/2022\/06\/82A3FB1C-5C1F-405F-9141-FF87C27063FC_1_105_c-1.jpeg 1077w\" sizes=\"auto, (max-width: 300px) 100vw, 300px\" \/><img loading=\"lazy\" decoding=\"async\" class=\"alignnone wp-image-824\" src=\"https:\/\/weltlaeden.de\/weissenhorn\/wp-content\/uploads\/sites\/129\/2022\/06\/C49DE643-6A89-41C0-A3E2-020020D65BFA_1_105_c-1-300x200.jpeg\" alt=\"\" width=\"306\" height=\"204\" srcset=\"https:\/\/weltlaeden.de\/weissenhorn\/wp-content\/uploads\/sites\/129\/2022\/06\/C49DE643-6A89-41C0-A3E2-020020D65BFA_1_105_c-1-300x200.jpeg 300w, https:\/\/weltlaeden.de\/weissenhorn\/wp-content\/uploads\/sites\/129\/2022\/06\/C49DE643-6A89-41C0-A3E2-020020D65BFA_1_105_c-1-1024x681.jpeg 1024w, https:\/\/weltlaeden.de\/weissenhorn\/wp-content\/uploads\/sites\/129\/2022\/06\/C49DE643-6A89-41C0-A3E2-020020D65BFA_1_105_c-1-768x511.jpeg 768w, https:\/\/weltlaeden.de\/weissenhorn\/wp-content\/uploads\/sites\/129\/2022\/06\/C49DE643-6A89-41C0-A3E2-020020D65BFA_1_105_c-1.jpeg 1087w\" sizes=\"auto, (max-width: 306px) 100vw, 306px\" \/><\/p>\n","protected":false},"excerpt":{"rendered":"<p>Der faire Handel hat in Wei\u00dfenhorn etwas zu feiern &nbsp; Als vor 25 Jahren ein kleiner Kreis von Engagierten begann, in Wei\u00dfenhorn fairgehandelte Bananen zu verkaufen, konnte wohl noch niemand ahnen, dass gewachsen aus diesem kleinen Anfang ein Vierteljahrhundert sp\u00e4ter in einer Fairtrade-Stadt Wei\u00dfenhorn ein Weltladen im eigenen Haus mitten in der Altstadt seinen 20.Geburtstag&hellip;<\/p>\n","protected":false},"author":191,"featured_media":0,"comment_status":"closed","ping_status":"closed","sticky":false,"template":"","format":"standard","meta":{"footnotes":""},"categories":[8],"tags":[],"class_list":["post-820","post","type-post","status-publish","format-standard","hentry","category-neues","category-8","description-off"],"yoast_head":"<!-- This site is optimized with the Yoast SEO plugin v26.8 - https:\/\/yoast.com\/product\/yoast-seo-wordpress\/ -->\n<title>Vom Bananenverk\u00e4ufer zum Immobilienbesitzer - Weltladen Wei\u00dfenhorn<\/title>\n<meta name=\"robots\" content=\"index, follow, max-snippet:-1, max-image-preview:large, max-video-preview:-1\" \/>\n<link rel=\"canonical\" href=\"https:\/\/weltlaeden.de\/weissenhorn\/vom-bananenverkaeufer-zum-immobilienbesitze\/\" \/>\n<meta property=\"og:locale\" content=\"de_DE\" \/>\n<meta property=\"og:type\" content=\"article\" \/>\n<meta property=\"og:title\" content=\"Vom Bananenverk\u00e4ufer zum Immobilienbesitzer - Weltladen Wei\u00dfenhorn\" \/>\n<meta property=\"og:description\" content=\"Der faire Handel hat in Wei\u00dfenhorn etwas zu feiern &nbsp; Als vor 25 Jahren ein kleiner Kreis von Engagierten begann, in Wei\u00dfenhorn fairgehandelte Bananen zu verkaufen, konnte wohl noch niemand ahnen, dass gewachsen aus diesem kleinen Anfang ein Vierteljahrhundert sp\u00e4ter in einer Fairtrade-Stadt Wei\u00dfenhorn ein Weltladen im eigenen Haus mitten in der Altstadt seinen 20.Geburtstag&hellip;\" \/>\n<meta property=\"og:url\" content=\"https:\/\/weltlaeden.de\/weissenhorn\/vom-bananenverkaeufer-zum-immobilienbesitze\/\" \/>\n<meta property=\"og:site_name\" content=\"Weltladen Wei\u00dfenhorn\" \/>\n<meta property=\"article:published_time\" content=\"2022-06-20T09:33:16+00:00\" \/>\n<meta property=\"article:modified_time\" content=\"2022-06-20T09:37:29+00:00\" \/>\n<meta property=\"og:image\" content=\"https:\/\/weltlaeden.de\/weissenhorn\/wp-content\/uploads\/sites\/129\/2022\/06\/82A3FB1C-5C1F-405F-9141-FF87C27063FC_1_105_c-1-300x203.jpeg\" \/>\n<meta name=\"author\" content=\"weissenhorn\" \/>\n<meta name=\"twitter:card\" content=\"summary_large_image\" \/>\n<meta name=\"twitter:label1\" content=\"Verfasst von\" \/>\n\t<meta name=\"twitter:data1\" content=\"weissenhorn\" \/>\n\t<meta name=\"twitter:label2\" content=\"Gesch\u00e4tzte Lesezeit\" \/>\n\t<meta name=\"twitter:data2\" content=\"2\u00a0Minuten\" \/>\n<script type=\"application\/ld+json\" class=\"yoast-schema-graph\">{\"@context\":\"https:\/\/schema.org\",\"@graph\":[{\"@type\":\"Article\",\"@id\":\"https:\/\/weltlaeden.de\/weissenhorn\/vom-bananenverkaeufer-zum-immobilienbesitze\/#article\",\"isPartOf\":{\"@id\":\"https:\/\/weltlaeden.de\/weissenhorn\/vom-bananenverkaeufer-zum-immobilienbesitze\/\"},\"author\":{\"name\":\"weissenhorn\",\"@id\":\"https:\/\/weltlaeden.de\/weissenhorn\/#\/schema\/person\/a54ab778984ca172a44d8286c0e76e78\"},\"headline\":\"Vom Bananenverk\u00e4ufer zum Immobilienbesitzer\",\"datePublished\":\"2022-06-20T09:33:16+00:00\",\"dateModified\":\"2022-06-20T09:37:29+00:00\",\"mainEntityOfPage\":{\"@id\":\"https:\/\/weltlaeden.de\/weissenhorn\/vom-bananenverkaeufer-zum-immobilienbesitze\/\"},\"wordCount\":391,\"image\":{\"@id\":\"https:\/\/weltlaeden.de\/weissenhorn\/vom-bananenverkaeufer-zum-immobilienbesitze\/#primaryimage\"},\"thumbnailUrl\":\"https:\/\/weltlaeden.de\/weissenhorn\/wp-content\/uploads\/sites\/129\/2022\/06\/82A3FB1C-5C1F-405F-9141-FF87C27063FC_1_105_c-1-300x203.jpeg\",\"articleSection\":[\"Neuigkeiten\"],\"inLanguage\":\"de\"},{\"@type\":\"WebPage\",\"@id\":\"https:\/\/weltlaeden.de\/weissenhorn\/vom-bananenverkaeufer-zum-immobilienbesitze\/\",\"url\":\"https:\/\/weltlaeden.de\/weissenhorn\/vom-bananenverkaeufer-zum-immobilienbesitze\/\",\"name\":\"Vom Bananenverk\u00e4ufer zum Immobilienbesitzer - Weltladen Wei\u00dfenhorn\",\"isPartOf\":{\"@id\":\"https:\/\/weltlaeden.de\/weissenhorn\/#website\"},\"primaryImageOfPage\":{\"@id\":\"https:\/\/weltlaeden.de\/weissenhorn\/vom-bananenverkaeufer-zum-immobilienbesitze\/#primaryimage\"},\"image\":{\"@id\":\"https:\/\/weltlaeden.de\/weissenhorn\/vom-bananenverkaeufer-zum-immobilienbesitze\/#primaryimage\"},\"thumbnailUrl\":\"https:\/\/weltlaeden.de\/weissenhorn\/wp-content\/uploads\/sites\/129\/2022\/06\/82A3FB1C-5C1F-405F-9141-FF87C27063FC_1_105_c-1-300x203.jpeg\",\"datePublished\":\"2022-06-20T09:33:16+00:00\",\"dateModified\":\"2022-06-20T09:37:29+00:00\",\"author\":{\"@id\":\"https:\/\/weltlaeden.de\/weissenhorn\/#\/schema\/person\/a54ab778984ca172a44d8286c0e76e78\"},\"breadcrumb\":{\"@id\":\"https:\/\/weltlaeden.de\/weissenhorn\/vom-bananenverkaeufer-zum-immobilienbesitze\/#breadcrumb\"},\"inLanguage\":\"de\",\"potentialAction\":[{\"@type\":\"ReadAction\",\"target\":[\"https:\/\/weltlaeden.de\/weissenhorn\/vom-bananenverkaeufer-zum-immobilienbesitze\/\"]}]},{\"@type\":\"ImageObject\",\"inLanguage\":\"de\",\"@id\":\"https:\/\/weltlaeden.de\/weissenhorn\/vom-bananenverkaeufer-zum-immobilienbesitze\/#primaryimage\",\"url\":\"https:\/\/weltlaeden.de\/weissenhorn\/wp-content\/uploads\/sites\/129\/2022\/06\/82A3FB1C-5C1F-405F-9141-FF87C27063FC_1_105_c-1.jpeg\",\"contentUrl\":\"https:\/\/weltlaeden.de\/weissenhorn\/wp-content\/uploads\/sites\/129\/2022\/06\/82A3FB1C-5C1F-405F-9141-FF87C27063FC_1_105_c-1.jpeg\",\"width\":1077,\"height\":730},{\"@type\":\"BreadcrumbList\",\"@id\":\"https:\/\/weltlaeden.de\/weissenhorn\/vom-bananenverkaeufer-zum-immobilienbesitze\/#breadcrumb\",\"itemListElement\":[{\"@type\":\"ListItem\",\"position\":1,\"name\":\"Startseite\",\"item\":\"https:\/\/weltlaeden.de\/weissenhorn\/\"},{\"@type\":\"ListItem\",\"position\":2,\"name\":\"Vom Bananenverk\u00e4ufer zum Immobilienbesitzer\"}]},{\"@type\":\"WebSite\",\"@id\":\"https:\/\/weltlaeden.de\/weissenhorn\/#website\",\"url\":\"https:\/\/weltlaeden.de\/weissenhorn\/\",\"name\":\"Weltladen Wei\u00dfenhorn\",\"description\":\"Faire Produkte seit 1990\",\"potentialAction\":[{\"@type\":\"SearchAction\",\"target\":{\"@type\":\"EntryPoint\",\"urlTemplate\":\"https:\/\/weltlaeden.de\/weissenhorn\/?s={search_term_string}\"},\"query-input\":{\"@type\":\"PropertyValueSpecification\",\"valueRequired\":true,\"valueName\":\"search_term_string\"}}],\"inLanguage\":\"de\"},{\"@type\":\"Person\",\"@id\":\"https:\/\/weltlaeden.de\/weissenhorn\/#\/schema\/person\/a54ab778984ca172a44d8286c0e76e78\",\"name\":\"weissenhorn\",\"image\":{\"@type\":\"ImageObject\",\"inLanguage\":\"de\",\"@id\":\"https:\/\/weltlaeden.de\/weissenhorn\/#\/schema\/person\/image\/\",\"url\":\"https:\/\/secure.gravatar.com\/avatar\/9094ba6a92e3b50222fd0796b579f81f?s=96&d=mm&r=g\",\"contentUrl\":\"https:\/\/secure.gravatar.com\/avatar\/9094ba6a92e3b50222fd0796b579f81f?s=96&d=mm&r=g\",\"caption\":\"weissenhorn\"}}]}<\/script>\n<!-- \/ Yoast SEO plugin. -->","yoast_head_json":{"title":"Vom Bananenverk\u00e4ufer zum Immobilienbesitzer - Weltladen Wei\u00dfenhorn","robots":{"index":"index","follow":"follow","max-snippet":"max-snippet:-1","max-image-preview":"max-image-preview:large","max-video-preview":"max-video-preview:-1"},"canonical":"https:\/\/weltlaeden.de\/weissenhorn\/vom-bananenverkaeufer-zum-immobilienbesitze\/","og_locale":"de_DE","og_type":"article","og_title":"Vom Bananenverk\u00e4ufer zum Immobilienbesitzer - Weltladen Wei\u00dfenhorn","og_description":"Der faire Handel hat in Wei\u00dfenhorn etwas zu feiern &nbsp; Als vor 25 Jahren ein kleiner Kreis von Engagierten begann, in Wei\u00dfenhorn fairgehandelte Bananen zu verkaufen, konnte wohl noch niemand ahnen, dass gewachsen aus diesem kleinen Anfang ein Vierteljahrhundert sp\u00e4ter in einer Fairtrade-Stadt Wei\u00dfenhorn ein Weltladen im eigenen Haus mitten in der Altstadt seinen 20.Geburtstag&hellip;","og_url":"https:\/\/weltlaeden.de\/weissenhorn\/vom-bananenverkaeufer-zum-immobilienbesitze\/","og_site_name":"Weltladen Wei\u00dfenhorn","article_published_time":"2022-06-20T09:33:16+00:00","article_modified_time":"2022-06-20T09:37:29+00:00","og_image":[{"url":"https:\/\/weltlaeden.de\/weissenhorn\/wp-content\/uploads\/sites\/129\/2022\/06\/82A3FB1C-5C1F-405F-9141-FF87C27063FC_1_105_c-1-300x203.jpeg","type":"","width":"","height":""}],"author":"weissenhorn","twitter_card":"summary_large_image","twitter_misc":{"Verfasst von":"weissenhorn","Gesch\u00e4tzte Lesezeit":"2\u00a0Minuten"},"schema":{"@context":"https:\/\/schema.org","@graph":[{"@type":"Article","@id":"https:\/\/weltlaeden.de\/weissenhorn\/vom-bananenverkaeufer-zum-immobilienbesitze\/#article","isPartOf":{"@id":"https:\/\/weltlaeden.de\/weissenhorn\/vom-bananenverkaeufer-zum-immobilienbesitze\/"},"author":{"name":"weissenhorn","@id":"https:\/\/weltlaeden.de\/weissenhorn\/#\/schema\/person\/a54ab778984ca172a44d8286c0e76e78"},"headline":"Vom Bananenverk\u00e4ufer zum Immobilienbesitzer","datePublished":"2022-06-20T09:33:16+00:00","dateModified":"2022-06-20T09:37:29+00:00","mainEntityOfPage":{"@id":"https:\/\/weltlaeden.de\/weissenhorn\/vom-bananenverkaeufer-zum-immobilienbesitze\/"},"wordCount":391,"image":{"@id":"https:\/\/weltlaeden.de\/weissenhorn\/vom-bananenverkaeufer-zum-immobilienbesitze\/#primaryimage"},"thumbnailUrl":"https:\/\/weltlaeden.de\/weissenhorn\/wp-content\/uploads\/sites\/129\/2022\/06\/82A3FB1C-5C1F-405F-9141-FF87C27063FC_1_105_c-1-300x203.jpeg","articleSection":["Neuigkeiten"],"inLanguage":"de"},{"@type":"WebPage","@id":"https:\/\/weltlaeden.de\/weissenhorn\/vom-bananenverkaeufer-zum-immobilienbesitze\/","url":"https:\/\/weltlaeden.de\/weissenhorn\/vom-bananenverkaeufer-zum-immobilienbesitze\/","name":"Vom Bananenverk\u00e4ufer zum Immobilienbesitzer - Weltladen Wei\u00dfenhorn","isPartOf":{"@id":"https:\/\/weltlaeden.de\/weissenhorn\/#website"},"primaryImageOfPage":{"@id":"https:\/\/weltlaeden.de\/weissenhorn\/vom-bananenverkaeufer-zum-immobilienbesitze\/#primaryimage"},"image":{"@id":"https:\/\/weltlaeden.de\/weissenhorn\/vom-bananenverkaeufer-zum-immobilienbesitze\/#primaryimage"},"thumbnailUrl":"https:\/\/weltlaeden.de\/weissenhorn\/wp-content\/uploads\/sites\/129\/2022\/06\/82A3FB1C-5C1F-405F-9141-FF87C27063FC_1_105_c-1-300x203.jpeg","datePublished":"2022-06-20T09:33:16+00:00","dateModified":"2022-06-20T09:37:29+00:00","author":{"@id":"https:\/\/weltlaeden.de\/weissenhorn\/#\/schema\/person\/a54ab778984ca172a44d8286c0e76e78"},"breadcrumb":{"@id":"https:\/\/weltlaeden.de\/weissenhorn\/vom-bananenverkaeufer-zum-immobilienbesitze\/#breadcrumb"},"inLanguage":"de","potentialAction":[{"@type":"ReadAction","target":["https:\/\/weltlaeden.de\/weissenhorn\/vom-bananenverkaeufer-zum-immobilienbesitze\/"]}]},{"@type":"ImageObject","inLanguage":"de","@id":"https:\/\/weltlaeden.de\/weissenhorn\/vom-bananenverkaeufer-zum-immobilienbesitze\/#primaryimage","url":"https:\/\/weltlaeden.de\/weissenhorn\/wp-content\/uploads\/sites\/129\/2022\/06\/82A3FB1C-5C1F-405F-9141-FF87C27063FC_1_105_c-1.jpeg","contentUrl":"https:\/\/weltlaeden.de\/weissenhorn\/wp-content\/uploads\/sites\/129\/2022\/06\/82A3FB1C-5C1F-405F-9141-FF87C27063FC_1_105_c-1.jpeg","width":1077,"height":730},{"@type":"BreadcrumbList","@id":"https:\/\/weltlaeden.de\/weissenhorn\/vom-bananenverkaeufer-zum-immobilienbesitze\/#breadcrumb","itemListElement":[{"@type":"ListItem","position":1,"name":"Startseite","item":"https:\/\/weltlaeden.de\/weissenhorn\/"},{"@type":"ListItem","position":2,"name":"Vom Bananenverk\u00e4ufer zum Immobilienbesitzer"}]},{"@type":"WebSite","@id":"https:\/\/weltlaeden.de\/weissenhorn\/#website","url":"https:\/\/weltlaeden.de\/weissenhorn\/","name":"Weltladen Wei\u00dfenhorn","description":"Faire Produkte seit 1990","potentialAction":[{"@type":"SearchAction","target":{"@type":"EntryPoint","urlTemplate":"https:\/\/weltlaeden.de\/weissenhorn\/?s={search_term_string}"},"query-input":{"@type":"PropertyValueSpecification","valueRequired":true,"valueName":"search_term_string"}}],"inLanguage":"de"},{"@type":"Person","@id":"https:\/\/weltlaeden.de\/weissenhorn\/#\/schema\/person\/a54ab778984ca172a44d8286c0e76e78","name":"weissenhorn","image":{"@type":"ImageObject","inLanguage":"de","@id":"https:\/\/weltlaeden.de\/weissenhorn\/#\/schema\/person\/image\/","url":"https:\/\/secure.gravatar.com\/avatar\/9094ba6a92e3b50222fd0796b579f81f?s=96&d=mm&r=g","contentUrl":"https:\/\/secure.gravatar.com\/avatar\/9094ba6a92e3b50222fd0796b579f81f?s=96&d=mm&r=g","caption":"weissenhorn"}}]}},"_links":{"self":[{"href":"https:\/\/weltlaeden.de\/weissenhorn\/wp-json\/wp\/v2\/posts\/820","targetHints":{"allow":["GET"]}}],"collection":[{"href":"https:\/\/weltlaeden.de\/weissenhorn\/wp-json\/wp\/v2\/posts"}],"about":[{"href":"https:\/\/weltlaeden.de\/weissenhorn\/wp-json\/wp\/v2\/types\/post"}],"author":[{"embeddable":true,"href":"https:\/\/weltlaeden.de\/weissenhorn\/wp-json\/wp\/v2\/users\/191"}],"replies":[{"embeddable":true,"href":"https:\/\/weltlaeden.de\/weissenhorn\/wp-json\/wp\/v2\/comments?post=820"}],"version-history":[{"count":2,"href":"https:\/\/weltlaeden.de\/weissenhorn\/wp-json\/wp\/v2\/posts\/820\/revisions"}],"predecessor-version":[{"id":826,"href":"https:\/\/weltlaeden.de\/weissenhorn\/wp-json\/wp\/v2\/posts\/820\/revisions\/826"}],"wp:attachment":[{"href":"https:\/\/weltlaeden.de\/weissenhorn\/wp-json\/wp\/v2\/media?parent=820"}],"wp:term":[{"taxonomy":"category","embeddable":true,"href":"https:\/\/weltlaeden.de\/weissenhorn\/wp-json\/wp\/v2\/categories?post=820"},{"taxonomy":"post_tag","embeddable":true,"href":"https:\/\/weltlaeden.de\/weissenhorn\/wp-json\/wp\/v2\/tags?post=820"}],"curies":[{"name":"wp","href":"https:\/\/api.w.org\/{rel}","templated":true}]}}