{"id":812,"date":"2022-05-17T21:47:32","date_gmt":"2022-05-17T19:47:32","guid":{"rendered":"https:\/\/weltlaeden.de\/weissenhorn\/?p=812"},"modified":"2022-05-17T22:01:44","modified_gmt":"2022-05-17T20:01:44","slug":"musikalische-weltreise-mit-dem-indischen-maharaj-trio","status":"publish","type":"post","link":"https:\/\/weltlaeden.de\/weissenhorn\/musikalische-weltreise-mit-dem-indischen-maharaj-trio\/","title":{"rendered":"Musikalische Weltreise mit dem indischen MAHARAJ \u2013 TRIO"},"content":{"rendered":"<h2 class=\"p2\"><span style=\"color: #ff6600\"><b>Musikalische Weltreise mit dem indischen MAHARAJ \u2013 TRIO<\/b><\/span><\/h2>\n<p class=\"p4\"><b>Freitag, 3. Juni 2022\u00a0 <\/b><b>20.00 Uhr <\/b><b>im\u00a0 Claretinerkolleg Wei\u00dfenhorn<\/b><\/p>\n<p class=\"p2\">Im Rahmen seines 20 \u2013 j\u00e4hrigen Jubil\u00e4ums pr\u00e4sentiert der Weltladen Wei\u00dfenhorn e.V. in Zusammenarbeit mit der Katholischen Erwachsenenbildung Neu \u2013 Ulm (KEB) einen musikalischen Leckerbissen der feinsten Art:<\/p>\n<p class=\"p2\"><b>Klassische indische Musik auf den Instrumenten Sarod, Sitar und Tabla.<\/b><\/p>\n<p class=\"p2\">Das MAHARAJ TRIO ist als Instrumentaltrio in der Tradition der indischen Raga- Musik zuhause. Klassische indische Musik wird gespielt auf den Instrumenten <b>Sarod<\/b> (kommt urspr\u00fcnglich aus Afghanistan hat 19 Saiten,<b> Sitar<\/b> (ein Instrument mit 7 Hauptsaiten + 13 Vibrationssaiten) und <b>Tabla<\/b> (ein Schlaginstrument).<\/p>\n<p class=\"p2\">Die drei Musiker, Vater und zwei S\u00f6hne, stammen aus einer Musikerfamilie in Varanasi im nordindischen Staat Uttar Pradesh. Bereits in der 14. + 15. Generation wird die Musik innerhalb der Familie weitergegeben, voller Stolz berufen sich die Musiker auf eine Tradition von \u00fcber 500 Jahren. Es werden ungewohnte Kl\u00e4nge durch melodische Improvisationen zu h\u00f6ren sein, die verschiedene Stimmungen des Lebens aufnehmen.<\/p>\n<p class=\"p2\"><b>Das Trio ist weltweit unterwegs<\/b>.<\/p>\n<p class=\"p2\">Das Trio tritt au\u00dferhalb Indiens auf internationalen Festivals auf und ist h\u00e4ufiger auch in Deutschland zu h\u00f6ren. Neben der Improvisation im Stil der klassischen nordindischen Musik sucht das Trio auch die Verkn\u00fcpfung mit anderen westlichen Stilrichtungen wie Blues, Jazz und im Kontext der Weltmusik.<\/p>\n<p class=\"p2\">In Indien sind alle drei Musiker bereits mehrfach preisgekr\u00f6nt worden und geh\u00f6ren zu den Besten ihres Landes.<\/p>\n<p class=\"p2\">Pandit Vikash Maharaj erhielt 2014 den h\u00f6chsten zivilen Orden der indischen Regierung f\u00fcr seine au\u00dfergew\u00f6hnlichen Beitr\u00e4ge zur klassischen indischen Musik. \u00dcber die Grenzen Indiens hinaus engagiert sich das Maharaj Trio f\u00fcr humanit\u00e4re Projekte, etwa f\u00fcr die Erdbebenopfer in Nepal oder f\u00fcr die Einhaltung der Menschenrechte und gegen Kinderarbeit in Nordindien.<\/p>\n<p class=\"p2\"><b>Tickets:\u00a0<\/b><\/p>\n<p class=\"p2\"><b>13 \u20ac im Vorverkauf im Weltladen Wei\u00dfenhorn, Hauptstr. 18; <\/b><\/p>\n<p class=\"p2\"><b>Tel. Reservierung zu den \u00d6ffnungszeiten unter 07309 \u2013 92 91 98 <\/b><\/p>\n<p class=\"p2\"><b>Abendkasse: 15 \u20ac<\/b><\/p>\n<p class=\"p2\">Franz Snehotta, Vorstand<\/p>\n","protected":false},"excerpt":{"rendered":"<p>Musikalische Weltreise mit dem indischen MAHARAJ \u2013 TRIO Freitag, 3. Juni 2022\u00a0 20.00 Uhr im\u00a0 Claretinerkolleg Wei\u00dfenhorn Im Rahmen seines 20 \u2013 j\u00e4hrigen Jubil\u00e4ums pr\u00e4sentiert der Weltladen Wei\u00dfenhorn e.V. in Zusammenarbeit mit der Katholischen Erwachsenenbildung Neu \u2013 Ulm (KEB) einen musikalischen Leckerbissen der feinsten Art: Klassische indische Musik auf den Instrumenten Sarod, Sitar und Tabla.&hellip;<\/p>\n","protected":false},"author":191,"featured_media":814,"comment_status":"closed","ping_status":"closed","sticky":false,"template":"","format":"standard","meta":{"footnotes":""},"categories":[8],"tags":[],"class_list":["post-812","post","type-post","status-publish","format-standard","has-post-thumbnail","hentry","category-neues","category-8","description-off"],"yoast_head":"<!-- This site is optimized with the Yoast SEO plugin v26.8 - https:\/\/yoast.com\/product\/yoast-seo-wordpress\/ -->\n<title>Musikalische Weltreise mit dem indischen MAHARAJ \u2013 TRIO - Weltladen Wei\u00dfenhorn<\/title>\n<meta name=\"robots\" content=\"index, follow, max-snippet:-1, max-image-preview:large, max-video-preview:-1\" \/>\n<link rel=\"canonical\" href=\"https:\/\/weltlaeden.de\/weissenhorn\/musikalische-weltreise-mit-dem-indischen-maharaj-trio\/\" \/>\n<meta property=\"og:locale\" content=\"de_DE\" \/>\n<meta property=\"og:type\" content=\"article\" \/>\n<meta property=\"og:title\" content=\"Musikalische Weltreise mit dem indischen MAHARAJ \u2013 TRIO - Weltladen Wei\u00dfenhorn\" \/>\n<meta property=\"og:description\" content=\"Musikalische Weltreise mit dem indischen MAHARAJ \u2013 TRIO Freitag, 3. Juni 2022\u00a0 20.00 Uhr im\u00a0 Claretinerkolleg Wei\u00dfenhorn Im Rahmen seines 20 \u2013 j\u00e4hrigen Jubil\u00e4ums pr\u00e4sentiert der Weltladen Wei\u00dfenhorn e.V. in Zusammenarbeit mit der Katholischen Erwachsenenbildung Neu \u2013 Ulm (KEB) einen musikalischen Leckerbissen der feinsten Art: Klassische indische Musik auf den Instrumenten Sarod, Sitar und Tabla.&hellip;\" \/>\n<meta property=\"og:url\" content=\"https:\/\/weltlaeden.de\/weissenhorn\/musikalische-weltreise-mit-dem-indischen-maharaj-trio\/\" \/>\n<meta property=\"og:site_name\" content=\"Weltladen Wei\u00dfenhorn\" \/>\n<meta property=\"article:published_time\" content=\"2022-05-17T19:47:32+00:00\" \/>\n<meta property=\"article:modified_time\" content=\"2022-05-17T20:01:44+00:00\" \/>\n<meta property=\"og:image\" content=\"https:\/\/weltlaeden.de\/weissenhorn\/wp-content\/uploads\/sites\/129\/2022\/05\/C396E705-DA22-4232-85B3-A57CFF5B9D34_1_105_c-e1652817679318.jpeg\" \/>\n\t<meta property=\"og:image:width\" content=\"818\" \/>\n\t<meta property=\"og:image:height\" content=\"487\" \/>\n\t<meta property=\"og:image:type\" content=\"image\/jpeg\" \/>\n<meta name=\"author\" content=\"weissenhorn\" \/>\n<meta name=\"twitter:card\" content=\"summary_large_image\" \/>\n<meta name=\"twitter:label1\" content=\"Verfasst von\" \/>\n\t<meta name=\"twitter:data1\" content=\"weissenhorn\" \/>\n\t<meta name=\"twitter:label2\" content=\"Gesch\u00e4tzte Lesezeit\" \/>\n\t<meta name=\"twitter:data2\" content=\"2\u00a0Minuten\" \/>\n<script type=\"application\/ld+json\" class=\"yoast-schema-graph\">{\"@context\":\"https:\/\/schema.org\",\"@graph\":[{\"@type\":\"Article\",\"@id\":\"https:\/\/weltlaeden.de\/weissenhorn\/musikalische-weltreise-mit-dem-indischen-maharaj-trio\/#article\",\"isPartOf\":{\"@id\":\"https:\/\/weltlaeden.de\/weissenhorn\/musikalische-weltreise-mit-dem-indischen-maharaj-trio\/\"},\"author\":{\"name\":\"weissenhorn\",\"@id\":\"https:\/\/weltlaeden.de\/weissenhorn\/#\/schema\/person\/a54ab778984ca172a44d8286c0e76e78\"},\"headline\":\"Musikalische Weltreise mit dem indischen MAHARAJ \u2013 TRIO\",\"datePublished\":\"2022-05-17T19:47:32+00:00\",\"dateModified\":\"2022-05-17T20:01:44+00:00\",\"mainEntityOfPage\":{\"@id\":\"https:\/\/weltlaeden.de\/weissenhorn\/musikalische-weltreise-mit-dem-indischen-maharaj-trio\/\"},\"wordCount\":309,\"image\":{\"@id\":\"https:\/\/weltlaeden.de\/weissenhorn\/musikalische-weltreise-mit-dem-indischen-maharaj-trio\/#primaryimage\"},\"thumbnailUrl\":\"https:\/\/weltlaeden.de\/weissenhorn\/wp-content\/uploads\/sites\/129\/2022\/05\/C396E705-DA22-4232-85B3-A57CFF5B9D34_1_105_c-e1652817679318.jpeg\",\"articleSection\":[\"Neuigkeiten\"],\"inLanguage\":\"de\"},{\"@type\":\"WebPage\",\"@id\":\"https:\/\/weltlaeden.de\/weissenhorn\/musikalische-weltreise-mit-dem-indischen-maharaj-trio\/\",\"url\":\"https:\/\/weltlaeden.de\/weissenhorn\/musikalische-weltreise-mit-dem-indischen-maharaj-trio\/\",\"name\":\"Musikalische Weltreise mit dem indischen MAHARAJ \u2013 TRIO - Weltladen Wei\u00dfenhorn\",\"isPartOf\":{\"@id\":\"https:\/\/weltlaeden.de\/weissenhorn\/#website\"},\"primaryImageOfPage\":{\"@id\":\"https:\/\/weltlaeden.de\/weissenhorn\/musikalische-weltreise-mit-dem-indischen-maharaj-trio\/#primaryimage\"},\"image\":{\"@id\":\"https:\/\/weltlaeden.de\/weissenhorn\/musikalische-weltreise-mit-dem-indischen-maharaj-trio\/#primaryimage\"},\"thumbnailUrl\":\"https:\/\/weltlaeden.de\/weissenhorn\/wp-content\/uploads\/sites\/129\/2022\/05\/C396E705-DA22-4232-85B3-A57CFF5B9D34_1_105_c-e1652817679318.jpeg\",\"datePublished\":\"2022-05-17T19:47:32+00:00\",\"dateModified\":\"2022-05-17T20:01:44+00:00\",\"author\":{\"@id\":\"https:\/\/weltlaeden.de\/weissenhorn\/#\/schema\/person\/a54ab778984ca172a44d8286c0e76e78\"},\"breadcrumb\":{\"@id\":\"https:\/\/weltlaeden.de\/weissenhorn\/musikalische-weltreise-mit-dem-indischen-maharaj-trio\/#breadcrumb\"},\"inLanguage\":\"de\",\"potentialAction\":[{\"@type\":\"ReadAction\",\"target\":[\"https:\/\/weltlaeden.de\/weissenhorn\/musikalische-weltreise-mit-dem-indischen-maharaj-trio\/\"]}]},{\"@type\":\"ImageObject\",\"inLanguage\":\"de\",\"@id\":\"https:\/\/weltlaeden.de\/weissenhorn\/musikalische-weltreise-mit-dem-indischen-maharaj-trio\/#primaryimage\",\"url\":\"https:\/\/weltlaeden.de\/weissenhorn\/wp-content\/uploads\/sites\/129\/2022\/05\/C396E705-DA22-4232-85B3-A57CFF5B9D34_1_105_c-e1652817679318.jpeg\",\"contentUrl\":\"https:\/\/weltlaeden.de\/weissenhorn\/wp-content\/uploads\/sites\/129\/2022\/05\/C396E705-DA22-4232-85B3-A57CFF5B9D34_1_105_c-e1652817679318.jpeg\",\"width\":818,\"height\":487},{\"@type\":\"BreadcrumbList\",\"@id\":\"https:\/\/weltlaeden.de\/weissenhorn\/musikalische-weltreise-mit-dem-indischen-maharaj-trio\/#breadcrumb\",\"itemListElement\":[{\"@type\":\"ListItem\",\"position\":1,\"name\":\"Startseite\",\"item\":\"https:\/\/weltlaeden.de\/weissenhorn\/\"},{\"@type\":\"ListItem\",\"position\":2,\"name\":\"Musikalische Weltreise mit dem indischen MAHARAJ \u2013 TRIO\"}]},{\"@type\":\"WebSite\",\"@id\":\"https:\/\/weltlaeden.de\/weissenhorn\/#website\",\"url\":\"https:\/\/weltlaeden.de\/weissenhorn\/\",\"name\":\"Weltladen Wei\u00dfenhorn\",\"description\":\"Faire Produkte seit 1990\",\"potentialAction\":[{\"@type\":\"SearchAction\",\"target\":{\"@type\":\"EntryPoint\",\"urlTemplate\":\"https:\/\/weltlaeden.de\/weissenhorn\/?s={search_term_string}\"},\"query-input\":{\"@type\":\"PropertyValueSpecification\",\"valueRequired\":true,\"valueName\":\"search_term_string\"}}],\"inLanguage\":\"de\"},{\"@type\":\"Person\",\"@id\":\"https:\/\/weltlaeden.de\/weissenhorn\/#\/schema\/person\/a54ab778984ca172a44d8286c0e76e78\",\"name\":\"weissenhorn\",\"image\":{\"@type\":\"ImageObject\",\"inLanguage\":\"de\",\"@id\":\"https:\/\/weltlaeden.de\/weissenhorn\/#\/schema\/person\/image\/\",\"url\":\"https:\/\/secure.gravatar.com\/avatar\/9094ba6a92e3b50222fd0796b579f81f?s=96&d=mm&r=g\",\"contentUrl\":\"https:\/\/secure.gravatar.com\/avatar\/9094ba6a92e3b50222fd0796b579f81f?s=96&d=mm&r=g\",\"caption\":\"weissenhorn\"}}]}<\/script>\n<!-- \/ Yoast SEO plugin. -->","yoast_head_json":{"title":"Musikalische Weltreise mit dem indischen MAHARAJ \u2013 TRIO - Weltladen Wei\u00dfenhorn","robots":{"index":"index","follow":"follow","max-snippet":"max-snippet:-1","max-image-preview":"max-image-preview:large","max-video-preview":"max-video-preview:-1"},"canonical":"https:\/\/weltlaeden.de\/weissenhorn\/musikalische-weltreise-mit-dem-indischen-maharaj-trio\/","og_locale":"de_DE","og_type":"article","og_title":"Musikalische Weltreise mit dem indischen MAHARAJ \u2013 TRIO - Weltladen Wei\u00dfenhorn","og_description":"Musikalische Weltreise mit dem indischen MAHARAJ \u2013 TRIO Freitag, 3. Juni 2022\u00a0 20.00 Uhr im\u00a0 Claretinerkolleg Wei\u00dfenhorn Im Rahmen seines 20 \u2013 j\u00e4hrigen Jubil\u00e4ums pr\u00e4sentiert der Weltladen Wei\u00dfenhorn e.V. in Zusammenarbeit mit der Katholischen Erwachsenenbildung Neu \u2013 Ulm (KEB) einen musikalischen Leckerbissen der feinsten Art: Klassische indische Musik auf den Instrumenten Sarod, Sitar und Tabla.&hellip;","og_url":"https:\/\/weltlaeden.de\/weissenhorn\/musikalische-weltreise-mit-dem-indischen-maharaj-trio\/","og_site_name":"Weltladen Wei\u00dfenhorn","article_published_time":"2022-05-17T19:47:32+00:00","article_modified_time":"2022-05-17T20:01:44+00:00","og_image":[{"width":818,"height":487,"url":"https:\/\/weltlaeden.de\/weissenhorn\/wp-content\/uploads\/sites\/129\/2022\/05\/C396E705-DA22-4232-85B3-A57CFF5B9D34_1_105_c-e1652817679318.jpeg","type":"image\/jpeg"}],"author":"weissenhorn","twitter_card":"summary_large_image","twitter_misc":{"Verfasst von":"weissenhorn","Gesch\u00e4tzte Lesezeit":"2\u00a0Minuten"},"schema":{"@context":"https:\/\/schema.org","@graph":[{"@type":"Article","@id":"https:\/\/weltlaeden.de\/weissenhorn\/musikalische-weltreise-mit-dem-indischen-maharaj-trio\/#article","isPartOf":{"@id":"https:\/\/weltlaeden.de\/weissenhorn\/musikalische-weltreise-mit-dem-indischen-maharaj-trio\/"},"author":{"name":"weissenhorn","@id":"https:\/\/weltlaeden.de\/weissenhorn\/#\/schema\/person\/a54ab778984ca172a44d8286c0e76e78"},"headline":"Musikalische Weltreise mit dem indischen MAHARAJ \u2013 TRIO","datePublished":"2022-05-17T19:47:32+00:00","dateModified":"2022-05-17T20:01:44+00:00","mainEntityOfPage":{"@id":"https:\/\/weltlaeden.de\/weissenhorn\/musikalische-weltreise-mit-dem-indischen-maharaj-trio\/"},"wordCount":309,"image":{"@id":"https:\/\/weltlaeden.de\/weissenhorn\/musikalische-weltreise-mit-dem-indischen-maharaj-trio\/#primaryimage"},"thumbnailUrl":"https:\/\/weltlaeden.de\/weissenhorn\/wp-content\/uploads\/sites\/129\/2022\/05\/C396E705-DA22-4232-85B3-A57CFF5B9D34_1_105_c-e1652817679318.jpeg","articleSection":["Neuigkeiten"],"inLanguage":"de"},{"@type":"WebPage","@id":"https:\/\/weltlaeden.de\/weissenhorn\/musikalische-weltreise-mit-dem-indischen-maharaj-trio\/","url":"https:\/\/weltlaeden.de\/weissenhorn\/musikalische-weltreise-mit-dem-indischen-maharaj-trio\/","name":"Musikalische Weltreise mit dem indischen MAHARAJ \u2013 TRIO - Weltladen Wei\u00dfenhorn","isPartOf":{"@id":"https:\/\/weltlaeden.de\/weissenhorn\/#website"},"primaryImageOfPage":{"@id":"https:\/\/weltlaeden.de\/weissenhorn\/musikalische-weltreise-mit-dem-indischen-maharaj-trio\/#primaryimage"},"image":{"@id":"https:\/\/weltlaeden.de\/weissenhorn\/musikalische-weltreise-mit-dem-indischen-maharaj-trio\/#primaryimage"},"thumbnailUrl":"https:\/\/weltlaeden.de\/weissenhorn\/wp-content\/uploads\/sites\/129\/2022\/05\/C396E705-DA22-4232-85B3-A57CFF5B9D34_1_105_c-e1652817679318.jpeg","datePublished":"2022-05-17T19:47:32+00:00","dateModified":"2022-05-17T20:01:44+00:00","author":{"@id":"https:\/\/weltlaeden.de\/weissenhorn\/#\/schema\/person\/a54ab778984ca172a44d8286c0e76e78"},"breadcrumb":{"@id":"https:\/\/weltlaeden.de\/weissenhorn\/musikalische-weltreise-mit-dem-indischen-maharaj-trio\/#breadcrumb"},"inLanguage":"de","potentialAction":[{"@type":"ReadAction","target":["https:\/\/weltlaeden.de\/weissenhorn\/musikalische-weltreise-mit-dem-indischen-maharaj-trio\/"]}]},{"@type":"ImageObject","inLanguage":"de","@id":"https:\/\/weltlaeden.de\/weissenhorn\/musikalische-weltreise-mit-dem-indischen-maharaj-trio\/#primaryimage","url":"https:\/\/weltlaeden.de\/weissenhorn\/wp-content\/uploads\/sites\/129\/2022\/05\/C396E705-DA22-4232-85B3-A57CFF5B9D34_1_105_c-e1652817679318.jpeg","contentUrl":"https:\/\/weltlaeden.de\/weissenhorn\/wp-content\/uploads\/sites\/129\/2022\/05\/C396E705-DA22-4232-85B3-A57CFF5B9D34_1_105_c-e1652817679318.jpeg","width":818,"height":487},{"@type":"BreadcrumbList","@id":"https:\/\/weltlaeden.de\/weissenhorn\/musikalische-weltreise-mit-dem-indischen-maharaj-trio\/#breadcrumb","itemListElement":[{"@type":"ListItem","position":1,"name":"Startseite","item":"https:\/\/weltlaeden.de\/weissenhorn\/"},{"@type":"ListItem","position":2,"name":"Musikalische Weltreise mit dem indischen MAHARAJ \u2013 TRIO"}]},{"@type":"WebSite","@id":"https:\/\/weltlaeden.de\/weissenhorn\/#website","url":"https:\/\/weltlaeden.de\/weissenhorn\/","name":"Weltladen Wei\u00dfenhorn","description":"Faire Produkte seit 1990","potentialAction":[{"@type":"SearchAction","target":{"@type":"EntryPoint","urlTemplate":"https:\/\/weltlaeden.de\/weissenhorn\/?s={search_term_string}"},"query-input":{"@type":"PropertyValueSpecification","valueRequired":true,"valueName":"search_term_string"}}],"inLanguage":"de"},{"@type":"Person","@id":"https:\/\/weltlaeden.de\/weissenhorn\/#\/schema\/person\/a54ab778984ca172a44d8286c0e76e78","name":"weissenhorn","image":{"@type":"ImageObject","inLanguage":"de","@id":"https:\/\/weltlaeden.de\/weissenhorn\/#\/schema\/person\/image\/","url":"https:\/\/secure.gravatar.com\/avatar\/9094ba6a92e3b50222fd0796b579f81f?s=96&d=mm&r=g","contentUrl":"https:\/\/secure.gravatar.com\/avatar\/9094ba6a92e3b50222fd0796b579f81f?s=96&d=mm&r=g","caption":"weissenhorn"}}]}},"_links":{"self":[{"href":"https:\/\/weltlaeden.de\/weissenhorn\/wp-json\/wp\/v2\/posts\/812","targetHints":{"allow":["GET"]}}],"collection":[{"href":"https:\/\/weltlaeden.de\/weissenhorn\/wp-json\/wp\/v2\/posts"}],"about":[{"href":"https:\/\/weltlaeden.de\/weissenhorn\/wp-json\/wp\/v2\/types\/post"}],"author":[{"embeddable":true,"href":"https:\/\/weltlaeden.de\/weissenhorn\/wp-json\/wp\/v2\/users\/191"}],"replies":[{"embeddable":true,"href":"https:\/\/weltlaeden.de\/weissenhorn\/wp-json\/wp\/v2\/comments?post=812"}],"version-history":[{"count":2,"href":"https:\/\/weltlaeden.de\/weissenhorn\/wp-json\/wp\/v2\/posts\/812\/revisions"}],"predecessor-version":[{"id":815,"href":"https:\/\/weltlaeden.de\/weissenhorn\/wp-json\/wp\/v2\/posts\/812\/revisions\/815"}],"wp:featuredmedia":[{"embeddable":true,"href":"https:\/\/weltlaeden.de\/weissenhorn\/wp-json\/wp\/v2\/media\/814"}],"wp:attachment":[{"href":"https:\/\/weltlaeden.de\/weissenhorn\/wp-json\/wp\/v2\/media?parent=812"}],"wp:term":[{"taxonomy":"category","embeddable":true,"href":"https:\/\/weltlaeden.de\/weissenhorn\/wp-json\/wp\/v2\/categories?post=812"},{"taxonomy":"post_tag","embeddable":true,"href":"https:\/\/weltlaeden.de\/weissenhorn\/wp-json\/wp\/v2\/tags?post=812"}],"curies":[{"name":"wp","href":"https:\/\/api.w.org\/{rel}","templated":true}]}}