{"id":794,"date":"2022-03-30T15:36:49","date_gmt":"2022-03-30T13:36:49","guid":{"rendered":"https:\/\/weltlaeden.de\/weissenhorn\/?p=794"},"modified":"2022-03-30T15:36:49","modified_gmt":"2022-03-30T13:36:49","slug":"tuechervielfalt-aus-der-einen-welt-2","status":"publish","type":"post","link":"https:\/\/weltlaeden.de\/weissenhorn\/tuechervielfalt-aus-der-einen-welt-2\/","title":{"rendered":"T\u00fcchervielfalt aus der Einen Welt"},"content":{"rendered":"<h3>Schals aus Wolle, Baumwolle, Seide, Leinen und Viskose von Produzenten aus Indien, Nepal, Vietnam,<\/h3>\n<h3>Sri Lanka und Laos sind die FairProdukte des Monats April im Wei\u00dfenhorner Weltladen<\/h3>\n<h3><img loading=\"lazy\" decoding=\"async\" class=\"alignnone wp-image-708\" src=\"https:\/\/weltlaeden.de\/weissenhorn\/wp-content\/uploads\/sites\/129\/2021\/04\/weltladen-schals2-175x300.jpg\" alt=\"\" width=\"141\" height=\"242\" \/><img loading=\"lazy\" decoding=\"async\" class=\"alignnone wp-image-711\" src=\"https:\/\/weltlaeden.de\/weissenhorn\/wp-content\/uploads\/sites\/129\/2021\/04\/169185771_1345461545835242_6677952151763836259_n-300x169.jpg\" alt=\"\" width=\"430\" height=\"242\" srcset=\"https:\/\/weltlaeden.de\/weissenhorn\/wp-content\/uploads\/sites\/129\/2021\/04\/169185771_1345461545835242_6677952151763836259_n-300x169.jpg 300w, https:\/\/weltlaeden.de\/weissenhorn\/wp-content\/uploads\/sites\/129\/2021\/04\/169185771_1345461545835242_6677952151763836259_n-768x432.jpg 768w, https:\/\/weltlaeden.de\/weissenhorn\/wp-content\/uploads\/sites\/129\/2021\/04\/169185771_1345461545835242_6677952151763836259_n-1024x576.jpg 1024w, https:\/\/weltlaeden.de\/weissenhorn\/wp-content\/uploads\/sites\/129\/2021\/04\/169185771_1345461545835242_6677952151763836259_n.jpg 1920w\" sizes=\"auto, (max-width: 430px) 100vw, 430px\" \/><\/h3>\n<p>Schals sind nich nur ein praktisches und sch\u00f6nes Accessoire, sondern leisten vor allem w\u00e4hrend der<\/p>\n<p>\u00dcbergangszeit gute Dienste. Sie halten den Hals sch\u00f6n warm und sorgen daf\u00fcr dass der ungem\u00fctlich<\/p>\n<p>kalte Wind und nasses Wetter Hals und Ohren nichts anhaben kann.<\/p>\n<h4>&#8220; Ein sch\u00f6ner Schal ist immer ein tolles Accessoire, welches man vielf\u00e4ltig und immer wieder neu<\/h4>\n<h4>kombinieren kann,&#8220; sagt Weltladen Mitarbeiterin Maria Wei\u00df: &#8220; je nach L\u00e4nge und Breite des Schals<\/h4>\n<h4>kann man ihn auch einfach als w\u00e4rmende Quelle um die Schultern drapieren.<\/h4>\n<h4>Somit kann man eigentlich jedes Qutfit aufpeppen.&#8220;<\/h4>\n<p>Die fairen Schals aus der Einen Welt kommen etwa von der 1978 gegr\u00fcndeten Vermarktungsorganisation<\/p>\n<p>Sasha mit Sitz in Kolkata in Indien. Sie erm\u00f6glicht gut 5000 Handwerksfamilien, organisiert in 150<\/p>\n<p>Genossenschaften und Familienbetrieben, einen Marktzugang zu fairen Bedingungen. Ein wichtiges<\/p>\n<p>Prinzip dabei ist, m\u00f6glichst viele Arbeitsschritte in der Produktionskette &#8211; von der Erzeugung der Rohmaterialien bis zur Endverarbeitung &#8211; so weit als m\u00f6glich durch die Mitgliedergruppen auszuf\u00fchren.<\/p>\n<p>So z\u00fcchten einige Seidenraupen und stellen den Faden her. Andere weben, meist auf einfachen Webst\u00fchlen, die Stoffbahnen. Weitere Produzenten sind auf das Zuschneiden, N\u00e4hen und Besticken der<\/p>\n<p>Schals und T\u00fccher spezialisiert.<\/p>\n<h2><span style=\"color: #ff6600\">P\u00fcnktlich zu Ostern und\u00a0 Fr\u00fchling kehrt damit eine bunte faire T\u00fcchervielfalt in den Weltladen ein.<\/span><\/h2>\n<h2><span style=\"color: #ff6600\">Im April gibt es die T\u00fccher 20% g\u00fcnstiger als FairProdukt des Monats im Wei\u00dfenhorner Weltladen\u00a0<\/span><\/h2>\n<h2><span style=\"color: #ff6600\">mitten in der guten Stube der Fairtrade-Stadt.<\/span><\/h2>\n","protected":false},"excerpt":{"rendered":"<p>Schals aus Wolle, Baumwolle, Seide, Leinen und Viskose von Produzenten aus Indien, Nepal, Vietnam, Sri Lanka und Laos sind die FairProdukte des Monats April im Wei\u00dfenhorner Weltladen Schals sind nich nur ein praktisches und sch\u00f6nes Accessoire, sondern leisten vor allem w\u00e4hrend der \u00dcbergangszeit gute Dienste. Sie halten den Hals sch\u00f6n warm und sorgen daf\u00fcr dass&hellip;<\/p>\n","protected":false},"author":191,"featured_media":711,"comment_status":"closed","ping_status":"closed","sticky":false,"template":"","format":"standard","meta":{"footnotes":""},"categories":[12],"tags":[],"class_list":["post-794","post","type-post","status-publish","format-standard","has-post-thumbnail","hentry","category-produkt-des-monats","category-12","description-off"],"yoast_head":"<!-- This site is optimized with the Yoast SEO plugin v26.8 - https:\/\/yoast.com\/product\/yoast-seo-wordpress\/ -->\n<title>T\u00fcchervielfalt aus der Einen Welt - Weltladen Wei\u00dfenhorn<\/title>\n<meta name=\"robots\" content=\"index, follow, max-snippet:-1, max-image-preview:large, max-video-preview:-1\" \/>\n<link rel=\"canonical\" href=\"https:\/\/weltlaeden.de\/weissenhorn\/tuechervielfalt-aus-der-einen-welt-2\/\" \/>\n<meta property=\"og:locale\" content=\"de_DE\" \/>\n<meta property=\"og:type\" content=\"article\" \/>\n<meta property=\"og:title\" content=\"T\u00fcchervielfalt aus der Einen Welt - Weltladen Wei\u00dfenhorn\" \/>\n<meta property=\"og:description\" content=\"Schals aus Wolle, Baumwolle, Seide, Leinen und Viskose von Produzenten aus Indien, Nepal, Vietnam, Sri Lanka und Laos sind die FairProdukte des Monats April im Wei\u00dfenhorner Weltladen Schals sind nich nur ein praktisches und sch\u00f6nes Accessoire, sondern leisten vor allem w\u00e4hrend der \u00dcbergangszeit gute Dienste. Sie halten den Hals sch\u00f6n warm und sorgen daf\u00fcr dass&hellip;\" \/>\n<meta property=\"og:url\" content=\"https:\/\/weltlaeden.de\/weissenhorn\/tuechervielfalt-aus-der-einen-welt-2\/\" \/>\n<meta property=\"og:site_name\" content=\"Weltladen Wei\u00dfenhorn\" \/>\n<meta property=\"article:published_time\" content=\"2022-03-30T13:36:49+00:00\" \/>\n<meta property=\"og:image\" content=\"https:\/\/weltlaeden.de\/weissenhorn\/wp-content\/uploads\/sites\/129\/2021\/04\/169185771_1345461545835242_6677952151763836259_n.jpg\" \/>\n\t<meta property=\"og:image:width\" content=\"1920\" \/>\n\t<meta property=\"og:image:height\" content=\"1080\" \/>\n\t<meta property=\"og:image:type\" content=\"image\/jpeg\" \/>\n<meta name=\"author\" content=\"weissenhorn\" \/>\n<meta name=\"twitter:card\" content=\"summary_large_image\" \/>\n<meta name=\"twitter:label1\" content=\"Verfasst von\" \/>\n\t<meta name=\"twitter:data1\" content=\"weissenhorn\" \/>\n\t<meta name=\"twitter:label2\" content=\"Gesch\u00e4tzte Lesezeit\" \/>\n\t<meta name=\"twitter:data2\" content=\"1\u00a0Minute\" \/>\n<script type=\"application\/ld+json\" class=\"yoast-schema-graph\">{\"@context\":\"https:\/\/schema.org\",\"@graph\":[{\"@type\":\"Article\",\"@id\":\"https:\/\/weltlaeden.de\/weissenhorn\/tuechervielfalt-aus-der-einen-welt-2\/#article\",\"isPartOf\":{\"@id\":\"https:\/\/weltlaeden.de\/weissenhorn\/tuechervielfalt-aus-der-einen-welt-2\/\"},\"author\":{\"name\":\"weissenhorn\",\"@id\":\"https:\/\/weltlaeden.de\/weissenhorn\/#\/schema\/person\/a54ab778984ca172a44d8286c0e76e78\"},\"headline\":\"T\u00fcchervielfalt aus der Einen Welt\",\"datePublished\":\"2022-03-30T13:36:49+00:00\",\"mainEntityOfPage\":{\"@id\":\"https:\/\/weltlaeden.de\/weissenhorn\/tuechervielfalt-aus-der-einen-welt-2\/\"},\"wordCount\":277,\"image\":{\"@id\":\"https:\/\/weltlaeden.de\/weissenhorn\/tuechervielfalt-aus-der-einen-welt-2\/#primaryimage\"},\"thumbnailUrl\":\"https:\/\/weltlaeden.de\/weissenhorn\/wp-content\/uploads\/sites\/129\/2021\/04\/169185771_1345461545835242_6677952151763836259_n.jpg\",\"articleSection\":[\"Produkt des Monats\"],\"inLanguage\":\"de\"},{\"@type\":\"WebPage\",\"@id\":\"https:\/\/weltlaeden.de\/weissenhorn\/tuechervielfalt-aus-der-einen-welt-2\/\",\"url\":\"https:\/\/weltlaeden.de\/weissenhorn\/tuechervielfalt-aus-der-einen-welt-2\/\",\"name\":\"T\u00fcchervielfalt aus der Einen Welt - Weltladen Wei\u00dfenhorn\",\"isPartOf\":{\"@id\":\"https:\/\/weltlaeden.de\/weissenhorn\/#website\"},\"primaryImageOfPage\":{\"@id\":\"https:\/\/weltlaeden.de\/weissenhorn\/tuechervielfalt-aus-der-einen-welt-2\/#primaryimage\"},\"image\":{\"@id\":\"https:\/\/weltlaeden.de\/weissenhorn\/tuechervielfalt-aus-der-einen-welt-2\/#primaryimage\"},\"thumbnailUrl\":\"https:\/\/weltlaeden.de\/weissenhorn\/wp-content\/uploads\/sites\/129\/2021\/04\/169185771_1345461545835242_6677952151763836259_n.jpg\",\"datePublished\":\"2022-03-30T13:36:49+00:00\",\"author\":{\"@id\":\"https:\/\/weltlaeden.de\/weissenhorn\/#\/schema\/person\/a54ab778984ca172a44d8286c0e76e78\"},\"breadcrumb\":{\"@id\":\"https:\/\/weltlaeden.de\/weissenhorn\/tuechervielfalt-aus-der-einen-welt-2\/#breadcrumb\"},\"inLanguage\":\"de\",\"potentialAction\":[{\"@type\":\"ReadAction\",\"target\":[\"https:\/\/weltlaeden.de\/weissenhorn\/tuechervielfalt-aus-der-einen-welt-2\/\"]}]},{\"@type\":\"ImageObject\",\"inLanguage\":\"de\",\"@id\":\"https:\/\/weltlaeden.de\/weissenhorn\/tuechervielfalt-aus-der-einen-welt-2\/#primaryimage\",\"url\":\"https:\/\/weltlaeden.de\/weissenhorn\/wp-content\/uploads\/sites\/129\/2021\/04\/169185771_1345461545835242_6677952151763836259_n.jpg\",\"contentUrl\":\"https:\/\/weltlaeden.de\/weissenhorn\/wp-content\/uploads\/sites\/129\/2021\/04\/169185771_1345461545835242_6677952151763836259_n.jpg\",\"width\":1920,\"height\":1080},{\"@type\":\"BreadcrumbList\",\"@id\":\"https:\/\/weltlaeden.de\/weissenhorn\/tuechervielfalt-aus-der-einen-welt-2\/#breadcrumb\",\"itemListElement\":[{\"@type\":\"ListItem\",\"position\":1,\"name\":\"Startseite\",\"item\":\"https:\/\/weltlaeden.de\/weissenhorn\/\"},{\"@type\":\"ListItem\",\"position\":2,\"name\":\"T\u00fcchervielfalt aus der Einen Welt\"}]},{\"@type\":\"WebSite\",\"@id\":\"https:\/\/weltlaeden.de\/weissenhorn\/#website\",\"url\":\"https:\/\/weltlaeden.de\/weissenhorn\/\",\"name\":\"Weltladen Wei\u00dfenhorn\",\"description\":\"Faire Produkte seit 1990\",\"potentialAction\":[{\"@type\":\"SearchAction\",\"target\":{\"@type\":\"EntryPoint\",\"urlTemplate\":\"https:\/\/weltlaeden.de\/weissenhorn\/?s={search_term_string}\"},\"query-input\":{\"@type\":\"PropertyValueSpecification\",\"valueRequired\":true,\"valueName\":\"search_term_string\"}}],\"inLanguage\":\"de\"},{\"@type\":\"Person\",\"@id\":\"https:\/\/weltlaeden.de\/weissenhorn\/#\/schema\/person\/a54ab778984ca172a44d8286c0e76e78\",\"name\":\"weissenhorn\",\"image\":{\"@type\":\"ImageObject\",\"inLanguage\":\"de\",\"@id\":\"https:\/\/weltlaeden.de\/weissenhorn\/#\/schema\/person\/image\/\",\"url\":\"https:\/\/secure.gravatar.com\/avatar\/9094ba6a92e3b50222fd0796b579f81f?s=96&d=mm&r=g\",\"contentUrl\":\"https:\/\/secure.gravatar.com\/avatar\/9094ba6a92e3b50222fd0796b579f81f?s=96&d=mm&r=g\",\"caption\":\"weissenhorn\"}}]}<\/script>\n<!-- \/ Yoast SEO plugin. -->","yoast_head_json":{"title":"T\u00fcchervielfalt aus der Einen Welt - Weltladen Wei\u00dfenhorn","robots":{"index":"index","follow":"follow","max-snippet":"max-snippet:-1","max-image-preview":"max-image-preview:large","max-video-preview":"max-video-preview:-1"},"canonical":"https:\/\/weltlaeden.de\/weissenhorn\/tuechervielfalt-aus-der-einen-welt-2\/","og_locale":"de_DE","og_type":"article","og_title":"T\u00fcchervielfalt aus der Einen Welt - Weltladen Wei\u00dfenhorn","og_description":"Schals aus Wolle, Baumwolle, Seide, Leinen und Viskose von Produzenten aus Indien, Nepal, Vietnam, Sri Lanka und Laos sind die FairProdukte des Monats April im Wei\u00dfenhorner Weltladen Schals sind nich nur ein praktisches und sch\u00f6nes Accessoire, sondern leisten vor allem w\u00e4hrend der \u00dcbergangszeit gute Dienste. Sie halten den Hals sch\u00f6n warm und sorgen daf\u00fcr dass&hellip;","og_url":"https:\/\/weltlaeden.de\/weissenhorn\/tuechervielfalt-aus-der-einen-welt-2\/","og_site_name":"Weltladen Wei\u00dfenhorn","article_published_time":"2022-03-30T13:36:49+00:00","og_image":[{"width":1920,"height":1080,"url":"https:\/\/weltlaeden.de\/weissenhorn\/wp-content\/uploads\/sites\/129\/2021\/04\/169185771_1345461545835242_6677952151763836259_n.jpg","type":"image\/jpeg"}],"author":"weissenhorn","twitter_card":"summary_large_image","twitter_misc":{"Verfasst von":"weissenhorn","Gesch\u00e4tzte Lesezeit":"1\u00a0Minute"},"schema":{"@context":"https:\/\/schema.org","@graph":[{"@type":"Article","@id":"https:\/\/weltlaeden.de\/weissenhorn\/tuechervielfalt-aus-der-einen-welt-2\/#article","isPartOf":{"@id":"https:\/\/weltlaeden.de\/weissenhorn\/tuechervielfalt-aus-der-einen-welt-2\/"},"author":{"name":"weissenhorn","@id":"https:\/\/weltlaeden.de\/weissenhorn\/#\/schema\/person\/a54ab778984ca172a44d8286c0e76e78"},"headline":"T\u00fcchervielfalt aus der Einen Welt","datePublished":"2022-03-30T13:36:49+00:00","mainEntityOfPage":{"@id":"https:\/\/weltlaeden.de\/weissenhorn\/tuechervielfalt-aus-der-einen-welt-2\/"},"wordCount":277,"image":{"@id":"https:\/\/weltlaeden.de\/weissenhorn\/tuechervielfalt-aus-der-einen-welt-2\/#primaryimage"},"thumbnailUrl":"https:\/\/weltlaeden.de\/weissenhorn\/wp-content\/uploads\/sites\/129\/2021\/04\/169185771_1345461545835242_6677952151763836259_n.jpg","articleSection":["Produkt des Monats"],"inLanguage":"de"},{"@type":"WebPage","@id":"https:\/\/weltlaeden.de\/weissenhorn\/tuechervielfalt-aus-der-einen-welt-2\/","url":"https:\/\/weltlaeden.de\/weissenhorn\/tuechervielfalt-aus-der-einen-welt-2\/","name":"T\u00fcchervielfalt aus der Einen Welt - Weltladen Wei\u00dfenhorn","isPartOf":{"@id":"https:\/\/weltlaeden.de\/weissenhorn\/#website"},"primaryImageOfPage":{"@id":"https:\/\/weltlaeden.de\/weissenhorn\/tuechervielfalt-aus-der-einen-welt-2\/#primaryimage"},"image":{"@id":"https:\/\/weltlaeden.de\/weissenhorn\/tuechervielfalt-aus-der-einen-welt-2\/#primaryimage"},"thumbnailUrl":"https:\/\/weltlaeden.de\/weissenhorn\/wp-content\/uploads\/sites\/129\/2021\/04\/169185771_1345461545835242_6677952151763836259_n.jpg","datePublished":"2022-03-30T13:36:49+00:00","author":{"@id":"https:\/\/weltlaeden.de\/weissenhorn\/#\/schema\/person\/a54ab778984ca172a44d8286c0e76e78"},"breadcrumb":{"@id":"https:\/\/weltlaeden.de\/weissenhorn\/tuechervielfalt-aus-der-einen-welt-2\/#breadcrumb"},"inLanguage":"de","potentialAction":[{"@type":"ReadAction","target":["https:\/\/weltlaeden.de\/weissenhorn\/tuechervielfalt-aus-der-einen-welt-2\/"]}]},{"@type":"ImageObject","inLanguage":"de","@id":"https:\/\/weltlaeden.de\/weissenhorn\/tuechervielfalt-aus-der-einen-welt-2\/#primaryimage","url":"https:\/\/weltlaeden.de\/weissenhorn\/wp-content\/uploads\/sites\/129\/2021\/04\/169185771_1345461545835242_6677952151763836259_n.jpg","contentUrl":"https:\/\/weltlaeden.de\/weissenhorn\/wp-content\/uploads\/sites\/129\/2021\/04\/169185771_1345461545835242_6677952151763836259_n.jpg","width":1920,"height":1080},{"@type":"BreadcrumbList","@id":"https:\/\/weltlaeden.de\/weissenhorn\/tuechervielfalt-aus-der-einen-welt-2\/#breadcrumb","itemListElement":[{"@type":"ListItem","position":1,"name":"Startseite","item":"https:\/\/weltlaeden.de\/weissenhorn\/"},{"@type":"ListItem","position":2,"name":"T\u00fcchervielfalt aus der Einen Welt"}]},{"@type":"WebSite","@id":"https:\/\/weltlaeden.de\/weissenhorn\/#website","url":"https:\/\/weltlaeden.de\/weissenhorn\/","name":"Weltladen Wei\u00dfenhorn","description":"Faire Produkte seit 1990","potentialAction":[{"@type":"SearchAction","target":{"@type":"EntryPoint","urlTemplate":"https:\/\/weltlaeden.de\/weissenhorn\/?s={search_term_string}"},"query-input":{"@type":"PropertyValueSpecification","valueRequired":true,"valueName":"search_term_string"}}],"inLanguage":"de"},{"@type":"Person","@id":"https:\/\/weltlaeden.de\/weissenhorn\/#\/schema\/person\/a54ab778984ca172a44d8286c0e76e78","name":"weissenhorn","image":{"@type":"ImageObject","inLanguage":"de","@id":"https:\/\/weltlaeden.de\/weissenhorn\/#\/schema\/person\/image\/","url":"https:\/\/secure.gravatar.com\/avatar\/9094ba6a92e3b50222fd0796b579f81f?s=96&d=mm&r=g","contentUrl":"https:\/\/secure.gravatar.com\/avatar\/9094ba6a92e3b50222fd0796b579f81f?s=96&d=mm&r=g","caption":"weissenhorn"}}]}},"_links":{"self":[{"href":"https:\/\/weltlaeden.de\/weissenhorn\/wp-json\/wp\/v2\/posts\/794","targetHints":{"allow":["GET"]}}],"collection":[{"href":"https:\/\/weltlaeden.de\/weissenhorn\/wp-json\/wp\/v2\/posts"}],"about":[{"href":"https:\/\/weltlaeden.de\/weissenhorn\/wp-json\/wp\/v2\/types\/post"}],"author":[{"embeddable":true,"href":"https:\/\/weltlaeden.de\/weissenhorn\/wp-json\/wp\/v2\/users\/191"}],"replies":[{"embeddable":true,"href":"https:\/\/weltlaeden.de\/weissenhorn\/wp-json\/wp\/v2\/comments?post=794"}],"version-history":[{"count":4,"href":"https:\/\/weltlaeden.de\/weissenhorn\/wp-json\/wp\/v2\/posts\/794\/revisions"}],"predecessor-version":[{"id":800,"href":"https:\/\/weltlaeden.de\/weissenhorn\/wp-json\/wp\/v2\/posts\/794\/revisions\/800"}],"wp:featuredmedia":[{"embeddable":true,"href":"https:\/\/weltlaeden.de\/weissenhorn\/wp-json\/wp\/v2\/media\/711"}],"wp:attachment":[{"href":"https:\/\/weltlaeden.de\/weissenhorn\/wp-json\/wp\/v2\/media?parent=794"}],"wp:term":[{"taxonomy":"category","embeddable":true,"href":"https:\/\/weltlaeden.de\/weissenhorn\/wp-json\/wp\/v2\/categories?post=794"},{"taxonomy":"post_tag","embeddable":true,"href":"https:\/\/weltlaeden.de\/weissenhorn\/wp-json\/wp\/v2\/tags?post=794"}],"curies":[{"name":"wp","href":"https:\/\/api.w.org\/{rel}","templated":true}]}}