{"id":773,"date":"2022-01-29T20:57:19","date_gmt":"2022-01-29T19:57:19","guid":{"rendered":"https:\/\/weltlaeden.de\/weissenhorn\/?p=773"},"modified":"2022-02-01T09:48:56","modified_gmt":"2022-02-01T08:48:56","slug":"fairprodukt-des-monats-geroestete-erdnuesse-aus-aegypten","status":"publish","type":"post","link":"https:\/\/weltlaeden.de\/weissenhorn\/fairprodukt-des-monats-geroestete-erdnuesse-aus-aegypten\/","title":{"rendered":"FairProdukt des Monats: ger\u00f6stete Erdn\u00fcsse aus \u00c4gypten"},"content":{"rendered":"<p><strong>SEKEM ist der Pionier des Fairen Handels und der biologisch-dynamischen Landwirtschaft in \u00c4gypten. Dr. Ibrahim Abouleish gr\u00fcndete SEKEM im Jahr 1977 mit dem ehrgeizigen Ziel die W\u00fcste nutzbar zu machen und nachhaltige Entwicklung Realit\u00e4t werden zu lassen.<\/strong><\/p>\n<p><strong> Von hier kommt das FairProdukt des Monats Februar im Wei\u00dfenhorner Weltladen:<\/strong><\/p>\n<h2 style=\"text-align: center\"><span style=\"color: #ff9900\"><strong>\u00a0 <img loading=\"lazy\" decoding=\"async\" class=\"alignnone wp-image-777\" src=\"https:\/\/weltlaeden.de\/weissenhorn\/wp-content\/uploads\/sites\/129\/2022\/01\/9F6F2DB6-6BC4-4EF0-96EC-93BE1F243539_4_5005_c-1.jpeg\" alt=\"\" width=\"176\" height=\"176\" \/>\u00a0 \u00a0<\/strong><\/span><\/h2>\n<h2 style=\"text-align: center\"><span style=\"color: #ff9900\"><strong> Erdnuss Cubes!<\/strong><\/span><\/h2>\n<p>Erdnuss Cubes, das ist eine leckere Komposition ger\u00f6steter Erdn\u00fcsse und einer Prise Meersalz &#8211; mit einer angenehmen S\u00fc\u00dfe, die durch die ausschlie\u00dfliche Verwendung von Reissirup und Agavendicksaft erreicht wird.<\/p>\n<p><span style=\"color: #ff9900\"><strong>Nussig<\/strong> <\/span>im Geschmack und wunderbar<span style=\"color: #ff9900\"> <strong>crunchy<\/strong><\/span> sind die <span style=\"color: #ff9900\"><strong>Erdnuss-Cubes<\/strong><\/span> ein idealer Zwischensnack an faden Corona-Abenden \u2013 mit dem man obendrein eine gro\u00dfartige Initiative unterst\u00fctzt:<\/p>\n<p>Der ganzheitliche Ansatz von SEKEM reicht von biologischer Landwirtschaft \u00fcber kulturelle und soziale Angebote bis hin zu umfassenden Bildungsangeboten und Gesundheitsversorgung.<\/p>\n<p>Mittlerweile hat sich um SEKEM ein eigenes \u201e\u00d6kosystem\u201c an Produzentengruppen, zertifizierten Farmen, Verarbeitern und sogar einer eigenen Universit\u00e4t etabliert.<\/p>\n<p>\u00dcber 40 Jahre sp\u00e4ter ist die Vision einer ganzheitlichen nachhaltigen Entwicklung also Wirklichkeit geworden.<\/p>\n<p>SEKEM hat sich den Prinzipien des Fairen Handels verschrieben: die Angestellten erhalten einen angemessenen Lohn, haben Zugang zur Gesundheitsversorgung und bekommen zahlreiche Sozialleistungen.<\/p>\n<p>Dabei setzt SEKEM auf langj\u00e4hrige Partnerschaften auf Augenh\u00f6he und gew\u00e4hrt den zertifizierten Farmen eine Vorfinanzierung, um die erntelose Zeit \u00fcberbr\u00fccken zu k\u00f6nnen.<\/p>\n<h3><span style=\"color: #ff9900\">Im Februar gibt es die Erdnuss Cubes um 20% g\u00fcnstiger im Weltladen &#8211; mitten in der guten Stube Wei\u00dfenhorns.<\/span><\/h3>\n","protected":false},"excerpt":{"rendered":"<p>SEKEM ist der Pionier des Fairen Handels und der biologisch-dynamischen Landwirtschaft in \u00c4gypten. Dr. Ibrahim Abouleish gr\u00fcndete SEKEM im Jahr 1977 mit dem ehrgeizigen Ziel die W\u00fcste nutzbar zu machen und nachhaltige Entwicklung Realit\u00e4t werden zu lassen. Von hier kommt das FairProdukt des Monats Februar im Wei\u00dfenhorner Weltladen: \u00a0 \u00a0 \u00a0 Erdnuss Cubes! Erdnuss Cubes,&hellip;<\/p>\n","protected":false},"author":191,"featured_media":0,"comment_status":"closed","ping_status":"closed","sticky":false,"template":"","format":"standard","meta":{"footnotes":""},"categories":[12],"tags":[],"class_list":["post-773","post","type-post","status-publish","format-standard","hentry","category-produkt-des-monats","category-12","description-off"],"yoast_head":"<!-- This site is optimized with the Yoast SEO plugin v26.8 - https:\/\/yoast.com\/product\/yoast-seo-wordpress\/ -->\n<title>FairProdukt des Monats: ger\u00f6stete Erdn\u00fcsse aus \u00c4gypten - Weltladen Wei\u00dfenhorn<\/title>\n<meta name=\"robots\" content=\"index, follow, max-snippet:-1, max-image-preview:large, max-video-preview:-1\" \/>\n<link rel=\"canonical\" href=\"https:\/\/weltlaeden.de\/weissenhorn\/fairprodukt-des-monats-geroestete-erdnuesse-aus-aegypten\/\" \/>\n<meta property=\"og:locale\" content=\"de_DE\" \/>\n<meta property=\"og:type\" content=\"article\" \/>\n<meta property=\"og:title\" content=\"FairProdukt des Monats: ger\u00f6stete Erdn\u00fcsse aus \u00c4gypten - Weltladen Wei\u00dfenhorn\" \/>\n<meta property=\"og:description\" content=\"SEKEM ist der Pionier des Fairen Handels und der biologisch-dynamischen Landwirtschaft in \u00c4gypten. Dr. Ibrahim Abouleish gr\u00fcndete SEKEM im Jahr 1977 mit dem ehrgeizigen Ziel die W\u00fcste nutzbar zu machen und nachhaltige Entwicklung Realit\u00e4t werden zu lassen. Von hier kommt das FairProdukt des Monats Februar im Wei\u00dfenhorner Weltladen: \u00a0 \u00a0 \u00a0 Erdnuss Cubes! Erdnuss Cubes,&hellip;\" \/>\n<meta property=\"og:url\" content=\"https:\/\/weltlaeden.de\/weissenhorn\/fairprodukt-des-monats-geroestete-erdnuesse-aus-aegypten\/\" \/>\n<meta property=\"og:site_name\" content=\"Weltladen Wei\u00dfenhorn\" \/>\n<meta property=\"article:published_time\" content=\"2022-01-29T19:57:19+00:00\" \/>\n<meta property=\"article:modified_time\" content=\"2022-02-01T08:48:56+00:00\" \/>\n<meta property=\"og:image\" content=\"https:\/\/weltlaeden.de\/weissenhorn\/wp-content\/uploads\/sites\/129\/2022\/01\/9F6F2DB6-6BC4-4EF0-96EC-93BE1F243539_4_5005_c-1.jpeg\" \/>\n<meta name=\"author\" content=\"weissenhorn\" \/>\n<meta name=\"twitter:card\" content=\"summary_large_image\" \/>\n<meta name=\"twitter:label1\" content=\"Verfasst von\" \/>\n\t<meta name=\"twitter:data1\" content=\"weissenhorn\" \/>\n\t<meta name=\"twitter:label2\" content=\"Gesch\u00e4tzte Lesezeit\" \/>\n\t<meta name=\"twitter:data2\" content=\"1\u00a0Minute\" \/>\n<script type=\"application\/ld+json\" class=\"yoast-schema-graph\">{\"@context\":\"https:\/\/schema.org\",\"@graph\":[{\"@type\":\"Article\",\"@id\":\"https:\/\/weltlaeden.de\/weissenhorn\/fairprodukt-des-monats-geroestete-erdnuesse-aus-aegypten\/#article\",\"isPartOf\":{\"@id\":\"https:\/\/weltlaeden.de\/weissenhorn\/fairprodukt-des-monats-geroestete-erdnuesse-aus-aegypten\/\"},\"author\":{\"name\":\"weissenhorn\",\"@id\":\"https:\/\/weltlaeden.de\/weissenhorn\/#\/schema\/person\/a54ab778984ca172a44d8286c0e76e78\"},\"headline\":\"FairProdukt des Monats: ger\u00f6stete Erdn\u00fcsse aus \u00c4gypten\",\"datePublished\":\"2022-01-29T19:57:19+00:00\",\"dateModified\":\"2022-02-01T08:48:56+00:00\",\"mainEntityOfPage\":{\"@id\":\"https:\/\/weltlaeden.de\/weissenhorn\/fairprodukt-des-monats-geroestete-erdnuesse-aus-aegypten\/\"},\"wordCount\":245,\"image\":{\"@id\":\"https:\/\/weltlaeden.de\/weissenhorn\/fairprodukt-des-monats-geroestete-erdnuesse-aus-aegypten\/#primaryimage\"},\"thumbnailUrl\":\"https:\/\/weltlaeden.de\/weissenhorn\/wp-content\/uploads\/sites\/129\/2022\/01\/9F6F2DB6-6BC4-4EF0-96EC-93BE1F243539_4_5005_c-1.jpeg\",\"articleSection\":[\"Produkt des Monats\"],\"inLanguage\":\"de\"},{\"@type\":\"WebPage\",\"@id\":\"https:\/\/weltlaeden.de\/weissenhorn\/fairprodukt-des-monats-geroestete-erdnuesse-aus-aegypten\/\",\"url\":\"https:\/\/weltlaeden.de\/weissenhorn\/fairprodukt-des-monats-geroestete-erdnuesse-aus-aegypten\/\",\"name\":\"FairProdukt des Monats: ger\u00f6stete Erdn\u00fcsse aus \u00c4gypten - Weltladen Wei\u00dfenhorn\",\"isPartOf\":{\"@id\":\"https:\/\/weltlaeden.de\/weissenhorn\/#website\"},\"primaryImageOfPage\":{\"@id\":\"https:\/\/weltlaeden.de\/weissenhorn\/fairprodukt-des-monats-geroestete-erdnuesse-aus-aegypten\/#primaryimage\"},\"image\":{\"@id\":\"https:\/\/weltlaeden.de\/weissenhorn\/fairprodukt-des-monats-geroestete-erdnuesse-aus-aegypten\/#primaryimage\"},\"thumbnailUrl\":\"https:\/\/weltlaeden.de\/weissenhorn\/wp-content\/uploads\/sites\/129\/2022\/01\/9F6F2DB6-6BC4-4EF0-96EC-93BE1F243539_4_5005_c-1.jpeg\",\"datePublished\":\"2022-01-29T19:57:19+00:00\",\"dateModified\":\"2022-02-01T08:48:56+00:00\",\"author\":{\"@id\":\"https:\/\/weltlaeden.de\/weissenhorn\/#\/schema\/person\/a54ab778984ca172a44d8286c0e76e78\"},\"breadcrumb\":{\"@id\":\"https:\/\/weltlaeden.de\/weissenhorn\/fairprodukt-des-monats-geroestete-erdnuesse-aus-aegypten\/#breadcrumb\"},\"inLanguage\":\"de\",\"potentialAction\":[{\"@type\":\"ReadAction\",\"target\":[\"https:\/\/weltlaeden.de\/weissenhorn\/fairprodukt-des-monats-geroestete-erdnuesse-aus-aegypten\/\"]}]},{\"@type\":\"ImageObject\",\"inLanguage\":\"de\",\"@id\":\"https:\/\/weltlaeden.de\/weissenhorn\/fairprodukt-des-monats-geroestete-erdnuesse-aus-aegypten\/#primaryimage\",\"url\":\"https:\/\/weltlaeden.de\/weissenhorn\/wp-content\/uploads\/sites\/129\/2022\/01\/9F6F2DB6-6BC4-4EF0-96EC-93BE1F243539_4_5005_c-1.jpeg\",\"contentUrl\":\"https:\/\/weltlaeden.de\/weissenhorn\/wp-content\/uploads\/sites\/129\/2022\/01\/9F6F2DB6-6BC4-4EF0-96EC-93BE1F243539_4_5005_c-1.jpeg\",\"width\":130,\"height\":130},{\"@type\":\"BreadcrumbList\",\"@id\":\"https:\/\/weltlaeden.de\/weissenhorn\/fairprodukt-des-monats-geroestete-erdnuesse-aus-aegypten\/#breadcrumb\",\"itemListElement\":[{\"@type\":\"ListItem\",\"position\":1,\"name\":\"Startseite\",\"item\":\"https:\/\/weltlaeden.de\/weissenhorn\/\"},{\"@type\":\"ListItem\",\"position\":2,\"name\":\"FairProdukt des Monats: ger\u00f6stete Erdn\u00fcsse aus \u00c4gypten\"}]},{\"@type\":\"WebSite\",\"@id\":\"https:\/\/weltlaeden.de\/weissenhorn\/#website\",\"url\":\"https:\/\/weltlaeden.de\/weissenhorn\/\",\"name\":\"Weltladen Wei\u00dfenhorn\",\"description\":\"Faire Produkte seit 1990\",\"potentialAction\":[{\"@type\":\"SearchAction\",\"target\":{\"@type\":\"EntryPoint\",\"urlTemplate\":\"https:\/\/weltlaeden.de\/weissenhorn\/?s={search_term_string}\"},\"query-input\":{\"@type\":\"PropertyValueSpecification\",\"valueRequired\":true,\"valueName\":\"search_term_string\"}}],\"inLanguage\":\"de\"},{\"@type\":\"Person\",\"@id\":\"https:\/\/weltlaeden.de\/weissenhorn\/#\/schema\/person\/a54ab778984ca172a44d8286c0e76e78\",\"name\":\"weissenhorn\",\"image\":{\"@type\":\"ImageObject\",\"inLanguage\":\"de\",\"@id\":\"https:\/\/weltlaeden.de\/weissenhorn\/#\/schema\/person\/image\/\",\"url\":\"https:\/\/secure.gravatar.com\/avatar\/9094ba6a92e3b50222fd0796b579f81f?s=96&d=mm&r=g\",\"contentUrl\":\"https:\/\/secure.gravatar.com\/avatar\/9094ba6a92e3b50222fd0796b579f81f?s=96&d=mm&r=g\",\"caption\":\"weissenhorn\"}}]}<\/script>\n<!-- \/ Yoast SEO plugin. -->","yoast_head_json":{"title":"FairProdukt des Monats: ger\u00f6stete Erdn\u00fcsse aus \u00c4gypten - Weltladen Wei\u00dfenhorn","robots":{"index":"index","follow":"follow","max-snippet":"max-snippet:-1","max-image-preview":"max-image-preview:large","max-video-preview":"max-video-preview:-1"},"canonical":"https:\/\/weltlaeden.de\/weissenhorn\/fairprodukt-des-monats-geroestete-erdnuesse-aus-aegypten\/","og_locale":"de_DE","og_type":"article","og_title":"FairProdukt des Monats: ger\u00f6stete Erdn\u00fcsse aus \u00c4gypten - Weltladen Wei\u00dfenhorn","og_description":"SEKEM ist der Pionier des Fairen Handels und der biologisch-dynamischen Landwirtschaft in \u00c4gypten. Dr. Ibrahim Abouleish gr\u00fcndete SEKEM im Jahr 1977 mit dem ehrgeizigen Ziel die W\u00fcste nutzbar zu machen und nachhaltige Entwicklung Realit\u00e4t werden zu lassen. Von hier kommt das FairProdukt des Monats Februar im Wei\u00dfenhorner Weltladen: \u00a0 \u00a0 \u00a0 Erdnuss Cubes! Erdnuss Cubes,&hellip;","og_url":"https:\/\/weltlaeden.de\/weissenhorn\/fairprodukt-des-monats-geroestete-erdnuesse-aus-aegypten\/","og_site_name":"Weltladen Wei\u00dfenhorn","article_published_time":"2022-01-29T19:57:19+00:00","article_modified_time":"2022-02-01T08:48:56+00:00","og_image":[{"url":"https:\/\/weltlaeden.de\/weissenhorn\/wp-content\/uploads\/sites\/129\/2022\/01\/9F6F2DB6-6BC4-4EF0-96EC-93BE1F243539_4_5005_c-1.jpeg","type":"","width":"","height":""}],"author":"weissenhorn","twitter_card":"summary_large_image","twitter_misc":{"Verfasst von":"weissenhorn","Gesch\u00e4tzte Lesezeit":"1\u00a0Minute"},"schema":{"@context":"https:\/\/schema.org","@graph":[{"@type":"Article","@id":"https:\/\/weltlaeden.de\/weissenhorn\/fairprodukt-des-monats-geroestete-erdnuesse-aus-aegypten\/#article","isPartOf":{"@id":"https:\/\/weltlaeden.de\/weissenhorn\/fairprodukt-des-monats-geroestete-erdnuesse-aus-aegypten\/"},"author":{"name":"weissenhorn","@id":"https:\/\/weltlaeden.de\/weissenhorn\/#\/schema\/person\/a54ab778984ca172a44d8286c0e76e78"},"headline":"FairProdukt des Monats: ger\u00f6stete Erdn\u00fcsse aus \u00c4gypten","datePublished":"2022-01-29T19:57:19+00:00","dateModified":"2022-02-01T08:48:56+00:00","mainEntityOfPage":{"@id":"https:\/\/weltlaeden.de\/weissenhorn\/fairprodukt-des-monats-geroestete-erdnuesse-aus-aegypten\/"},"wordCount":245,"image":{"@id":"https:\/\/weltlaeden.de\/weissenhorn\/fairprodukt-des-monats-geroestete-erdnuesse-aus-aegypten\/#primaryimage"},"thumbnailUrl":"https:\/\/weltlaeden.de\/weissenhorn\/wp-content\/uploads\/sites\/129\/2022\/01\/9F6F2DB6-6BC4-4EF0-96EC-93BE1F243539_4_5005_c-1.jpeg","articleSection":["Produkt des Monats"],"inLanguage":"de"},{"@type":"WebPage","@id":"https:\/\/weltlaeden.de\/weissenhorn\/fairprodukt-des-monats-geroestete-erdnuesse-aus-aegypten\/","url":"https:\/\/weltlaeden.de\/weissenhorn\/fairprodukt-des-monats-geroestete-erdnuesse-aus-aegypten\/","name":"FairProdukt des Monats: ger\u00f6stete Erdn\u00fcsse aus \u00c4gypten - Weltladen Wei\u00dfenhorn","isPartOf":{"@id":"https:\/\/weltlaeden.de\/weissenhorn\/#website"},"primaryImageOfPage":{"@id":"https:\/\/weltlaeden.de\/weissenhorn\/fairprodukt-des-monats-geroestete-erdnuesse-aus-aegypten\/#primaryimage"},"image":{"@id":"https:\/\/weltlaeden.de\/weissenhorn\/fairprodukt-des-monats-geroestete-erdnuesse-aus-aegypten\/#primaryimage"},"thumbnailUrl":"https:\/\/weltlaeden.de\/weissenhorn\/wp-content\/uploads\/sites\/129\/2022\/01\/9F6F2DB6-6BC4-4EF0-96EC-93BE1F243539_4_5005_c-1.jpeg","datePublished":"2022-01-29T19:57:19+00:00","dateModified":"2022-02-01T08:48:56+00:00","author":{"@id":"https:\/\/weltlaeden.de\/weissenhorn\/#\/schema\/person\/a54ab778984ca172a44d8286c0e76e78"},"breadcrumb":{"@id":"https:\/\/weltlaeden.de\/weissenhorn\/fairprodukt-des-monats-geroestete-erdnuesse-aus-aegypten\/#breadcrumb"},"inLanguage":"de","potentialAction":[{"@type":"ReadAction","target":["https:\/\/weltlaeden.de\/weissenhorn\/fairprodukt-des-monats-geroestete-erdnuesse-aus-aegypten\/"]}]},{"@type":"ImageObject","inLanguage":"de","@id":"https:\/\/weltlaeden.de\/weissenhorn\/fairprodukt-des-monats-geroestete-erdnuesse-aus-aegypten\/#primaryimage","url":"https:\/\/weltlaeden.de\/weissenhorn\/wp-content\/uploads\/sites\/129\/2022\/01\/9F6F2DB6-6BC4-4EF0-96EC-93BE1F243539_4_5005_c-1.jpeg","contentUrl":"https:\/\/weltlaeden.de\/weissenhorn\/wp-content\/uploads\/sites\/129\/2022\/01\/9F6F2DB6-6BC4-4EF0-96EC-93BE1F243539_4_5005_c-1.jpeg","width":130,"height":130},{"@type":"BreadcrumbList","@id":"https:\/\/weltlaeden.de\/weissenhorn\/fairprodukt-des-monats-geroestete-erdnuesse-aus-aegypten\/#breadcrumb","itemListElement":[{"@type":"ListItem","position":1,"name":"Startseite","item":"https:\/\/weltlaeden.de\/weissenhorn\/"},{"@type":"ListItem","position":2,"name":"FairProdukt des Monats: ger\u00f6stete Erdn\u00fcsse aus \u00c4gypten"}]},{"@type":"WebSite","@id":"https:\/\/weltlaeden.de\/weissenhorn\/#website","url":"https:\/\/weltlaeden.de\/weissenhorn\/","name":"Weltladen Wei\u00dfenhorn","description":"Faire Produkte seit 1990","potentialAction":[{"@type":"SearchAction","target":{"@type":"EntryPoint","urlTemplate":"https:\/\/weltlaeden.de\/weissenhorn\/?s={search_term_string}"},"query-input":{"@type":"PropertyValueSpecification","valueRequired":true,"valueName":"search_term_string"}}],"inLanguage":"de"},{"@type":"Person","@id":"https:\/\/weltlaeden.de\/weissenhorn\/#\/schema\/person\/a54ab778984ca172a44d8286c0e76e78","name":"weissenhorn","image":{"@type":"ImageObject","inLanguage":"de","@id":"https:\/\/weltlaeden.de\/weissenhorn\/#\/schema\/person\/image\/","url":"https:\/\/secure.gravatar.com\/avatar\/9094ba6a92e3b50222fd0796b579f81f?s=96&d=mm&r=g","contentUrl":"https:\/\/secure.gravatar.com\/avatar\/9094ba6a92e3b50222fd0796b579f81f?s=96&d=mm&r=g","caption":"weissenhorn"}}]}},"_links":{"self":[{"href":"https:\/\/weltlaeden.de\/weissenhorn\/wp-json\/wp\/v2\/posts\/773","targetHints":{"allow":["GET"]}}],"collection":[{"href":"https:\/\/weltlaeden.de\/weissenhorn\/wp-json\/wp\/v2\/posts"}],"about":[{"href":"https:\/\/weltlaeden.de\/weissenhorn\/wp-json\/wp\/v2\/types\/post"}],"author":[{"embeddable":true,"href":"https:\/\/weltlaeden.de\/weissenhorn\/wp-json\/wp\/v2\/users\/191"}],"replies":[{"embeddable":true,"href":"https:\/\/weltlaeden.de\/weissenhorn\/wp-json\/wp\/v2\/comments?post=773"}],"version-history":[{"count":2,"href":"https:\/\/weltlaeden.de\/weissenhorn\/wp-json\/wp\/v2\/posts\/773\/revisions"}],"predecessor-version":[{"id":778,"href":"https:\/\/weltlaeden.de\/weissenhorn\/wp-json\/wp\/v2\/posts\/773\/revisions\/778"}],"wp:attachment":[{"href":"https:\/\/weltlaeden.de\/weissenhorn\/wp-json\/wp\/v2\/media?parent=773"}],"wp:term":[{"taxonomy":"category","embeddable":true,"href":"https:\/\/weltlaeden.de\/weissenhorn\/wp-json\/wp\/v2\/categories?post=773"},{"taxonomy":"post_tag","embeddable":true,"href":"https:\/\/weltlaeden.de\/weissenhorn\/wp-json\/wp\/v2\/tags?post=773"}],"curies":[{"name":"wp","href":"https:\/\/api.w.org\/{rel}","templated":true}]}}