{"id":769,"date":"2022-01-29T20:25:59","date_gmt":"2022-01-29T19:25:59","guid":{"rendered":"https:\/\/weltlaeden.de\/weissenhorn\/?p=769"},"modified":"2022-01-29T20:27:20","modified_gmt":"2022-01-29T19:27:20","slug":"das-plus-mit-genuss-sieben-wochen-mit-der-fairen-tuete","status":"publish","type":"post","link":"https:\/\/weltlaeden.de\/weissenhorn\/das-plus-mit-genuss-sieben-wochen-mit-der-fairen-tuete\/","title":{"rendered":"Das &#8222;Plus mit Genuss&#8220; sieben Wochen mit der fairen T\u00fcte"},"content":{"rendered":"<p><strong>Die sieben Wochen der Fastenzeit sind eine gute Gelegenheit, \u00fcber unsere Konsumgewohnheiten nachzudenken \u2013 und sie genussvoll zu ver\u00e4ndern, sagte sich das Team des Wei\u00dfenhorner Weltladens. <\/strong><\/p>\n<p><strong>Und so nutzt der Weltladen zusammen mit evangelischer und katholischer Kirchengemeinde und dem Frauenbund Wei\u00dfenhorn die Zeit von Aschermittwoch bis Ostern f\u00fcr ein Angebot der besonderen Art: <\/strong><\/p>\n<p><strong>Die faire T\u00fcte, w\u00f6chentlich bef\u00fcllt mit einer bunten Zusammenstellung von Lebensmitteln aus dem Weltladen. Eine Aktion mit Sinn!<\/strong><\/p>\n<p>&nbsp;<\/p>\n<p>\u201eDie Aktion l\u00e4dt KonsumentInnen ein, bewusst und nachhaltig einzukaufen und weckt Neugier auf leckere und gesunde Lebensmittel aus aller Welt,\u201c sagt Weltladen-Vorsitzender Franz Snehotta.\u00a0Dabei werden StammkundInnen angesprochen, die Neues entdecken und probieren m\u00f6chten und gleichzeitig ist sie ein spannendes Angebot an NeukundInnen, die durch die Vielfalt der fairen T\u00fcte den Fairen Handel, seine Produkte und die Menschen dahinter kennenlernen k\u00f6nnen.<\/p>\n<p>&nbsp;<\/p>\n<p>Und wer 7 Wochen lang die fairen K\u00f6stlichkeiten genossen hat, kommt bestimmt auch nach der Fastenzeit wieder in den Weltladen.<\/p>\n<p><strong><u>So funktioniert\u2019s:<\/u><\/strong> Sie holen sich w\u00f6chentlich vom 2. M\u00e4rz bis 13. April 2022 eine T\u00fcte mit fair gehandelten Lebensmitteln aus dem Weltladen. mit kleinen Rezepten und leckeren Kochtipps und mit Hintergrundinfos zu Produkten, L\u00e4ndern und Menschen aus aller Welt im Weltladen ab. Zuvor melden Sie sich <strong>bis sp\u00e4testens 15. Februar 2022 <\/strong>im Weltladen Wei\u00dfenhorn zu dieser <strong>Fastenaktion 2022<\/strong> an und bezahlen (bitte in <strong>bar<\/strong>) Ihr T\u00fctenabo \u2013 Kostenpunkt f\u00fcr die sieben T\u00fcten: 77 \u20ac.<\/p>\n<p>Die \u201efaire Fastenzeit\u201c erm\u00f6glicht 7 Wochen ohne: Ausbeutung von Menschen, Umwelt und Ressourcen \u2013 und das auf eine \u00e4u\u00dferst genussvolle und gerechte Art und Weise! Sind Sie dabei?<\/p>\n","protected":false},"excerpt":{"rendered":"<p>Die sieben Wochen der Fastenzeit sind eine gute Gelegenheit, \u00fcber unsere Konsumgewohnheiten nachzudenken \u2013 und sie genussvoll zu ver\u00e4ndern, sagte sich das Team des Wei\u00dfenhorner Weltladens. Und so nutzt der Weltladen zusammen mit evangelischer und katholischer Kirchengemeinde und dem Frauenbund Wei\u00dfenhorn die Zeit von Aschermittwoch bis Ostern f\u00fcr ein Angebot der besonderen Art: Die faire&hellip;<\/p>\n","protected":false},"author":191,"featured_media":770,"comment_status":"closed","ping_status":"closed","sticky":false,"template":"","format":"standard","meta":{"footnotes":""},"categories":[8],"tags":[],"class_list":["post-769","post","type-post","status-publish","format-standard","has-post-thumbnail","hentry","category-neues","category-8","description-off"],"yoast_head":"<!-- This site is optimized with the Yoast SEO plugin v26.8 - https:\/\/yoast.com\/product\/yoast-seo-wordpress\/ -->\n<title>Das &quot;Plus mit Genuss&quot; sieben Wochen mit der fairen T\u00fcte - Weltladen Wei\u00dfenhorn<\/title>\n<meta name=\"robots\" content=\"index, follow, max-snippet:-1, max-image-preview:large, max-video-preview:-1\" \/>\n<link rel=\"canonical\" href=\"https:\/\/weltlaeden.de\/weissenhorn\/das-plus-mit-genuss-sieben-wochen-mit-der-fairen-tuete\/\" \/>\n<meta property=\"og:locale\" content=\"de_DE\" \/>\n<meta property=\"og:type\" content=\"article\" \/>\n<meta property=\"og:title\" content=\"Das &quot;Plus mit Genuss&quot; sieben Wochen mit der fairen T\u00fcte - Weltladen Wei\u00dfenhorn\" \/>\n<meta property=\"og:description\" content=\"Die sieben Wochen der Fastenzeit sind eine gute Gelegenheit, \u00fcber unsere Konsumgewohnheiten nachzudenken \u2013 und sie genussvoll zu ver\u00e4ndern, sagte sich das Team des Wei\u00dfenhorner Weltladens. Und so nutzt der Weltladen zusammen mit evangelischer und katholischer Kirchengemeinde und dem Frauenbund Wei\u00dfenhorn die Zeit von Aschermittwoch bis Ostern f\u00fcr ein Angebot der besonderen Art: Die faire&hellip;\" \/>\n<meta property=\"og:url\" content=\"https:\/\/weltlaeden.de\/weissenhorn\/das-plus-mit-genuss-sieben-wochen-mit-der-fairen-tuete\/\" \/>\n<meta property=\"og:site_name\" content=\"Weltladen Wei\u00dfenhorn\" \/>\n<meta property=\"article:published_time\" content=\"2022-01-29T19:25:59+00:00\" \/>\n<meta property=\"article:modified_time\" content=\"2022-01-29T19:27:20+00:00\" \/>\n<meta property=\"og:image\" content=\"https:\/\/weltlaeden.de\/weissenhorn\/wp-content\/uploads\/sites\/129\/2022\/01\/1142A625-EEC7-4355-BEFC-C68BD29E1573_1_105_c.jpeg\" \/>\n\t<meta property=\"og:image:width\" content=\"1069\" \/>\n\t<meta property=\"og:image:height\" content=\"734\" \/>\n\t<meta property=\"og:image:type\" content=\"image\/jpeg\" \/>\n<meta name=\"author\" content=\"weissenhorn\" \/>\n<meta name=\"twitter:card\" content=\"summary_large_image\" \/>\n<meta name=\"twitter:label1\" content=\"Verfasst von\" \/>\n\t<meta name=\"twitter:data1\" content=\"weissenhorn\" \/>\n\t<meta name=\"twitter:label2\" content=\"Gesch\u00e4tzte Lesezeit\" \/>\n\t<meta name=\"twitter:data2\" content=\"1\u00a0Minute\" \/>\n<script type=\"application\/ld+json\" class=\"yoast-schema-graph\">{\"@context\":\"https:\/\/schema.org\",\"@graph\":[{\"@type\":\"Article\",\"@id\":\"https:\/\/weltlaeden.de\/weissenhorn\/das-plus-mit-genuss-sieben-wochen-mit-der-fairen-tuete\/#article\",\"isPartOf\":{\"@id\":\"https:\/\/weltlaeden.de\/weissenhorn\/das-plus-mit-genuss-sieben-wochen-mit-der-fairen-tuete\/\"},\"author\":{\"name\":\"weissenhorn\",\"@id\":\"https:\/\/weltlaeden.de\/weissenhorn\/#\/schema\/person\/a54ab778984ca172a44d8286c0e76e78\"},\"headline\":\"Das &#8222;Plus mit Genuss&#8220; sieben Wochen mit der fairen T\u00fcte\",\"datePublished\":\"2022-01-29T19:25:59+00:00\",\"dateModified\":\"2022-01-29T19:27:20+00:00\",\"mainEntityOfPage\":{\"@id\":\"https:\/\/weltlaeden.de\/weissenhorn\/das-plus-mit-genuss-sieben-wochen-mit-der-fairen-tuete\/\"},\"wordCount\":278,\"image\":{\"@id\":\"https:\/\/weltlaeden.de\/weissenhorn\/das-plus-mit-genuss-sieben-wochen-mit-der-fairen-tuete\/#primaryimage\"},\"thumbnailUrl\":\"https:\/\/weltlaeden.de\/weissenhorn\/wp-content\/uploads\/sites\/129\/2022\/01\/1142A625-EEC7-4355-BEFC-C68BD29E1573_1_105_c.jpeg\",\"articleSection\":[\"Neuigkeiten\"],\"inLanguage\":\"de\"},{\"@type\":\"WebPage\",\"@id\":\"https:\/\/weltlaeden.de\/weissenhorn\/das-plus-mit-genuss-sieben-wochen-mit-der-fairen-tuete\/\",\"url\":\"https:\/\/weltlaeden.de\/weissenhorn\/das-plus-mit-genuss-sieben-wochen-mit-der-fairen-tuete\/\",\"name\":\"Das \\\"Plus mit Genuss\\\" sieben Wochen mit der fairen T\u00fcte - Weltladen Wei\u00dfenhorn\",\"isPartOf\":{\"@id\":\"https:\/\/weltlaeden.de\/weissenhorn\/#website\"},\"primaryImageOfPage\":{\"@id\":\"https:\/\/weltlaeden.de\/weissenhorn\/das-plus-mit-genuss-sieben-wochen-mit-der-fairen-tuete\/#primaryimage\"},\"image\":{\"@id\":\"https:\/\/weltlaeden.de\/weissenhorn\/das-plus-mit-genuss-sieben-wochen-mit-der-fairen-tuete\/#primaryimage\"},\"thumbnailUrl\":\"https:\/\/weltlaeden.de\/weissenhorn\/wp-content\/uploads\/sites\/129\/2022\/01\/1142A625-EEC7-4355-BEFC-C68BD29E1573_1_105_c.jpeg\",\"datePublished\":\"2022-01-29T19:25:59+00:00\",\"dateModified\":\"2022-01-29T19:27:20+00:00\",\"author\":{\"@id\":\"https:\/\/weltlaeden.de\/weissenhorn\/#\/schema\/person\/a54ab778984ca172a44d8286c0e76e78\"},\"breadcrumb\":{\"@id\":\"https:\/\/weltlaeden.de\/weissenhorn\/das-plus-mit-genuss-sieben-wochen-mit-der-fairen-tuete\/#breadcrumb\"},\"inLanguage\":\"de\",\"potentialAction\":[{\"@type\":\"ReadAction\",\"target\":[\"https:\/\/weltlaeden.de\/weissenhorn\/das-plus-mit-genuss-sieben-wochen-mit-der-fairen-tuete\/\"]}]},{\"@type\":\"ImageObject\",\"inLanguage\":\"de\",\"@id\":\"https:\/\/weltlaeden.de\/weissenhorn\/das-plus-mit-genuss-sieben-wochen-mit-der-fairen-tuete\/#primaryimage\",\"url\":\"https:\/\/weltlaeden.de\/weissenhorn\/wp-content\/uploads\/sites\/129\/2022\/01\/1142A625-EEC7-4355-BEFC-C68BD29E1573_1_105_c.jpeg\",\"contentUrl\":\"https:\/\/weltlaeden.de\/weissenhorn\/wp-content\/uploads\/sites\/129\/2022\/01\/1142A625-EEC7-4355-BEFC-C68BD29E1573_1_105_c.jpeg\",\"width\":1069,\"height\":734},{\"@type\":\"BreadcrumbList\",\"@id\":\"https:\/\/weltlaeden.de\/weissenhorn\/das-plus-mit-genuss-sieben-wochen-mit-der-fairen-tuete\/#breadcrumb\",\"itemListElement\":[{\"@type\":\"ListItem\",\"position\":1,\"name\":\"Startseite\",\"item\":\"https:\/\/weltlaeden.de\/weissenhorn\/\"},{\"@type\":\"ListItem\",\"position\":2,\"name\":\"Das &#8222;Plus mit Genuss&#8220; sieben Wochen mit der fairen T\u00fcte\"}]},{\"@type\":\"WebSite\",\"@id\":\"https:\/\/weltlaeden.de\/weissenhorn\/#website\",\"url\":\"https:\/\/weltlaeden.de\/weissenhorn\/\",\"name\":\"Weltladen Wei\u00dfenhorn\",\"description\":\"Faire Produkte seit 1990\",\"potentialAction\":[{\"@type\":\"SearchAction\",\"target\":{\"@type\":\"EntryPoint\",\"urlTemplate\":\"https:\/\/weltlaeden.de\/weissenhorn\/?s={search_term_string}\"},\"query-input\":{\"@type\":\"PropertyValueSpecification\",\"valueRequired\":true,\"valueName\":\"search_term_string\"}}],\"inLanguage\":\"de\"},{\"@type\":\"Person\",\"@id\":\"https:\/\/weltlaeden.de\/weissenhorn\/#\/schema\/person\/a54ab778984ca172a44d8286c0e76e78\",\"name\":\"weissenhorn\",\"image\":{\"@type\":\"ImageObject\",\"inLanguage\":\"de\",\"@id\":\"https:\/\/weltlaeden.de\/weissenhorn\/#\/schema\/person\/image\/\",\"url\":\"https:\/\/secure.gravatar.com\/avatar\/9094ba6a92e3b50222fd0796b579f81f?s=96&d=mm&r=g\",\"contentUrl\":\"https:\/\/secure.gravatar.com\/avatar\/9094ba6a92e3b50222fd0796b579f81f?s=96&d=mm&r=g\",\"caption\":\"weissenhorn\"}}]}<\/script>\n<!-- \/ Yoast SEO plugin. -->","yoast_head_json":{"title":"Das \"Plus mit Genuss\" sieben Wochen mit der fairen T\u00fcte - Weltladen Wei\u00dfenhorn","robots":{"index":"index","follow":"follow","max-snippet":"max-snippet:-1","max-image-preview":"max-image-preview:large","max-video-preview":"max-video-preview:-1"},"canonical":"https:\/\/weltlaeden.de\/weissenhorn\/das-plus-mit-genuss-sieben-wochen-mit-der-fairen-tuete\/","og_locale":"de_DE","og_type":"article","og_title":"Das \"Plus mit Genuss\" sieben Wochen mit der fairen T\u00fcte - Weltladen Wei\u00dfenhorn","og_description":"Die sieben Wochen der Fastenzeit sind eine gute Gelegenheit, \u00fcber unsere Konsumgewohnheiten nachzudenken \u2013 und sie genussvoll zu ver\u00e4ndern, sagte sich das Team des Wei\u00dfenhorner Weltladens. Und so nutzt der Weltladen zusammen mit evangelischer und katholischer Kirchengemeinde und dem Frauenbund Wei\u00dfenhorn die Zeit von Aschermittwoch bis Ostern f\u00fcr ein Angebot der besonderen Art: Die faire&hellip;","og_url":"https:\/\/weltlaeden.de\/weissenhorn\/das-plus-mit-genuss-sieben-wochen-mit-der-fairen-tuete\/","og_site_name":"Weltladen Wei\u00dfenhorn","article_published_time":"2022-01-29T19:25:59+00:00","article_modified_time":"2022-01-29T19:27:20+00:00","og_image":[{"width":1069,"height":734,"url":"https:\/\/weltlaeden.de\/weissenhorn\/wp-content\/uploads\/sites\/129\/2022\/01\/1142A625-EEC7-4355-BEFC-C68BD29E1573_1_105_c.jpeg","type":"image\/jpeg"}],"author":"weissenhorn","twitter_card":"summary_large_image","twitter_misc":{"Verfasst von":"weissenhorn","Gesch\u00e4tzte Lesezeit":"1\u00a0Minute"},"schema":{"@context":"https:\/\/schema.org","@graph":[{"@type":"Article","@id":"https:\/\/weltlaeden.de\/weissenhorn\/das-plus-mit-genuss-sieben-wochen-mit-der-fairen-tuete\/#article","isPartOf":{"@id":"https:\/\/weltlaeden.de\/weissenhorn\/das-plus-mit-genuss-sieben-wochen-mit-der-fairen-tuete\/"},"author":{"name":"weissenhorn","@id":"https:\/\/weltlaeden.de\/weissenhorn\/#\/schema\/person\/a54ab778984ca172a44d8286c0e76e78"},"headline":"Das &#8222;Plus mit Genuss&#8220; sieben Wochen mit der fairen T\u00fcte","datePublished":"2022-01-29T19:25:59+00:00","dateModified":"2022-01-29T19:27:20+00:00","mainEntityOfPage":{"@id":"https:\/\/weltlaeden.de\/weissenhorn\/das-plus-mit-genuss-sieben-wochen-mit-der-fairen-tuete\/"},"wordCount":278,"image":{"@id":"https:\/\/weltlaeden.de\/weissenhorn\/das-plus-mit-genuss-sieben-wochen-mit-der-fairen-tuete\/#primaryimage"},"thumbnailUrl":"https:\/\/weltlaeden.de\/weissenhorn\/wp-content\/uploads\/sites\/129\/2022\/01\/1142A625-EEC7-4355-BEFC-C68BD29E1573_1_105_c.jpeg","articleSection":["Neuigkeiten"],"inLanguage":"de"},{"@type":"WebPage","@id":"https:\/\/weltlaeden.de\/weissenhorn\/das-plus-mit-genuss-sieben-wochen-mit-der-fairen-tuete\/","url":"https:\/\/weltlaeden.de\/weissenhorn\/das-plus-mit-genuss-sieben-wochen-mit-der-fairen-tuete\/","name":"Das \"Plus mit Genuss\" sieben Wochen mit der fairen T\u00fcte - Weltladen Wei\u00dfenhorn","isPartOf":{"@id":"https:\/\/weltlaeden.de\/weissenhorn\/#website"},"primaryImageOfPage":{"@id":"https:\/\/weltlaeden.de\/weissenhorn\/das-plus-mit-genuss-sieben-wochen-mit-der-fairen-tuete\/#primaryimage"},"image":{"@id":"https:\/\/weltlaeden.de\/weissenhorn\/das-plus-mit-genuss-sieben-wochen-mit-der-fairen-tuete\/#primaryimage"},"thumbnailUrl":"https:\/\/weltlaeden.de\/weissenhorn\/wp-content\/uploads\/sites\/129\/2022\/01\/1142A625-EEC7-4355-BEFC-C68BD29E1573_1_105_c.jpeg","datePublished":"2022-01-29T19:25:59+00:00","dateModified":"2022-01-29T19:27:20+00:00","author":{"@id":"https:\/\/weltlaeden.de\/weissenhorn\/#\/schema\/person\/a54ab778984ca172a44d8286c0e76e78"},"breadcrumb":{"@id":"https:\/\/weltlaeden.de\/weissenhorn\/das-plus-mit-genuss-sieben-wochen-mit-der-fairen-tuete\/#breadcrumb"},"inLanguage":"de","potentialAction":[{"@type":"ReadAction","target":["https:\/\/weltlaeden.de\/weissenhorn\/das-plus-mit-genuss-sieben-wochen-mit-der-fairen-tuete\/"]}]},{"@type":"ImageObject","inLanguage":"de","@id":"https:\/\/weltlaeden.de\/weissenhorn\/das-plus-mit-genuss-sieben-wochen-mit-der-fairen-tuete\/#primaryimage","url":"https:\/\/weltlaeden.de\/weissenhorn\/wp-content\/uploads\/sites\/129\/2022\/01\/1142A625-EEC7-4355-BEFC-C68BD29E1573_1_105_c.jpeg","contentUrl":"https:\/\/weltlaeden.de\/weissenhorn\/wp-content\/uploads\/sites\/129\/2022\/01\/1142A625-EEC7-4355-BEFC-C68BD29E1573_1_105_c.jpeg","width":1069,"height":734},{"@type":"BreadcrumbList","@id":"https:\/\/weltlaeden.de\/weissenhorn\/das-plus-mit-genuss-sieben-wochen-mit-der-fairen-tuete\/#breadcrumb","itemListElement":[{"@type":"ListItem","position":1,"name":"Startseite","item":"https:\/\/weltlaeden.de\/weissenhorn\/"},{"@type":"ListItem","position":2,"name":"Das &#8222;Plus mit Genuss&#8220; sieben Wochen mit der fairen T\u00fcte"}]},{"@type":"WebSite","@id":"https:\/\/weltlaeden.de\/weissenhorn\/#website","url":"https:\/\/weltlaeden.de\/weissenhorn\/","name":"Weltladen Wei\u00dfenhorn","description":"Faire Produkte seit 1990","potentialAction":[{"@type":"SearchAction","target":{"@type":"EntryPoint","urlTemplate":"https:\/\/weltlaeden.de\/weissenhorn\/?s={search_term_string}"},"query-input":{"@type":"PropertyValueSpecification","valueRequired":true,"valueName":"search_term_string"}}],"inLanguage":"de"},{"@type":"Person","@id":"https:\/\/weltlaeden.de\/weissenhorn\/#\/schema\/person\/a54ab778984ca172a44d8286c0e76e78","name":"weissenhorn","image":{"@type":"ImageObject","inLanguage":"de","@id":"https:\/\/weltlaeden.de\/weissenhorn\/#\/schema\/person\/image\/","url":"https:\/\/secure.gravatar.com\/avatar\/9094ba6a92e3b50222fd0796b579f81f?s=96&d=mm&r=g","contentUrl":"https:\/\/secure.gravatar.com\/avatar\/9094ba6a92e3b50222fd0796b579f81f?s=96&d=mm&r=g","caption":"weissenhorn"}}]}},"_links":{"self":[{"href":"https:\/\/weltlaeden.de\/weissenhorn\/wp-json\/wp\/v2\/posts\/769","targetHints":{"allow":["GET"]}}],"collection":[{"href":"https:\/\/weltlaeden.de\/weissenhorn\/wp-json\/wp\/v2\/posts"}],"about":[{"href":"https:\/\/weltlaeden.de\/weissenhorn\/wp-json\/wp\/v2\/types\/post"}],"author":[{"embeddable":true,"href":"https:\/\/weltlaeden.de\/weissenhorn\/wp-json\/wp\/v2\/users\/191"}],"replies":[{"embeddable":true,"href":"https:\/\/weltlaeden.de\/weissenhorn\/wp-json\/wp\/v2\/comments?post=769"}],"version-history":[{"count":2,"href":"https:\/\/weltlaeden.de\/weissenhorn\/wp-json\/wp\/v2\/posts\/769\/revisions"}],"predecessor-version":[{"id":772,"href":"https:\/\/weltlaeden.de\/weissenhorn\/wp-json\/wp\/v2\/posts\/769\/revisions\/772"}],"wp:featuredmedia":[{"embeddable":true,"href":"https:\/\/weltlaeden.de\/weissenhorn\/wp-json\/wp\/v2\/media\/770"}],"wp:attachment":[{"href":"https:\/\/weltlaeden.de\/weissenhorn\/wp-json\/wp\/v2\/media?parent=769"}],"wp:term":[{"taxonomy":"category","embeddable":true,"href":"https:\/\/weltlaeden.de\/weissenhorn\/wp-json\/wp\/v2\/categories?post=769"},{"taxonomy":"post_tag","embeddable":true,"href":"https:\/\/weltlaeden.de\/weissenhorn\/wp-json\/wp\/v2\/tags?post=769"}],"curies":[{"name":"wp","href":"https:\/\/api.w.org\/{rel}","templated":true}]}}