{"id":753,"date":"2021-11-29T20:14:38","date_gmt":"2021-11-29T19:14:38","guid":{"rendered":"https:\/\/weltlaeden.de\/weissenhorn\/?p=753"},"modified":"2021-11-30T21:53:02","modified_gmt":"2021-11-30T20:53:02","slug":"es-weihnachtet-fair","status":"publish","type":"post","link":"https:\/\/weltlaeden.de\/weissenhorn\/es-weihnachtet-fair\/","title":{"rendered":"Es weihnachtet  fair"},"content":{"rendered":"<p>&nbsp;<\/p>\n<h2 style=\"text-align: left\"><span style=\"color: #ff6600\">Unser Schaufenster zur Weihnachtszeit zeigt Ihnen Geschenkideen f\u00fcr<\/span><\/h2>\n<h1><img loading=\"lazy\" decoding=\"async\" class=\"alignnone size-medium wp-image-755\" src=\"https:\/\/weltlaeden.de\/weissenhorn\/wp-content\/uploads\/sites\/129\/2021\/11\/AC357133-19C4-4F87-965B-537875F093D1-225x300.jpeg\" alt=\"\" width=\"225\" height=\"300\" srcset=\"https:\/\/weltlaeden.de\/weissenhorn\/wp-content\/uploads\/sites\/129\/2021\/11\/AC357133-19C4-4F87-965B-537875F093D1-225x300.jpeg 225w, https:\/\/weltlaeden.de\/weissenhorn\/wp-content\/uploads\/sites\/129\/2021\/11\/AC357133-19C4-4F87-965B-537875F093D1.jpeg 768w\" sizes=\"auto, (max-width: 225px) 100vw, 225px\" \/><img loading=\"lazy\" decoding=\"async\" class=\"size-medium wp-image-754 alignnone\" src=\"https:\/\/weltlaeden.de\/weissenhorn\/wp-content\/uploads\/sites\/129\/2021\/11\/1E80E1B5-0569-4009-81EF-45757E3C19CF-225x300.jpeg\" alt=\"\" width=\"225\" height=\"300\" srcset=\"https:\/\/weltlaeden.de\/weissenhorn\/wp-content\/uploads\/sites\/129\/2021\/11\/1E80E1B5-0569-4009-81EF-45757E3C19CF-225x300.jpeg 225w, https:\/\/weltlaeden.de\/weissenhorn\/wp-content\/uploads\/sites\/129\/2021\/11\/1E80E1B5-0569-4009-81EF-45757E3C19CF.jpeg 768w\" sizes=\"auto, (max-width: 225px) 100vw, 225px\" \/><img loading=\"lazy\" decoding=\"async\" class=\"alignnone size-medium wp-image-756\" src=\"https:\/\/weltlaeden.de\/weissenhorn\/wp-content\/uploads\/sites\/129\/2021\/11\/48213884-4B9D-4FE2-A8B3-34011D0BCB9F-225x300.jpeg\" alt=\"\" width=\"225\" height=\"300\" srcset=\"https:\/\/weltlaeden.de\/weissenhorn\/wp-content\/uploads\/sites\/129\/2021\/11\/48213884-4B9D-4FE2-A8B3-34011D0BCB9F-225x300.jpeg 225w, https:\/\/weltlaeden.de\/weissenhorn\/wp-content\/uploads\/sites\/129\/2021\/11\/48213884-4B9D-4FE2-A8B3-34011D0BCB9F.jpeg 768w\" sizes=\"auto, (max-width: 225px) 100vw, 225px\" \/><img loading=\"lazy\" decoding=\"async\" class=\"alignnone size-medium wp-image-757\" src=\"https:\/\/weltlaeden.de\/weissenhorn\/wp-content\/uploads\/sites\/129\/2021\/11\/2E38D94A-95FD-4C47-BB06-E8BE33F6640A-225x300.jpeg\" alt=\"\" width=\"225\" height=\"300\" srcset=\"https:\/\/weltlaeden.de\/weissenhorn\/wp-content\/uploads\/sites\/129\/2021\/11\/2E38D94A-95FD-4C47-BB06-E8BE33F6640A-225x300.jpeg 225w, https:\/\/weltlaeden.de\/weissenhorn\/wp-content\/uploads\/sites\/129\/2021\/11\/2E38D94A-95FD-4C47-BB06-E8BE33F6640A.jpeg 768w\" sizes=\"auto, (max-width: 225px) 100vw, 225px\" \/><\/h1>\n<h2><strong>die Liebste! f\u00fcr M\u00e4nner! f\u00fcr Kinder! <\/strong><\/h2>\n<h2><strong>\u00a0 \u00a0 \u00a0 \u00a0f\u00fcr Kaffeeliebhaberinnen!<\/strong><\/h2>\n<h2><strong>\u00a0 \u00a0 \u00a0 \u00a0 \u00a0 \u00a0 \u00a0f\u00fcr den Gourmet!<\/strong><\/h2>\n<h2><strong>\u00a0 \u00a0 \u00a0 \u00a0 \u00a0 \u00a0 \u00a0 \u00a0 \u00a0 und f\u00fcr alle die etwas fairschenken!<\/strong><\/h2>\n<h4 style=\"text-align: center\"><span style=\"color: #ff6600\"><strong>!in der Adventszeit ist unser Weltladen auch <\/strong><strong>Montag Nachmittag\u00a0 ge\u00f6ffnet von 14:00 bis 18:00 Uhr!<\/strong><\/span><\/h4>\n<h2><span style=\"color: #ff9900\"><strong>\u00a0 \u00a0 \u00a0 \u00a0 \u00a0 \u00a0 <\/strong><\/span>\u00a0 \u00a0<span style=\"color: #ff9900\">\u00a0 <\/span><\/h2>\n<h1><span style=\"color: #ff9900\">\u00a0 \u00a0 \u00a0 \u00a0\u00a0<\/span><\/h1>\n<h3><\/h3>\n","protected":false},"excerpt":{"rendered":"<p>&nbsp; Unser Schaufenster zur Weihnachtszeit zeigt Ihnen Geschenkideen f\u00fcr die Liebste! f\u00fcr M\u00e4nner! f\u00fcr Kinder! \u00a0 \u00a0 \u00a0 \u00a0f\u00fcr Kaffeeliebhaberinnen! \u00a0 \u00a0 \u00a0 \u00a0 \u00a0 \u00a0 \u00a0f\u00fcr den Gourmet! \u00a0 \u00a0 \u00a0 \u00a0 \u00a0 \u00a0 \u00a0 \u00a0 \u00a0 und f\u00fcr alle die etwas fairschenken! !in der Adventszeit ist unser Weltladen auch Montag Nachmittag\u00a0 ge\u00f6ffnet von&hellip;<\/p>\n","protected":false},"author":191,"featured_media":758,"comment_status":"closed","ping_status":"closed","sticky":false,"template":"","format":"standard","meta":{"footnotes":""},"categories":[8],"tags":[],"class_list":["post-753","post","type-post","status-publish","format-standard","has-post-thumbnail","hentry","category-neues","category-8","description-off"],"yoast_head":"<!-- This site is optimized with the Yoast SEO plugin v26.8 - https:\/\/yoast.com\/product\/yoast-seo-wordpress\/ -->\n<title>Es weihnachtet fair - Weltladen Wei\u00dfenhorn<\/title>\n<meta name=\"robots\" content=\"index, follow, max-snippet:-1, max-image-preview:large, max-video-preview:-1\" \/>\n<link rel=\"canonical\" href=\"https:\/\/weltlaeden.de\/weissenhorn\/es-weihnachtet-fair\/\" \/>\n<meta property=\"og:locale\" content=\"de_DE\" \/>\n<meta property=\"og:type\" content=\"article\" \/>\n<meta property=\"og:title\" content=\"Es weihnachtet fair - Weltladen Wei\u00dfenhorn\" \/>\n<meta property=\"og:description\" content=\"&nbsp; Unser Schaufenster zur Weihnachtszeit zeigt Ihnen Geschenkideen f\u00fcr die Liebste! f\u00fcr M\u00e4nner! f\u00fcr Kinder! \u00a0 \u00a0 \u00a0 \u00a0f\u00fcr Kaffeeliebhaberinnen! \u00a0 \u00a0 \u00a0 \u00a0 \u00a0 \u00a0 \u00a0f\u00fcr den Gourmet! \u00a0 \u00a0 \u00a0 \u00a0 \u00a0 \u00a0 \u00a0 \u00a0 \u00a0 und f\u00fcr alle die etwas fairschenken! !in der Adventszeit ist unser Weltladen auch Montag Nachmittag\u00a0 ge\u00f6ffnet von&hellip;\" \/>\n<meta property=\"og:url\" content=\"https:\/\/weltlaeden.de\/weissenhorn\/es-weihnachtet-fair\/\" \/>\n<meta property=\"og:site_name\" content=\"Weltladen Wei\u00dfenhorn\" \/>\n<meta property=\"article:published_time\" content=\"2021-11-29T19:14:38+00:00\" \/>\n<meta property=\"article:modified_time\" content=\"2021-11-30T20:53:02+00:00\" \/>\n<meta property=\"og:image\" content=\"https:\/\/weltlaeden.de\/weissenhorn\/wp-content\/uploads\/sites\/129\/2021\/11\/85D7F098-189A-47F8-9FDB-061CEEF75565_1_105_c.jpeg\" \/>\n\t<meta property=\"og:image:width\" content=\"745\" \/>\n\t<meta property=\"og:image:height\" content=\"1055\" \/>\n\t<meta property=\"og:image:type\" content=\"image\/jpeg\" \/>\n<meta name=\"author\" content=\"weissenhorn\" \/>\n<meta name=\"twitter:card\" content=\"summary_large_image\" \/>\n<meta name=\"twitter:label1\" content=\"Verfasst von\" \/>\n\t<meta name=\"twitter:data1\" content=\"weissenhorn\" \/>\n<script type=\"application\/ld+json\" class=\"yoast-schema-graph\">{\"@context\":\"https:\/\/schema.org\",\"@graph\":[{\"@type\":\"Article\",\"@id\":\"https:\/\/weltlaeden.de\/weissenhorn\/es-weihnachtet-fair\/#article\",\"isPartOf\":{\"@id\":\"https:\/\/weltlaeden.de\/weissenhorn\/es-weihnachtet-fair\/\"},\"author\":{\"name\":\"weissenhorn\",\"@id\":\"https:\/\/weltlaeden.de\/weissenhorn\/#\/schema\/person\/a54ab778984ca172a44d8286c0e76e78\"},\"headline\":\"Es weihnachtet fair\",\"datePublished\":\"2021-11-29T19:14:38+00:00\",\"dateModified\":\"2021-11-30T20:53:02+00:00\",\"mainEntityOfPage\":{\"@id\":\"https:\/\/weltlaeden.de\/weissenhorn\/es-weihnachtet-fair\/\"},\"wordCount\":50,\"image\":{\"@id\":\"https:\/\/weltlaeden.de\/weissenhorn\/es-weihnachtet-fair\/#primaryimage\"},\"thumbnailUrl\":\"https:\/\/weltlaeden.de\/weissenhorn\/wp-content\/uploads\/sites\/129\/2021\/11\/85D7F098-189A-47F8-9FDB-061CEEF75565_1_105_c.jpeg\",\"articleSection\":[\"Neuigkeiten\"],\"inLanguage\":\"de\"},{\"@type\":\"WebPage\",\"@id\":\"https:\/\/weltlaeden.de\/weissenhorn\/es-weihnachtet-fair\/\",\"url\":\"https:\/\/weltlaeden.de\/weissenhorn\/es-weihnachtet-fair\/\",\"name\":\"Es weihnachtet fair - Weltladen Wei\u00dfenhorn\",\"isPartOf\":{\"@id\":\"https:\/\/weltlaeden.de\/weissenhorn\/#website\"},\"primaryImageOfPage\":{\"@id\":\"https:\/\/weltlaeden.de\/weissenhorn\/es-weihnachtet-fair\/#primaryimage\"},\"image\":{\"@id\":\"https:\/\/weltlaeden.de\/weissenhorn\/es-weihnachtet-fair\/#primaryimage\"},\"thumbnailUrl\":\"https:\/\/weltlaeden.de\/weissenhorn\/wp-content\/uploads\/sites\/129\/2021\/11\/85D7F098-189A-47F8-9FDB-061CEEF75565_1_105_c.jpeg\",\"datePublished\":\"2021-11-29T19:14:38+00:00\",\"dateModified\":\"2021-11-30T20:53:02+00:00\",\"author\":{\"@id\":\"https:\/\/weltlaeden.de\/weissenhorn\/#\/schema\/person\/a54ab778984ca172a44d8286c0e76e78\"},\"breadcrumb\":{\"@id\":\"https:\/\/weltlaeden.de\/weissenhorn\/es-weihnachtet-fair\/#breadcrumb\"},\"inLanguage\":\"de\",\"potentialAction\":[{\"@type\":\"ReadAction\",\"target\":[\"https:\/\/weltlaeden.de\/weissenhorn\/es-weihnachtet-fair\/\"]}]},{\"@type\":\"ImageObject\",\"inLanguage\":\"de\",\"@id\":\"https:\/\/weltlaeden.de\/weissenhorn\/es-weihnachtet-fair\/#primaryimage\",\"url\":\"https:\/\/weltlaeden.de\/weissenhorn\/wp-content\/uploads\/sites\/129\/2021\/11\/85D7F098-189A-47F8-9FDB-061CEEF75565_1_105_c.jpeg\",\"contentUrl\":\"https:\/\/weltlaeden.de\/weissenhorn\/wp-content\/uploads\/sites\/129\/2021\/11\/85D7F098-189A-47F8-9FDB-061CEEF75565_1_105_c.jpeg\",\"width\":745,\"height\":1055},{\"@type\":\"BreadcrumbList\",\"@id\":\"https:\/\/weltlaeden.de\/weissenhorn\/es-weihnachtet-fair\/#breadcrumb\",\"itemListElement\":[{\"@type\":\"ListItem\",\"position\":1,\"name\":\"Startseite\",\"item\":\"https:\/\/weltlaeden.de\/weissenhorn\/\"},{\"@type\":\"ListItem\",\"position\":2,\"name\":\"Es weihnachtet fair\"}]},{\"@type\":\"WebSite\",\"@id\":\"https:\/\/weltlaeden.de\/weissenhorn\/#website\",\"url\":\"https:\/\/weltlaeden.de\/weissenhorn\/\",\"name\":\"Weltladen Wei\u00dfenhorn\",\"description\":\"Faire Produkte seit 1990\",\"potentialAction\":[{\"@type\":\"SearchAction\",\"target\":{\"@type\":\"EntryPoint\",\"urlTemplate\":\"https:\/\/weltlaeden.de\/weissenhorn\/?s={search_term_string}\"},\"query-input\":{\"@type\":\"PropertyValueSpecification\",\"valueRequired\":true,\"valueName\":\"search_term_string\"}}],\"inLanguage\":\"de\"},{\"@type\":\"Person\",\"@id\":\"https:\/\/weltlaeden.de\/weissenhorn\/#\/schema\/person\/a54ab778984ca172a44d8286c0e76e78\",\"name\":\"weissenhorn\",\"image\":{\"@type\":\"ImageObject\",\"inLanguage\":\"de\",\"@id\":\"https:\/\/weltlaeden.de\/weissenhorn\/#\/schema\/person\/image\/\",\"url\":\"https:\/\/secure.gravatar.com\/avatar\/9094ba6a92e3b50222fd0796b579f81f?s=96&d=mm&r=g\",\"contentUrl\":\"https:\/\/secure.gravatar.com\/avatar\/9094ba6a92e3b50222fd0796b579f81f?s=96&d=mm&r=g\",\"caption\":\"weissenhorn\"}}]}<\/script>\n<!-- \/ Yoast SEO plugin. -->","yoast_head_json":{"title":"Es weihnachtet fair - Weltladen Wei\u00dfenhorn","robots":{"index":"index","follow":"follow","max-snippet":"max-snippet:-1","max-image-preview":"max-image-preview:large","max-video-preview":"max-video-preview:-1"},"canonical":"https:\/\/weltlaeden.de\/weissenhorn\/es-weihnachtet-fair\/","og_locale":"de_DE","og_type":"article","og_title":"Es weihnachtet fair - Weltladen Wei\u00dfenhorn","og_description":"&nbsp; Unser Schaufenster zur Weihnachtszeit zeigt Ihnen Geschenkideen f\u00fcr die Liebste! f\u00fcr M\u00e4nner! f\u00fcr Kinder! \u00a0 \u00a0 \u00a0 \u00a0f\u00fcr Kaffeeliebhaberinnen! \u00a0 \u00a0 \u00a0 \u00a0 \u00a0 \u00a0 \u00a0f\u00fcr den Gourmet! \u00a0 \u00a0 \u00a0 \u00a0 \u00a0 \u00a0 \u00a0 \u00a0 \u00a0 und f\u00fcr alle die etwas fairschenken! !in der Adventszeit ist unser Weltladen auch Montag Nachmittag\u00a0 ge\u00f6ffnet von&hellip;","og_url":"https:\/\/weltlaeden.de\/weissenhorn\/es-weihnachtet-fair\/","og_site_name":"Weltladen Wei\u00dfenhorn","article_published_time":"2021-11-29T19:14:38+00:00","article_modified_time":"2021-11-30T20:53:02+00:00","og_image":[{"width":745,"height":1055,"url":"https:\/\/weltlaeden.de\/weissenhorn\/wp-content\/uploads\/sites\/129\/2021\/11\/85D7F098-189A-47F8-9FDB-061CEEF75565_1_105_c.jpeg","type":"image\/jpeg"}],"author":"weissenhorn","twitter_card":"summary_large_image","twitter_misc":{"Verfasst von":"weissenhorn"},"schema":{"@context":"https:\/\/schema.org","@graph":[{"@type":"Article","@id":"https:\/\/weltlaeden.de\/weissenhorn\/es-weihnachtet-fair\/#article","isPartOf":{"@id":"https:\/\/weltlaeden.de\/weissenhorn\/es-weihnachtet-fair\/"},"author":{"name":"weissenhorn","@id":"https:\/\/weltlaeden.de\/weissenhorn\/#\/schema\/person\/a54ab778984ca172a44d8286c0e76e78"},"headline":"Es weihnachtet fair","datePublished":"2021-11-29T19:14:38+00:00","dateModified":"2021-11-30T20:53:02+00:00","mainEntityOfPage":{"@id":"https:\/\/weltlaeden.de\/weissenhorn\/es-weihnachtet-fair\/"},"wordCount":50,"image":{"@id":"https:\/\/weltlaeden.de\/weissenhorn\/es-weihnachtet-fair\/#primaryimage"},"thumbnailUrl":"https:\/\/weltlaeden.de\/weissenhorn\/wp-content\/uploads\/sites\/129\/2021\/11\/85D7F098-189A-47F8-9FDB-061CEEF75565_1_105_c.jpeg","articleSection":["Neuigkeiten"],"inLanguage":"de"},{"@type":"WebPage","@id":"https:\/\/weltlaeden.de\/weissenhorn\/es-weihnachtet-fair\/","url":"https:\/\/weltlaeden.de\/weissenhorn\/es-weihnachtet-fair\/","name":"Es weihnachtet fair - Weltladen Wei\u00dfenhorn","isPartOf":{"@id":"https:\/\/weltlaeden.de\/weissenhorn\/#website"},"primaryImageOfPage":{"@id":"https:\/\/weltlaeden.de\/weissenhorn\/es-weihnachtet-fair\/#primaryimage"},"image":{"@id":"https:\/\/weltlaeden.de\/weissenhorn\/es-weihnachtet-fair\/#primaryimage"},"thumbnailUrl":"https:\/\/weltlaeden.de\/weissenhorn\/wp-content\/uploads\/sites\/129\/2021\/11\/85D7F098-189A-47F8-9FDB-061CEEF75565_1_105_c.jpeg","datePublished":"2021-11-29T19:14:38+00:00","dateModified":"2021-11-30T20:53:02+00:00","author":{"@id":"https:\/\/weltlaeden.de\/weissenhorn\/#\/schema\/person\/a54ab778984ca172a44d8286c0e76e78"},"breadcrumb":{"@id":"https:\/\/weltlaeden.de\/weissenhorn\/es-weihnachtet-fair\/#breadcrumb"},"inLanguage":"de","potentialAction":[{"@type":"ReadAction","target":["https:\/\/weltlaeden.de\/weissenhorn\/es-weihnachtet-fair\/"]}]},{"@type":"ImageObject","inLanguage":"de","@id":"https:\/\/weltlaeden.de\/weissenhorn\/es-weihnachtet-fair\/#primaryimage","url":"https:\/\/weltlaeden.de\/weissenhorn\/wp-content\/uploads\/sites\/129\/2021\/11\/85D7F098-189A-47F8-9FDB-061CEEF75565_1_105_c.jpeg","contentUrl":"https:\/\/weltlaeden.de\/weissenhorn\/wp-content\/uploads\/sites\/129\/2021\/11\/85D7F098-189A-47F8-9FDB-061CEEF75565_1_105_c.jpeg","width":745,"height":1055},{"@type":"BreadcrumbList","@id":"https:\/\/weltlaeden.de\/weissenhorn\/es-weihnachtet-fair\/#breadcrumb","itemListElement":[{"@type":"ListItem","position":1,"name":"Startseite","item":"https:\/\/weltlaeden.de\/weissenhorn\/"},{"@type":"ListItem","position":2,"name":"Es weihnachtet fair"}]},{"@type":"WebSite","@id":"https:\/\/weltlaeden.de\/weissenhorn\/#website","url":"https:\/\/weltlaeden.de\/weissenhorn\/","name":"Weltladen Wei\u00dfenhorn","description":"Faire Produkte seit 1990","potentialAction":[{"@type":"SearchAction","target":{"@type":"EntryPoint","urlTemplate":"https:\/\/weltlaeden.de\/weissenhorn\/?s={search_term_string}"},"query-input":{"@type":"PropertyValueSpecification","valueRequired":true,"valueName":"search_term_string"}}],"inLanguage":"de"},{"@type":"Person","@id":"https:\/\/weltlaeden.de\/weissenhorn\/#\/schema\/person\/a54ab778984ca172a44d8286c0e76e78","name":"weissenhorn","image":{"@type":"ImageObject","inLanguage":"de","@id":"https:\/\/weltlaeden.de\/weissenhorn\/#\/schema\/person\/image\/","url":"https:\/\/secure.gravatar.com\/avatar\/9094ba6a92e3b50222fd0796b579f81f?s=96&d=mm&r=g","contentUrl":"https:\/\/secure.gravatar.com\/avatar\/9094ba6a92e3b50222fd0796b579f81f?s=96&d=mm&r=g","caption":"weissenhorn"}}]}},"_links":{"self":[{"href":"https:\/\/weltlaeden.de\/weissenhorn\/wp-json\/wp\/v2\/posts\/753","targetHints":{"allow":["GET"]}}],"collection":[{"href":"https:\/\/weltlaeden.de\/weissenhorn\/wp-json\/wp\/v2\/posts"}],"about":[{"href":"https:\/\/weltlaeden.de\/weissenhorn\/wp-json\/wp\/v2\/types\/post"}],"author":[{"embeddable":true,"href":"https:\/\/weltlaeden.de\/weissenhorn\/wp-json\/wp\/v2\/users\/191"}],"replies":[{"embeddable":true,"href":"https:\/\/weltlaeden.de\/weissenhorn\/wp-json\/wp\/v2\/comments?post=753"}],"version-history":[{"count":8,"href":"https:\/\/weltlaeden.de\/weissenhorn\/wp-json\/wp\/v2\/posts\/753\/revisions"}],"predecessor-version":[{"id":766,"href":"https:\/\/weltlaeden.de\/weissenhorn\/wp-json\/wp\/v2\/posts\/753\/revisions\/766"}],"wp:featuredmedia":[{"embeddable":true,"href":"https:\/\/weltlaeden.de\/weissenhorn\/wp-json\/wp\/v2\/media\/758"}],"wp:attachment":[{"href":"https:\/\/weltlaeden.de\/weissenhorn\/wp-json\/wp\/v2\/media?parent=753"}],"wp:term":[{"taxonomy":"category","embeddable":true,"href":"https:\/\/weltlaeden.de\/weissenhorn\/wp-json\/wp\/v2\/categories?post=753"},{"taxonomy":"post_tag","embeddable":true,"href":"https:\/\/weltlaeden.de\/weissenhorn\/wp-json\/wp\/v2\/tags?post=753"}],"curies":[{"name":"wp","href":"https:\/\/api.w.org\/{rel}","templated":true}]}}