{"id":740,"date":"2021-10-13T20:57:27","date_gmt":"2021-10-13T18:57:27","guid":{"rendered":"https:\/\/weltlaeden.de\/weissenhorn\/?p=740"},"modified":"2021-10-13T22:00:20","modified_gmt":"2021-10-13T20:00:20","slug":"wir-sammeln-gebrauchte-mobiltelefone","status":"publish","type":"post","link":"https:\/\/weltlaeden.de\/weissenhorn\/wir-sammeln-gebrauchte-mobiltelefone\/","title":{"rendered":"wir sammeln gebrauchte Mobiltelefone"},"content":{"rendered":"<p><strong>\u00fcber\u00a0 100 Millionen alte Handys warten auf eine sichere Entsorgung.<\/strong><\/p>\n<h2 style=\"text-align: left\"><span style=\"color: #ff6600\"><strong>Tun Sie Gutes und sch\u00fctzen Sie mit uns die Umwelt.<\/strong><\/span><\/h2>\n<p><strong>Mit der R\u00fcckgabe Ihres alten oder ungenutzten Handys tragen Sie dazu bei, <\/strong><\/p>\n<p><strong>wertvolle Rohstoffe zu sichern.<\/strong><\/p>\n<p>Alle gesammelten Endger\u00e4te werden fachgerecht recycelt<\/p>\n<p>oder nach einer zertifizierten\u00a0Datenl\u00f6schung weiterverwertet.<\/p>\n<p><strong>Aus den Erl\u00f6sen unterst\u00fctzt die Telekom gemeinn\u00fctzige Organisationen.<\/strong><\/p>\n<h3><span style=\"color: #ff6600\">Der Weltladen Wei\u00dfenhorn bef\u00fcrwortet die Aktion,<\/span><\/h3>\n<h3><strong><span style=\"color: #ff6600\"> eine Sammelbox finden Sie in unserem Laden <\/span><\/strong><\/h3>\n<h3><span style=\"color: #ff6600\">mitten in der\u00a0 guten Stube von Wei\u00dfenhorn.<\/span><\/h3>\n","protected":false},"excerpt":{"rendered":"<p>\u00fcber\u00a0 100 Millionen alte Handys warten auf eine sichere Entsorgung. Tun Sie Gutes und sch\u00fctzen Sie mit uns die Umwelt. Mit der R\u00fcckgabe Ihres alten oder ungenutzten Handys tragen Sie dazu bei, wertvolle Rohstoffe zu sichern. Alle gesammelten Endger\u00e4te werden fachgerecht recycelt oder nach einer zertifizierten\u00a0Datenl\u00f6schung weiterverwertet. Aus den Erl\u00f6sen unterst\u00fctzt die Telekom gemeinn\u00fctzige Organisationen.&hellip;<\/p>\n","protected":false},"author":191,"featured_media":746,"comment_status":"closed","ping_status":"closed","sticky":false,"template":"","format":"standard","meta":{"footnotes":""},"categories":[1,8],"tags":[],"class_list":["post-740","post","type-post","status-publish","format-standard","has-post-thumbnail","hentry","category-allgemein","category-neues","category-1","category-8","description-off"],"yoast_head":"<!-- This site is optimized with the Yoast SEO plugin v26.8 - https:\/\/yoast.com\/product\/yoast-seo-wordpress\/ -->\n<title>wir sammeln gebrauchte Mobiltelefone - Weltladen Wei\u00dfenhorn<\/title>\n<meta name=\"robots\" content=\"index, follow, max-snippet:-1, max-image-preview:large, max-video-preview:-1\" \/>\n<link rel=\"canonical\" href=\"https:\/\/weltlaeden.de\/weissenhorn\/wir-sammeln-gebrauchte-mobiltelefone\/\" \/>\n<meta property=\"og:locale\" content=\"de_DE\" \/>\n<meta property=\"og:type\" content=\"article\" \/>\n<meta property=\"og:title\" content=\"wir sammeln gebrauchte Mobiltelefone - Weltladen Wei\u00dfenhorn\" \/>\n<meta property=\"og:description\" content=\"\u00fcber\u00a0 100 Millionen alte Handys warten auf eine sichere Entsorgung. Tun Sie Gutes und sch\u00fctzen Sie mit uns die Umwelt. Mit der R\u00fcckgabe Ihres alten oder ungenutzten Handys tragen Sie dazu bei, wertvolle Rohstoffe zu sichern. Alle gesammelten Endger\u00e4te werden fachgerecht recycelt oder nach einer zertifizierten\u00a0Datenl\u00f6schung weiterverwertet. Aus den Erl\u00f6sen unterst\u00fctzt die Telekom gemeinn\u00fctzige Organisationen.&hellip;\" \/>\n<meta property=\"og:url\" content=\"https:\/\/weltlaeden.de\/weissenhorn\/wir-sammeln-gebrauchte-mobiltelefone\/\" \/>\n<meta property=\"og:site_name\" content=\"Weltladen Wei\u00dfenhorn\" \/>\n<meta property=\"article:published_time\" content=\"2021-10-13T18:57:27+00:00\" \/>\n<meta property=\"article:modified_time\" content=\"2021-10-13T20:00:20+00:00\" \/>\n<meta property=\"og:image\" content=\"https:\/\/weltlaeden.de\/weissenhorn\/wp-content\/uploads\/sites\/129\/2021\/10\/2A16B7D0-8685-454C-AEBF-30016A82A73A_1_105_c-e1634154764216.jpeg\" \/>\n\t<meta property=\"og:image:width\" content=\"647\" \/>\n\t<meta property=\"og:image:height\" content=\"686\" \/>\n\t<meta property=\"og:image:type\" content=\"image\/jpeg\" \/>\n<meta name=\"author\" content=\"weissenhorn\" \/>\n<meta name=\"twitter:card\" content=\"summary_large_image\" \/>\n<meta name=\"twitter:label1\" content=\"Verfasst von\" \/>\n\t<meta name=\"twitter:data1\" content=\"weissenhorn\" \/>\n<script type=\"application\/ld+json\" class=\"yoast-schema-graph\">{\"@context\":\"https:\/\/schema.org\",\"@graph\":[{\"@type\":\"Article\",\"@id\":\"https:\/\/weltlaeden.de\/weissenhorn\/wir-sammeln-gebrauchte-mobiltelefone\/#article\",\"isPartOf\":{\"@id\":\"https:\/\/weltlaeden.de\/weissenhorn\/wir-sammeln-gebrauchte-mobiltelefone\/\"},\"author\":{\"name\":\"weissenhorn\",\"@id\":\"https:\/\/weltlaeden.de\/weissenhorn\/#\/schema\/person\/a54ab778984ca172a44d8286c0e76e78\"},\"headline\":\"wir sammeln gebrauchte Mobiltelefone\",\"datePublished\":\"2021-10-13T18:57:27+00:00\",\"dateModified\":\"2021-10-13T20:00:20+00:00\",\"mainEntityOfPage\":{\"@id\":\"https:\/\/weltlaeden.de\/weissenhorn\/wir-sammeln-gebrauchte-mobiltelefone\/\"},\"wordCount\":89,\"image\":{\"@id\":\"https:\/\/weltlaeden.de\/weissenhorn\/wir-sammeln-gebrauchte-mobiltelefone\/#primaryimage\"},\"thumbnailUrl\":\"https:\/\/weltlaeden.de\/weissenhorn\/wp-content\/uploads\/sites\/129\/2021\/10\/2A16B7D0-8685-454C-AEBF-30016A82A73A_1_105_c-e1634154764216.jpeg\",\"articleSection\":[\"Keine Kategorie\",\"Neuigkeiten\"],\"inLanguage\":\"de\"},{\"@type\":\"WebPage\",\"@id\":\"https:\/\/weltlaeden.de\/weissenhorn\/wir-sammeln-gebrauchte-mobiltelefone\/\",\"url\":\"https:\/\/weltlaeden.de\/weissenhorn\/wir-sammeln-gebrauchte-mobiltelefone\/\",\"name\":\"wir sammeln gebrauchte Mobiltelefone - Weltladen Wei\u00dfenhorn\",\"isPartOf\":{\"@id\":\"https:\/\/weltlaeden.de\/weissenhorn\/#website\"},\"primaryImageOfPage\":{\"@id\":\"https:\/\/weltlaeden.de\/weissenhorn\/wir-sammeln-gebrauchte-mobiltelefone\/#primaryimage\"},\"image\":{\"@id\":\"https:\/\/weltlaeden.de\/weissenhorn\/wir-sammeln-gebrauchte-mobiltelefone\/#primaryimage\"},\"thumbnailUrl\":\"https:\/\/weltlaeden.de\/weissenhorn\/wp-content\/uploads\/sites\/129\/2021\/10\/2A16B7D0-8685-454C-AEBF-30016A82A73A_1_105_c-e1634154764216.jpeg\",\"datePublished\":\"2021-10-13T18:57:27+00:00\",\"dateModified\":\"2021-10-13T20:00:20+00:00\",\"author\":{\"@id\":\"https:\/\/weltlaeden.de\/weissenhorn\/#\/schema\/person\/a54ab778984ca172a44d8286c0e76e78\"},\"breadcrumb\":{\"@id\":\"https:\/\/weltlaeden.de\/weissenhorn\/wir-sammeln-gebrauchte-mobiltelefone\/#breadcrumb\"},\"inLanguage\":\"de\",\"potentialAction\":[{\"@type\":\"ReadAction\",\"target\":[\"https:\/\/weltlaeden.de\/weissenhorn\/wir-sammeln-gebrauchte-mobiltelefone\/\"]}]},{\"@type\":\"ImageObject\",\"inLanguage\":\"de\",\"@id\":\"https:\/\/weltlaeden.de\/weissenhorn\/wir-sammeln-gebrauchte-mobiltelefone\/#primaryimage\",\"url\":\"https:\/\/weltlaeden.de\/weissenhorn\/wp-content\/uploads\/sites\/129\/2021\/10\/2A16B7D0-8685-454C-AEBF-30016A82A73A_1_105_c-e1634154764216.jpeg\",\"contentUrl\":\"https:\/\/weltlaeden.de\/weissenhorn\/wp-content\/uploads\/sites\/129\/2021\/10\/2A16B7D0-8685-454C-AEBF-30016A82A73A_1_105_c-e1634154764216.jpeg\",\"width\":647,\"height\":686},{\"@type\":\"BreadcrumbList\",\"@id\":\"https:\/\/weltlaeden.de\/weissenhorn\/wir-sammeln-gebrauchte-mobiltelefone\/#breadcrumb\",\"itemListElement\":[{\"@type\":\"ListItem\",\"position\":1,\"name\":\"Startseite\",\"item\":\"https:\/\/weltlaeden.de\/weissenhorn\/\"},{\"@type\":\"ListItem\",\"position\":2,\"name\":\"wir sammeln gebrauchte Mobiltelefone\"}]},{\"@type\":\"WebSite\",\"@id\":\"https:\/\/weltlaeden.de\/weissenhorn\/#website\",\"url\":\"https:\/\/weltlaeden.de\/weissenhorn\/\",\"name\":\"Weltladen Wei\u00dfenhorn\",\"description\":\"Faire Produkte seit 1990\",\"potentialAction\":[{\"@type\":\"SearchAction\",\"target\":{\"@type\":\"EntryPoint\",\"urlTemplate\":\"https:\/\/weltlaeden.de\/weissenhorn\/?s={search_term_string}\"},\"query-input\":{\"@type\":\"PropertyValueSpecification\",\"valueRequired\":true,\"valueName\":\"search_term_string\"}}],\"inLanguage\":\"de\"},{\"@type\":\"Person\",\"@id\":\"https:\/\/weltlaeden.de\/weissenhorn\/#\/schema\/person\/a54ab778984ca172a44d8286c0e76e78\",\"name\":\"weissenhorn\",\"image\":{\"@type\":\"ImageObject\",\"inLanguage\":\"de\",\"@id\":\"https:\/\/weltlaeden.de\/weissenhorn\/#\/schema\/person\/image\/\",\"url\":\"https:\/\/secure.gravatar.com\/avatar\/9094ba6a92e3b50222fd0796b579f81f?s=96&d=mm&r=g\",\"contentUrl\":\"https:\/\/secure.gravatar.com\/avatar\/9094ba6a92e3b50222fd0796b579f81f?s=96&d=mm&r=g\",\"caption\":\"weissenhorn\"}}]}<\/script>\n<!-- \/ Yoast SEO plugin. -->","yoast_head_json":{"title":"wir sammeln gebrauchte Mobiltelefone - Weltladen Wei\u00dfenhorn","robots":{"index":"index","follow":"follow","max-snippet":"max-snippet:-1","max-image-preview":"max-image-preview:large","max-video-preview":"max-video-preview:-1"},"canonical":"https:\/\/weltlaeden.de\/weissenhorn\/wir-sammeln-gebrauchte-mobiltelefone\/","og_locale":"de_DE","og_type":"article","og_title":"wir sammeln gebrauchte Mobiltelefone - Weltladen Wei\u00dfenhorn","og_description":"\u00fcber\u00a0 100 Millionen alte Handys warten auf eine sichere Entsorgung. Tun Sie Gutes und sch\u00fctzen Sie mit uns die Umwelt. Mit der R\u00fcckgabe Ihres alten oder ungenutzten Handys tragen Sie dazu bei, wertvolle Rohstoffe zu sichern. Alle gesammelten Endger\u00e4te werden fachgerecht recycelt oder nach einer zertifizierten\u00a0Datenl\u00f6schung weiterverwertet. Aus den Erl\u00f6sen unterst\u00fctzt die Telekom gemeinn\u00fctzige Organisationen.&hellip;","og_url":"https:\/\/weltlaeden.de\/weissenhorn\/wir-sammeln-gebrauchte-mobiltelefone\/","og_site_name":"Weltladen Wei\u00dfenhorn","article_published_time":"2021-10-13T18:57:27+00:00","article_modified_time":"2021-10-13T20:00:20+00:00","og_image":[{"width":647,"height":686,"url":"https:\/\/weltlaeden.de\/weissenhorn\/wp-content\/uploads\/sites\/129\/2021\/10\/2A16B7D0-8685-454C-AEBF-30016A82A73A_1_105_c-e1634154764216.jpeg","type":"image\/jpeg"}],"author":"weissenhorn","twitter_card":"summary_large_image","twitter_misc":{"Verfasst von":"weissenhorn"},"schema":{"@context":"https:\/\/schema.org","@graph":[{"@type":"Article","@id":"https:\/\/weltlaeden.de\/weissenhorn\/wir-sammeln-gebrauchte-mobiltelefone\/#article","isPartOf":{"@id":"https:\/\/weltlaeden.de\/weissenhorn\/wir-sammeln-gebrauchte-mobiltelefone\/"},"author":{"name":"weissenhorn","@id":"https:\/\/weltlaeden.de\/weissenhorn\/#\/schema\/person\/a54ab778984ca172a44d8286c0e76e78"},"headline":"wir sammeln gebrauchte Mobiltelefone","datePublished":"2021-10-13T18:57:27+00:00","dateModified":"2021-10-13T20:00:20+00:00","mainEntityOfPage":{"@id":"https:\/\/weltlaeden.de\/weissenhorn\/wir-sammeln-gebrauchte-mobiltelefone\/"},"wordCount":89,"image":{"@id":"https:\/\/weltlaeden.de\/weissenhorn\/wir-sammeln-gebrauchte-mobiltelefone\/#primaryimage"},"thumbnailUrl":"https:\/\/weltlaeden.de\/weissenhorn\/wp-content\/uploads\/sites\/129\/2021\/10\/2A16B7D0-8685-454C-AEBF-30016A82A73A_1_105_c-e1634154764216.jpeg","articleSection":["Keine Kategorie","Neuigkeiten"],"inLanguage":"de"},{"@type":"WebPage","@id":"https:\/\/weltlaeden.de\/weissenhorn\/wir-sammeln-gebrauchte-mobiltelefone\/","url":"https:\/\/weltlaeden.de\/weissenhorn\/wir-sammeln-gebrauchte-mobiltelefone\/","name":"wir sammeln gebrauchte Mobiltelefone - Weltladen Wei\u00dfenhorn","isPartOf":{"@id":"https:\/\/weltlaeden.de\/weissenhorn\/#website"},"primaryImageOfPage":{"@id":"https:\/\/weltlaeden.de\/weissenhorn\/wir-sammeln-gebrauchte-mobiltelefone\/#primaryimage"},"image":{"@id":"https:\/\/weltlaeden.de\/weissenhorn\/wir-sammeln-gebrauchte-mobiltelefone\/#primaryimage"},"thumbnailUrl":"https:\/\/weltlaeden.de\/weissenhorn\/wp-content\/uploads\/sites\/129\/2021\/10\/2A16B7D0-8685-454C-AEBF-30016A82A73A_1_105_c-e1634154764216.jpeg","datePublished":"2021-10-13T18:57:27+00:00","dateModified":"2021-10-13T20:00:20+00:00","author":{"@id":"https:\/\/weltlaeden.de\/weissenhorn\/#\/schema\/person\/a54ab778984ca172a44d8286c0e76e78"},"breadcrumb":{"@id":"https:\/\/weltlaeden.de\/weissenhorn\/wir-sammeln-gebrauchte-mobiltelefone\/#breadcrumb"},"inLanguage":"de","potentialAction":[{"@type":"ReadAction","target":["https:\/\/weltlaeden.de\/weissenhorn\/wir-sammeln-gebrauchte-mobiltelefone\/"]}]},{"@type":"ImageObject","inLanguage":"de","@id":"https:\/\/weltlaeden.de\/weissenhorn\/wir-sammeln-gebrauchte-mobiltelefone\/#primaryimage","url":"https:\/\/weltlaeden.de\/weissenhorn\/wp-content\/uploads\/sites\/129\/2021\/10\/2A16B7D0-8685-454C-AEBF-30016A82A73A_1_105_c-e1634154764216.jpeg","contentUrl":"https:\/\/weltlaeden.de\/weissenhorn\/wp-content\/uploads\/sites\/129\/2021\/10\/2A16B7D0-8685-454C-AEBF-30016A82A73A_1_105_c-e1634154764216.jpeg","width":647,"height":686},{"@type":"BreadcrumbList","@id":"https:\/\/weltlaeden.de\/weissenhorn\/wir-sammeln-gebrauchte-mobiltelefone\/#breadcrumb","itemListElement":[{"@type":"ListItem","position":1,"name":"Startseite","item":"https:\/\/weltlaeden.de\/weissenhorn\/"},{"@type":"ListItem","position":2,"name":"wir sammeln gebrauchte Mobiltelefone"}]},{"@type":"WebSite","@id":"https:\/\/weltlaeden.de\/weissenhorn\/#website","url":"https:\/\/weltlaeden.de\/weissenhorn\/","name":"Weltladen Wei\u00dfenhorn","description":"Faire Produkte seit 1990","potentialAction":[{"@type":"SearchAction","target":{"@type":"EntryPoint","urlTemplate":"https:\/\/weltlaeden.de\/weissenhorn\/?s={search_term_string}"},"query-input":{"@type":"PropertyValueSpecification","valueRequired":true,"valueName":"search_term_string"}}],"inLanguage":"de"},{"@type":"Person","@id":"https:\/\/weltlaeden.de\/weissenhorn\/#\/schema\/person\/a54ab778984ca172a44d8286c0e76e78","name":"weissenhorn","image":{"@type":"ImageObject","inLanguage":"de","@id":"https:\/\/weltlaeden.de\/weissenhorn\/#\/schema\/person\/image\/","url":"https:\/\/secure.gravatar.com\/avatar\/9094ba6a92e3b50222fd0796b579f81f?s=96&d=mm&r=g","contentUrl":"https:\/\/secure.gravatar.com\/avatar\/9094ba6a92e3b50222fd0796b579f81f?s=96&d=mm&r=g","caption":"weissenhorn"}}]}},"_links":{"self":[{"href":"https:\/\/weltlaeden.de\/weissenhorn\/wp-json\/wp\/v2\/posts\/740","targetHints":{"allow":["GET"]}}],"collection":[{"href":"https:\/\/weltlaeden.de\/weissenhorn\/wp-json\/wp\/v2\/posts"}],"about":[{"href":"https:\/\/weltlaeden.de\/weissenhorn\/wp-json\/wp\/v2\/types\/post"}],"author":[{"embeddable":true,"href":"https:\/\/weltlaeden.de\/weissenhorn\/wp-json\/wp\/v2\/users\/191"}],"replies":[{"embeddable":true,"href":"https:\/\/weltlaeden.de\/weissenhorn\/wp-json\/wp\/v2\/comments?post=740"}],"version-history":[{"count":4,"href":"https:\/\/weltlaeden.de\/weissenhorn\/wp-json\/wp\/v2\/posts\/740\/revisions"}],"predecessor-version":[{"id":748,"href":"https:\/\/weltlaeden.de\/weissenhorn\/wp-json\/wp\/v2\/posts\/740\/revisions\/748"}],"wp:featuredmedia":[{"embeddable":true,"href":"https:\/\/weltlaeden.de\/weissenhorn\/wp-json\/wp\/v2\/media\/746"}],"wp:attachment":[{"href":"https:\/\/weltlaeden.de\/weissenhorn\/wp-json\/wp\/v2\/media?parent=740"}],"wp:term":[{"taxonomy":"category","embeddable":true,"href":"https:\/\/weltlaeden.de\/weissenhorn\/wp-json\/wp\/v2\/categories?post=740"},{"taxonomy":"post_tag","embeddable":true,"href":"https:\/\/weltlaeden.de\/weissenhorn\/wp-json\/wp\/v2\/tags?post=740"}],"curies":[{"name":"wp","href":"https:\/\/api.w.org\/{rel}","templated":true}]}}