{"id":732,"date":"2021-08-31T11:48:31","date_gmt":"2021-08-31T09:48:31","guid":{"rendered":"https:\/\/weltlaeden.de\/weissenhorn\/?p=732"},"modified":"2021-08-31T13:20:22","modified_gmt":"2021-08-31T11:20:22","slug":"kaffee-aus-guatemala","status":"publish","type":"post","link":"https:\/\/weltlaeden.de\/weissenhorn\/kaffee-aus-guatemala\/","title":{"rendered":"Kaffee aus Guatemala"},"content":{"rendered":"<p>&nbsp;<\/p>\n<p><strong>FairProdukt des Monats: Kaffee aus Guatemala<\/strong><\/p>\n<p>&nbsp;<\/p>\n<p><strong>Am Atitl\u00e1n-See in Guatemala bauen Kleinbauern-Familien der Kooperative <\/strong><\/p>\n<p><strong>La Voz Que Clama en el Desierto \u2013 in deutscher \u00dcbersetzung: <\/strong><\/p>\n<p><strong>die Stimme, die in der W\u00fcste ruft &#8211; Bio-Arabica Kaffee an.<\/strong><\/p>\n<p><strong> Ihren Sitz hat die Kooperative in San Juan La Laguna. Der Kaffee der Kooperative ist das FairProdukt des Monats September im Wei\u00dfenhorner Weltladen.<\/strong><\/p>\n<p>Tiefblau und ums\u00e4umt von imposanten Vulkankegeln pr\u00e4sentiert sich der Atitl\u00e1n-See.<\/p>\n<p>Diese sagenumwobene Landschaft ist nicht nur einer der sch\u00f6nsten Orte Guatemalas, hier befindet sich auch eine der besten Kaffeeanbauregionen Zentralamerikas. Aktive Vulkane reichern den Boden mit vielen wichtigen N\u00e4hrstoffen an. Auf diese Weise erhalten die guatemaltekischen Kaffees einen unverwechselbaren Geschmack.<\/p>\n<p><strong> \u201eDer Kaffee erfreut durch ein ein vollmundiges, reiches Aroma mit feinen Noten von Zartbitterschokolade,\u201c so Uschi Ott von der Einkaufsgruppe des Wei\u00dfenhorner Weltladens.<\/strong><\/p>\n<p>Die Kooperative \u201eLa Voz\u201c hat rund 160 Mitglieder, ein Drittel davon sind Frauen. Mit den Einnahmen aus dem Kaffee-Export wird ein kleines Gesundheitszentrum finanziert. Hier werden nicht nur die Mitglieder, sondern alle aus dem Dorf kostenfrei untersucht und k\u00f6nnen g\u00fcnstig Medikamente kaufen.<\/p>\n<p>Den Kleinbauern-Familien steht au\u00dferdem ein Programm f\u00fcr zinsg\u00fcnstige Mikrokredite zur Verf\u00fcgung. Die Kooperative bietet ihnen au\u00dferdem die Infrastruktur f\u00fcr Kaffeeverarbeitung und -r\u00f6stung.<\/p>\n<p>Um Wissen weiterzugeben und Austausch zu f\u00f6rdern, bietet La Voz Aus- und Weiterbildungen f\u00fcr Kaffee-Anbau und Verarbeitung an. Dabei werden Auswirkungen von Ver\u00e4nderungen beispielsweise im Klima ber\u00fccksichtigt.<br \/>\nNeben dem Kaffeeanbau hat die Kooperative weitere Standbeine. In einer R\u00f6sterei arbeiten vier Frauen, alle Mitglieder der Kooperative. Der dort ger\u00f6stete Kaffee wird in der Umgebung verkauft, unter anderem an die vielen Touristen am Atitl\u00e1n-See.<\/p>\n<p>F\u00fcr diese organisiert La Voz als zus\u00e4tzliche Einkommensquelle eine Kaffee-Tour.<\/p>\n<p>Hier werden Kaffeeanbau und Verarbeitung vorgestellt. Ziel dabei: Ein Bewusstsein f\u00fcr die Situation der Kaffeeproduzenten zu schaffen.<br \/>\nDie Mitglieder der Kooperative bauen ausschlie\u00dflich Kaffee in kontrolliert biologischem Anbau an. Daf\u00fcr produzieren sie auch ihren organischen D\u00fcnger selbst. Daneben kultivieren sie Mais, Bohnen und Gem\u00fcse f\u00fcr den Eigenverbrauch.<\/p>\n<h3><span style=\"color: #ff6600\">Im September gibt es den Kaffee vom Atitl\u00e1n-See um 20% im Preis reduziert als FairProdukt des Monats im Wei\u00dfenhorner Weltladen \u2013 mitten in der guten Stube der Fairtrade-Stadt.<\/span><\/h3>\n","protected":false},"excerpt":{"rendered":"<p>&nbsp; FairProdukt des Monats: Kaffee aus Guatemala &nbsp; Am Atitl\u00e1n-See in Guatemala bauen Kleinbauern-Familien der Kooperative La Voz Que Clama en el Desierto \u2013 in deutscher \u00dcbersetzung: die Stimme, die in der W\u00fcste ruft &#8211; Bio-Arabica Kaffee an. Ihren Sitz hat die Kooperative in San Juan La Laguna. Der Kaffee der Kooperative ist das FairProdukt&hellip;<\/p>\n","protected":false},"author":191,"featured_media":735,"comment_status":"closed","ping_status":"closed","sticky":false,"template":"","format":"standard","meta":{"footnotes":""},"categories":[12],"tags":[],"class_list":["post-732","post","type-post","status-publish","format-standard","has-post-thumbnail","hentry","category-produkt-des-monats","category-12","description-off"],"yoast_head":"<!-- This site is optimized with the Yoast SEO plugin v26.8 - https:\/\/yoast.com\/product\/yoast-seo-wordpress\/ -->\n<title>Kaffee aus Guatemala - Weltladen Wei\u00dfenhorn<\/title>\n<meta name=\"robots\" content=\"index, follow, max-snippet:-1, max-image-preview:large, max-video-preview:-1\" \/>\n<link rel=\"canonical\" href=\"https:\/\/weltlaeden.de\/weissenhorn\/kaffee-aus-guatemala\/\" \/>\n<meta property=\"og:locale\" content=\"de_DE\" \/>\n<meta property=\"og:type\" content=\"article\" \/>\n<meta property=\"og:title\" content=\"Kaffee aus Guatemala - Weltladen Wei\u00dfenhorn\" \/>\n<meta property=\"og:description\" content=\"&nbsp; FairProdukt des Monats: Kaffee aus Guatemala &nbsp; Am Atitl\u00e1n-See in Guatemala bauen Kleinbauern-Familien der Kooperative La Voz Que Clama en el Desierto \u2013 in deutscher \u00dcbersetzung: die Stimme, die in der W\u00fcste ruft &#8211; Bio-Arabica Kaffee an. Ihren Sitz hat die Kooperative in San Juan La Laguna. Der Kaffee der Kooperative ist das FairProdukt&hellip;\" \/>\n<meta property=\"og:url\" content=\"https:\/\/weltlaeden.de\/weissenhorn\/kaffee-aus-guatemala\/\" \/>\n<meta property=\"og:site_name\" content=\"Weltladen Wei\u00dfenhorn\" \/>\n<meta property=\"article:published_time\" content=\"2021-08-31T09:48:31+00:00\" \/>\n<meta property=\"article:modified_time\" content=\"2021-08-31T11:20:22+00:00\" \/>\n<meta property=\"og:image\" content=\"https:\/\/weltlaeden.de\/weissenhorn\/wp-content\/uploads\/sites\/129\/2021\/08\/5489AB98-046D-45BF-881C-0B7DC89F33A5_4_5005_c-e1630408610313.jpeg\" \/>\n\t<meta property=\"og:image:width\" content=\"257\" \/>\n\t<meta property=\"og:image:height\" content=\"428\" \/>\n\t<meta property=\"og:image:type\" content=\"image\/jpeg\" \/>\n<meta name=\"author\" content=\"weissenhorn\" \/>\n<meta name=\"twitter:card\" content=\"summary_large_image\" \/>\n<meta name=\"twitter:label1\" content=\"Verfasst von\" \/>\n\t<meta name=\"twitter:data1\" content=\"weissenhorn\" \/>\n\t<meta name=\"twitter:label2\" content=\"Gesch\u00e4tzte Lesezeit\" \/>\n\t<meta name=\"twitter:data2\" content=\"2\u00a0Minuten\" \/>\n<script type=\"application\/ld+json\" class=\"yoast-schema-graph\">{\"@context\":\"https:\/\/schema.org\",\"@graph\":[{\"@type\":\"Article\",\"@id\":\"https:\/\/weltlaeden.de\/weissenhorn\/kaffee-aus-guatemala\/#article\",\"isPartOf\":{\"@id\":\"https:\/\/weltlaeden.de\/weissenhorn\/kaffee-aus-guatemala\/\"},\"author\":{\"name\":\"weissenhorn\",\"@id\":\"https:\/\/weltlaeden.de\/weissenhorn\/#\/schema\/person\/a54ab778984ca172a44d8286c0e76e78\"},\"headline\":\"Kaffee aus Guatemala\",\"datePublished\":\"2021-08-31T09:48:31+00:00\",\"dateModified\":\"2021-08-31T11:20:22+00:00\",\"mainEntityOfPage\":{\"@id\":\"https:\/\/weltlaeden.de\/weissenhorn\/kaffee-aus-guatemala\/\"},\"wordCount\":379,\"image\":{\"@id\":\"https:\/\/weltlaeden.de\/weissenhorn\/kaffee-aus-guatemala\/#primaryimage\"},\"thumbnailUrl\":\"https:\/\/weltlaeden.de\/weissenhorn\/wp-content\/uploads\/sites\/129\/2021\/08\/5489AB98-046D-45BF-881C-0B7DC89F33A5_4_5005_c-e1630408610313.jpeg\",\"articleSection\":[\"Produkt des Monats\"],\"inLanguage\":\"de\"},{\"@type\":\"WebPage\",\"@id\":\"https:\/\/weltlaeden.de\/weissenhorn\/kaffee-aus-guatemala\/\",\"url\":\"https:\/\/weltlaeden.de\/weissenhorn\/kaffee-aus-guatemala\/\",\"name\":\"Kaffee aus Guatemala - Weltladen Wei\u00dfenhorn\",\"isPartOf\":{\"@id\":\"https:\/\/weltlaeden.de\/weissenhorn\/#website\"},\"primaryImageOfPage\":{\"@id\":\"https:\/\/weltlaeden.de\/weissenhorn\/kaffee-aus-guatemala\/#primaryimage\"},\"image\":{\"@id\":\"https:\/\/weltlaeden.de\/weissenhorn\/kaffee-aus-guatemala\/#primaryimage\"},\"thumbnailUrl\":\"https:\/\/weltlaeden.de\/weissenhorn\/wp-content\/uploads\/sites\/129\/2021\/08\/5489AB98-046D-45BF-881C-0B7DC89F33A5_4_5005_c-e1630408610313.jpeg\",\"datePublished\":\"2021-08-31T09:48:31+00:00\",\"dateModified\":\"2021-08-31T11:20:22+00:00\",\"author\":{\"@id\":\"https:\/\/weltlaeden.de\/weissenhorn\/#\/schema\/person\/a54ab778984ca172a44d8286c0e76e78\"},\"breadcrumb\":{\"@id\":\"https:\/\/weltlaeden.de\/weissenhorn\/kaffee-aus-guatemala\/#breadcrumb\"},\"inLanguage\":\"de\",\"potentialAction\":[{\"@type\":\"ReadAction\",\"target\":[\"https:\/\/weltlaeden.de\/weissenhorn\/kaffee-aus-guatemala\/\"]}]},{\"@type\":\"ImageObject\",\"inLanguage\":\"de\",\"@id\":\"https:\/\/weltlaeden.de\/weissenhorn\/kaffee-aus-guatemala\/#primaryimage\",\"url\":\"https:\/\/weltlaeden.de\/weissenhorn\/wp-content\/uploads\/sites\/129\/2021\/08\/5489AB98-046D-45BF-881C-0B7DC89F33A5_4_5005_c-e1630408610313.jpeg\",\"contentUrl\":\"https:\/\/weltlaeden.de\/weissenhorn\/wp-content\/uploads\/sites\/129\/2021\/08\/5489AB98-046D-45BF-881C-0B7DC89F33A5_4_5005_c-e1630408610313.jpeg\",\"width\":257,\"height\":428},{\"@type\":\"BreadcrumbList\",\"@id\":\"https:\/\/weltlaeden.de\/weissenhorn\/kaffee-aus-guatemala\/#breadcrumb\",\"itemListElement\":[{\"@type\":\"ListItem\",\"position\":1,\"name\":\"Startseite\",\"item\":\"https:\/\/weltlaeden.de\/weissenhorn\/\"},{\"@type\":\"ListItem\",\"position\":2,\"name\":\"Kaffee aus Guatemala\"}]},{\"@type\":\"WebSite\",\"@id\":\"https:\/\/weltlaeden.de\/weissenhorn\/#website\",\"url\":\"https:\/\/weltlaeden.de\/weissenhorn\/\",\"name\":\"Weltladen Wei\u00dfenhorn\",\"description\":\"Faire Produkte seit 1990\",\"potentialAction\":[{\"@type\":\"SearchAction\",\"target\":{\"@type\":\"EntryPoint\",\"urlTemplate\":\"https:\/\/weltlaeden.de\/weissenhorn\/?s={search_term_string}\"},\"query-input\":{\"@type\":\"PropertyValueSpecification\",\"valueRequired\":true,\"valueName\":\"search_term_string\"}}],\"inLanguage\":\"de\"},{\"@type\":\"Person\",\"@id\":\"https:\/\/weltlaeden.de\/weissenhorn\/#\/schema\/person\/a54ab778984ca172a44d8286c0e76e78\",\"name\":\"weissenhorn\",\"image\":{\"@type\":\"ImageObject\",\"inLanguage\":\"de\",\"@id\":\"https:\/\/weltlaeden.de\/weissenhorn\/#\/schema\/person\/image\/\",\"url\":\"https:\/\/secure.gravatar.com\/avatar\/9094ba6a92e3b50222fd0796b579f81f?s=96&d=mm&r=g\",\"contentUrl\":\"https:\/\/secure.gravatar.com\/avatar\/9094ba6a92e3b50222fd0796b579f81f?s=96&d=mm&r=g\",\"caption\":\"weissenhorn\"}}]}<\/script>\n<!-- \/ Yoast SEO plugin. -->","yoast_head_json":{"title":"Kaffee aus Guatemala - Weltladen Wei\u00dfenhorn","robots":{"index":"index","follow":"follow","max-snippet":"max-snippet:-1","max-image-preview":"max-image-preview:large","max-video-preview":"max-video-preview:-1"},"canonical":"https:\/\/weltlaeden.de\/weissenhorn\/kaffee-aus-guatemala\/","og_locale":"de_DE","og_type":"article","og_title":"Kaffee aus Guatemala - Weltladen Wei\u00dfenhorn","og_description":"&nbsp; FairProdukt des Monats: Kaffee aus Guatemala &nbsp; Am Atitl\u00e1n-See in Guatemala bauen Kleinbauern-Familien der Kooperative La Voz Que Clama en el Desierto \u2013 in deutscher \u00dcbersetzung: die Stimme, die in der W\u00fcste ruft &#8211; Bio-Arabica Kaffee an. Ihren Sitz hat die Kooperative in San Juan La Laguna. Der Kaffee der Kooperative ist das FairProdukt&hellip;","og_url":"https:\/\/weltlaeden.de\/weissenhorn\/kaffee-aus-guatemala\/","og_site_name":"Weltladen Wei\u00dfenhorn","article_published_time":"2021-08-31T09:48:31+00:00","article_modified_time":"2021-08-31T11:20:22+00:00","og_image":[{"width":257,"height":428,"url":"https:\/\/weltlaeden.de\/weissenhorn\/wp-content\/uploads\/sites\/129\/2021\/08\/5489AB98-046D-45BF-881C-0B7DC89F33A5_4_5005_c-e1630408610313.jpeg","type":"image\/jpeg"}],"author":"weissenhorn","twitter_card":"summary_large_image","twitter_misc":{"Verfasst von":"weissenhorn","Gesch\u00e4tzte Lesezeit":"2\u00a0Minuten"},"schema":{"@context":"https:\/\/schema.org","@graph":[{"@type":"Article","@id":"https:\/\/weltlaeden.de\/weissenhorn\/kaffee-aus-guatemala\/#article","isPartOf":{"@id":"https:\/\/weltlaeden.de\/weissenhorn\/kaffee-aus-guatemala\/"},"author":{"name":"weissenhorn","@id":"https:\/\/weltlaeden.de\/weissenhorn\/#\/schema\/person\/a54ab778984ca172a44d8286c0e76e78"},"headline":"Kaffee aus Guatemala","datePublished":"2021-08-31T09:48:31+00:00","dateModified":"2021-08-31T11:20:22+00:00","mainEntityOfPage":{"@id":"https:\/\/weltlaeden.de\/weissenhorn\/kaffee-aus-guatemala\/"},"wordCount":379,"image":{"@id":"https:\/\/weltlaeden.de\/weissenhorn\/kaffee-aus-guatemala\/#primaryimage"},"thumbnailUrl":"https:\/\/weltlaeden.de\/weissenhorn\/wp-content\/uploads\/sites\/129\/2021\/08\/5489AB98-046D-45BF-881C-0B7DC89F33A5_4_5005_c-e1630408610313.jpeg","articleSection":["Produkt des Monats"],"inLanguage":"de"},{"@type":"WebPage","@id":"https:\/\/weltlaeden.de\/weissenhorn\/kaffee-aus-guatemala\/","url":"https:\/\/weltlaeden.de\/weissenhorn\/kaffee-aus-guatemala\/","name":"Kaffee aus Guatemala - Weltladen Wei\u00dfenhorn","isPartOf":{"@id":"https:\/\/weltlaeden.de\/weissenhorn\/#website"},"primaryImageOfPage":{"@id":"https:\/\/weltlaeden.de\/weissenhorn\/kaffee-aus-guatemala\/#primaryimage"},"image":{"@id":"https:\/\/weltlaeden.de\/weissenhorn\/kaffee-aus-guatemala\/#primaryimage"},"thumbnailUrl":"https:\/\/weltlaeden.de\/weissenhorn\/wp-content\/uploads\/sites\/129\/2021\/08\/5489AB98-046D-45BF-881C-0B7DC89F33A5_4_5005_c-e1630408610313.jpeg","datePublished":"2021-08-31T09:48:31+00:00","dateModified":"2021-08-31T11:20:22+00:00","author":{"@id":"https:\/\/weltlaeden.de\/weissenhorn\/#\/schema\/person\/a54ab778984ca172a44d8286c0e76e78"},"breadcrumb":{"@id":"https:\/\/weltlaeden.de\/weissenhorn\/kaffee-aus-guatemala\/#breadcrumb"},"inLanguage":"de","potentialAction":[{"@type":"ReadAction","target":["https:\/\/weltlaeden.de\/weissenhorn\/kaffee-aus-guatemala\/"]}]},{"@type":"ImageObject","inLanguage":"de","@id":"https:\/\/weltlaeden.de\/weissenhorn\/kaffee-aus-guatemala\/#primaryimage","url":"https:\/\/weltlaeden.de\/weissenhorn\/wp-content\/uploads\/sites\/129\/2021\/08\/5489AB98-046D-45BF-881C-0B7DC89F33A5_4_5005_c-e1630408610313.jpeg","contentUrl":"https:\/\/weltlaeden.de\/weissenhorn\/wp-content\/uploads\/sites\/129\/2021\/08\/5489AB98-046D-45BF-881C-0B7DC89F33A5_4_5005_c-e1630408610313.jpeg","width":257,"height":428},{"@type":"BreadcrumbList","@id":"https:\/\/weltlaeden.de\/weissenhorn\/kaffee-aus-guatemala\/#breadcrumb","itemListElement":[{"@type":"ListItem","position":1,"name":"Startseite","item":"https:\/\/weltlaeden.de\/weissenhorn\/"},{"@type":"ListItem","position":2,"name":"Kaffee aus Guatemala"}]},{"@type":"WebSite","@id":"https:\/\/weltlaeden.de\/weissenhorn\/#website","url":"https:\/\/weltlaeden.de\/weissenhorn\/","name":"Weltladen Wei\u00dfenhorn","description":"Faire Produkte seit 1990","potentialAction":[{"@type":"SearchAction","target":{"@type":"EntryPoint","urlTemplate":"https:\/\/weltlaeden.de\/weissenhorn\/?s={search_term_string}"},"query-input":{"@type":"PropertyValueSpecification","valueRequired":true,"valueName":"search_term_string"}}],"inLanguage":"de"},{"@type":"Person","@id":"https:\/\/weltlaeden.de\/weissenhorn\/#\/schema\/person\/a54ab778984ca172a44d8286c0e76e78","name":"weissenhorn","image":{"@type":"ImageObject","inLanguage":"de","@id":"https:\/\/weltlaeden.de\/weissenhorn\/#\/schema\/person\/image\/","url":"https:\/\/secure.gravatar.com\/avatar\/9094ba6a92e3b50222fd0796b579f81f?s=96&d=mm&r=g","contentUrl":"https:\/\/secure.gravatar.com\/avatar\/9094ba6a92e3b50222fd0796b579f81f?s=96&d=mm&r=g","caption":"weissenhorn"}}]}},"_links":{"self":[{"href":"https:\/\/weltlaeden.de\/weissenhorn\/wp-json\/wp\/v2\/posts\/732","targetHints":{"allow":["GET"]}}],"collection":[{"href":"https:\/\/weltlaeden.de\/weissenhorn\/wp-json\/wp\/v2\/posts"}],"about":[{"href":"https:\/\/weltlaeden.de\/weissenhorn\/wp-json\/wp\/v2\/types\/post"}],"author":[{"embeddable":true,"href":"https:\/\/weltlaeden.de\/weissenhorn\/wp-json\/wp\/v2\/users\/191"}],"replies":[{"embeddable":true,"href":"https:\/\/weltlaeden.de\/weissenhorn\/wp-json\/wp\/v2\/comments?post=732"}],"version-history":[{"count":1,"href":"https:\/\/weltlaeden.de\/weissenhorn\/wp-json\/wp\/v2\/posts\/732\/revisions"}],"predecessor-version":[{"id":733,"href":"https:\/\/weltlaeden.de\/weissenhorn\/wp-json\/wp\/v2\/posts\/732\/revisions\/733"}],"wp:featuredmedia":[{"embeddable":true,"href":"https:\/\/weltlaeden.de\/weissenhorn\/wp-json\/wp\/v2\/media\/735"}],"wp:attachment":[{"href":"https:\/\/weltlaeden.de\/weissenhorn\/wp-json\/wp\/v2\/media?parent=732"}],"wp:term":[{"taxonomy":"category","embeddable":true,"href":"https:\/\/weltlaeden.de\/weissenhorn\/wp-json\/wp\/v2\/categories?post=732"},{"taxonomy":"post_tag","embeddable":true,"href":"https:\/\/weltlaeden.de\/weissenhorn\/wp-json\/wp\/v2\/tags?post=732"}],"curies":[{"name":"wp","href":"https:\/\/api.w.org\/{rel}","templated":true}]}}