{"id":726,"date":"2021-07-28T14:59:47","date_gmt":"2021-07-28T12:59:47","guid":{"rendered":"https:\/\/weltlaeden.de\/weissenhorn\/?p=726"},"modified":"2021-08-02T15:49:10","modified_gmt":"2021-08-02T13:49:10","slug":"mangos-fuer-kinderrechte","status":"publish","type":"post","link":"https:\/\/weltlaeden.de\/weissenhorn\/mangos-fuer-kinderrechte\/","title":{"rendered":"Mangos f\u00fcr Kinderrechte"},"content":{"rendered":"<p><strong>FairProdukt des Monats:<\/strong><\/p>\n<p><strong>Seit vielen Jahren schon setzt sich der Weltladen Wei\u00dfenhorn in Verbindung mit der Fair Trade Genossenschaft WeltPartner und der Kinderschutzorganisation Preda f\u00fcr Kinderrechte auf den Philippinen und weltweit ein. \u00a0Mit der Unterst\u00fctzung des Fair Trade Mango-Projekts als FairProdukt des Monats August wird diese Tradition fortgesetzt.<\/strong><\/p>\n<p>Die Preda-Stiftung ist weltweit f\u00fcr den Einsatz f\u00fcr Kinderrechte bekannt. Die zahlreichen Erfolge im jahrzehntelangen Kampf gegen Kinderprostitution und andere Menschenrechtsverletzungen, die Preda immer wieder internationale Aufmerksamkeit und Anerkennung verschaffen, basieren auf einem umfassenden Gesamtkonzept, mit dem der Leiter Shay Cullen und sein Team die Ursachen dieser Missst\u00e4nde bek\u00e4mpfen.<\/p>\n<p>Neben \u00f6ffentlichkeitswirksamen Kampagnen, der juristischen Verfolgung von T\u00e4tern oder therapeutischen Hilfen f\u00fcr die Opfer sexueller Gewalt setzt Preda dabei vor allem auf den Fairen Handel als Pr\u00e4ventionsstrategie. Denn Pr\u00e4vention ist besser als Heilung.<\/p>\n<p>Nach Untersuchungen von UNICEF gibt es auf den Philippinen sch\u00e4tzungsweise 100.000 Kinderprostituierte, weltweit \u00fcber eine Million. F\u00fcr Preda ist die weit verbreitete Armut der philippinischen Bev\u00f6lkerung die Hauptursache f\u00fcr die sexuelle Ausbeutung von Kindern. Der Kinderhandel ist perfekt organisiert und nutzt die Armut und die oftmals ausweglos erscheinende Lage der Kleinbauern schamlos aus.<\/p>\n<p>Der Faire Handel mit Mangos bietet in dieser Situation einen erfolgreichen Ausweg. Mit den kontinuierlichen Mehrpreiszahlungen f\u00fcr ihre Mangofr\u00fcchte k\u00f6nnen bereits tausende Familien einen gesicherten Lebensunterhalt erwirtschaften.<\/p>\n<p>Dies schafft die Voraussetzung f\u00fcr ein beh\u00fctetes und sicheres Zuhause f\u00fcr die Kinder. Mit dem Erl\u00f6s eines gro\u00dfen Mangobaumes k\u00f6nnen z.B. die kompletten Schulkosten f\u00fcr zwei Kinder f\u00fcr ein Jahr gedeckt werden.<\/p>\n<p><strong>Alle Informationen zum fairen Handel mit Mangos, zu Anbau, Ernte und Verarbeitung und den Kinderrechtskampagnen von Preda und WeltPartner finden sich in der Infobrosch\u00fcre &#8222;Mangos f\u00fcr Kinderrechte&#8220;, die im Weltladen eingesehen werden kann.<\/strong><\/p>\n<p><strong><span style=\"color: #ff6600\">Getrocknete Carabo Mango mit und ohne Zuckerzusatz sind das FairProdukt des Monats im Wei\u00dfenhorner Weltladen mitten in der guten Stube der Fairtrade-Stadt.<\/span><\/strong><\/p>\n","protected":false},"excerpt":{"rendered":"<p>FairProdukt des Monats: Seit vielen Jahren schon setzt sich der Weltladen Wei\u00dfenhorn in Verbindung mit der Fair Trade Genossenschaft WeltPartner und der Kinderschutzorganisation Preda f\u00fcr Kinderrechte auf den Philippinen und weltweit ein. \u00a0Mit der Unterst\u00fctzung des Fair Trade Mango-Projekts als FairProdukt des Monats August wird diese Tradition fortgesetzt. Die Preda-Stiftung ist weltweit f\u00fcr den Einsatz&hellip;<\/p>\n","protected":false},"author":191,"featured_media":731,"comment_status":"closed","ping_status":"closed","sticky":false,"template":"","format":"standard","meta":{"footnotes":""},"categories":[12],"tags":[],"class_list":["post-726","post","type-post","status-publish","format-standard","has-post-thumbnail","hentry","category-produkt-des-monats","category-12","description-off"],"yoast_head":"<!-- This site is optimized with the Yoast SEO plugin v26.8 - https:\/\/yoast.com\/product\/yoast-seo-wordpress\/ -->\n<title>Mangos f\u00fcr Kinderrechte - Weltladen Wei\u00dfenhorn<\/title>\n<meta name=\"robots\" content=\"index, follow, max-snippet:-1, max-image-preview:large, max-video-preview:-1\" \/>\n<link rel=\"canonical\" href=\"https:\/\/weltlaeden.de\/weissenhorn\/mangos-fuer-kinderrechte\/\" \/>\n<meta property=\"og:locale\" content=\"de_DE\" \/>\n<meta property=\"og:type\" content=\"article\" \/>\n<meta property=\"og:title\" content=\"Mangos f\u00fcr Kinderrechte - Weltladen Wei\u00dfenhorn\" \/>\n<meta property=\"og:description\" content=\"FairProdukt des Monats: Seit vielen Jahren schon setzt sich der Weltladen Wei\u00dfenhorn in Verbindung mit der Fair Trade Genossenschaft WeltPartner und der Kinderschutzorganisation Preda f\u00fcr Kinderrechte auf den Philippinen und weltweit ein. \u00a0Mit der Unterst\u00fctzung des Fair Trade Mango-Projekts als FairProdukt des Monats August wird diese Tradition fortgesetzt. Die Preda-Stiftung ist weltweit f\u00fcr den Einsatz&hellip;\" \/>\n<meta property=\"og:url\" content=\"https:\/\/weltlaeden.de\/weissenhorn\/mangos-fuer-kinderrechte\/\" \/>\n<meta property=\"og:site_name\" content=\"Weltladen Wei\u00dfenhorn\" \/>\n<meta property=\"article:published_time\" content=\"2021-07-28T12:59:47+00:00\" \/>\n<meta property=\"article:modified_time\" content=\"2021-08-02T13:49:10+00:00\" \/>\n<meta property=\"og:image\" content=\"https:\/\/weltlaeden.de\/weissenhorn\/wp-content\/uploads\/sites\/129\/2021\/07\/7DF0E511-4810-44A3-8DBA-544288BFD0BC_1_201_a.jpeg\" \/>\n\t<meta property=\"og:image:width\" content=\"620\" \/>\n\t<meta property=\"og:image:height\" content=\"887\" \/>\n\t<meta property=\"og:image:type\" content=\"image\/jpeg\" \/>\n<meta name=\"author\" content=\"weissenhorn\" \/>\n<meta name=\"twitter:card\" content=\"summary_large_image\" \/>\n<meta name=\"twitter:label1\" content=\"Verfasst von\" \/>\n\t<meta name=\"twitter:data1\" content=\"weissenhorn\" \/>\n\t<meta name=\"twitter:label2\" content=\"Gesch\u00e4tzte Lesezeit\" \/>\n\t<meta name=\"twitter:data2\" content=\"2\u00a0Minuten\" \/>\n<script type=\"application\/ld+json\" class=\"yoast-schema-graph\">{\"@context\":\"https:\/\/schema.org\",\"@graph\":[{\"@type\":\"Article\",\"@id\":\"https:\/\/weltlaeden.de\/weissenhorn\/mangos-fuer-kinderrechte\/#article\",\"isPartOf\":{\"@id\":\"https:\/\/weltlaeden.de\/weissenhorn\/mangos-fuer-kinderrechte\/\"},\"author\":{\"name\":\"weissenhorn\",\"@id\":\"https:\/\/weltlaeden.de\/weissenhorn\/#\/schema\/person\/a54ab778984ca172a44d8286c0e76e78\"},\"headline\":\"Mangos f\u00fcr Kinderrechte\",\"datePublished\":\"2021-07-28T12:59:47+00:00\",\"dateModified\":\"2021-08-02T13:49:10+00:00\",\"mainEntityOfPage\":{\"@id\":\"https:\/\/weltlaeden.de\/weissenhorn\/mangos-fuer-kinderrechte\/\"},\"wordCount\":330,\"image\":{\"@id\":\"https:\/\/weltlaeden.de\/weissenhorn\/mangos-fuer-kinderrechte\/#primaryimage\"},\"thumbnailUrl\":\"https:\/\/weltlaeden.de\/weissenhorn\/wp-content\/uploads\/sites\/129\/2021\/07\/7DF0E511-4810-44A3-8DBA-544288BFD0BC_1_201_a.jpeg\",\"articleSection\":[\"Produkt des Monats\"],\"inLanguage\":\"de\"},{\"@type\":\"WebPage\",\"@id\":\"https:\/\/weltlaeden.de\/weissenhorn\/mangos-fuer-kinderrechte\/\",\"url\":\"https:\/\/weltlaeden.de\/weissenhorn\/mangos-fuer-kinderrechte\/\",\"name\":\"Mangos f\u00fcr Kinderrechte - Weltladen Wei\u00dfenhorn\",\"isPartOf\":{\"@id\":\"https:\/\/weltlaeden.de\/weissenhorn\/#website\"},\"primaryImageOfPage\":{\"@id\":\"https:\/\/weltlaeden.de\/weissenhorn\/mangos-fuer-kinderrechte\/#primaryimage\"},\"image\":{\"@id\":\"https:\/\/weltlaeden.de\/weissenhorn\/mangos-fuer-kinderrechte\/#primaryimage\"},\"thumbnailUrl\":\"https:\/\/weltlaeden.de\/weissenhorn\/wp-content\/uploads\/sites\/129\/2021\/07\/7DF0E511-4810-44A3-8DBA-544288BFD0BC_1_201_a.jpeg\",\"datePublished\":\"2021-07-28T12:59:47+00:00\",\"dateModified\":\"2021-08-02T13:49:10+00:00\",\"author\":{\"@id\":\"https:\/\/weltlaeden.de\/weissenhorn\/#\/schema\/person\/a54ab778984ca172a44d8286c0e76e78\"},\"breadcrumb\":{\"@id\":\"https:\/\/weltlaeden.de\/weissenhorn\/mangos-fuer-kinderrechte\/#breadcrumb\"},\"inLanguage\":\"de\",\"potentialAction\":[{\"@type\":\"ReadAction\",\"target\":[\"https:\/\/weltlaeden.de\/weissenhorn\/mangos-fuer-kinderrechte\/\"]}]},{\"@type\":\"ImageObject\",\"inLanguage\":\"de\",\"@id\":\"https:\/\/weltlaeden.de\/weissenhorn\/mangos-fuer-kinderrechte\/#primaryimage\",\"url\":\"https:\/\/weltlaeden.de\/weissenhorn\/wp-content\/uploads\/sites\/129\/2021\/07\/7DF0E511-4810-44A3-8DBA-544288BFD0BC_1_201_a.jpeg\",\"contentUrl\":\"https:\/\/weltlaeden.de\/weissenhorn\/wp-content\/uploads\/sites\/129\/2021\/07\/7DF0E511-4810-44A3-8DBA-544288BFD0BC_1_201_a.jpeg\",\"width\":620,\"height\":887},{\"@type\":\"BreadcrumbList\",\"@id\":\"https:\/\/weltlaeden.de\/weissenhorn\/mangos-fuer-kinderrechte\/#breadcrumb\",\"itemListElement\":[{\"@type\":\"ListItem\",\"position\":1,\"name\":\"Startseite\",\"item\":\"https:\/\/weltlaeden.de\/weissenhorn\/\"},{\"@type\":\"ListItem\",\"position\":2,\"name\":\"Mangos f\u00fcr Kinderrechte\"}]},{\"@type\":\"WebSite\",\"@id\":\"https:\/\/weltlaeden.de\/weissenhorn\/#website\",\"url\":\"https:\/\/weltlaeden.de\/weissenhorn\/\",\"name\":\"Weltladen Wei\u00dfenhorn\",\"description\":\"Faire Produkte seit 1990\",\"potentialAction\":[{\"@type\":\"SearchAction\",\"target\":{\"@type\":\"EntryPoint\",\"urlTemplate\":\"https:\/\/weltlaeden.de\/weissenhorn\/?s={search_term_string}\"},\"query-input\":{\"@type\":\"PropertyValueSpecification\",\"valueRequired\":true,\"valueName\":\"search_term_string\"}}],\"inLanguage\":\"de\"},{\"@type\":\"Person\",\"@id\":\"https:\/\/weltlaeden.de\/weissenhorn\/#\/schema\/person\/a54ab778984ca172a44d8286c0e76e78\",\"name\":\"weissenhorn\",\"image\":{\"@type\":\"ImageObject\",\"inLanguage\":\"de\",\"@id\":\"https:\/\/weltlaeden.de\/weissenhorn\/#\/schema\/person\/image\/\",\"url\":\"https:\/\/secure.gravatar.com\/avatar\/9094ba6a92e3b50222fd0796b579f81f?s=96&d=mm&r=g\",\"contentUrl\":\"https:\/\/secure.gravatar.com\/avatar\/9094ba6a92e3b50222fd0796b579f81f?s=96&d=mm&r=g\",\"caption\":\"weissenhorn\"}}]}<\/script>\n<!-- \/ Yoast SEO plugin. -->","yoast_head_json":{"title":"Mangos f\u00fcr Kinderrechte - Weltladen Wei\u00dfenhorn","robots":{"index":"index","follow":"follow","max-snippet":"max-snippet:-1","max-image-preview":"max-image-preview:large","max-video-preview":"max-video-preview:-1"},"canonical":"https:\/\/weltlaeden.de\/weissenhorn\/mangos-fuer-kinderrechte\/","og_locale":"de_DE","og_type":"article","og_title":"Mangos f\u00fcr Kinderrechte - Weltladen Wei\u00dfenhorn","og_description":"FairProdukt des Monats: Seit vielen Jahren schon setzt sich der Weltladen Wei\u00dfenhorn in Verbindung mit der Fair Trade Genossenschaft WeltPartner und der Kinderschutzorganisation Preda f\u00fcr Kinderrechte auf den Philippinen und weltweit ein. \u00a0Mit der Unterst\u00fctzung des Fair Trade Mango-Projekts als FairProdukt des Monats August wird diese Tradition fortgesetzt. Die Preda-Stiftung ist weltweit f\u00fcr den Einsatz&hellip;","og_url":"https:\/\/weltlaeden.de\/weissenhorn\/mangos-fuer-kinderrechte\/","og_site_name":"Weltladen Wei\u00dfenhorn","article_published_time":"2021-07-28T12:59:47+00:00","article_modified_time":"2021-08-02T13:49:10+00:00","og_image":[{"width":620,"height":887,"url":"https:\/\/weltlaeden.de\/weissenhorn\/wp-content\/uploads\/sites\/129\/2021\/07\/7DF0E511-4810-44A3-8DBA-544288BFD0BC_1_201_a.jpeg","type":"image\/jpeg"}],"author":"weissenhorn","twitter_card":"summary_large_image","twitter_misc":{"Verfasst von":"weissenhorn","Gesch\u00e4tzte Lesezeit":"2\u00a0Minuten"},"schema":{"@context":"https:\/\/schema.org","@graph":[{"@type":"Article","@id":"https:\/\/weltlaeden.de\/weissenhorn\/mangos-fuer-kinderrechte\/#article","isPartOf":{"@id":"https:\/\/weltlaeden.de\/weissenhorn\/mangos-fuer-kinderrechte\/"},"author":{"name":"weissenhorn","@id":"https:\/\/weltlaeden.de\/weissenhorn\/#\/schema\/person\/a54ab778984ca172a44d8286c0e76e78"},"headline":"Mangos f\u00fcr Kinderrechte","datePublished":"2021-07-28T12:59:47+00:00","dateModified":"2021-08-02T13:49:10+00:00","mainEntityOfPage":{"@id":"https:\/\/weltlaeden.de\/weissenhorn\/mangos-fuer-kinderrechte\/"},"wordCount":330,"image":{"@id":"https:\/\/weltlaeden.de\/weissenhorn\/mangos-fuer-kinderrechte\/#primaryimage"},"thumbnailUrl":"https:\/\/weltlaeden.de\/weissenhorn\/wp-content\/uploads\/sites\/129\/2021\/07\/7DF0E511-4810-44A3-8DBA-544288BFD0BC_1_201_a.jpeg","articleSection":["Produkt des Monats"],"inLanguage":"de"},{"@type":"WebPage","@id":"https:\/\/weltlaeden.de\/weissenhorn\/mangos-fuer-kinderrechte\/","url":"https:\/\/weltlaeden.de\/weissenhorn\/mangos-fuer-kinderrechte\/","name":"Mangos f\u00fcr Kinderrechte - Weltladen Wei\u00dfenhorn","isPartOf":{"@id":"https:\/\/weltlaeden.de\/weissenhorn\/#website"},"primaryImageOfPage":{"@id":"https:\/\/weltlaeden.de\/weissenhorn\/mangos-fuer-kinderrechte\/#primaryimage"},"image":{"@id":"https:\/\/weltlaeden.de\/weissenhorn\/mangos-fuer-kinderrechte\/#primaryimage"},"thumbnailUrl":"https:\/\/weltlaeden.de\/weissenhorn\/wp-content\/uploads\/sites\/129\/2021\/07\/7DF0E511-4810-44A3-8DBA-544288BFD0BC_1_201_a.jpeg","datePublished":"2021-07-28T12:59:47+00:00","dateModified":"2021-08-02T13:49:10+00:00","author":{"@id":"https:\/\/weltlaeden.de\/weissenhorn\/#\/schema\/person\/a54ab778984ca172a44d8286c0e76e78"},"breadcrumb":{"@id":"https:\/\/weltlaeden.de\/weissenhorn\/mangos-fuer-kinderrechte\/#breadcrumb"},"inLanguage":"de","potentialAction":[{"@type":"ReadAction","target":["https:\/\/weltlaeden.de\/weissenhorn\/mangos-fuer-kinderrechte\/"]}]},{"@type":"ImageObject","inLanguage":"de","@id":"https:\/\/weltlaeden.de\/weissenhorn\/mangos-fuer-kinderrechte\/#primaryimage","url":"https:\/\/weltlaeden.de\/weissenhorn\/wp-content\/uploads\/sites\/129\/2021\/07\/7DF0E511-4810-44A3-8DBA-544288BFD0BC_1_201_a.jpeg","contentUrl":"https:\/\/weltlaeden.de\/weissenhorn\/wp-content\/uploads\/sites\/129\/2021\/07\/7DF0E511-4810-44A3-8DBA-544288BFD0BC_1_201_a.jpeg","width":620,"height":887},{"@type":"BreadcrumbList","@id":"https:\/\/weltlaeden.de\/weissenhorn\/mangos-fuer-kinderrechte\/#breadcrumb","itemListElement":[{"@type":"ListItem","position":1,"name":"Startseite","item":"https:\/\/weltlaeden.de\/weissenhorn\/"},{"@type":"ListItem","position":2,"name":"Mangos f\u00fcr Kinderrechte"}]},{"@type":"WebSite","@id":"https:\/\/weltlaeden.de\/weissenhorn\/#website","url":"https:\/\/weltlaeden.de\/weissenhorn\/","name":"Weltladen Wei\u00dfenhorn","description":"Faire Produkte seit 1990","potentialAction":[{"@type":"SearchAction","target":{"@type":"EntryPoint","urlTemplate":"https:\/\/weltlaeden.de\/weissenhorn\/?s={search_term_string}"},"query-input":{"@type":"PropertyValueSpecification","valueRequired":true,"valueName":"search_term_string"}}],"inLanguage":"de"},{"@type":"Person","@id":"https:\/\/weltlaeden.de\/weissenhorn\/#\/schema\/person\/a54ab778984ca172a44d8286c0e76e78","name":"weissenhorn","image":{"@type":"ImageObject","inLanguage":"de","@id":"https:\/\/weltlaeden.de\/weissenhorn\/#\/schema\/person\/image\/","url":"https:\/\/secure.gravatar.com\/avatar\/9094ba6a92e3b50222fd0796b579f81f?s=96&d=mm&r=g","contentUrl":"https:\/\/secure.gravatar.com\/avatar\/9094ba6a92e3b50222fd0796b579f81f?s=96&d=mm&r=g","caption":"weissenhorn"}}]}},"_links":{"self":[{"href":"https:\/\/weltlaeden.de\/weissenhorn\/wp-json\/wp\/v2\/posts\/726","targetHints":{"allow":["GET"]}}],"collection":[{"href":"https:\/\/weltlaeden.de\/weissenhorn\/wp-json\/wp\/v2\/posts"}],"about":[{"href":"https:\/\/weltlaeden.de\/weissenhorn\/wp-json\/wp\/v2\/types\/post"}],"author":[{"embeddable":true,"href":"https:\/\/weltlaeden.de\/weissenhorn\/wp-json\/wp\/v2\/users\/191"}],"replies":[{"embeddable":true,"href":"https:\/\/weltlaeden.de\/weissenhorn\/wp-json\/wp\/v2\/comments?post=726"}],"version-history":[{"count":3,"href":"https:\/\/weltlaeden.de\/weissenhorn\/wp-json\/wp\/v2\/posts\/726\/revisions"}],"predecessor-version":[{"id":729,"href":"https:\/\/weltlaeden.de\/weissenhorn\/wp-json\/wp\/v2\/posts\/726\/revisions\/729"}],"wp:featuredmedia":[{"embeddable":true,"href":"https:\/\/weltlaeden.de\/weissenhorn\/wp-json\/wp\/v2\/media\/731"}],"wp:attachment":[{"href":"https:\/\/weltlaeden.de\/weissenhorn\/wp-json\/wp\/v2\/media?parent=726"}],"wp:term":[{"taxonomy":"category","embeddable":true,"href":"https:\/\/weltlaeden.de\/weissenhorn\/wp-json\/wp\/v2\/categories?post=726"},{"taxonomy":"post_tag","embeddable":true,"href":"https:\/\/weltlaeden.de\/weissenhorn\/wp-json\/wp\/v2\/tags?post=726"}],"curies":[{"name":"wp","href":"https:\/\/api.w.org\/{rel}","templated":true}]}}