{"id":720,"date":"2021-07-01T16:08:11","date_gmt":"2021-07-01T14:08:11","guid":{"rendered":"https:\/\/weltlaeden.de\/weissenhorn\/?p=720"},"modified":"2021-07-01T16:25:57","modified_gmt":"2021-07-01T14:25:57","slug":"faire-sommerbegleiter-kunterbunte-korbtaschen","status":"publish","type":"post","link":"https:\/\/weltlaeden.de\/weissenhorn\/faire-sommerbegleiter-kunterbunte-korbtaschen\/","title":{"rendered":"Faire Sommerbegleiter kunterbunte Korbtaschen"},"content":{"rendered":"<h3><img loading=\"lazy\" decoding=\"async\" class=\"alignnone wp-image-724\" src=\"https:\/\/weltlaeden.de\/weissenhorn\/wp-content\/uploads\/sites\/129\/2021\/07\/207264580_1402418990139497_2394832799178517103_n-300x169.jpg\" alt=\"\" width=\"669\" height=\"377\" \/><\/h3>\n<h3>Korbtaschen aus den Materialien Sisal, Raphia, Steppengras und Jute hergestellt in den L\u00e4ndern\u00a0Madagaskar, Bangladesh und Ghana<\/h3>\n<h3>sind das FairProdukt des Monats im Juli im Wei\u00dfenhorner Weltladen.<\/h3>\n<p>Seit mittlerweile f\u00fcnfzehn Jahren engagiert sich <strong>Bakoly Ramanitra<\/strong> <strong>f\u00fcr den fairen Handel in Madadaskar.<\/strong><\/p>\n<p>In ihrer Werkstatt <strong>Liana Creation<\/strong> in Masindray,\u00a0 ca. 15km \u00f6stlich der Hauptstadt Antananarivo, entwirft sie<\/p>\n<p>das Design ihrer Produkte.<\/p>\n<p>Das Grundmaterial sind Bl\u00e4tter der Rapiha-Palme, die in der Umgebung angebaut wird. Aus Ihren Fasern werden die au\u00dfergew\u00f6hnlichen K\u00f6rbe geflochten.<\/p>\n<p>Beim F\u00e4rben achtet Bakoly darauf, gepr\u00fcfte umweltvertr\u00e4gliche Farben zu verwenden.<\/p>\n<p>Die \u00fcbermittlerweile \u00fcber\u00a0 vierzig\u00a0 Festangestellten von Liana Creation, momentan 30 Frauen und 12 M\u00e4nner, bekommen einen Lohn, der deutlich \u00fcber dem landesweiten Mindestlohn liegt und eine Gesundheits- und Rentenversicherung abgedeckt.<\/p>\n<p><strong>Neben Korbtaschen aus Madagskar hat der Weltladen hochwertige K\u00f6rbe als schicke und faire Sommerbegleiter aus Bangladesh und die sogenannten Bolga-K\u00f6rbe, benannt nach der Region<\/strong><\/p>\n<p><strong>Bolgatanga im n\u00f6rdlichen Ghana, im Angebot.<\/strong><\/p>\n<h3><span style=\"color: #ff6600\">Im Juli gibt es die Korbtaschen im Wei\u00dfenhorner Weltladen mitten in der Altstadt als<\/span><\/h3>\n<h3><span style=\"color: #ff6600\">FairProdukt des Monats um 20% g\u00fcnstiger<\/span><\/h3>\n<p>&nbsp;<\/p>\n","protected":false},"excerpt":{"rendered":"<p>Korbtaschen aus den Materialien Sisal, Raphia, Steppengras und Jute hergestellt in den L\u00e4ndern\u00a0Madagaskar, Bangladesh und Ghana sind das FairProdukt des Monats im Juli im Wei\u00dfenhorner Weltladen. Seit mittlerweile f\u00fcnfzehn Jahren engagiert sich Bakoly Ramanitra f\u00fcr den fairen Handel in Madadaskar. In ihrer Werkstatt Liana Creation in Masindray,\u00a0 ca. 15km \u00f6stlich der Hauptstadt Antananarivo, entwirft sie&hellip;<\/p>\n","protected":false},"author":191,"featured_media":724,"comment_status":"closed","ping_status":"closed","sticky":false,"template":"","format":"standard","meta":{"footnotes":""},"categories":[12],"tags":[],"class_list":["post-720","post","type-post","status-publish","format-standard","has-post-thumbnail","hentry","category-produkt-des-monats","category-12","description-off"],"yoast_head":"<!-- This site is optimized with the Yoast SEO plugin v26.8 - https:\/\/yoast.com\/product\/yoast-seo-wordpress\/ -->\n<title>Faire Sommerbegleiter kunterbunte Korbtaschen - Weltladen Wei\u00dfenhorn<\/title>\n<meta name=\"robots\" content=\"index, follow, max-snippet:-1, max-image-preview:large, max-video-preview:-1\" \/>\n<link rel=\"canonical\" href=\"https:\/\/weltlaeden.de\/weissenhorn\/faire-sommerbegleiter-kunterbunte-korbtaschen\/\" \/>\n<meta property=\"og:locale\" content=\"de_DE\" \/>\n<meta property=\"og:type\" content=\"article\" \/>\n<meta property=\"og:title\" content=\"Faire Sommerbegleiter kunterbunte Korbtaschen - Weltladen Wei\u00dfenhorn\" \/>\n<meta property=\"og:description\" content=\"Korbtaschen aus den Materialien Sisal, Raphia, Steppengras und Jute hergestellt in den L\u00e4ndern\u00a0Madagaskar, Bangladesh und Ghana sind das FairProdukt des Monats im Juli im Wei\u00dfenhorner Weltladen. Seit mittlerweile f\u00fcnfzehn Jahren engagiert sich Bakoly Ramanitra f\u00fcr den fairen Handel in Madadaskar. In ihrer Werkstatt Liana Creation in Masindray,\u00a0 ca. 15km \u00f6stlich der Hauptstadt Antananarivo, entwirft sie&hellip;\" \/>\n<meta property=\"og:url\" content=\"https:\/\/weltlaeden.de\/weissenhorn\/faire-sommerbegleiter-kunterbunte-korbtaschen\/\" \/>\n<meta property=\"og:site_name\" content=\"Weltladen Wei\u00dfenhorn\" \/>\n<meta property=\"article:published_time\" content=\"2021-07-01T14:08:11+00:00\" \/>\n<meta property=\"article:modified_time\" content=\"2021-07-01T14:25:57+00:00\" \/>\n<meta property=\"og:image\" content=\"https:\/\/weltlaeden.de\/weissenhorn\/wp-content\/uploads\/sites\/129\/2021\/07\/207264580_1402418990139497_2394832799178517103_n-e1625149431252.jpg\" \/>\n\t<meta property=\"og:image:width\" content=\"757\" \/>\n\t<meta property=\"og:image:height\" content=\"426\" \/>\n\t<meta property=\"og:image:type\" content=\"image\/jpeg\" \/>\n<meta name=\"author\" content=\"weissenhorn\" \/>\n<meta name=\"twitter:card\" content=\"summary_large_image\" \/>\n<meta name=\"twitter:label1\" content=\"Verfasst von\" \/>\n\t<meta name=\"twitter:data1\" content=\"weissenhorn\" \/>\n\t<meta name=\"twitter:label2\" content=\"Gesch\u00e4tzte Lesezeit\" \/>\n\t<meta name=\"twitter:data2\" content=\"1\u00a0Minute\" \/>\n<script type=\"application\/ld+json\" class=\"yoast-schema-graph\">{\"@context\":\"https:\/\/schema.org\",\"@graph\":[{\"@type\":\"Article\",\"@id\":\"https:\/\/weltlaeden.de\/weissenhorn\/faire-sommerbegleiter-kunterbunte-korbtaschen\/#article\",\"isPartOf\":{\"@id\":\"https:\/\/weltlaeden.de\/weissenhorn\/faire-sommerbegleiter-kunterbunte-korbtaschen\/\"},\"author\":{\"name\":\"weissenhorn\",\"@id\":\"https:\/\/weltlaeden.de\/weissenhorn\/#\/schema\/person\/a54ab778984ca172a44d8286c0e76e78\"},\"headline\":\"Faire Sommerbegleiter kunterbunte Korbtaschen\",\"datePublished\":\"2021-07-01T14:08:11+00:00\",\"dateModified\":\"2021-07-01T14:25:57+00:00\",\"mainEntityOfPage\":{\"@id\":\"https:\/\/weltlaeden.de\/weissenhorn\/faire-sommerbegleiter-kunterbunte-korbtaschen\/\"},\"wordCount\":189,\"image\":{\"@id\":\"https:\/\/weltlaeden.de\/weissenhorn\/faire-sommerbegleiter-kunterbunte-korbtaschen\/#primaryimage\"},\"thumbnailUrl\":\"https:\/\/weltlaeden.de\/weissenhorn\/wp-content\/uploads\/sites\/129\/2021\/07\/207264580_1402418990139497_2394832799178517103_n-e1625149431252.jpg\",\"articleSection\":[\"Produkt des Monats\"],\"inLanguage\":\"de\"},{\"@type\":\"WebPage\",\"@id\":\"https:\/\/weltlaeden.de\/weissenhorn\/faire-sommerbegleiter-kunterbunte-korbtaschen\/\",\"url\":\"https:\/\/weltlaeden.de\/weissenhorn\/faire-sommerbegleiter-kunterbunte-korbtaschen\/\",\"name\":\"Faire Sommerbegleiter kunterbunte Korbtaschen - Weltladen Wei\u00dfenhorn\",\"isPartOf\":{\"@id\":\"https:\/\/weltlaeden.de\/weissenhorn\/#website\"},\"primaryImageOfPage\":{\"@id\":\"https:\/\/weltlaeden.de\/weissenhorn\/faire-sommerbegleiter-kunterbunte-korbtaschen\/#primaryimage\"},\"image\":{\"@id\":\"https:\/\/weltlaeden.de\/weissenhorn\/faire-sommerbegleiter-kunterbunte-korbtaschen\/#primaryimage\"},\"thumbnailUrl\":\"https:\/\/weltlaeden.de\/weissenhorn\/wp-content\/uploads\/sites\/129\/2021\/07\/207264580_1402418990139497_2394832799178517103_n-e1625149431252.jpg\",\"datePublished\":\"2021-07-01T14:08:11+00:00\",\"dateModified\":\"2021-07-01T14:25:57+00:00\",\"author\":{\"@id\":\"https:\/\/weltlaeden.de\/weissenhorn\/#\/schema\/person\/a54ab778984ca172a44d8286c0e76e78\"},\"breadcrumb\":{\"@id\":\"https:\/\/weltlaeden.de\/weissenhorn\/faire-sommerbegleiter-kunterbunte-korbtaschen\/#breadcrumb\"},\"inLanguage\":\"de\",\"potentialAction\":[{\"@type\":\"ReadAction\",\"target\":[\"https:\/\/weltlaeden.de\/weissenhorn\/faire-sommerbegleiter-kunterbunte-korbtaschen\/\"]}]},{\"@type\":\"ImageObject\",\"inLanguage\":\"de\",\"@id\":\"https:\/\/weltlaeden.de\/weissenhorn\/faire-sommerbegleiter-kunterbunte-korbtaschen\/#primaryimage\",\"url\":\"https:\/\/weltlaeden.de\/weissenhorn\/wp-content\/uploads\/sites\/129\/2021\/07\/207264580_1402418990139497_2394832799178517103_n-e1625149431252.jpg\",\"contentUrl\":\"https:\/\/weltlaeden.de\/weissenhorn\/wp-content\/uploads\/sites\/129\/2021\/07\/207264580_1402418990139497_2394832799178517103_n-e1625149431252.jpg\",\"width\":757,\"height\":426},{\"@type\":\"BreadcrumbList\",\"@id\":\"https:\/\/weltlaeden.de\/weissenhorn\/faire-sommerbegleiter-kunterbunte-korbtaschen\/#breadcrumb\",\"itemListElement\":[{\"@type\":\"ListItem\",\"position\":1,\"name\":\"Startseite\",\"item\":\"https:\/\/weltlaeden.de\/weissenhorn\/\"},{\"@type\":\"ListItem\",\"position\":2,\"name\":\"Faire Sommerbegleiter kunterbunte Korbtaschen\"}]},{\"@type\":\"WebSite\",\"@id\":\"https:\/\/weltlaeden.de\/weissenhorn\/#website\",\"url\":\"https:\/\/weltlaeden.de\/weissenhorn\/\",\"name\":\"Weltladen Wei\u00dfenhorn\",\"description\":\"Faire Produkte seit 1990\",\"potentialAction\":[{\"@type\":\"SearchAction\",\"target\":{\"@type\":\"EntryPoint\",\"urlTemplate\":\"https:\/\/weltlaeden.de\/weissenhorn\/?s={search_term_string}\"},\"query-input\":{\"@type\":\"PropertyValueSpecification\",\"valueRequired\":true,\"valueName\":\"search_term_string\"}}],\"inLanguage\":\"de\"},{\"@type\":\"Person\",\"@id\":\"https:\/\/weltlaeden.de\/weissenhorn\/#\/schema\/person\/a54ab778984ca172a44d8286c0e76e78\",\"name\":\"weissenhorn\",\"image\":{\"@type\":\"ImageObject\",\"inLanguage\":\"de\",\"@id\":\"https:\/\/weltlaeden.de\/weissenhorn\/#\/schema\/person\/image\/\",\"url\":\"https:\/\/secure.gravatar.com\/avatar\/9094ba6a92e3b50222fd0796b579f81f?s=96&d=mm&r=g\",\"contentUrl\":\"https:\/\/secure.gravatar.com\/avatar\/9094ba6a92e3b50222fd0796b579f81f?s=96&d=mm&r=g\",\"caption\":\"weissenhorn\"}}]}<\/script>\n<!-- \/ Yoast SEO plugin. -->","yoast_head_json":{"title":"Faire Sommerbegleiter kunterbunte Korbtaschen - Weltladen Wei\u00dfenhorn","robots":{"index":"index","follow":"follow","max-snippet":"max-snippet:-1","max-image-preview":"max-image-preview:large","max-video-preview":"max-video-preview:-1"},"canonical":"https:\/\/weltlaeden.de\/weissenhorn\/faire-sommerbegleiter-kunterbunte-korbtaschen\/","og_locale":"de_DE","og_type":"article","og_title":"Faire Sommerbegleiter kunterbunte Korbtaschen - Weltladen Wei\u00dfenhorn","og_description":"Korbtaschen aus den Materialien Sisal, Raphia, Steppengras und Jute hergestellt in den L\u00e4ndern\u00a0Madagaskar, Bangladesh und Ghana sind das FairProdukt des Monats im Juli im Wei\u00dfenhorner Weltladen. Seit mittlerweile f\u00fcnfzehn Jahren engagiert sich Bakoly Ramanitra f\u00fcr den fairen Handel in Madadaskar. In ihrer Werkstatt Liana Creation in Masindray,\u00a0 ca. 15km \u00f6stlich der Hauptstadt Antananarivo, entwirft sie&hellip;","og_url":"https:\/\/weltlaeden.de\/weissenhorn\/faire-sommerbegleiter-kunterbunte-korbtaschen\/","og_site_name":"Weltladen Wei\u00dfenhorn","article_published_time":"2021-07-01T14:08:11+00:00","article_modified_time":"2021-07-01T14:25:57+00:00","og_image":[{"width":757,"height":426,"url":"https:\/\/weltlaeden.de\/weissenhorn\/wp-content\/uploads\/sites\/129\/2021\/07\/207264580_1402418990139497_2394832799178517103_n-e1625149431252.jpg","type":"image\/jpeg"}],"author":"weissenhorn","twitter_card":"summary_large_image","twitter_misc":{"Verfasst von":"weissenhorn","Gesch\u00e4tzte Lesezeit":"1\u00a0Minute"},"schema":{"@context":"https:\/\/schema.org","@graph":[{"@type":"Article","@id":"https:\/\/weltlaeden.de\/weissenhorn\/faire-sommerbegleiter-kunterbunte-korbtaschen\/#article","isPartOf":{"@id":"https:\/\/weltlaeden.de\/weissenhorn\/faire-sommerbegleiter-kunterbunte-korbtaschen\/"},"author":{"name":"weissenhorn","@id":"https:\/\/weltlaeden.de\/weissenhorn\/#\/schema\/person\/a54ab778984ca172a44d8286c0e76e78"},"headline":"Faire Sommerbegleiter kunterbunte Korbtaschen","datePublished":"2021-07-01T14:08:11+00:00","dateModified":"2021-07-01T14:25:57+00:00","mainEntityOfPage":{"@id":"https:\/\/weltlaeden.de\/weissenhorn\/faire-sommerbegleiter-kunterbunte-korbtaschen\/"},"wordCount":189,"image":{"@id":"https:\/\/weltlaeden.de\/weissenhorn\/faire-sommerbegleiter-kunterbunte-korbtaschen\/#primaryimage"},"thumbnailUrl":"https:\/\/weltlaeden.de\/weissenhorn\/wp-content\/uploads\/sites\/129\/2021\/07\/207264580_1402418990139497_2394832799178517103_n-e1625149431252.jpg","articleSection":["Produkt des Monats"],"inLanguage":"de"},{"@type":"WebPage","@id":"https:\/\/weltlaeden.de\/weissenhorn\/faire-sommerbegleiter-kunterbunte-korbtaschen\/","url":"https:\/\/weltlaeden.de\/weissenhorn\/faire-sommerbegleiter-kunterbunte-korbtaschen\/","name":"Faire Sommerbegleiter kunterbunte Korbtaschen - Weltladen Wei\u00dfenhorn","isPartOf":{"@id":"https:\/\/weltlaeden.de\/weissenhorn\/#website"},"primaryImageOfPage":{"@id":"https:\/\/weltlaeden.de\/weissenhorn\/faire-sommerbegleiter-kunterbunte-korbtaschen\/#primaryimage"},"image":{"@id":"https:\/\/weltlaeden.de\/weissenhorn\/faire-sommerbegleiter-kunterbunte-korbtaschen\/#primaryimage"},"thumbnailUrl":"https:\/\/weltlaeden.de\/weissenhorn\/wp-content\/uploads\/sites\/129\/2021\/07\/207264580_1402418990139497_2394832799178517103_n-e1625149431252.jpg","datePublished":"2021-07-01T14:08:11+00:00","dateModified":"2021-07-01T14:25:57+00:00","author":{"@id":"https:\/\/weltlaeden.de\/weissenhorn\/#\/schema\/person\/a54ab778984ca172a44d8286c0e76e78"},"breadcrumb":{"@id":"https:\/\/weltlaeden.de\/weissenhorn\/faire-sommerbegleiter-kunterbunte-korbtaschen\/#breadcrumb"},"inLanguage":"de","potentialAction":[{"@type":"ReadAction","target":["https:\/\/weltlaeden.de\/weissenhorn\/faire-sommerbegleiter-kunterbunte-korbtaschen\/"]}]},{"@type":"ImageObject","inLanguage":"de","@id":"https:\/\/weltlaeden.de\/weissenhorn\/faire-sommerbegleiter-kunterbunte-korbtaschen\/#primaryimage","url":"https:\/\/weltlaeden.de\/weissenhorn\/wp-content\/uploads\/sites\/129\/2021\/07\/207264580_1402418990139497_2394832799178517103_n-e1625149431252.jpg","contentUrl":"https:\/\/weltlaeden.de\/weissenhorn\/wp-content\/uploads\/sites\/129\/2021\/07\/207264580_1402418990139497_2394832799178517103_n-e1625149431252.jpg","width":757,"height":426},{"@type":"BreadcrumbList","@id":"https:\/\/weltlaeden.de\/weissenhorn\/faire-sommerbegleiter-kunterbunte-korbtaschen\/#breadcrumb","itemListElement":[{"@type":"ListItem","position":1,"name":"Startseite","item":"https:\/\/weltlaeden.de\/weissenhorn\/"},{"@type":"ListItem","position":2,"name":"Faire Sommerbegleiter kunterbunte Korbtaschen"}]},{"@type":"WebSite","@id":"https:\/\/weltlaeden.de\/weissenhorn\/#website","url":"https:\/\/weltlaeden.de\/weissenhorn\/","name":"Weltladen Wei\u00dfenhorn","description":"Faire Produkte seit 1990","potentialAction":[{"@type":"SearchAction","target":{"@type":"EntryPoint","urlTemplate":"https:\/\/weltlaeden.de\/weissenhorn\/?s={search_term_string}"},"query-input":{"@type":"PropertyValueSpecification","valueRequired":true,"valueName":"search_term_string"}}],"inLanguage":"de"},{"@type":"Person","@id":"https:\/\/weltlaeden.de\/weissenhorn\/#\/schema\/person\/a54ab778984ca172a44d8286c0e76e78","name":"weissenhorn","image":{"@type":"ImageObject","inLanguage":"de","@id":"https:\/\/weltlaeden.de\/weissenhorn\/#\/schema\/person\/image\/","url":"https:\/\/secure.gravatar.com\/avatar\/9094ba6a92e3b50222fd0796b579f81f?s=96&d=mm&r=g","contentUrl":"https:\/\/secure.gravatar.com\/avatar\/9094ba6a92e3b50222fd0796b579f81f?s=96&d=mm&r=g","caption":"weissenhorn"}}]}},"_links":{"self":[{"href":"https:\/\/weltlaeden.de\/weissenhorn\/wp-json\/wp\/v2\/posts\/720","targetHints":{"allow":["GET"]}}],"collection":[{"href":"https:\/\/weltlaeden.de\/weissenhorn\/wp-json\/wp\/v2\/posts"}],"about":[{"href":"https:\/\/weltlaeden.de\/weissenhorn\/wp-json\/wp\/v2\/types\/post"}],"author":[{"embeddable":true,"href":"https:\/\/weltlaeden.de\/weissenhorn\/wp-json\/wp\/v2\/users\/191"}],"replies":[{"embeddable":true,"href":"https:\/\/weltlaeden.de\/weissenhorn\/wp-json\/wp\/v2\/comments?post=720"}],"version-history":[{"count":4,"href":"https:\/\/weltlaeden.de\/weissenhorn\/wp-json\/wp\/v2\/posts\/720\/revisions"}],"predecessor-version":[{"id":725,"href":"https:\/\/weltlaeden.de\/weissenhorn\/wp-json\/wp\/v2\/posts\/720\/revisions\/725"}],"wp:featuredmedia":[{"embeddable":true,"href":"https:\/\/weltlaeden.de\/weissenhorn\/wp-json\/wp\/v2\/media\/724"}],"wp:attachment":[{"href":"https:\/\/weltlaeden.de\/weissenhorn\/wp-json\/wp\/v2\/media?parent=720"}],"wp:term":[{"taxonomy":"category","embeddable":true,"href":"https:\/\/weltlaeden.de\/weissenhorn\/wp-json\/wp\/v2\/categories?post=720"},{"taxonomy":"post_tag","embeddable":true,"href":"https:\/\/weltlaeden.de\/weissenhorn\/wp-json\/wp\/v2\/tags?post=720"}],"curies":[{"name":"wp","href":"https:\/\/api.w.org\/{rel}","templated":true}]}}