{"id":649,"date":"2020-11-21T17:57:43","date_gmt":"2020-11-21T16:57:43","guid":{"rendered":"https:\/\/weltlaeden.de\/weissenhorn\/?p=649"},"modified":"2020-11-21T18:05:38","modified_gmt":"2020-11-21T17:05:38","slug":"der-faire-adventskalender","status":"publish","type":"post","link":"https:\/\/weltlaeden.de\/weissenhorn\/der-faire-adventskalender\/","title":{"rendered":"Der  faire Adventskalender"},"content":{"rendered":"<p><strong><img loading=\"lazy\" decoding=\"async\" class=\"size-medium wp-image-651 alignleft\" src=\"https:\/\/weltlaeden.de\/weissenhorn\/wp-content\/uploads\/sites\/129\/2020\/11\/5E04AC90-8136-40F5-85B6-378380799177_1_105_c-300x274.jpeg\" alt=\"\" width=\"300\" height=\"274\" srcset=\"https:\/\/weltlaeden.de\/weissenhorn\/wp-content\/uploads\/sites\/129\/2020\/11\/5E04AC90-8136-40F5-85B6-378380799177_1_105_c-300x274.jpeg 300w, https:\/\/weltlaeden.de\/weissenhorn\/wp-content\/uploads\/sites\/129\/2020\/11\/5E04AC90-8136-40F5-85B6-378380799177_1_105_c-768x702.jpeg 768w, https:\/\/weltlaeden.de\/weissenhorn\/wp-content\/uploads\/sites\/129\/2020\/11\/5E04AC90-8136-40F5-85B6-378380799177_1_105_c.jpeg 927w\" sizes=\"auto, (max-width: 300px) 100vw, 300px\" \/>Mit feinsten Pralinen und schokolierten Fr\u00fcchten, alle in dem kleinen <\/strong><br \/>\n<strong>kolumbianischen Unternehmen \u201eColor Cacao\u201c in aufw\u00e4ndiger Handarbeit <\/strong><br \/>\n<strong>geformt, ist der \u201efaire Adventskalender\u201c gef\u00fcllt, den der Wei\u00dfenhorner <\/strong><br \/>\n<strong>Weltladen heuer in seinem Sortiment hat.<\/strong><\/p>\n<p>Die Zeiten sind vorbei, in denen Adventskalender nur f\u00fcr Kinder waren.<\/p>\n<p>Auch Erwachsene freuen sich, wenn es in der Vorweihnachtszeit jeden Tag eine kleine \u00dcberraschung gibt.<\/p>\n<p>Da f\u00fcgt es sich gut, dass die Kolumbianerin Ana Margarita Villegas f\u00fcr ihr Studium in Frankreich war<\/p>\n<p>und dort die gro\u00dfe Kunst der Chocolatiers kennengelernt hat. Zur\u00fcck in Kolumbien hat sie 2008<br \/>\ndas kleine Unternehmen <strong>Color Cacao<\/strong> gegr\u00fcndet. Ziel ist es, lokale<br \/>\nKleinbauern zu unterst\u00fctzen und herausragende Schokolade zu kreieren. Gut<br \/>\nzehn Mitarbeiterinnen stellen <strong>\u201eAmanos\u201c<\/strong>, zu deutsch: in Handarbeit feinste<br \/>\nPralinen und Schokoladen her. Die Frauen werden \u00fcberdurchschnittlich gut<br \/>\nbezahlt und die Rohstoffe stammen nahezu komplett aus Kolumbien. Den Kakao<br \/>\nbezieht <strong>Colar Cacao<\/strong> von kleinen Kakao-Kooperativen. Auch Zucker und<br \/>\nMilchpulver stammen aus Kolumbien. Ebenso werden die Verpackungen von<br \/>\n\u00f6rtlichen Druckereien bezogen.<br \/>\n<strong>Und so enth\u00e4lt der faire Adventskalender k\u00f6stliche \u00dcberraschungen. Innen <\/strong><br \/>\n<strong>finden sich 24 Schubf\u00e4cher mit feinsten Pralinen in Geschm\u00e4ckern wie <\/strong><br \/>\n<strong>Lebkuchen, Pistazie oder Lavendel mit Aprikose und edelste schokolierte <\/strong><br \/>\n<strong>Fr\u00fcchte.<\/strong><br \/>\nSo wird das Zugehen durch den Advent auf Weihnachten auch zu einem<br \/>\nkulinarischen Ereignis der fairen und nachhaltigen Art, das man sich nicht<br \/>\nentgehen lassen sollte<\/p>\n","protected":false},"excerpt":{"rendered":"<p>Mit feinsten Pralinen und schokolierten Fr\u00fcchten, alle in dem kleinen kolumbianischen Unternehmen \u201eColor Cacao\u201c in aufw\u00e4ndiger Handarbeit geformt, ist der \u201efaire Adventskalender\u201c gef\u00fcllt, den der Wei\u00dfenhorner Weltladen heuer in seinem Sortiment hat. Die Zeiten sind vorbei, in denen Adventskalender nur f\u00fcr Kinder waren. Auch Erwachsene freuen sich, wenn es in der Vorweihnachtszeit jeden Tag eine&hellip;<\/p>\n","protected":false},"author":191,"featured_media":651,"comment_status":"closed","ping_status":"closed","sticky":false,"template":"","format":"standard","meta":{"footnotes":""},"categories":[8],"tags":[],"class_list":["post-649","post","type-post","status-publish","format-standard","has-post-thumbnail","hentry","category-neues","category-8","description-off"],"yoast_head":"<!-- This site is optimized with the Yoast SEO plugin v26.8 - https:\/\/yoast.com\/product\/yoast-seo-wordpress\/ -->\n<title>Der faire Adventskalender - Weltladen Wei\u00dfenhorn<\/title>\n<meta name=\"robots\" content=\"index, follow, max-snippet:-1, max-image-preview:large, max-video-preview:-1\" \/>\n<link rel=\"canonical\" href=\"https:\/\/weltlaeden.de\/weissenhorn\/der-faire-adventskalender\/\" \/>\n<meta property=\"og:locale\" content=\"de_DE\" \/>\n<meta property=\"og:type\" content=\"article\" \/>\n<meta property=\"og:title\" content=\"Der faire Adventskalender - Weltladen Wei\u00dfenhorn\" \/>\n<meta property=\"og:description\" content=\"Mit feinsten Pralinen und schokolierten Fr\u00fcchten, alle in dem kleinen kolumbianischen Unternehmen \u201eColor Cacao\u201c in aufw\u00e4ndiger Handarbeit geformt, ist der \u201efaire Adventskalender\u201c gef\u00fcllt, den der Wei\u00dfenhorner Weltladen heuer in seinem Sortiment hat. Die Zeiten sind vorbei, in denen Adventskalender nur f\u00fcr Kinder waren. Auch Erwachsene freuen sich, wenn es in der Vorweihnachtszeit jeden Tag eine&hellip;\" \/>\n<meta property=\"og:url\" content=\"https:\/\/weltlaeden.de\/weissenhorn\/der-faire-adventskalender\/\" \/>\n<meta property=\"og:site_name\" content=\"Weltladen Wei\u00dfenhorn\" \/>\n<meta property=\"article:published_time\" content=\"2020-11-21T16:57:43+00:00\" \/>\n<meta property=\"article:modified_time\" content=\"2020-11-21T17:05:38+00:00\" \/>\n<meta property=\"og:image\" content=\"https:\/\/weltlaeden.de\/weissenhorn\/wp-content\/uploads\/sites\/129\/2020\/11\/5E04AC90-8136-40F5-85B6-378380799177_1_105_c.jpeg\" \/>\n\t<meta property=\"og:image:width\" content=\"927\" \/>\n\t<meta property=\"og:image:height\" content=\"847\" \/>\n\t<meta property=\"og:image:type\" content=\"image\/jpeg\" \/>\n<meta name=\"author\" content=\"weissenhorn\" \/>\n<meta name=\"twitter:card\" content=\"summary_large_image\" \/>\n<meta name=\"twitter:label1\" content=\"Verfasst von\" \/>\n\t<meta name=\"twitter:data1\" content=\"weissenhorn\" \/>\n\t<meta name=\"twitter:label2\" content=\"Gesch\u00e4tzte Lesezeit\" \/>\n\t<meta name=\"twitter:data2\" content=\"1\u00a0Minute\" \/>\n<script type=\"application\/ld+json\" class=\"yoast-schema-graph\">{\"@context\":\"https:\/\/schema.org\",\"@graph\":[{\"@type\":\"Article\",\"@id\":\"https:\/\/weltlaeden.de\/weissenhorn\/der-faire-adventskalender\/#article\",\"isPartOf\":{\"@id\":\"https:\/\/weltlaeden.de\/weissenhorn\/der-faire-adventskalender\/\"},\"author\":{\"name\":\"weissenhorn\",\"@id\":\"https:\/\/weltlaeden.de\/weissenhorn\/#\/schema\/person\/a54ab778984ca172a44d8286c0e76e78\"},\"headline\":\"Der faire Adventskalender\",\"datePublished\":\"2020-11-21T16:57:43+00:00\",\"dateModified\":\"2020-11-21T17:05:38+00:00\",\"mainEntityOfPage\":{\"@id\":\"https:\/\/weltlaeden.de\/weissenhorn\/der-faire-adventskalender\/\"},\"wordCount\":231,\"image\":{\"@id\":\"https:\/\/weltlaeden.de\/weissenhorn\/der-faire-adventskalender\/#primaryimage\"},\"thumbnailUrl\":\"https:\/\/weltlaeden.de\/weissenhorn\/wp-content\/uploads\/sites\/129\/2020\/11\/5E04AC90-8136-40F5-85B6-378380799177_1_105_c.jpeg\",\"articleSection\":[\"Neuigkeiten\"],\"inLanguage\":\"de\"},{\"@type\":\"WebPage\",\"@id\":\"https:\/\/weltlaeden.de\/weissenhorn\/der-faire-adventskalender\/\",\"url\":\"https:\/\/weltlaeden.de\/weissenhorn\/der-faire-adventskalender\/\",\"name\":\"Der faire Adventskalender - Weltladen Wei\u00dfenhorn\",\"isPartOf\":{\"@id\":\"https:\/\/weltlaeden.de\/weissenhorn\/#website\"},\"primaryImageOfPage\":{\"@id\":\"https:\/\/weltlaeden.de\/weissenhorn\/der-faire-adventskalender\/#primaryimage\"},\"image\":{\"@id\":\"https:\/\/weltlaeden.de\/weissenhorn\/der-faire-adventskalender\/#primaryimage\"},\"thumbnailUrl\":\"https:\/\/weltlaeden.de\/weissenhorn\/wp-content\/uploads\/sites\/129\/2020\/11\/5E04AC90-8136-40F5-85B6-378380799177_1_105_c.jpeg\",\"datePublished\":\"2020-11-21T16:57:43+00:00\",\"dateModified\":\"2020-11-21T17:05:38+00:00\",\"author\":{\"@id\":\"https:\/\/weltlaeden.de\/weissenhorn\/#\/schema\/person\/a54ab778984ca172a44d8286c0e76e78\"},\"breadcrumb\":{\"@id\":\"https:\/\/weltlaeden.de\/weissenhorn\/der-faire-adventskalender\/#breadcrumb\"},\"inLanguage\":\"de\",\"potentialAction\":[{\"@type\":\"ReadAction\",\"target\":[\"https:\/\/weltlaeden.de\/weissenhorn\/der-faire-adventskalender\/\"]}]},{\"@type\":\"ImageObject\",\"inLanguage\":\"de\",\"@id\":\"https:\/\/weltlaeden.de\/weissenhorn\/der-faire-adventskalender\/#primaryimage\",\"url\":\"https:\/\/weltlaeden.de\/weissenhorn\/wp-content\/uploads\/sites\/129\/2020\/11\/5E04AC90-8136-40F5-85B6-378380799177_1_105_c.jpeg\",\"contentUrl\":\"https:\/\/weltlaeden.de\/weissenhorn\/wp-content\/uploads\/sites\/129\/2020\/11\/5E04AC90-8136-40F5-85B6-378380799177_1_105_c.jpeg\",\"width\":927,\"height\":847},{\"@type\":\"BreadcrumbList\",\"@id\":\"https:\/\/weltlaeden.de\/weissenhorn\/der-faire-adventskalender\/#breadcrumb\",\"itemListElement\":[{\"@type\":\"ListItem\",\"position\":1,\"name\":\"Startseite\",\"item\":\"https:\/\/weltlaeden.de\/weissenhorn\/\"},{\"@type\":\"ListItem\",\"position\":2,\"name\":\"Der faire Adventskalender\"}]},{\"@type\":\"WebSite\",\"@id\":\"https:\/\/weltlaeden.de\/weissenhorn\/#website\",\"url\":\"https:\/\/weltlaeden.de\/weissenhorn\/\",\"name\":\"Weltladen Wei\u00dfenhorn\",\"description\":\"Faire Produkte seit 1990\",\"potentialAction\":[{\"@type\":\"SearchAction\",\"target\":{\"@type\":\"EntryPoint\",\"urlTemplate\":\"https:\/\/weltlaeden.de\/weissenhorn\/?s={search_term_string}\"},\"query-input\":{\"@type\":\"PropertyValueSpecification\",\"valueRequired\":true,\"valueName\":\"search_term_string\"}}],\"inLanguage\":\"de\"},{\"@type\":\"Person\",\"@id\":\"https:\/\/weltlaeden.de\/weissenhorn\/#\/schema\/person\/a54ab778984ca172a44d8286c0e76e78\",\"name\":\"weissenhorn\",\"image\":{\"@type\":\"ImageObject\",\"inLanguage\":\"de\",\"@id\":\"https:\/\/weltlaeden.de\/weissenhorn\/#\/schema\/person\/image\/\",\"url\":\"https:\/\/secure.gravatar.com\/avatar\/9094ba6a92e3b50222fd0796b579f81f?s=96&d=mm&r=g\",\"contentUrl\":\"https:\/\/secure.gravatar.com\/avatar\/9094ba6a92e3b50222fd0796b579f81f?s=96&d=mm&r=g\",\"caption\":\"weissenhorn\"}}]}<\/script>\n<!-- \/ Yoast SEO plugin. -->","yoast_head_json":{"title":"Der faire Adventskalender - Weltladen Wei\u00dfenhorn","robots":{"index":"index","follow":"follow","max-snippet":"max-snippet:-1","max-image-preview":"max-image-preview:large","max-video-preview":"max-video-preview:-1"},"canonical":"https:\/\/weltlaeden.de\/weissenhorn\/der-faire-adventskalender\/","og_locale":"de_DE","og_type":"article","og_title":"Der faire Adventskalender - Weltladen Wei\u00dfenhorn","og_description":"Mit feinsten Pralinen und schokolierten Fr\u00fcchten, alle in dem kleinen kolumbianischen Unternehmen \u201eColor Cacao\u201c in aufw\u00e4ndiger Handarbeit geformt, ist der \u201efaire Adventskalender\u201c gef\u00fcllt, den der Wei\u00dfenhorner Weltladen heuer in seinem Sortiment hat. Die Zeiten sind vorbei, in denen Adventskalender nur f\u00fcr Kinder waren. Auch Erwachsene freuen sich, wenn es in der Vorweihnachtszeit jeden Tag eine&hellip;","og_url":"https:\/\/weltlaeden.de\/weissenhorn\/der-faire-adventskalender\/","og_site_name":"Weltladen Wei\u00dfenhorn","article_published_time":"2020-11-21T16:57:43+00:00","article_modified_time":"2020-11-21T17:05:38+00:00","og_image":[{"width":927,"height":847,"url":"https:\/\/weltlaeden.de\/weissenhorn\/wp-content\/uploads\/sites\/129\/2020\/11\/5E04AC90-8136-40F5-85B6-378380799177_1_105_c.jpeg","type":"image\/jpeg"}],"author":"weissenhorn","twitter_card":"summary_large_image","twitter_misc":{"Verfasst von":"weissenhorn","Gesch\u00e4tzte Lesezeit":"1\u00a0Minute"},"schema":{"@context":"https:\/\/schema.org","@graph":[{"@type":"Article","@id":"https:\/\/weltlaeden.de\/weissenhorn\/der-faire-adventskalender\/#article","isPartOf":{"@id":"https:\/\/weltlaeden.de\/weissenhorn\/der-faire-adventskalender\/"},"author":{"name":"weissenhorn","@id":"https:\/\/weltlaeden.de\/weissenhorn\/#\/schema\/person\/a54ab778984ca172a44d8286c0e76e78"},"headline":"Der faire Adventskalender","datePublished":"2020-11-21T16:57:43+00:00","dateModified":"2020-11-21T17:05:38+00:00","mainEntityOfPage":{"@id":"https:\/\/weltlaeden.de\/weissenhorn\/der-faire-adventskalender\/"},"wordCount":231,"image":{"@id":"https:\/\/weltlaeden.de\/weissenhorn\/der-faire-adventskalender\/#primaryimage"},"thumbnailUrl":"https:\/\/weltlaeden.de\/weissenhorn\/wp-content\/uploads\/sites\/129\/2020\/11\/5E04AC90-8136-40F5-85B6-378380799177_1_105_c.jpeg","articleSection":["Neuigkeiten"],"inLanguage":"de"},{"@type":"WebPage","@id":"https:\/\/weltlaeden.de\/weissenhorn\/der-faire-adventskalender\/","url":"https:\/\/weltlaeden.de\/weissenhorn\/der-faire-adventskalender\/","name":"Der faire Adventskalender - Weltladen Wei\u00dfenhorn","isPartOf":{"@id":"https:\/\/weltlaeden.de\/weissenhorn\/#website"},"primaryImageOfPage":{"@id":"https:\/\/weltlaeden.de\/weissenhorn\/der-faire-adventskalender\/#primaryimage"},"image":{"@id":"https:\/\/weltlaeden.de\/weissenhorn\/der-faire-adventskalender\/#primaryimage"},"thumbnailUrl":"https:\/\/weltlaeden.de\/weissenhorn\/wp-content\/uploads\/sites\/129\/2020\/11\/5E04AC90-8136-40F5-85B6-378380799177_1_105_c.jpeg","datePublished":"2020-11-21T16:57:43+00:00","dateModified":"2020-11-21T17:05:38+00:00","author":{"@id":"https:\/\/weltlaeden.de\/weissenhorn\/#\/schema\/person\/a54ab778984ca172a44d8286c0e76e78"},"breadcrumb":{"@id":"https:\/\/weltlaeden.de\/weissenhorn\/der-faire-adventskalender\/#breadcrumb"},"inLanguage":"de","potentialAction":[{"@type":"ReadAction","target":["https:\/\/weltlaeden.de\/weissenhorn\/der-faire-adventskalender\/"]}]},{"@type":"ImageObject","inLanguage":"de","@id":"https:\/\/weltlaeden.de\/weissenhorn\/der-faire-adventskalender\/#primaryimage","url":"https:\/\/weltlaeden.de\/weissenhorn\/wp-content\/uploads\/sites\/129\/2020\/11\/5E04AC90-8136-40F5-85B6-378380799177_1_105_c.jpeg","contentUrl":"https:\/\/weltlaeden.de\/weissenhorn\/wp-content\/uploads\/sites\/129\/2020\/11\/5E04AC90-8136-40F5-85B6-378380799177_1_105_c.jpeg","width":927,"height":847},{"@type":"BreadcrumbList","@id":"https:\/\/weltlaeden.de\/weissenhorn\/der-faire-adventskalender\/#breadcrumb","itemListElement":[{"@type":"ListItem","position":1,"name":"Startseite","item":"https:\/\/weltlaeden.de\/weissenhorn\/"},{"@type":"ListItem","position":2,"name":"Der faire Adventskalender"}]},{"@type":"WebSite","@id":"https:\/\/weltlaeden.de\/weissenhorn\/#website","url":"https:\/\/weltlaeden.de\/weissenhorn\/","name":"Weltladen Wei\u00dfenhorn","description":"Faire Produkte seit 1990","potentialAction":[{"@type":"SearchAction","target":{"@type":"EntryPoint","urlTemplate":"https:\/\/weltlaeden.de\/weissenhorn\/?s={search_term_string}"},"query-input":{"@type":"PropertyValueSpecification","valueRequired":true,"valueName":"search_term_string"}}],"inLanguage":"de"},{"@type":"Person","@id":"https:\/\/weltlaeden.de\/weissenhorn\/#\/schema\/person\/a54ab778984ca172a44d8286c0e76e78","name":"weissenhorn","image":{"@type":"ImageObject","inLanguage":"de","@id":"https:\/\/weltlaeden.de\/weissenhorn\/#\/schema\/person\/image\/","url":"https:\/\/secure.gravatar.com\/avatar\/9094ba6a92e3b50222fd0796b579f81f?s=96&d=mm&r=g","contentUrl":"https:\/\/secure.gravatar.com\/avatar\/9094ba6a92e3b50222fd0796b579f81f?s=96&d=mm&r=g","caption":"weissenhorn"}}]}},"_links":{"self":[{"href":"https:\/\/weltlaeden.de\/weissenhorn\/wp-json\/wp\/v2\/posts\/649","targetHints":{"allow":["GET"]}}],"collection":[{"href":"https:\/\/weltlaeden.de\/weissenhorn\/wp-json\/wp\/v2\/posts"}],"about":[{"href":"https:\/\/weltlaeden.de\/weissenhorn\/wp-json\/wp\/v2\/types\/post"}],"author":[{"embeddable":true,"href":"https:\/\/weltlaeden.de\/weissenhorn\/wp-json\/wp\/v2\/users\/191"}],"replies":[{"embeddable":true,"href":"https:\/\/weltlaeden.de\/weissenhorn\/wp-json\/wp\/v2\/comments?post=649"}],"version-history":[{"count":3,"href":"https:\/\/weltlaeden.de\/weissenhorn\/wp-json\/wp\/v2\/posts\/649\/revisions"}],"predecessor-version":[{"id":653,"href":"https:\/\/weltlaeden.de\/weissenhorn\/wp-json\/wp\/v2\/posts\/649\/revisions\/653"}],"wp:featuredmedia":[{"embeddable":true,"href":"https:\/\/weltlaeden.de\/weissenhorn\/wp-json\/wp\/v2\/media\/651"}],"wp:attachment":[{"href":"https:\/\/weltlaeden.de\/weissenhorn\/wp-json\/wp\/v2\/media?parent=649"}],"wp:term":[{"taxonomy":"category","embeddable":true,"href":"https:\/\/weltlaeden.de\/weissenhorn\/wp-json\/wp\/v2\/categories?post=649"},{"taxonomy":"post_tag","embeddable":true,"href":"https:\/\/weltlaeden.de\/weissenhorn\/wp-json\/wp\/v2\/tags?post=649"}],"curies":[{"name":"wp","href":"https:\/\/api.w.org\/{rel}","templated":true}]}}