{"id":635,"date":"2020-11-11T12:01:50","date_gmt":"2020-11-11T11:01:50","guid":{"rendered":"https:\/\/weltlaeden.de\/weissenhorn\/?p=635"},"modified":"2020-11-12T13:55:44","modified_gmt":"2020-11-12T12:55:44","slug":"fairer-nikolaus-trotzt-dem-weihnachtsmann","status":"publish","type":"post","link":"https:\/\/weltlaeden.de\/weissenhorn\/fairer-nikolaus-trotzt-dem-weihnachtsmann\/","title":{"rendered":"Fairer Nikolaus trotzt dem Weihnachtsmann"},"content":{"rendered":"<p><strong>Was vor siebzehn Jahren begann,\u00a0\u00a0<img loading=\"lazy\" decoding=\"async\" class=\"size-medium wp-image-636 alignright\" src=\"https:\/\/weltlaeden.de\/weissenhorn\/wp-content\/uploads\/sites\/129\/2020\/11\/D8FD62F3-85DC-4DFE-BD0C-91CDF4EC82C5_1_105_c-280x300.jpeg\" alt=\"\" width=\"280\" height=\"300\" \/><\/strong><\/p>\n<p><strong>ist inzwischen aus der Adventszeit <\/strong><\/p>\n<p><strong>nicht mehr wegzudenken:<\/strong><\/p>\n<p><strong>Damals hat das Fair Handelsunternehmen GEPA<\/strong><\/p>\n<p><strong> dem kommerziellen Weihnachtsmann aus Schokolade<\/strong><\/p>\n<p><strong>mit roter Pelzm\u00fctze den ersten fairen<\/strong><\/p>\n<p><strong> Schokobischof mit Mitra und Bischofsstab entgegengesetzt<\/strong>.<\/p>\n<p>Dessen Beliebtheit ist ungebrochen:<\/p>\n<p>auch in diesem Jahr hat ihn der Wei\u00dfenhorner Weltladen wieder in seinem Sortiment.<\/p>\n<p><strong>&#8220; Wir wollen den echten Nikolaus und seine Werte wiederentdecken.<\/strong><\/p>\n<p><strong>Er steht f\u00fcr Solidarit\u00e4t und ist eine Identifikationsfigur f\u00fcr den fairen Handel.&#8220;<\/strong><\/p>\n<p>sagt Weltladen Vorsitzender Franz Snehhotta.<\/p>\n<p>Bischof Nikolaus geh\u00f6rt zu den popul\u00e4rsten Heiligen in allen christlichen Konfessionen<\/p>\n<p>und weit dar\u00fcber hinaus.<\/p>\n<p><strong>Seit jeher verbindet man ihn mit seinem Eintreten f\u00fcr Gerechtigkeit und Solidarid\u00e4t mit den Armen\u00a0<\/strong><\/p>\n<p><strong>und Benachteiligten &#8211; Werte, die auch f\u00fcr den Fairen Handel wesentlich sind.<\/strong><\/p>\n<p><strong>Dringend ben\u00f6tigt werden sie z.B. angesichts der aktuellen Thematik von Flucht und Vertreibung.<\/strong><\/p>\n<p><strong>Ausgrenzung und Rassismus.<\/strong><\/p>\n<p>Hergestellt werden die GEPA &#8211; Nikol\u00e4use im schw\u00e4bischen Nehren &#8211; hier wird die fairgehandelte Bio-<\/p>\n<p>Schokolade in Form gebracht.<\/p>\n<p>&#8220; Mit dem Verkauf des fair gehandelten Schokoladen-Nikolaus setzten wir<\/p>\n<p>ein Zeichen gegen ausbeuterische Kinderarbeit und ungerechte Preise im Kakaohandel &#8222;, so Snehotta.<\/p>\n<p><strong>Ab Mitte November gibt es den fairen Nikolaus <\/strong><\/p>\n<p><strong>im Weltladen mitten in der guten Stube Wei\u00dfenhorns.<\/strong><\/p>\n","protected":false},"excerpt":{"rendered":"<p>Was vor siebzehn Jahren begann,\u00a0\u00a0 ist inzwischen aus der Adventszeit nicht mehr wegzudenken: Damals hat das Fair Handelsunternehmen GEPA dem kommerziellen Weihnachtsmann aus Schokolade mit roter Pelzm\u00fctze den ersten fairen Schokobischof mit Mitra und Bischofsstab entgegengesetzt. Dessen Beliebtheit ist ungebrochen: auch in diesem Jahr hat ihn der Wei\u00dfenhorner Weltladen wieder in seinem Sortiment. &#8220; Wir&hellip;<\/p>\n","protected":false},"author":191,"featured_media":647,"comment_status":"closed","ping_status":"closed","sticky":false,"template":"","format":"standard","meta":{"footnotes":""},"categories":[8],"tags":[],"class_list":["post-635","post","type-post","status-publish","format-standard","has-post-thumbnail","hentry","category-neues","category-8","description-off"],"yoast_head":"<!-- This site is optimized with the Yoast SEO plugin v26.8 - https:\/\/yoast.com\/product\/yoast-seo-wordpress\/ -->\n<title>Fairer Nikolaus trotzt dem Weihnachtsmann - Weltladen Wei\u00dfenhorn<\/title>\n<meta name=\"robots\" content=\"index, follow, max-snippet:-1, max-image-preview:large, max-video-preview:-1\" \/>\n<link rel=\"canonical\" href=\"https:\/\/weltlaeden.de\/weissenhorn\/fairer-nikolaus-trotzt-dem-weihnachtsmann\/\" \/>\n<meta property=\"og:locale\" content=\"de_DE\" \/>\n<meta property=\"og:type\" content=\"article\" \/>\n<meta property=\"og:title\" content=\"Fairer Nikolaus trotzt dem Weihnachtsmann - Weltladen Wei\u00dfenhorn\" \/>\n<meta property=\"og:description\" content=\"Was vor siebzehn Jahren begann,\u00a0\u00a0 ist inzwischen aus der Adventszeit nicht mehr wegzudenken: Damals hat das Fair Handelsunternehmen GEPA dem kommerziellen Weihnachtsmann aus Schokolade mit roter Pelzm\u00fctze den ersten fairen Schokobischof mit Mitra und Bischofsstab entgegengesetzt. Dessen Beliebtheit ist ungebrochen: auch in diesem Jahr hat ihn der Wei\u00dfenhorner Weltladen wieder in seinem Sortiment. &#8220; Wir&hellip;\" \/>\n<meta property=\"og:url\" content=\"https:\/\/weltlaeden.de\/weissenhorn\/fairer-nikolaus-trotzt-dem-weihnachtsmann\/\" \/>\n<meta property=\"og:site_name\" content=\"Weltladen Wei\u00dfenhorn\" \/>\n<meta property=\"article:published_time\" content=\"2020-11-11T11:01:50+00:00\" \/>\n<meta property=\"article:modified_time\" content=\"2020-11-12T12:55:44+00:00\" \/>\n<meta property=\"og:image\" content=\"https:\/\/weltlaeden.de\/weissenhorn\/wp-content\/uploads\/sites\/129\/2020\/11\/2020-11_Nikolaus_1200x600.jpg\" \/>\n\t<meta property=\"og:image:width\" content=\"1200\" \/>\n\t<meta property=\"og:image:height\" content=\"600\" \/>\n\t<meta property=\"og:image:type\" content=\"image\/jpeg\" \/>\n<meta name=\"author\" content=\"weissenhorn\" \/>\n<meta name=\"twitter:card\" content=\"summary_large_image\" \/>\n<meta name=\"twitter:label1\" content=\"Verfasst von\" \/>\n\t<meta name=\"twitter:data1\" content=\"weissenhorn\" \/>\n\t<meta name=\"twitter:label2\" content=\"Gesch\u00e4tzte Lesezeit\" \/>\n\t<meta name=\"twitter:data2\" content=\"1\u00a0Minute\" \/>\n<script type=\"application\/ld+json\" class=\"yoast-schema-graph\">{\"@context\":\"https:\/\/schema.org\",\"@graph\":[{\"@type\":\"Article\",\"@id\":\"https:\/\/weltlaeden.de\/weissenhorn\/fairer-nikolaus-trotzt-dem-weihnachtsmann\/#article\",\"isPartOf\":{\"@id\":\"https:\/\/weltlaeden.de\/weissenhorn\/fairer-nikolaus-trotzt-dem-weihnachtsmann\/\"},\"author\":{\"name\":\"weissenhorn\",\"@id\":\"https:\/\/weltlaeden.de\/weissenhorn\/#\/schema\/person\/a54ab778984ca172a44d8286c0e76e78\"},\"headline\":\"Fairer Nikolaus trotzt dem Weihnachtsmann\",\"datePublished\":\"2020-11-11T11:01:50+00:00\",\"dateModified\":\"2020-11-12T12:55:44+00:00\",\"mainEntityOfPage\":{\"@id\":\"https:\/\/weltlaeden.de\/weissenhorn\/fairer-nikolaus-trotzt-dem-weihnachtsmann\/\"},\"wordCount\":214,\"image\":{\"@id\":\"https:\/\/weltlaeden.de\/weissenhorn\/fairer-nikolaus-trotzt-dem-weihnachtsmann\/#primaryimage\"},\"thumbnailUrl\":\"https:\/\/weltlaeden.de\/weissenhorn\/wp-content\/uploads\/sites\/129\/2020\/11\/2020-11_Nikolaus_1200x600.jpg\",\"articleSection\":[\"Neuigkeiten\"],\"inLanguage\":\"de\"},{\"@type\":\"WebPage\",\"@id\":\"https:\/\/weltlaeden.de\/weissenhorn\/fairer-nikolaus-trotzt-dem-weihnachtsmann\/\",\"url\":\"https:\/\/weltlaeden.de\/weissenhorn\/fairer-nikolaus-trotzt-dem-weihnachtsmann\/\",\"name\":\"Fairer Nikolaus trotzt dem Weihnachtsmann - Weltladen Wei\u00dfenhorn\",\"isPartOf\":{\"@id\":\"https:\/\/weltlaeden.de\/weissenhorn\/#website\"},\"primaryImageOfPage\":{\"@id\":\"https:\/\/weltlaeden.de\/weissenhorn\/fairer-nikolaus-trotzt-dem-weihnachtsmann\/#primaryimage\"},\"image\":{\"@id\":\"https:\/\/weltlaeden.de\/weissenhorn\/fairer-nikolaus-trotzt-dem-weihnachtsmann\/#primaryimage\"},\"thumbnailUrl\":\"https:\/\/weltlaeden.de\/weissenhorn\/wp-content\/uploads\/sites\/129\/2020\/11\/2020-11_Nikolaus_1200x600.jpg\",\"datePublished\":\"2020-11-11T11:01:50+00:00\",\"dateModified\":\"2020-11-12T12:55:44+00:00\",\"author\":{\"@id\":\"https:\/\/weltlaeden.de\/weissenhorn\/#\/schema\/person\/a54ab778984ca172a44d8286c0e76e78\"},\"breadcrumb\":{\"@id\":\"https:\/\/weltlaeden.de\/weissenhorn\/fairer-nikolaus-trotzt-dem-weihnachtsmann\/#breadcrumb\"},\"inLanguage\":\"de\",\"potentialAction\":[{\"@type\":\"ReadAction\",\"target\":[\"https:\/\/weltlaeden.de\/weissenhorn\/fairer-nikolaus-trotzt-dem-weihnachtsmann\/\"]}]},{\"@type\":\"ImageObject\",\"inLanguage\":\"de\",\"@id\":\"https:\/\/weltlaeden.de\/weissenhorn\/fairer-nikolaus-trotzt-dem-weihnachtsmann\/#primaryimage\",\"url\":\"https:\/\/weltlaeden.de\/weissenhorn\/wp-content\/uploads\/sites\/129\/2020\/11\/2020-11_Nikolaus_1200x600.jpg\",\"contentUrl\":\"https:\/\/weltlaeden.de\/weissenhorn\/wp-content\/uploads\/sites\/129\/2020\/11\/2020-11_Nikolaus_1200x600.jpg\",\"width\":1200,\"height\":600},{\"@type\":\"BreadcrumbList\",\"@id\":\"https:\/\/weltlaeden.de\/weissenhorn\/fairer-nikolaus-trotzt-dem-weihnachtsmann\/#breadcrumb\",\"itemListElement\":[{\"@type\":\"ListItem\",\"position\":1,\"name\":\"Startseite\",\"item\":\"https:\/\/weltlaeden.de\/weissenhorn\/\"},{\"@type\":\"ListItem\",\"position\":2,\"name\":\"Fairer Nikolaus trotzt dem Weihnachtsmann\"}]},{\"@type\":\"WebSite\",\"@id\":\"https:\/\/weltlaeden.de\/weissenhorn\/#website\",\"url\":\"https:\/\/weltlaeden.de\/weissenhorn\/\",\"name\":\"Weltladen Wei\u00dfenhorn\",\"description\":\"Faire Produkte seit 1990\",\"potentialAction\":[{\"@type\":\"SearchAction\",\"target\":{\"@type\":\"EntryPoint\",\"urlTemplate\":\"https:\/\/weltlaeden.de\/weissenhorn\/?s={search_term_string}\"},\"query-input\":{\"@type\":\"PropertyValueSpecification\",\"valueRequired\":true,\"valueName\":\"search_term_string\"}}],\"inLanguage\":\"de\"},{\"@type\":\"Person\",\"@id\":\"https:\/\/weltlaeden.de\/weissenhorn\/#\/schema\/person\/a54ab778984ca172a44d8286c0e76e78\",\"name\":\"weissenhorn\",\"image\":{\"@type\":\"ImageObject\",\"inLanguage\":\"de\",\"@id\":\"https:\/\/weltlaeden.de\/weissenhorn\/#\/schema\/person\/image\/\",\"url\":\"https:\/\/secure.gravatar.com\/avatar\/9094ba6a92e3b50222fd0796b579f81f?s=96&d=mm&r=g\",\"contentUrl\":\"https:\/\/secure.gravatar.com\/avatar\/9094ba6a92e3b50222fd0796b579f81f?s=96&d=mm&r=g\",\"caption\":\"weissenhorn\"}}]}<\/script>\n<!-- \/ Yoast SEO plugin. -->","yoast_head_json":{"title":"Fairer Nikolaus trotzt dem Weihnachtsmann - Weltladen Wei\u00dfenhorn","robots":{"index":"index","follow":"follow","max-snippet":"max-snippet:-1","max-image-preview":"max-image-preview:large","max-video-preview":"max-video-preview:-1"},"canonical":"https:\/\/weltlaeden.de\/weissenhorn\/fairer-nikolaus-trotzt-dem-weihnachtsmann\/","og_locale":"de_DE","og_type":"article","og_title":"Fairer Nikolaus trotzt dem Weihnachtsmann - Weltladen Wei\u00dfenhorn","og_description":"Was vor siebzehn Jahren begann,\u00a0\u00a0 ist inzwischen aus der Adventszeit nicht mehr wegzudenken: Damals hat das Fair Handelsunternehmen GEPA dem kommerziellen Weihnachtsmann aus Schokolade mit roter Pelzm\u00fctze den ersten fairen Schokobischof mit Mitra und Bischofsstab entgegengesetzt. Dessen Beliebtheit ist ungebrochen: auch in diesem Jahr hat ihn der Wei\u00dfenhorner Weltladen wieder in seinem Sortiment. &#8220; Wir&hellip;","og_url":"https:\/\/weltlaeden.de\/weissenhorn\/fairer-nikolaus-trotzt-dem-weihnachtsmann\/","og_site_name":"Weltladen Wei\u00dfenhorn","article_published_time":"2020-11-11T11:01:50+00:00","article_modified_time":"2020-11-12T12:55:44+00:00","og_image":[{"width":1200,"height":600,"url":"https:\/\/weltlaeden.de\/weissenhorn\/wp-content\/uploads\/sites\/129\/2020\/11\/2020-11_Nikolaus_1200x600.jpg","type":"image\/jpeg"}],"author":"weissenhorn","twitter_card":"summary_large_image","twitter_misc":{"Verfasst von":"weissenhorn","Gesch\u00e4tzte Lesezeit":"1\u00a0Minute"},"schema":{"@context":"https:\/\/schema.org","@graph":[{"@type":"Article","@id":"https:\/\/weltlaeden.de\/weissenhorn\/fairer-nikolaus-trotzt-dem-weihnachtsmann\/#article","isPartOf":{"@id":"https:\/\/weltlaeden.de\/weissenhorn\/fairer-nikolaus-trotzt-dem-weihnachtsmann\/"},"author":{"name":"weissenhorn","@id":"https:\/\/weltlaeden.de\/weissenhorn\/#\/schema\/person\/a54ab778984ca172a44d8286c0e76e78"},"headline":"Fairer Nikolaus trotzt dem Weihnachtsmann","datePublished":"2020-11-11T11:01:50+00:00","dateModified":"2020-11-12T12:55:44+00:00","mainEntityOfPage":{"@id":"https:\/\/weltlaeden.de\/weissenhorn\/fairer-nikolaus-trotzt-dem-weihnachtsmann\/"},"wordCount":214,"image":{"@id":"https:\/\/weltlaeden.de\/weissenhorn\/fairer-nikolaus-trotzt-dem-weihnachtsmann\/#primaryimage"},"thumbnailUrl":"https:\/\/weltlaeden.de\/weissenhorn\/wp-content\/uploads\/sites\/129\/2020\/11\/2020-11_Nikolaus_1200x600.jpg","articleSection":["Neuigkeiten"],"inLanguage":"de"},{"@type":"WebPage","@id":"https:\/\/weltlaeden.de\/weissenhorn\/fairer-nikolaus-trotzt-dem-weihnachtsmann\/","url":"https:\/\/weltlaeden.de\/weissenhorn\/fairer-nikolaus-trotzt-dem-weihnachtsmann\/","name":"Fairer Nikolaus trotzt dem Weihnachtsmann - Weltladen Wei\u00dfenhorn","isPartOf":{"@id":"https:\/\/weltlaeden.de\/weissenhorn\/#website"},"primaryImageOfPage":{"@id":"https:\/\/weltlaeden.de\/weissenhorn\/fairer-nikolaus-trotzt-dem-weihnachtsmann\/#primaryimage"},"image":{"@id":"https:\/\/weltlaeden.de\/weissenhorn\/fairer-nikolaus-trotzt-dem-weihnachtsmann\/#primaryimage"},"thumbnailUrl":"https:\/\/weltlaeden.de\/weissenhorn\/wp-content\/uploads\/sites\/129\/2020\/11\/2020-11_Nikolaus_1200x600.jpg","datePublished":"2020-11-11T11:01:50+00:00","dateModified":"2020-11-12T12:55:44+00:00","author":{"@id":"https:\/\/weltlaeden.de\/weissenhorn\/#\/schema\/person\/a54ab778984ca172a44d8286c0e76e78"},"breadcrumb":{"@id":"https:\/\/weltlaeden.de\/weissenhorn\/fairer-nikolaus-trotzt-dem-weihnachtsmann\/#breadcrumb"},"inLanguage":"de","potentialAction":[{"@type":"ReadAction","target":["https:\/\/weltlaeden.de\/weissenhorn\/fairer-nikolaus-trotzt-dem-weihnachtsmann\/"]}]},{"@type":"ImageObject","inLanguage":"de","@id":"https:\/\/weltlaeden.de\/weissenhorn\/fairer-nikolaus-trotzt-dem-weihnachtsmann\/#primaryimage","url":"https:\/\/weltlaeden.de\/weissenhorn\/wp-content\/uploads\/sites\/129\/2020\/11\/2020-11_Nikolaus_1200x600.jpg","contentUrl":"https:\/\/weltlaeden.de\/weissenhorn\/wp-content\/uploads\/sites\/129\/2020\/11\/2020-11_Nikolaus_1200x600.jpg","width":1200,"height":600},{"@type":"BreadcrumbList","@id":"https:\/\/weltlaeden.de\/weissenhorn\/fairer-nikolaus-trotzt-dem-weihnachtsmann\/#breadcrumb","itemListElement":[{"@type":"ListItem","position":1,"name":"Startseite","item":"https:\/\/weltlaeden.de\/weissenhorn\/"},{"@type":"ListItem","position":2,"name":"Fairer Nikolaus trotzt dem Weihnachtsmann"}]},{"@type":"WebSite","@id":"https:\/\/weltlaeden.de\/weissenhorn\/#website","url":"https:\/\/weltlaeden.de\/weissenhorn\/","name":"Weltladen Wei\u00dfenhorn","description":"Faire Produkte seit 1990","potentialAction":[{"@type":"SearchAction","target":{"@type":"EntryPoint","urlTemplate":"https:\/\/weltlaeden.de\/weissenhorn\/?s={search_term_string}"},"query-input":{"@type":"PropertyValueSpecification","valueRequired":true,"valueName":"search_term_string"}}],"inLanguage":"de"},{"@type":"Person","@id":"https:\/\/weltlaeden.de\/weissenhorn\/#\/schema\/person\/a54ab778984ca172a44d8286c0e76e78","name":"weissenhorn","image":{"@type":"ImageObject","inLanguage":"de","@id":"https:\/\/weltlaeden.de\/weissenhorn\/#\/schema\/person\/image\/","url":"https:\/\/secure.gravatar.com\/avatar\/9094ba6a92e3b50222fd0796b579f81f?s=96&d=mm&r=g","contentUrl":"https:\/\/secure.gravatar.com\/avatar\/9094ba6a92e3b50222fd0796b579f81f?s=96&d=mm&r=g","caption":"weissenhorn"}}]}},"_links":{"self":[{"href":"https:\/\/weltlaeden.de\/weissenhorn\/wp-json\/wp\/v2\/posts\/635","targetHints":{"allow":["GET"]}}],"collection":[{"href":"https:\/\/weltlaeden.de\/weissenhorn\/wp-json\/wp\/v2\/posts"}],"about":[{"href":"https:\/\/weltlaeden.de\/weissenhorn\/wp-json\/wp\/v2\/types\/post"}],"author":[{"embeddable":true,"href":"https:\/\/weltlaeden.de\/weissenhorn\/wp-json\/wp\/v2\/users\/191"}],"replies":[{"embeddable":true,"href":"https:\/\/weltlaeden.de\/weissenhorn\/wp-json\/wp\/v2\/comments?post=635"}],"version-history":[{"count":7,"href":"https:\/\/weltlaeden.de\/weissenhorn\/wp-json\/wp\/v2\/posts\/635\/revisions"}],"predecessor-version":[{"id":646,"href":"https:\/\/weltlaeden.de\/weissenhorn\/wp-json\/wp\/v2\/posts\/635\/revisions\/646"}],"wp:featuredmedia":[{"embeddable":true,"href":"https:\/\/weltlaeden.de\/weissenhorn\/wp-json\/wp\/v2\/media\/647"}],"wp:attachment":[{"href":"https:\/\/weltlaeden.de\/weissenhorn\/wp-json\/wp\/v2\/media?parent=635"}],"wp:term":[{"taxonomy":"category","embeddable":true,"href":"https:\/\/weltlaeden.de\/weissenhorn\/wp-json\/wp\/v2\/categories?post=635"},{"taxonomy":"post_tag","embeddable":true,"href":"https:\/\/weltlaeden.de\/weissenhorn\/wp-json\/wp\/v2\/tags?post=635"}],"curies":[{"name":"wp","href":"https:\/\/api.w.org\/{rel}","templated":true}]}}