{"id":1071,"date":"2025-09-04T10:56:09","date_gmt":"2025-09-04T08:56:09","guid":{"rendered":"https:\/\/weltlaeden.de\/weissenhorn\/?p=1071"},"modified":"2025-09-04T10:56:09","modified_gmt":"2025-09-04T08:56:09","slug":"fairprodukt-des-monats-september-2025-olivenoel","status":"publish","type":"post","link":"https:\/\/weltlaeden.de\/weissenhorn\/fairprodukt-des-monats-september-2025-olivenoel\/","title":{"rendered":"FairProdukt des Monats September 2025     Oliven\u00f6l"},"content":{"rendered":"<h2 style=\"font-weight: 400\"><strong>\u00a0<\/strong><span style=\"color: #ff6600\"><strong>Oliven\u00f6l 100 % Rumi 500 ml\u00a0 \u00a0 \u00a0 \u00a0 \u00a0 \u00a0 \u00a0 \u00a0<\/strong><strong>Oliven\u00f6l mit Zitrone 250 ml<\/strong><\/span><\/h2>\n<h2 style=\"font-weight: 400\"><strong>\u00a0<\/strong><\/h2>\n<h2><span style=\"color: #ff6600\"><strong>Von Generation zu Generation weitervererbt,<\/strong><\/span><\/h2>\n<h2><span style=\"color: #ff6600\"><strong> sind die \u00e4ltesten Rumi-B\u00e4ume<\/strong><\/span><\/h2>\n<h2><span style=\"color: #ff6600\"><strong> heute \u00fcber 1000 Jahre alt <\/strong><\/span><\/h2>\n<h2><span style=\"color: #ff6600\"><strong>und werden auschlie\u00dflich von Hand gepflegt und geerntet.<\/strong><span style=\"font-size: 14px\">\u00a0<\/span><\/span><\/h2>\n<h4 style=\"font-weight: 400\"><strong>Die Partnerorganisation in Pal\u00e4stina \u201eCanaan Fair Trade\u201c wurde 2004 von Dr. Nasser Abufarha in Jenin im Westjordanland gegr\u00fcndet.<\/strong><\/h4>\n<h4 style=\"font-weight: 400\"><strong> Ziel ist die Unterst\u00fctzung der unterdr\u00fcckten pal\u00e4stinensischen Landbev\u00f6lkerung, die im politischen Konflikt gefangen ist.<\/strong><\/h4>\n<h4 style=\"font-weight: 400\"><strong> Es geht dabei sowohl um die Sicherung der Lebensgrundlage f\u00fcr tausende Familien als auch um den Erhalt von Kultur und Tradition.<\/strong><\/h4>\n<h4 style=\"font-weight: 400\"><strong>Inzwischen arbeitet Canaan mit 51 Produzentenkooperativen zusammen, denen insgesamt 1600 Mitglieder angeh\u00f6ren.<\/strong><\/h4>\n<h4 style=\"font-weight: 400\"><strong>Dr. Abufarha lebt seine Idee: \u201eWir geben benachteiligten Familien in schwierigen wirtschaftlichen Situationen und in der festgefahrenen politischen Lage Pal\u00e4stinas neue Perspektiven.<\/strong><\/h4>\n<h4 style=\"font-weight: 400\"><strong> Dazu passt perfekt der Olivenbaum \u2013\u00a0<\/strong><\/h4>\n<h4 style=\"font-weight: 400\"><strong>als weltweites Symbol der Hoffnung und des Friedens.\u201c<\/strong><\/h4>\n<h2 style=\"font-weight: 400\"><span style=\"color: #ff6600\"><strong>Diese Produkte sind das um <span style=\"color: #000000\">20 %<\/span> im Preis <\/strong><strong>reduzierte FairProdukt<\/strong><\/span><\/h2>\n<h2 style=\"font-weight: 400\"><span style=\"color: #ff6600\"><strong> des Monats September<\/strong><\/span><\/h2>\n<h2 style=\"font-weight: 400\"><span style=\"color: #ff6600\"><strong> im Wei\u00dfenhorner Weltladen mitten in der guten Stube der Fairtrade-Stadt.<\/strong><\/span><\/h2>\n","protected":false},"excerpt":{"rendered":"<p>\u00a0Oliven\u00f6l 100 % Rumi 500 ml\u00a0 \u00a0 \u00a0 \u00a0 \u00a0 \u00a0 \u00a0 \u00a0Oliven\u00f6l mit Zitrone 250 ml \u00a0 Von Generation zu Generation weitervererbt, sind die \u00e4ltesten Rumi-B\u00e4ume heute \u00fcber 1000 Jahre alt und werden auschlie\u00dflich von Hand gepflegt und geerntet.\u00a0 Die Partnerorganisation in Pal\u00e4stina \u201eCanaan Fair Trade\u201c wurde 2004 von Dr. Nasser Abufarha in Jenin&hellip;<\/p>\n","protected":false},"author":191,"featured_media":0,"comment_status":"closed","ping_status":"closed","sticky":false,"template":"","format":"standard","meta":{"footnotes":""},"categories":[12],"tags":[],"class_list":["post-1071","post","type-post","status-publish","format-standard","hentry","category-produkt-des-monats","category-12","description-off"],"yoast_head":"<!-- This site is optimized with the Yoast SEO plugin v26.8 - https:\/\/yoast.com\/product\/yoast-seo-wordpress\/ -->\n<title>FairProdukt des Monats September 2025   Oliven\u00f6l - Weltladen Wei\u00dfenhorn<\/title>\n<meta name=\"robots\" content=\"index, follow, max-snippet:-1, max-image-preview:large, max-video-preview:-1\" \/>\n<link rel=\"canonical\" href=\"https:\/\/weltlaeden.de\/weissenhorn\/fairprodukt-des-monats-september-2025-olivenoel\/\" \/>\n<meta property=\"og:locale\" content=\"de_DE\" \/>\n<meta property=\"og:type\" content=\"article\" \/>\n<meta property=\"og:title\" content=\"FairProdukt des Monats September 2025   Oliven\u00f6l - Weltladen Wei\u00dfenhorn\" \/>\n<meta property=\"og:description\" content=\"\u00a0Oliven\u00f6l 100 % Rumi 500 ml\u00a0 \u00a0 \u00a0 \u00a0 \u00a0 \u00a0 \u00a0 \u00a0Oliven\u00f6l mit Zitrone 250 ml \u00a0 Von Generation zu Generation weitervererbt, sind die \u00e4ltesten Rumi-B\u00e4ume heute \u00fcber 1000 Jahre alt und werden auschlie\u00dflich von Hand gepflegt und geerntet.\u00a0 Die Partnerorganisation in Pal\u00e4stina \u201eCanaan Fair Trade\u201c wurde 2004 von Dr. Nasser Abufarha in Jenin&hellip;\" \/>\n<meta property=\"og:url\" content=\"https:\/\/weltlaeden.de\/weissenhorn\/fairprodukt-des-monats-september-2025-olivenoel\/\" \/>\n<meta property=\"og:site_name\" content=\"Weltladen Wei\u00dfenhorn\" \/>\n<meta property=\"article:published_time\" content=\"2025-09-04T08:56:09+00:00\" \/>\n<meta name=\"author\" content=\"weissenhorn\" \/>\n<meta name=\"twitter:card\" content=\"summary_large_image\" \/>\n<meta name=\"twitter:label1\" content=\"Verfasst von\" \/>\n\t<meta name=\"twitter:data1\" content=\"weissenhorn\" \/>\n\t<meta name=\"twitter:label2\" content=\"Gesch\u00e4tzte Lesezeit\" \/>\n\t<meta name=\"twitter:data2\" content=\"1\u00a0Minute\" \/>\n<script type=\"application\/ld+json\" class=\"yoast-schema-graph\">{\"@context\":\"https:\/\/schema.org\",\"@graph\":[{\"@type\":\"Article\",\"@id\":\"https:\/\/weltlaeden.de\/weissenhorn\/fairprodukt-des-monats-september-2025-olivenoel\/#article\",\"isPartOf\":{\"@id\":\"https:\/\/weltlaeden.de\/weissenhorn\/fairprodukt-des-monats-september-2025-olivenoel\/\"},\"author\":{\"name\":\"weissenhorn\",\"@id\":\"https:\/\/weltlaeden.de\/weissenhorn\/#\/schema\/person\/a54ab778984ca172a44d8286c0e76e78\"},\"headline\":\"FairProdukt des Monats September 2025 Oliven\u00f6l\",\"datePublished\":\"2025-09-04T08:56:09+00:00\",\"mainEntityOfPage\":{\"@id\":\"https:\/\/weltlaeden.de\/weissenhorn\/fairprodukt-des-monats-september-2025-olivenoel\/\"},\"wordCount\":167,\"articleSection\":[\"Produkt des Monats\"],\"inLanguage\":\"de\"},{\"@type\":\"WebPage\",\"@id\":\"https:\/\/weltlaeden.de\/weissenhorn\/fairprodukt-des-monats-september-2025-olivenoel\/\",\"url\":\"https:\/\/weltlaeden.de\/weissenhorn\/fairprodukt-des-monats-september-2025-olivenoel\/\",\"name\":\"FairProdukt des Monats September 2025 Oliven\u00f6l - Weltladen Wei\u00dfenhorn\",\"isPartOf\":{\"@id\":\"https:\/\/weltlaeden.de\/weissenhorn\/#website\"},\"datePublished\":\"2025-09-04T08:56:09+00:00\",\"author\":{\"@id\":\"https:\/\/weltlaeden.de\/weissenhorn\/#\/schema\/person\/a54ab778984ca172a44d8286c0e76e78\"},\"breadcrumb\":{\"@id\":\"https:\/\/weltlaeden.de\/weissenhorn\/fairprodukt-des-monats-september-2025-olivenoel\/#breadcrumb\"},\"inLanguage\":\"de\",\"potentialAction\":[{\"@type\":\"ReadAction\",\"target\":[\"https:\/\/weltlaeden.de\/weissenhorn\/fairprodukt-des-monats-september-2025-olivenoel\/\"]}]},{\"@type\":\"BreadcrumbList\",\"@id\":\"https:\/\/weltlaeden.de\/weissenhorn\/fairprodukt-des-monats-september-2025-olivenoel\/#breadcrumb\",\"itemListElement\":[{\"@type\":\"ListItem\",\"position\":1,\"name\":\"Startseite\",\"item\":\"https:\/\/weltlaeden.de\/weissenhorn\/\"},{\"@type\":\"ListItem\",\"position\":2,\"name\":\"FairProdukt des Monats September 2025 Oliven\u00f6l\"}]},{\"@type\":\"WebSite\",\"@id\":\"https:\/\/weltlaeden.de\/weissenhorn\/#website\",\"url\":\"https:\/\/weltlaeden.de\/weissenhorn\/\",\"name\":\"Weltladen Wei\u00dfenhorn\",\"description\":\"Faire Produkte seit 1990\",\"potentialAction\":[{\"@type\":\"SearchAction\",\"target\":{\"@type\":\"EntryPoint\",\"urlTemplate\":\"https:\/\/weltlaeden.de\/weissenhorn\/?s={search_term_string}\"},\"query-input\":{\"@type\":\"PropertyValueSpecification\",\"valueRequired\":true,\"valueName\":\"search_term_string\"}}],\"inLanguage\":\"de\"},{\"@type\":\"Person\",\"@id\":\"https:\/\/weltlaeden.de\/weissenhorn\/#\/schema\/person\/a54ab778984ca172a44d8286c0e76e78\",\"name\":\"weissenhorn\",\"image\":{\"@type\":\"ImageObject\",\"inLanguage\":\"de\",\"@id\":\"https:\/\/weltlaeden.de\/weissenhorn\/#\/schema\/person\/image\/\",\"url\":\"https:\/\/secure.gravatar.com\/avatar\/9094ba6a92e3b50222fd0796b579f81f?s=96&d=mm&r=g\",\"contentUrl\":\"https:\/\/secure.gravatar.com\/avatar\/9094ba6a92e3b50222fd0796b579f81f?s=96&d=mm&r=g\",\"caption\":\"weissenhorn\"}}]}<\/script>\n<!-- \/ Yoast SEO plugin. -->","yoast_head_json":{"title":"FairProdukt des Monats September 2025   Oliven\u00f6l - Weltladen Wei\u00dfenhorn","robots":{"index":"index","follow":"follow","max-snippet":"max-snippet:-1","max-image-preview":"max-image-preview:large","max-video-preview":"max-video-preview:-1"},"canonical":"https:\/\/weltlaeden.de\/weissenhorn\/fairprodukt-des-monats-september-2025-olivenoel\/","og_locale":"de_DE","og_type":"article","og_title":"FairProdukt des Monats September 2025   Oliven\u00f6l - Weltladen Wei\u00dfenhorn","og_description":"\u00a0Oliven\u00f6l 100 % Rumi 500 ml\u00a0 \u00a0 \u00a0 \u00a0 \u00a0 \u00a0 \u00a0 \u00a0Oliven\u00f6l mit Zitrone 250 ml \u00a0 Von Generation zu Generation weitervererbt, sind die \u00e4ltesten Rumi-B\u00e4ume heute \u00fcber 1000 Jahre alt und werden auschlie\u00dflich von Hand gepflegt und geerntet.\u00a0 Die Partnerorganisation in Pal\u00e4stina \u201eCanaan Fair Trade\u201c wurde 2004 von Dr. Nasser Abufarha in Jenin&hellip;","og_url":"https:\/\/weltlaeden.de\/weissenhorn\/fairprodukt-des-monats-september-2025-olivenoel\/","og_site_name":"Weltladen Wei\u00dfenhorn","article_published_time":"2025-09-04T08:56:09+00:00","author":"weissenhorn","twitter_card":"summary_large_image","twitter_misc":{"Verfasst von":"weissenhorn","Gesch\u00e4tzte Lesezeit":"1\u00a0Minute"},"schema":{"@context":"https:\/\/schema.org","@graph":[{"@type":"Article","@id":"https:\/\/weltlaeden.de\/weissenhorn\/fairprodukt-des-monats-september-2025-olivenoel\/#article","isPartOf":{"@id":"https:\/\/weltlaeden.de\/weissenhorn\/fairprodukt-des-monats-september-2025-olivenoel\/"},"author":{"name":"weissenhorn","@id":"https:\/\/weltlaeden.de\/weissenhorn\/#\/schema\/person\/a54ab778984ca172a44d8286c0e76e78"},"headline":"FairProdukt des Monats September 2025 Oliven\u00f6l","datePublished":"2025-09-04T08:56:09+00:00","mainEntityOfPage":{"@id":"https:\/\/weltlaeden.de\/weissenhorn\/fairprodukt-des-monats-september-2025-olivenoel\/"},"wordCount":167,"articleSection":["Produkt des Monats"],"inLanguage":"de"},{"@type":"WebPage","@id":"https:\/\/weltlaeden.de\/weissenhorn\/fairprodukt-des-monats-september-2025-olivenoel\/","url":"https:\/\/weltlaeden.de\/weissenhorn\/fairprodukt-des-monats-september-2025-olivenoel\/","name":"FairProdukt des Monats September 2025 Oliven\u00f6l - Weltladen Wei\u00dfenhorn","isPartOf":{"@id":"https:\/\/weltlaeden.de\/weissenhorn\/#website"},"datePublished":"2025-09-04T08:56:09+00:00","author":{"@id":"https:\/\/weltlaeden.de\/weissenhorn\/#\/schema\/person\/a54ab778984ca172a44d8286c0e76e78"},"breadcrumb":{"@id":"https:\/\/weltlaeden.de\/weissenhorn\/fairprodukt-des-monats-september-2025-olivenoel\/#breadcrumb"},"inLanguage":"de","potentialAction":[{"@type":"ReadAction","target":["https:\/\/weltlaeden.de\/weissenhorn\/fairprodukt-des-monats-september-2025-olivenoel\/"]}]},{"@type":"BreadcrumbList","@id":"https:\/\/weltlaeden.de\/weissenhorn\/fairprodukt-des-monats-september-2025-olivenoel\/#breadcrumb","itemListElement":[{"@type":"ListItem","position":1,"name":"Startseite","item":"https:\/\/weltlaeden.de\/weissenhorn\/"},{"@type":"ListItem","position":2,"name":"FairProdukt des Monats September 2025 Oliven\u00f6l"}]},{"@type":"WebSite","@id":"https:\/\/weltlaeden.de\/weissenhorn\/#website","url":"https:\/\/weltlaeden.de\/weissenhorn\/","name":"Weltladen Wei\u00dfenhorn","description":"Faire Produkte seit 1990","potentialAction":[{"@type":"SearchAction","target":{"@type":"EntryPoint","urlTemplate":"https:\/\/weltlaeden.de\/weissenhorn\/?s={search_term_string}"},"query-input":{"@type":"PropertyValueSpecification","valueRequired":true,"valueName":"search_term_string"}}],"inLanguage":"de"},{"@type":"Person","@id":"https:\/\/weltlaeden.de\/weissenhorn\/#\/schema\/person\/a54ab778984ca172a44d8286c0e76e78","name":"weissenhorn","image":{"@type":"ImageObject","inLanguage":"de","@id":"https:\/\/weltlaeden.de\/weissenhorn\/#\/schema\/person\/image\/","url":"https:\/\/secure.gravatar.com\/avatar\/9094ba6a92e3b50222fd0796b579f81f?s=96&d=mm&r=g","contentUrl":"https:\/\/secure.gravatar.com\/avatar\/9094ba6a92e3b50222fd0796b579f81f?s=96&d=mm&r=g","caption":"weissenhorn"}}]}},"_links":{"self":[{"href":"https:\/\/weltlaeden.de\/weissenhorn\/wp-json\/wp\/v2\/posts\/1071","targetHints":{"allow":["GET"]}}],"collection":[{"href":"https:\/\/weltlaeden.de\/weissenhorn\/wp-json\/wp\/v2\/posts"}],"about":[{"href":"https:\/\/weltlaeden.de\/weissenhorn\/wp-json\/wp\/v2\/types\/post"}],"author":[{"embeddable":true,"href":"https:\/\/weltlaeden.de\/weissenhorn\/wp-json\/wp\/v2\/users\/191"}],"replies":[{"embeddable":true,"href":"https:\/\/weltlaeden.de\/weissenhorn\/wp-json\/wp\/v2\/comments?post=1071"}],"version-history":[{"count":1,"href":"https:\/\/weltlaeden.de\/weissenhorn\/wp-json\/wp\/v2\/posts\/1071\/revisions"}],"predecessor-version":[{"id":1072,"href":"https:\/\/weltlaeden.de\/weissenhorn\/wp-json\/wp\/v2\/posts\/1071\/revisions\/1072"}],"wp:attachment":[{"href":"https:\/\/weltlaeden.de\/weissenhorn\/wp-json\/wp\/v2\/media?parent=1071"}],"wp:term":[{"taxonomy":"category","embeddable":true,"href":"https:\/\/weltlaeden.de\/weissenhorn\/wp-json\/wp\/v2\/categories?post=1071"},{"taxonomy":"post_tag","embeddable":true,"href":"https:\/\/weltlaeden.de\/weissenhorn\/wp-json\/wp\/v2\/tags?post=1071"}],"curies":[{"name":"wp","href":"https:\/\/api.w.org\/{rel}","templated":true}]}}