{"id":1069,"date":"2025-08-05T12:12:26","date_gmt":"2025-08-05T10:12:26","guid":{"rendered":"https:\/\/weltlaeden.de\/weissenhorn\/?p=1069"},"modified":"2025-08-05T12:12:26","modified_gmt":"2025-08-05T10:12:26","slug":"sommer-sonne-urlaubszeit-2","status":"publish","type":"post","link":"https:\/\/weltlaeden.de\/weissenhorn\/sommer-sonne-urlaubszeit-2\/","title":{"rendered":"Sommer &#8211; Sonne &#8211; Urlaubszeit"},"content":{"rendered":"<h1><\/h1>\n<h1><strong>FairProdukt des Monats:<\/strong><\/h1>\n<h1><strong>Grillkohle, Kr\u00e4utersalze und Gew\u00fcrzmischungen<\/strong><\/h1>\n<h1><\/h1>\n<h1><span style=\"color: #ff6600\"><strong>Mit fairen Zutaten aus S\u00fcdafrika und Paraguay <\/strong><\/span><\/h1>\n<h1><span style=\"color: #ff6600\"><strong>macht der Weltladen das Barbecue oder <\/strong><\/span><\/h1>\n<h1><span style=\"color: #ff6600\"><strong>den Grill-Event zu einem wahren \u201eFair-gn\u00fcgen\u201c.<\/strong><\/span><\/h1>\n<h1><span style=\"color: #ff6600\"><strong> Denn gute Qualit\u00e4t und gutes Gewissen \u2013 <\/strong><\/span><\/h1>\n<h1><span style=\"color: #ff6600\"><strong>daf\u00fcr steht der Faire Handel.<\/strong><\/span><\/h1>\n<h1><\/h1>\n<h3><a name=\"Bookmark\"><\/a>Black Mamba Chilli wurde 2010 als sozial engagiertes Privatunternehmen gegr\u00fcndet<\/h3>\n<h3>und produziert Chili-Saucen, Pestos und Chutneys.<\/h3>\n<h3>Die Chilies, Fr\u00fcchte und Kr\u00e4uter werden von ca. 50 Familien in ihren eigenen G\u00e4rten angebaut,<\/h3>\n<h3>die sie nach umweltvertr\u00e4glichen Kriterien bewirtschaften.<\/h3>\n<h3>Die Produkte werden dann direkt bei den Erzeugerinnen abgeholt und zu fairen Preisen sofort<\/h3>\n<h3>bar bezahlt.<\/h3>\n<h3>Somit m\u00fcssen die Frauen ihre Homesteads nicht verlassen und k\u00f6nnen trotzdem Geld f\u00fcr sich und ihre Familien verdienen.<\/h3>\n<h3>Es gibt eine ausgebildete Gesundheits-Beauftragte, inklusive HIV-Aufkl\u00e4rung.<\/h3>\n<h3>Au\u00dferdem nimmt Black Mamba an einem von der &#8222;Swaziland Business Coalition on Health and Aids&#8220; angebotenen Gesundheits-Beratungs-Programm teil.<\/h3>\n<h3>S\u00e4mtliche Mitarbeiter in der Produktion haben feste Arbeitsvertr\u00e4ge und eine Rentenversicherung.<\/h3>\n<h3>Obwohl Black Mamba relativ neu auf dem Lebensmittel-Sektor ist, hat sich die kleine Manufaktur schon einen weitreichenden guten Ruf unter Chili-Liebhabern erarbeitet und vertreibt ihre Produkte inzwischen weltweit.<\/h3>\n<h3><strong><span lang=\"de-DE\">Ziel ist es, der Welt zu zeigen, dass Afrika erstklassige Produkte liefern und gleichzeitig ein starkes soziales und \u00f6kologisches Ethos bewahren kann. <\/span><\/strong><\/h3>\n<h3><strong><span lang=\"de-DE\">Black Mamba Chilli ist Fairhandelspartner mit einem bunten <\/span>Sortiment, zu dem u.a. Gew\u00fcrzmischungen und Kr\u00e4utersalze geh\u00f6ren.<\/strong><\/h3>\n<h3>\n<strong>Grillen ohne Kohle ist schwierig. Deshalb bietet der Weltladen Grillkohle aus Paraguay an. <\/strong><\/h3>\n<h3><strong>Diese wird aus schnell wachsenden Eukalyptusb\u00e4umen ressourcenschonend gewonnen. <\/strong><\/h3>\n<h3><strong>Dass Eukalyptusb\u00e4ume w\u00e4hrend des Wachsens auch noch besonders viel Kohlendioxid (CO2) binden, ist ein weiterer positiver Aspekt f\u00fcr das Weltklima. <\/strong><\/h3>\n<h3><strong>In Kohlemeilern wird das Holz in traditionellem Verfahren in Kohle umgewandelt &#8211; mit optimalen Grilleigenschaften.<\/strong><\/h3>\n<h1>\nGrillkohle, Kr\u00e4utersalze und Gew\u00fcrzmischungen \u2013<\/h1>\n<h1>nicht nur aus S\u00fcdafrika,<\/h1>\n<h1>aber stets aus fairem Handel &#8211;<\/h1>\n<h1><span style=\"color: #ff6600\">gibt es als FairProdukt des Monats August<\/span><\/h1>\n<h1><span style=\"color: #ff6600\"> um 20% im Preis reduziert <\/span><\/h1>\n<h1>im Wei\u00dfenhorner Weltladen \u2013<\/h1>\n<h1>im Herzen der Fairtrade-Stadt.<\/h1>\n","protected":false},"excerpt":{"rendered":"<p>FairProdukt des Monats: Grillkohle, Kr\u00e4utersalze und Gew\u00fcrzmischungen Mit fairen Zutaten aus S\u00fcdafrika und Paraguay macht der Weltladen das Barbecue oder den Grill-Event zu einem wahren \u201eFair-gn\u00fcgen\u201c. Denn gute Qualit\u00e4t und gutes Gewissen \u2013 daf\u00fcr steht der Faire Handel. Black Mamba Chilli wurde 2010 als sozial engagiertes Privatunternehmen gegr\u00fcndet und produziert Chili-Saucen, Pestos und Chutneys. Die&hellip;<\/p>\n","protected":false},"author":191,"featured_media":0,"comment_status":"closed","ping_status":"closed","sticky":false,"template":"","format":"standard","meta":{"footnotes":""},"categories":[12],"tags":[],"class_list":["post-1069","post","type-post","status-publish","format-standard","hentry","category-produkt-des-monats","category-12","description-off"],"yoast_head":"<!-- This site is optimized with the Yoast SEO plugin v26.8 - https:\/\/yoast.com\/product\/yoast-seo-wordpress\/ -->\n<title>Sommer - Sonne - Urlaubszeit - Weltladen Wei\u00dfenhorn<\/title>\n<meta name=\"robots\" content=\"index, follow, max-snippet:-1, max-image-preview:large, max-video-preview:-1\" \/>\n<link rel=\"canonical\" href=\"https:\/\/weltlaeden.de\/weissenhorn\/sommer-sonne-urlaubszeit-2\/\" \/>\n<meta property=\"og:locale\" content=\"de_DE\" \/>\n<meta property=\"og:type\" content=\"article\" \/>\n<meta property=\"og:title\" content=\"Sommer - Sonne - Urlaubszeit - Weltladen Wei\u00dfenhorn\" \/>\n<meta property=\"og:description\" content=\"FairProdukt des Monats: Grillkohle, Kr\u00e4utersalze und Gew\u00fcrzmischungen Mit fairen Zutaten aus S\u00fcdafrika und Paraguay macht der Weltladen das Barbecue oder den Grill-Event zu einem wahren \u201eFair-gn\u00fcgen\u201c. Denn gute Qualit\u00e4t und gutes Gewissen \u2013 daf\u00fcr steht der Faire Handel. Black Mamba Chilli wurde 2010 als sozial engagiertes Privatunternehmen gegr\u00fcndet und produziert Chili-Saucen, Pestos und Chutneys. Die&hellip;\" \/>\n<meta property=\"og:url\" content=\"https:\/\/weltlaeden.de\/weissenhorn\/sommer-sonne-urlaubszeit-2\/\" \/>\n<meta property=\"og:site_name\" content=\"Weltladen Wei\u00dfenhorn\" \/>\n<meta property=\"article:published_time\" content=\"2025-08-05T10:12:26+00:00\" \/>\n<meta name=\"author\" content=\"weissenhorn\" \/>\n<meta name=\"twitter:card\" content=\"summary_large_image\" \/>\n<meta name=\"twitter:label1\" content=\"Verfasst von\" \/>\n\t<meta name=\"twitter:data1\" content=\"weissenhorn\" \/>\n\t<meta name=\"twitter:label2\" content=\"Gesch\u00e4tzte Lesezeit\" \/>\n\t<meta name=\"twitter:data2\" content=\"2\u00a0Minuten\" \/>\n<script type=\"application\/ld+json\" class=\"yoast-schema-graph\">{\"@context\":\"https:\/\/schema.org\",\"@graph\":[{\"@type\":\"Article\",\"@id\":\"https:\/\/weltlaeden.de\/weissenhorn\/sommer-sonne-urlaubszeit-2\/#article\",\"isPartOf\":{\"@id\":\"https:\/\/weltlaeden.de\/weissenhorn\/sommer-sonne-urlaubszeit-2\/\"},\"author\":{\"name\":\"weissenhorn\",\"@id\":\"https:\/\/weltlaeden.de\/weissenhorn\/#\/schema\/person\/a54ab778984ca172a44d8286c0e76e78\"},\"headline\":\"Sommer &#8211; Sonne &#8211; Urlaubszeit\",\"datePublished\":\"2025-08-05T10:12:26+00:00\",\"mainEntityOfPage\":{\"@id\":\"https:\/\/weltlaeden.de\/weissenhorn\/sommer-sonne-urlaubszeit-2\/\"},\"wordCount\":331,\"articleSection\":[\"Produkt des Monats\"],\"inLanguage\":\"de\"},{\"@type\":\"WebPage\",\"@id\":\"https:\/\/weltlaeden.de\/weissenhorn\/sommer-sonne-urlaubszeit-2\/\",\"url\":\"https:\/\/weltlaeden.de\/weissenhorn\/sommer-sonne-urlaubszeit-2\/\",\"name\":\"Sommer - Sonne - Urlaubszeit - Weltladen Wei\u00dfenhorn\",\"isPartOf\":{\"@id\":\"https:\/\/weltlaeden.de\/weissenhorn\/#website\"},\"datePublished\":\"2025-08-05T10:12:26+00:00\",\"author\":{\"@id\":\"https:\/\/weltlaeden.de\/weissenhorn\/#\/schema\/person\/a54ab778984ca172a44d8286c0e76e78\"},\"breadcrumb\":{\"@id\":\"https:\/\/weltlaeden.de\/weissenhorn\/sommer-sonne-urlaubszeit-2\/#breadcrumb\"},\"inLanguage\":\"de\",\"potentialAction\":[{\"@type\":\"ReadAction\",\"target\":[\"https:\/\/weltlaeden.de\/weissenhorn\/sommer-sonne-urlaubszeit-2\/\"]}]},{\"@type\":\"BreadcrumbList\",\"@id\":\"https:\/\/weltlaeden.de\/weissenhorn\/sommer-sonne-urlaubszeit-2\/#breadcrumb\",\"itemListElement\":[{\"@type\":\"ListItem\",\"position\":1,\"name\":\"Startseite\",\"item\":\"https:\/\/weltlaeden.de\/weissenhorn\/\"},{\"@type\":\"ListItem\",\"position\":2,\"name\":\"Sommer &#8211; Sonne &#8211; Urlaubszeit\"}]},{\"@type\":\"WebSite\",\"@id\":\"https:\/\/weltlaeden.de\/weissenhorn\/#website\",\"url\":\"https:\/\/weltlaeden.de\/weissenhorn\/\",\"name\":\"Weltladen Wei\u00dfenhorn\",\"description\":\"Faire Produkte seit 1990\",\"potentialAction\":[{\"@type\":\"SearchAction\",\"target\":{\"@type\":\"EntryPoint\",\"urlTemplate\":\"https:\/\/weltlaeden.de\/weissenhorn\/?s={search_term_string}\"},\"query-input\":{\"@type\":\"PropertyValueSpecification\",\"valueRequired\":true,\"valueName\":\"search_term_string\"}}],\"inLanguage\":\"de\"},{\"@type\":\"Person\",\"@id\":\"https:\/\/weltlaeden.de\/weissenhorn\/#\/schema\/person\/a54ab778984ca172a44d8286c0e76e78\",\"name\":\"weissenhorn\",\"image\":{\"@type\":\"ImageObject\",\"inLanguage\":\"de\",\"@id\":\"https:\/\/weltlaeden.de\/weissenhorn\/#\/schema\/person\/image\/\",\"url\":\"https:\/\/secure.gravatar.com\/avatar\/9094ba6a92e3b50222fd0796b579f81f?s=96&d=mm&r=g\",\"contentUrl\":\"https:\/\/secure.gravatar.com\/avatar\/9094ba6a92e3b50222fd0796b579f81f?s=96&d=mm&r=g\",\"caption\":\"weissenhorn\"}}]}<\/script>\n<!-- \/ Yoast SEO plugin. -->","yoast_head_json":{"title":"Sommer - Sonne - Urlaubszeit - Weltladen Wei\u00dfenhorn","robots":{"index":"index","follow":"follow","max-snippet":"max-snippet:-1","max-image-preview":"max-image-preview:large","max-video-preview":"max-video-preview:-1"},"canonical":"https:\/\/weltlaeden.de\/weissenhorn\/sommer-sonne-urlaubszeit-2\/","og_locale":"de_DE","og_type":"article","og_title":"Sommer - Sonne - Urlaubszeit - Weltladen Wei\u00dfenhorn","og_description":"FairProdukt des Monats: Grillkohle, Kr\u00e4utersalze und Gew\u00fcrzmischungen Mit fairen Zutaten aus S\u00fcdafrika und Paraguay macht der Weltladen das Barbecue oder den Grill-Event zu einem wahren \u201eFair-gn\u00fcgen\u201c. Denn gute Qualit\u00e4t und gutes Gewissen \u2013 daf\u00fcr steht der Faire Handel. Black Mamba Chilli wurde 2010 als sozial engagiertes Privatunternehmen gegr\u00fcndet und produziert Chili-Saucen, Pestos und Chutneys. Die&hellip;","og_url":"https:\/\/weltlaeden.de\/weissenhorn\/sommer-sonne-urlaubszeit-2\/","og_site_name":"Weltladen Wei\u00dfenhorn","article_published_time":"2025-08-05T10:12:26+00:00","author":"weissenhorn","twitter_card":"summary_large_image","twitter_misc":{"Verfasst von":"weissenhorn","Gesch\u00e4tzte Lesezeit":"2\u00a0Minuten"},"schema":{"@context":"https:\/\/schema.org","@graph":[{"@type":"Article","@id":"https:\/\/weltlaeden.de\/weissenhorn\/sommer-sonne-urlaubszeit-2\/#article","isPartOf":{"@id":"https:\/\/weltlaeden.de\/weissenhorn\/sommer-sonne-urlaubszeit-2\/"},"author":{"name":"weissenhorn","@id":"https:\/\/weltlaeden.de\/weissenhorn\/#\/schema\/person\/a54ab778984ca172a44d8286c0e76e78"},"headline":"Sommer &#8211; Sonne &#8211; Urlaubszeit","datePublished":"2025-08-05T10:12:26+00:00","mainEntityOfPage":{"@id":"https:\/\/weltlaeden.de\/weissenhorn\/sommer-sonne-urlaubszeit-2\/"},"wordCount":331,"articleSection":["Produkt des Monats"],"inLanguage":"de"},{"@type":"WebPage","@id":"https:\/\/weltlaeden.de\/weissenhorn\/sommer-sonne-urlaubszeit-2\/","url":"https:\/\/weltlaeden.de\/weissenhorn\/sommer-sonne-urlaubszeit-2\/","name":"Sommer - Sonne - Urlaubszeit - Weltladen Wei\u00dfenhorn","isPartOf":{"@id":"https:\/\/weltlaeden.de\/weissenhorn\/#website"},"datePublished":"2025-08-05T10:12:26+00:00","author":{"@id":"https:\/\/weltlaeden.de\/weissenhorn\/#\/schema\/person\/a54ab778984ca172a44d8286c0e76e78"},"breadcrumb":{"@id":"https:\/\/weltlaeden.de\/weissenhorn\/sommer-sonne-urlaubszeit-2\/#breadcrumb"},"inLanguage":"de","potentialAction":[{"@type":"ReadAction","target":["https:\/\/weltlaeden.de\/weissenhorn\/sommer-sonne-urlaubszeit-2\/"]}]},{"@type":"BreadcrumbList","@id":"https:\/\/weltlaeden.de\/weissenhorn\/sommer-sonne-urlaubszeit-2\/#breadcrumb","itemListElement":[{"@type":"ListItem","position":1,"name":"Startseite","item":"https:\/\/weltlaeden.de\/weissenhorn\/"},{"@type":"ListItem","position":2,"name":"Sommer &#8211; Sonne &#8211; Urlaubszeit"}]},{"@type":"WebSite","@id":"https:\/\/weltlaeden.de\/weissenhorn\/#website","url":"https:\/\/weltlaeden.de\/weissenhorn\/","name":"Weltladen Wei\u00dfenhorn","description":"Faire Produkte seit 1990","potentialAction":[{"@type":"SearchAction","target":{"@type":"EntryPoint","urlTemplate":"https:\/\/weltlaeden.de\/weissenhorn\/?s={search_term_string}"},"query-input":{"@type":"PropertyValueSpecification","valueRequired":true,"valueName":"search_term_string"}}],"inLanguage":"de"},{"@type":"Person","@id":"https:\/\/weltlaeden.de\/weissenhorn\/#\/schema\/person\/a54ab778984ca172a44d8286c0e76e78","name":"weissenhorn","image":{"@type":"ImageObject","inLanguage":"de","@id":"https:\/\/weltlaeden.de\/weissenhorn\/#\/schema\/person\/image\/","url":"https:\/\/secure.gravatar.com\/avatar\/9094ba6a92e3b50222fd0796b579f81f?s=96&d=mm&r=g","contentUrl":"https:\/\/secure.gravatar.com\/avatar\/9094ba6a92e3b50222fd0796b579f81f?s=96&d=mm&r=g","caption":"weissenhorn"}}]}},"_links":{"self":[{"href":"https:\/\/weltlaeden.de\/weissenhorn\/wp-json\/wp\/v2\/posts\/1069","targetHints":{"allow":["GET"]}}],"collection":[{"href":"https:\/\/weltlaeden.de\/weissenhorn\/wp-json\/wp\/v2\/posts"}],"about":[{"href":"https:\/\/weltlaeden.de\/weissenhorn\/wp-json\/wp\/v2\/types\/post"}],"author":[{"embeddable":true,"href":"https:\/\/weltlaeden.de\/weissenhorn\/wp-json\/wp\/v2\/users\/191"}],"replies":[{"embeddable":true,"href":"https:\/\/weltlaeden.de\/weissenhorn\/wp-json\/wp\/v2\/comments?post=1069"}],"version-history":[{"count":1,"href":"https:\/\/weltlaeden.de\/weissenhorn\/wp-json\/wp\/v2\/posts\/1069\/revisions"}],"predecessor-version":[{"id":1070,"href":"https:\/\/weltlaeden.de\/weissenhorn\/wp-json\/wp\/v2\/posts\/1069\/revisions\/1070"}],"wp:attachment":[{"href":"https:\/\/weltlaeden.de\/weissenhorn\/wp-json\/wp\/v2\/media?parent=1069"}],"wp:term":[{"taxonomy":"category","embeddable":true,"href":"https:\/\/weltlaeden.de\/weissenhorn\/wp-json\/wp\/v2\/categories?post=1069"},{"taxonomy":"post_tag","embeddable":true,"href":"https:\/\/weltlaeden.de\/weissenhorn\/wp-json\/wp\/v2\/tags?post=1069"}],"curies":[{"name":"wp","href":"https:\/\/api.w.org\/{rel}","templated":true}]}}