{"id":1067,"date":"2025-07-07T09:41:15","date_gmt":"2025-07-07T07:41:15","guid":{"rendered":"https:\/\/weltlaeden.de\/weissenhorn\/?p=1067"},"modified":"2025-07-07T09:41:15","modified_gmt":"2025-07-07T07:41:15","slug":"mit-fairen-baumwollsocken-in-der-sommersonne-hocken","status":"publish","type":"post","link":"https:\/\/weltlaeden.de\/weissenhorn\/mit-fairen-baumwollsocken-in-der-sommersonne-hocken\/","title":{"rendered":"Mit fairen Baumwollsocken in der Sommersonne hocken"},"content":{"rendered":"<h2><span style=\"color: #ff6600\">die Socken werden vom t\u00fcrkischen Familienbetrieb Bulus in Istanbul hergestellt.<\/span><\/h2>\n<h2><span style=\"color: #ff6600\">Der bereits 1983 gegr\u00fcndete Betrieb ist inzwischen GOTS ( Global Organic Textile Standard ) &#8211; zertifiziert und wird in zweiter Generation von Yurdag\u00fcl Akg\u00fcl \u00d6zbek gef\u00fchrt.<\/span><\/h2>\n<h2><span style=\"color: #ff6600\">Die GOTS-Zertifizierung gew\u00e4hrleistet die Einhaltung der strengen \u00f6kologischen und sozialen Vorschriften des weltweit f\u00fchrenden Standards f\u00fcr Naturtextilien.<\/span><\/h2>\n<p>&nbsp;<\/p>\n<h3>Die Garmischung besteht aus 90% Bio-Baumwolle, 8% recyceltem Polyamid und 2% Elasthan.<\/h3>\n<h3>Die verwendete Bio Baumwolle stammt bevorzugt aus der T\u00fcrkei ( \u00c4g\u00e4is-Region und s\u00fcd\u00f6stliche T\u00fcrkei ) und nur bei Lieferengp\u00e4ssen aus Kirgistan.<\/h3>\n<h3>Bei Bulus arbeiten derzeit 17 Frauen und 15 M\u00e4nner in der Produktion und Verwaltung in einer 40-Stunden -Woche.<\/h3>\n<h3>\u00dcberstunden werden mit einem h\u00f6heren Zuschlag als vorgeschrieben verg\u00fctet. Es gibt eine Mitarbeitervertretung, Festanstellungen, gesetzliche\u00a0 Kranken-und Rentenversicherung sowie Arbeitslosengeld, das ist in der t\u00fcrkischen Textilbranche nicht \u00fcblich.<\/h3>\n<h2>Im Juli 2025 gebt es die modischen Socken und Sneaker f\u00fcr Erwachsene und Kinder in sommerlichen Farben und\u00a0 mit bunten Motiven<\/h2>\n<h2><span style=\"color: #ff6600\">mit 20% Rabatt als FairProdukt des Monats<\/span> im Weltladen in Wei\u00dfenhorn.<\/h2>\n","protected":false},"excerpt":{"rendered":"<p>die Socken werden vom t\u00fcrkischen Familienbetrieb Bulus in Istanbul hergestellt. Der bereits 1983 gegr\u00fcndete Betrieb ist inzwischen GOTS ( Global Organic Textile Standard ) &#8211; zertifiziert und wird in zweiter Generation von Yurdag\u00fcl Akg\u00fcl \u00d6zbek gef\u00fchrt. Die GOTS-Zertifizierung gew\u00e4hrleistet die Einhaltung der strengen \u00f6kologischen und sozialen Vorschriften des weltweit f\u00fchrenden Standards f\u00fcr Naturtextilien. &nbsp; Die&hellip;<\/p>\n","protected":false},"author":191,"featured_media":0,"comment_status":"closed","ping_status":"closed","sticky":false,"template":"","format":"standard","meta":{"footnotes":""},"categories":[12],"tags":[],"class_list":["post-1067","post","type-post","status-publish","format-standard","hentry","category-produkt-des-monats","category-12","description-off"],"yoast_head":"<!-- This site is optimized with the Yoast SEO plugin v26.8 - https:\/\/yoast.com\/product\/yoast-seo-wordpress\/ -->\n<title>Mit fairen Baumwollsocken in der Sommersonne hocken - Weltladen Wei\u00dfenhorn<\/title>\n<meta name=\"robots\" content=\"index, follow, max-snippet:-1, max-image-preview:large, max-video-preview:-1\" \/>\n<link rel=\"canonical\" href=\"https:\/\/weltlaeden.de\/weissenhorn\/mit-fairen-baumwollsocken-in-der-sommersonne-hocken\/\" \/>\n<meta property=\"og:locale\" content=\"de_DE\" \/>\n<meta property=\"og:type\" content=\"article\" \/>\n<meta property=\"og:title\" content=\"Mit fairen Baumwollsocken in der Sommersonne hocken - Weltladen Wei\u00dfenhorn\" \/>\n<meta property=\"og:description\" content=\"die Socken werden vom t\u00fcrkischen Familienbetrieb Bulus in Istanbul hergestellt. Der bereits 1983 gegr\u00fcndete Betrieb ist inzwischen GOTS ( Global Organic Textile Standard ) &#8211; zertifiziert und wird in zweiter Generation von Yurdag\u00fcl Akg\u00fcl \u00d6zbek gef\u00fchrt. Die GOTS-Zertifizierung gew\u00e4hrleistet die Einhaltung der strengen \u00f6kologischen und sozialen Vorschriften des weltweit f\u00fchrenden Standards f\u00fcr Naturtextilien. &nbsp; Die&hellip;\" \/>\n<meta property=\"og:url\" content=\"https:\/\/weltlaeden.de\/weissenhorn\/mit-fairen-baumwollsocken-in-der-sommersonne-hocken\/\" \/>\n<meta property=\"og:site_name\" content=\"Weltladen Wei\u00dfenhorn\" \/>\n<meta property=\"article:published_time\" content=\"2025-07-07T07:41:15+00:00\" \/>\n<meta name=\"author\" content=\"weissenhorn\" \/>\n<meta name=\"twitter:card\" content=\"summary_large_image\" \/>\n<meta name=\"twitter:label1\" content=\"Verfasst von\" \/>\n\t<meta name=\"twitter:data1\" content=\"weissenhorn\" \/>\n\t<meta name=\"twitter:label2\" content=\"Gesch\u00e4tzte Lesezeit\" \/>\n\t<meta name=\"twitter:data2\" content=\"1\u00a0Minute\" \/>\n<script type=\"application\/ld+json\" class=\"yoast-schema-graph\">{\"@context\":\"https:\/\/schema.org\",\"@graph\":[{\"@type\":\"Article\",\"@id\":\"https:\/\/weltlaeden.de\/weissenhorn\/mit-fairen-baumwollsocken-in-der-sommersonne-hocken\/#article\",\"isPartOf\":{\"@id\":\"https:\/\/weltlaeden.de\/weissenhorn\/mit-fairen-baumwollsocken-in-der-sommersonne-hocken\/\"},\"author\":{\"name\":\"weissenhorn\",\"@id\":\"https:\/\/weltlaeden.de\/weissenhorn\/#\/schema\/person\/a54ab778984ca172a44d8286c0e76e78\"},\"headline\":\"Mit fairen Baumwollsocken in der Sommersonne hocken\",\"datePublished\":\"2025-07-07T07:41:15+00:00\",\"mainEntityOfPage\":{\"@id\":\"https:\/\/weltlaeden.de\/weissenhorn\/mit-fairen-baumwollsocken-in-der-sommersonne-hocken\/\"},\"wordCount\":179,\"articleSection\":[\"Produkt des Monats\"],\"inLanguage\":\"de\"},{\"@type\":\"WebPage\",\"@id\":\"https:\/\/weltlaeden.de\/weissenhorn\/mit-fairen-baumwollsocken-in-der-sommersonne-hocken\/\",\"url\":\"https:\/\/weltlaeden.de\/weissenhorn\/mit-fairen-baumwollsocken-in-der-sommersonne-hocken\/\",\"name\":\"Mit fairen Baumwollsocken in der Sommersonne hocken - Weltladen Wei\u00dfenhorn\",\"isPartOf\":{\"@id\":\"https:\/\/weltlaeden.de\/weissenhorn\/#website\"},\"datePublished\":\"2025-07-07T07:41:15+00:00\",\"author\":{\"@id\":\"https:\/\/weltlaeden.de\/weissenhorn\/#\/schema\/person\/a54ab778984ca172a44d8286c0e76e78\"},\"breadcrumb\":{\"@id\":\"https:\/\/weltlaeden.de\/weissenhorn\/mit-fairen-baumwollsocken-in-der-sommersonne-hocken\/#breadcrumb\"},\"inLanguage\":\"de\",\"potentialAction\":[{\"@type\":\"ReadAction\",\"target\":[\"https:\/\/weltlaeden.de\/weissenhorn\/mit-fairen-baumwollsocken-in-der-sommersonne-hocken\/\"]}]},{\"@type\":\"BreadcrumbList\",\"@id\":\"https:\/\/weltlaeden.de\/weissenhorn\/mit-fairen-baumwollsocken-in-der-sommersonne-hocken\/#breadcrumb\",\"itemListElement\":[{\"@type\":\"ListItem\",\"position\":1,\"name\":\"Startseite\",\"item\":\"https:\/\/weltlaeden.de\/weissenhorn\/\"},{\"@type\":\"ListItem\",\"position\":2,\"name\":\"Mit fairen Baumwollsocken in der Sommersonne hocken\"}]},{\"@type\":\"WebSite\",\"@id\":\"https:\/\/weltlaeden.de\/weissenhorn\/#website\",\"url\":\"https:\/\/weltlaeden.de\/weissenhorn\/\",\"name\":\"Weltladen Wei\u00dfenhorn\",\"description\":\"Faire Produkte seit 1990\",\"potentialAction\":[{\"@type\":\"SearchAction\",\"target\":{\"@type\":\"EntryPoint\",\"urlTemplate\":\"https:\/\/weltlaeden.de\/weissenhorn\/?s={search_term_string}\"},\"query-input\":{\"@type\":\"PropertyValueSpecification\",\"valueRequired\":true,\"valueName\":\"search_term_string\"}}],\"inLanguage\":\"de\"},{\"@type\":\"Person\",\"@id\":\"https:\/\/weltlaeden.de\/weissenhorn\/#\/schema\/person\/a54ab778984ca172a44d8286c0e76e78\",\"name\":\"weissenhorn\",\"image\":{\"@type\":\"ImageObject\",\"inLanguage\":\"de\",\"@id\":\"https:\/\/weltlaeden.de\/weissenhorn\/#\/schema\/person\/image\/\",\"url\":\"https:\/\/secure.gravatar.com\/avatar\/9094ba6a92e3b50222fd0796b579f81f?s=96&d=mm&r=g\",\"contentUrl\":\"https:\/\/secure.gravatar.com\/avatar\/9094ba6a92e3b50222fd0796b579f81f?s=96&d=mm&r=g\",\"caption\":\"weissenhorn\"}}]}<\/script>\n<!-- \/ Yoast SEO plugin. -->","yoast_head_json":{"title":"Mit fairen Baumwollsocken in der Sommersonne hocken - Weltladen Wei\u00dfenhorn","robots":{"index":"index","follow":"follow","max-snippet":"max-snippet:-1","max-image-preview":"max-image-preview:large","max-video-preview":"max-video-preview:-1"},"canonical":"https:\/\/weltlaeden.de\/weissenhorn\/mit-fairen-baumwollsocken-in-der-sommersonne-hocken\/","og_locale":"de_DE","og_type":"article","og_title":"Mit fairen Baumwollsocken in der Sommersonne hocken - Weltladen Wei\u00dfenhorn","og_description":"die Socken werden vom t\u00fcrkischen Familienbetrieb Bulus in Istanbul hergestellt. Der bereits 1983 gegr\u00fcndete Betrieb ist inzwischen GOTS ( Global Organic Textile Standard ) &#8211; zertifiziert und wird in zweiter Generation von Yurdag\u00fcl Akg\u00fcl \u00d6zbek gef\u00fchrt. Die GOTS-Zertifizierung gew\u00e4hrleistet die Einhaltung der strengen \u00f6kologischen und sozialen Vorschriften des weltweit f\u00fchrenden Standards f\u00fcr Naturtextilien. &nbsp; Die&hellip;","og_url":"https:\/\/weltlaeden.de\/weissenhorn\/mit-fairen-baumwollsocken-in-der-sommersonne-hocken\/","og_site_name":"Weltladen Wei\u00dfenhorn","article_published_time":"2025-07-07T07:41:15+00:00","author":"weissenhorn","twitter_card":"summary_large_image","twitter_misc":{"Verfasst von":"weissenhorn","Gesch\u00e4tzte Lesezeit":"1\u00a0Minute"},"schema":{"@context":"https:\/\/schema.org","@graph":[{"@type":"Article","@id":"https:\/\/weltlaeden.de\/weissenhorn\/mit-fairen-baumwollsocken-in-der-sommersonne-hocken\/#article","isPartOf":{"@id":"https:\/\/weltlaeden.de\/weissenhorn\/mit-fairen-baumwollsocken-in-der-sommersonne-hocken\/"},"author":{"name":"weissenhorn","@id":"https:\/\/weltlaeden.de\/weissenhorn\/#\/schema\/person\/a54ab778984ca172a44d8286c0e76e78"},"headline":"Mit fairen Baumwollsocken in der Sommersonne hocken","datePublished":"2025-07-07T07:41:15+00:00","mainEntityOfPage":{"@id":"https:\/\/weltlaeden.de\/weissenhorn\/mit-fairen-baumwollsocken-in-der-sommersonne-hocken\/"},"wordCount":179,"articleSection":["Produkt des Monats"],"inLanguage":"de"},{"@type":"WebPage","@id":"https:\/\/weltlaeden.de\/weissenhorn\/mit-fairen-baumwollsocken-in-der-sommersonne-hocken\/","url":"https:\/\/weltlaeden.de\/weissenhorn\/mit-fairen-baumwollsocken-in-der-sommersonne-hocken\/","name":"Mit fairen Baumwollsocken in der Sommersonne hocken - Weltladen Wei\u00dfenhorn","isPartOf":{"@id":"https:\/\/weltlaeden.de\/weissenhorn\/#website"},"datePublished":"2025-07-07T07:41:15+00:00","author":{"@id":"https:\/\/weltlaeden.de\/weissenhorn\/#\/schema\/person\/a54ab778984ca172a44d8286c0e76e78"},"breadcrumb":{"@id":"https:\/\/weltlaeden.de\/weissenhorn\/mit-fairen-baumwollsocken-in-der-sommersonne-hocken\/#breadcrumb"},"inLanguage":"de","potentialAction":[{"@type":"ReadAction","target":["https:\/\/weltlaeden.de\/weissenhorn\/mit-fairen-baumwollsocken-in-der-sommersonne-hocken\/"]}]},{"@type":"BreadcrumbList","@id":"https:\/\/weltlaeden.de\/weissenhorn\/mit-fairen-baumwollsocken-in-der-sommersonne-hocken\/#breadcrumb","itemListElement":[{"@type":"ListItem","position":1,"name":"Startseite","item":"https:\/\/weltlaeden.de\/weissenhorn\/"},{"@type":"ListItem","position":2,"name":"Mit fairen Baumwollsocken in der Sommersonne hocken"}]},{"@type":"WebSite","@id":"https:\/\/weltlaeden.de\/weissenhorn\/#website","url":"https:\/\/weltlaeden.de\/weissenhorn\/","name":"Weltladen Wei\u00dfenhorn","description":"Faire Produkte seit 1990","potentialAction":[{"@type":"SearchAction","target":{"@type":"EntryPoint","urlTemplate":"https:\/\/weltlaeden.de\/weissenhorn\/?s={search_term_string}"},"query-input":{"@type":"PropertyValueSpecification","valueRequired":true,"valueName":"search_term_string"}}],"inLanguage":"de"},{"@type":"Person","@id":"https:\/\/weltlaeden.de\/weissenhorn\/#\/schema\/person\/a54ab778984ca172a44d8286c0e76e78","name":"weissenhorn","image":{"@type":"ImageObject","inLanguage":"de","@id":"https:\/\/weltlaeden.de\/weissenhorn\/#\/schema\/person\/image\/","url":"https:\/\/secure.gravatar.com\/avatar\/9094ba6a92e3b50222fd0796b579f81f?s=96&d=mm&r=g","contentUrl":"https:\/\/secure.gravatar.com\/avatar\/9094ba6a92e3b50222fd0796b579f81f?s=96&d=mm&r=g","caption":"weissenhorn"}}]}},"_links":{"self":[{"href":"https:\/\/weltlaeden.de\/weissenhorn\/wp-json\/wp\/v2\/posts\/1067","targetHints":{"allow":["GET"]}}],"collection":[{"href":"https:\/\/weltlaeden.de\/weissenhorn\/wp-json\/wp\/v2\/posts"}],"about":[{"href":"https:\/\/weltlaeden.de\/weissenhorn\/wp-json\/wp\/v2\/types\/post"}],"author":[{"embeddable":true,"href":"https:\/\/weltlaeden.de\/weissenhorn\/wp-json\/wp\/v2\/users\/191"}],"replies":[{"embeddable":true,"href":"https:\/\/weltlaeden.de\/weissenhorn\/wp-json\/wp\/v2\/comments?post=1067"}],"version-history":[{"count":1,"href":"https:\/\/weltlaeden.de\/weissenhorn\/wp-json\/wp\/v2\/posts\/1067\/revisions"}],"predecessor-version":[{"id":1068,"href":"https:\/\/weltlaeden.de\/weissenhorn\/wp-json\/wp\/v2\/posts\/1067\/revisions\/1068"}],"wp:attachment":[{"href":"https:\/\/weltlaeden.de\/weissenhorn\/wp-json\/wp\/v2\/media?parent=1067"}],"wp:term":[{"taxonomy":"category","embeddable":true,"href":"https:\/\/weltlaeden.de\/weissenhorn\/wp-json\/wp\/v2\/categories?post=1067"},{"taxonomy":"post_tag","embeddable":true,"href":"https:\/\/weltlaeden.de\/weissenhorn\/wp-json\/wp\/v2\/tags?post=1067"}],"curies":[{"name":"wp","href":"https:\/\/api.w.org\/{rel}","templated":true}]}}