{"id":1063,"date":"2025-05-19T13:31:47","date_gmt":"2025-05-19T11:31:47","guid":{"rendered":"https:\/\/weltlaeden.de\/weissenhorn\/?p=1063"},"modified":"2025-05-19T13:31:47","modified_gmt":"2025-05-19T11:31:47","slug":"schals-aus-indien-sind-das-fairprodukt-des-monats-mai","status":"publish","type":"post","link":"https:\/\/weltlaeden.de\/weissenhorn\/schals-aus-indien-sind-das-fairprodukt-des-monats-mai\/","title":{"rendered":"Schals aus Indien sind das FairProdukt des Monats Mai"},"content":{"rendered":"<h2><span style=\"color: #ff6600\">Das Ziel von Manjeen &#8211; Marginalized &#8211; Artisans\u00a0 Network &amp; Joint Endeavor &#8211; <\/span><\/h2>\n<h2><span style=\"color: #ff6600\">einer demokratischen und auf Gleichberechtigung abzielenden Organisationen in Indien,<\/span><\/h2>\n<h2><span style=\"color: #ff6600\"> ist, Kunsthandwerkerinnen und Ihre Gemeinschaften zu unterst\u00fctzen. <\/span><\/h2>\n<h2><span style=\"color: #ff6600\">Die Organisation ist ein verl\u00e4sslicher Partner<\/span><\/h2>\n<h2><span style=\"color: #ff6600\">\u00a0im fairen Handel und liefert wundersch\u00f6ne Schals,<\/span><\/h2>\n<h2><span style=\"color: #ff6600\"> die im Mai das FairProdukt des Monats im Weissenhorner Weltladen sind.\u00a0<\/span><\/h2>\n<h3>In Indien leben rund 1,4 Milliarden Menschen. Knapp 6% der Menschen leben von weniger als $ 1,25 US-Dollar pro Tag.<\/h3>\n<h3>Wobei die Armutsrate je nach Bundesstaat stark schwankt. Armut bleibt trotz positiver Wirtschaftsnachrichten Indiens eine gro\u00dfe Herausforderung f\u00fcr das Land.<\/h3>\n<h3>Die Kosten der Modernisierung und Industrialisierung waren hoch und gingen<\/h3>\n<h3>vor allem zu Lasten der \u00e4rmeren Bev\u00f6lkerungsteile.<\/h3>\n<h3>Die Kleinbauern und B\u00e4uerinnen Indiens k\u00f6nnen den landwirtschaftlichen Gro\u00dfbetrieben mit ihrem hohen<\/h3>\n<h3>Technologieeinsatz nur wenig entgegenhalten und werden immer mehr an den Rand gedr\u00e4ngt.<\/h3>\n<h3>Manche von Ihnen geben ihr Land, aufgrund dieser Entwicklungen\u00a0 und ziehen in die St\u00e4dte, um Arbeit zu finden.<\/h3>\n<h3>Heute leben \u00fcber 25 Millionen Menschen in Delhi und die Stadt w\u00e4chst j\u00e4hrlich um weitere 3% rund ein Drittel davon leben in Slums.<\/h3>\n<h3>Besonders problematisch sind die Besch\u00e4ftigungsverh\u00e4ltnisse einzustufen, denn nur etwa 10% aller Besch\u00e4ftigten stehen in einem vertraglich geregelten Arbeitsverh\u00e4ltnis.<\/h3>\n<h3>Der Gro\u00dfteil arbeitet im sogenannten &#8220; informellen Sektor&#8220;<\/h3>\n<h3>und ist weder gegen Krankheit oder Arbeitsunf\u00e4lle abgesichert, noch haben diese Menschen Anspruch auf Altersversorgung oder andere soziale Leistungen.<\/h3>\n<h3>Zu dieser Gruppe geh\u00f6ren vor allem Menschen der unteren Kasten.<\/h3>\n<h3>Hier setzt Manjeen an: 2001 auf Basis der Fair-Handels-Prinzipien gegr\u00fcndet, um marginalisierte Produzentinnen des informellen Sektors in und um Delhi zu unterst\u00fctzen, ist die Organisation immer mehr gewachsen. Heute\u00a0exportiert Manjeen 100% seiner Produkte an den fairen Handel.<\/h3>\n<h3>Die ingesamt ca. 150 Produzentinnen (davon ca. ein Drittel Frauen) sind in 14 Gruppe organisiert.<\/h3>\n<h3>Die Frauen arbeiten vor allem in der Herstellung der Keramik, gewobener Textilien und Modeschmuck.<\/h3>\n<h3>Die Gruppen sind in Delhi, Rajasthan, Uttar Pardesh , Punjab und Bihar angesiedelt.<\/h3>\n<h3>F\u00fcr die Produzentinnenvon Manjeen\u00a0 stellt die Handwerksproduktion die wichtigste , und f\u00fcr manche die einzige Einkommensquelle dar.<\/h3>\n<h3>Andere Produzentinnen verf\u00fcgen \u00fcber ein kleines St\u00fcck Land f\u00fcr den Anbau von Grundnahrnungsmitteln und verkaufen \u00dcbersch\u00fcsse auf dem lokalen Markt.<\/h3>\n<h3>Die indische Fair Trade Organisation MKS( Madhya Kalikata Shilpangan)<\/h3>\n<h3>in Kolkata verfolgt das Ziel, einzigartige Kunsthandwerkstechniken in den verschiedenen Regionen Indiens zu erhalten und durch die Vermarktung der Produkte in den fairen Handel die Lebensperspektive der Kunsthandwerk*innen zu verbessern.<\/h3>\n<h3>MKS arbeitet mit \u00fcber 20 Kunsthandwerk Gruppen\u00a0 in verschiedenen Regionen Indiens zusammen.<\/h3>\n<h3>Dabei wird Wert auf gute Arbeitsbedingungen gelegt und auf die Herkunft der Materialien geachtet.<\/h3>\n<h3>F\u00fcr die Herstellung von Seidenschals arbeitet MKS mit Gruppen von Seidenweber*innen zusammen.<\/h3>\n<h3>Sie z\u00fcchten die Raupen f\u00fcr die Seidengewinnung gemeinsam und Verarbeiten die F\u00e4den zu hochwertigen Stoffen .<\/h3>\n<h2>Fair gehandelte Schals aus Indien<\/h2>\n<h2><span style=\"color: #ff6600\"> gibt es zu 20% im Preis reduziert <\/span><\/h2>\n<h2>als FairProdukt des Monats Mai<\/h2>\n<h2>im Weissenhorner Weltladen &#8211; mittem im Herzen der Fairtrade &#8211; Stadt.<\/h2>\n","protected":false},"excerpt":{"rendered":"<p>Das Ziel von Manjeen &#8211; Marginalized &#8211; Artisans\u00a0 Network &amp; Joint Endeavor &#8211; einer demokratischen und auf Gleichberechtigung abzielenden Organisationen in Indien, ist, Kunsthandwerkerinnen und Ihre Gemeinschaften zu unterst\u00fctzen. Die Organisation ist ein verl\u00e4sslicher Partner \u00a0im fairen Handel und liefert wundersch\u00f6ne Schals, die im Mai das FairProdukt des Monats im Weissenhorner Weltladen sind.\u00a0 In Indien&hellip;<\/p>\n","protected":false},"author":191,"featured_media":0,"comment_status":"closed","ping_status":"closed","sticky":false,"template":"","format":"standard","meta":{"footnotes":""},"categories":[12],"tags":[],"class_list":["post-1063","post","type-post","status-publish","format-standard","hentry","category-produkt-des-monats","category-12","description-off"],"yoast_head":"<!-- This site is optimized with the Yoast SEO plugin v26.8 - https:\/\/yoast.com\/product\/yoast-seo-wordpress\/ -->\n<title>Schals aus Indien sind das FairProdukt des Monats Mai - Weltladen Wei\u00dfenhorn<\/title>\n<meta name=\"robots\" content=\"index, follow, max-snippet:-1, max-image-preview:large, max-video-preview:-1\" \/>\n<link rel=\"canonical\" href=\"https:\/\/weltlaeden.de\/weissenhorn\/schals-aus-indien-sind-das-fairprodukt-des-monats-mai\/\" \/>\n<meta property=\"og:locale\" content=\"de_DE\" \/>\n<meta property=\"og:type\" content=\"article\" \/>\n<meta property=\"og:title\" content=\"Schals aus Indien sind das FairProdukt des Monats Mai - Weltladen Wei\u00dfenhorn\" \/>\n<meta property=\"og:description\" content=\"Das Ziel von Manjeen &#8211; Marginalized &#8211; Artisans\u00a0 Network &amp; Joint Endeavor &#8211; einer demokratischen und auf Gleichberechtigung abzielenden Organisationen in Indien, ist, Kunsthandwerkerinnen und Ihre Gemeinschaften zu unterst\u00fctzen. Die Organisation ist ein verl\u00e4sslicher Partner \u00a0im fairen Handel und liefert wundersch\u00f6ne Schals, die im Mai das FairProdukt des Monats im Weissenhorner Weltladen sind.\u00a0 In Indien&hellip;\" \/>\n<meta property=\"og:url\" content=\"https:\/\/weltlaeden.de\/weissenhorn\/schals-aus-indien-sind-das-fairprodukt-des-monats-mai\/\" \/>\n<meta property=\"og:site_name\" content=\"Weltladen Wei\u00dfenhorn\" \/>\n<meta property=\"article:published_time\" content=\"2025-05-19T11:31:47+00:00\" \/>\n<meta name=\"author\" content=\"weissenhorn\" \/>\n<meta name=\"twitter:card\" content=\"summary_large_image\" \/>\n<meta name=\"twitter:label1\" content=\"Verfasst von\" \/>\n\t<meta name=\"twitter:data1\" content=\"weissenhorn\" \/>\n\t<meta name=\"twitter:label2\" content=\"Gesch\u00e4tzte Lesezeit\" \/>\n\t<meta name=\"twitter:data2\" content=\"2\u00a0Minuten\" \/>\n<script type=\"application\/ld+json\" class=\"yoast-schema-graph\">{\"@context\":\"https:\/\/schema.org\",\"@graph\":[{\"@type\":\"Article\",\"@id\":\"https:\/\/weltlaeden.de\/weissenhorn\/schals-aus-indien-sind-das-fairprodukt-des-monats-mai\/#article\",\"isPartOf\":{\"@id\":\"https:\/\/weltlaeden.de\/weissenhorn\/schals-aus-indien-sind-das-fairprodukt-des-monats-mai\/\"},\"author\":{\"name\":\"weissenhorn\",\"@id\":\"https:\/\/weltlaeden.de\/weissenhorn\/#\/schema\/person\/a54ab778984ca172a44d8286c0e76e78\"},\"headline\":\"Schals aus Indien sind das FairProdukt des Monats Mai\",\"datePublished\":\"2025-05-19T11:31:47+00:00\",\"mainEntityOfPage\":{\"@id\":\"https:\/\/weltlaeden.de\/weissenhorn\/schals-aus-indien-sind-das-fairprodukt-des-monats-mai\/\"},\"wordCount\":494,\"articleSection\":[\"Produkt des Monats\"],\"inLanguage\":\"de\"},{\"@type\":\"WebPage\",\"@id\":\"https:\/\/weltlaeden.de\/weissenhorn\/schals-aus-indien-sind-das-fairprodukt-des-monats-mai\/\",\"url\":\"https:\/\/weltlaeden.de\/weissenhorn\/schals-aus-indien-sind-das-fairprodukt-des-monats-mai\/\",\"name\":\"Schals aus Indien sind das FairProdukt des Monats Mai - Weltladen Wei\u00dfenhorn\",\"isPartOf\":{\"@id\":\"https:\/\/weltlaeden.de\/weissenhorn\/#website\"},\"datePublished\":\"2025-05-19T11:31:47+00:00\",\"author\":{\"@id\":\"https:\/\/weltlaeden.de\/weissenhorn\/#\/schema\/person\/a54ab778984ca172a44d8286c0e76e78\"},\"breadcrumb\":{\"@id\":\"https:\/\/weltlaeden.de\/weissenhorn\/schals-aus-indien-sind-das-fairprodukt-des-monats-mai\/#breadcrumb\"},\"inLanguage\":\"de\",\"potentialAction\":[{\"@type\":\"ReadAction\",\"target\":[\"https:\/\/weltlaeden.de\/weissenhorn\/schals-aus-indien-sind-das-fairprodukt-des-monats-mai\/\"]}]},{\"@type\":\"BreadcrumbList\",\"@id\":\"https:\/\/weltlaeden.de\/weissenhorn\/schals-aus-indien-sind-das-fairprodukt-des-monats-mai\/#breadcrumb\",\"itemListElement\":[{\"@type\":\"ListItem\",\"position\":1,\"name\":\"Startseite\",\"item\":\"https:\/\/weltlaeden.de\/weissenhorn\/\"},{\"@type\":\"ListItem\",\"position\":2,\"name\":\"Schals aus Indien sind das FairProdukt des Monats Mai\"}]},{\"@type\":\"WebSite\",\"@id\":\"https:\/\/weltlaeden.de\/weissenhorn\/#website\",\"url\":\"https:\/\/weltlaeden.de\/weissenhorn\/\",\"name\":\"Weltladen Wei\u00dfenhorn\",\"description\":\"Faire Produkte seit 1990\",\"potentialAction\":[{\"@type\":\"SearchAction\",\"target\":{\"@type\":\"EntryPoint\",\"urlTemplate\":\"https:\/\/weltlaeden.de\/weissenhorn\/?s={search_term_string}\"},\"query-input\":{\"@type\":\"PropertyValueSpecification\",\"valueRequired\":true,\"valueName\":\"search_term_string\"}}],\"inLanguage\":\"de\"},{\"@type\":\"Person\",\"@id\":\"https:\/\/weltlaeden.de\/weissenhorn\/#\/schema\/person\/a54ab778984ca172a44d8286c0e76e78\",\"name\":\"weissenhorn\",\"image\":{\"@type\":\"ImageObject\",\"inLanguage\":\"de\",\"@id\":\"https:\/\/weltlaeden.de\/weissenhorn\/#\/schema\/person\/image\/\",\"url\":\"https:\/\/secure.gravatar.com\/avatar\/9094ba6a92e3b50222fd0796b579f81f?s=96&d=mm&r=g\",\"contentUrl\":\"https:\/\/secure.gravatar.com\/avatar\/9094ba6a92e3b50222fd0796b579f81f?s=96&d=mm&r=g\",\"caption\":\"weissenhorn\"}}]}<\/script>\n<!-- \/ Yoast SEO plugin. -->","yoast_head_json":{"title":"Schals aus Indien sind das FairProdukt des Monats Mai - Weltladen Wei\u00dfenhorn","robots":{"index":"index","follow":"follow","max-snippet":"max-snippet:-1","max-image-preview":"max-image-preview:large","max-video-preview":"max-video-preview:-1"},"canonical":"https:\/\/weltlaeden.de\/weissenhorn\/schals-aus-indien-sind-das-fairprodukt-des-monats-mai\/","og_locale":"de_DE","og_type":"article","og_title":"Schals aus Indien sind das FairProdukt des Monats Mai - Weltladen Wei\u00dfenhorn","og_description":"Das Ziel von Manjeen &#8211; Marginalized &#8211; Artisans\u00a0 Network &amp; Joint Endeavor &#8211; einer demokratischen und auf Gleichberechtigung abzielenden Organisationen in Indien, ist, Kunsthandwerkerinnen und Ihre Gemeinschaften zu unterst\u00fctzen. Die Organisation ist ein verl\u00e4sslicher Partner \u00a0im fairen Handel und liefert wundersch\u00f6ne Schals, die im Mai das FairProdukt des Monats im Weissenhorner Weltladen sind.\u00a0 In Indien&hellip;","og_url":"https:\/\/weltlaeden.de\/weissenhorn\/schals-aus-indien-sind-das-fairprodukt-des-monats-mai\/","og_site_name":"Weltladen Wei\u00dfenhorn","article_published_time":"2025-05-19T11:31:47+00:00","author":"weissenhorn","twitter_card":"summary_large_image","twitter_misc":{"Verfasst von":"weissenhorn","Gesch\u00e4tzte Lesezeit":"2\u00a0Minuten"},"schema":{"@context":"https:\/\/schema.org","@graph":[{"@type":"Article","@id":"https:\/\/weltlaeden.de\/weissenhorn\/schals-aus-indien-sind-das-fairprodukt-des-monats-mai\/#article","isPartOf":{"@id":"https:\/\/weltlaeden.de\/weissenhorn\/schals-aus-indien-sind-das-fairprodukt-des-monats-mai\/"},"author":{"name":"weissenhorn","@id":"https:\/\/weltlaeden.de\/weissenhorn\/#\/schema\/person\/a54ab778984ca172a44d8286c0e76e78"},"headline":"Schals aus Indien sind das FairProdukt des Monats Mai","datePublished":"2025-05-19T11:31:47+00:00","mainEntityOfPage":{"@id":"https:\/\/weltlaeden.de\/weissenhorn\/schals-aus-indien-sind-das-fairprodukt-des-monats-mai\/"},"wordCount":494,"articleSection":["Produkt des Monats"],"inLanguage":"de"},{"@type":"WebPage","@id":"https:\/\/weltlaeden.de\/weissenhorn\/schals-aus-indien-sind-das-fairprodukt-des-monats-mai\/","url":"https:\/\/weltlaeden.de\/weissenhorn\/schals-aus-indien-sind-das-fairprodukt-des-monats-mai\/","name":"Schals aus Indien sind das FairProdukt des Monats Mai - Weltladen Wei\u00dfenhorn","isPartOf":{"@id":"https:\/\/weltlaeden.de\/weissenhorn\/#website"},"datePublished":"2025-05-19T11:31:47+00:00","author":{"@id":"https:\/\/weltlaeden.de\/weissenhorn\/#\/schema\/person\/a54ab778984ca172a44d8286c0e76e78"},"breadcrumb":{"@id":"https:\/\/weltlaeden.de\/weissenhorn\/schals-aus-indien-sind-das-fairprodukt-des-monats-mai\/#breadcrumb"},"inLanguage":"de","potentialAction":[{"@type":"ReadAction","target":["https:\/\/weltlaeden.de\/weissenhorn\/schals-aus-indien-sind-das-fairprodukt-des-monats-mai\/"]}]},{"@type":"BreadcrumbList","@id":"https:\/\/weltlaeden.de\/weissenhorn\/schals-aus-indien-sind-das-fairprodukt-des-monats-mai\/#breadcrumb","itemListElement":[{"@type":"ListItem","position":1,"name":"Startseite","item":"https:\/\/weltlaeden.de\/weissenhorn\/"},{"@type":"ListItem","position":2,"name":"Schals aus Indien sind das FairProdukt des Monats Mai"}]},{"@type":"WebSite","@id":"https:\/\/weltlaeden.de\/weissenhorn\/#website","url":"https:\/\/weltlaeden.de\/weissenhorn\/","name":"Weltladen Wei\u00dfenhorn","description":"Faire Produkte seit 1990","potentialAction":[{"@type":"SearchAction","target":{"@type":"EntryPoint","urlTemplate":"https:\/\/weltlaeden.de\/weissenhorn\/?s={search_term_string}"},"query-input":{"@type":"PropertyValueSpecification","valueRequired":true,"valueName":"search_term_string"}}],"inLanguage":"de"},{"@type":"Person","@id":"https:\/\/weltlaeden.de\/weissenhorn\/#\/schema\/person\/a54ab778984ca172a44d8286c0e76e78","name":"weissenhorn","image":{"@type":"ImageObject","inLanguage":"de","@id":"https:\/\/weltlaeden.de\/weissenhorn\/#\/schema\/person\/image\/","url":"https:\/\/secure.gravatar.com\/avatar\/9094ba6a92e3b50222fd0796b579f81f?s=96&d=mm&r=g","contentUrl":"https:\/\/secure.gravatar.com\/avatar\/9094ba6a92e3b50222fd0796b579f81f?s=96&d=mm&r=g","caption":"weissenhorn"}}]}},"_links":{"self":[{"href":"https:\/\/weltlaeden.de\/weissenhorn\/wp-json\/wp\/v2\/posts\/1063","targetHints":{"allow":["GET"]}}],"collection":[{"href":"https:\/\/weltlaeden.de\/weissenhorn\/wp-json\/wp\/v2\/posts"}],"about":[{"href":"https:\/\/weltlaeden.de\/weissenhorn\/wp-json\/wp\/v2\/types\/post"}],"author":[{"embeddable":true,"href":"https:\/\/weltlaeden.de\/weissenhorn\/wp-json\/wp\/v2\/users\/191"}],"replies":[{"embeddable":true,"href":"https:\/\/weltlaeden.de\/weissenhorn\/wp-json\/wp\/v2\/comments?post=1063"}],"version-history":[{"count":1,"href":"https:\/\/weltlaeden.de\/weissenhorn\/wp-json\/wp\/v2\/posts\/1063\/revisions"}],"predecessor-version":[{"id":1064,"href":"https:\/\/weltlaeden.de\/weissenhorn\/wp-json\/wp\/v2\/posts\/1063\/revisions\/1064"}],"wp:attachment":[{"href":"https:\/\/weltlaeden.de\/weissenhorn\/wp-json\/wp\/v2\/media?parent=1063"}],"wp:term":[{"taxonomy":"category","embeddable":true,"href":"https:\/\/weltlaeden.de\/weissenhorn\/wp-json\/wp\/v2\/categories?post=1063"},{"taxonomy":"post_tag","embeddable":true,"href":"https:\/\/weltlaeden.de\/weissenhorn\/wp-json\/wp\/v2\/tags?post=1063"}],"curies":[{"name":"wp","href":"https:\/\/api.w.org\/{rel}","templated":true}]}}