{"id":1061,"date":"2025-04-01T19:50:45","date_gmt":"2025-04-01T17:50:45","guid":{"rendered":"https:\/\/weltlaeden.de\/weissenhorn\/?p=1061"},"modified":"2025-04-01T19:50:45","modified_gmt":"2025-04-01T17:50:45","slug":"faire-ostern","status":"publish","type":"post","link":"https:\/\/weltlaeden.de\/weissenhorn\/faire-ostern\/","title":{"rendered":"Faire Ostern"},"content":{"rendered":"<p>&nbsp;<\/p>\n<h1><span style=\"color: #000000\"><strong>Faire Ostern<\/strong><\/span><\/h1>\n<p>&nbsp;<\/p>\n<h2><span style=\"color: #ff6600\"><strong>Die Fastenzeit ist schon halb geschafft und der Blick geht Richtung Ostern.<\/strong><\/span><\/h2>\n<h2><span style=\"color: #ff6600\"><strong> Schokolade und andere S\u00fc\u00dfigkeiten geh\u00f6ren zum Osterfest &#8211; und erfreulicherweise w\u00e4chst das Fairtrade-Angebot.<\/strong><\/span><\/h2>\n<h2><span style=\"color: #ff6600\"><strong> So k\u00f6nnen faire Produktionsbedingungen in den Herkunftsl\u00e4ndern unterst\u00fctzt werden \u2013 zum Beispiel in der Dominikanischen Republik.<\/strong><\/span><\/h2>\n<p>&nbsp;<\/p>\n<h3>Die COOPROAGRO (Cooperativa de Productores Agropecuarios) ist eine Kooperative im Nordosten der Dominikanischen Republik und einer der wichtigsten Biokakao-Lieferanten des Fairen Handels.<\/h3>\n<h3>Zurzeit geh\u00f6ren ca. 2000 Kakaob\u00e4uerinnen und Kakaobauern zu COOPROAGRO.<\/h3>\n<h3>Der faire Mehrpreis wird in die Infrastruktur der Gemeinden und in die Qualit\u00e4tssicherung investiert. So wurden z.B. Stra\u00dfen repariert, Br\u00fccken gebaut, in einer Gemeinde Haushalte mit Strom versorgt, ein Vereinsheim wieder aufgebaut, H\u00e4user f\u00fcr bed\u00fcrftige Mitglieder errichtet und eine Schule saniert.<\/h3>\n<h3>\nEbenfalls ein bew\u00e4hrter Partner im Fairen Handel ist die Firma Zotter im \u00f6sterreichischen Riegersburg.<\/h3>\n<h3>Das Unternehmen ist Fair Trade verifiziert und Mitglied bei der WFTO\u2013 World Fair Trade Organization, der Dachorganisation des fairen Handels, welche die Einhaltung der 10 Prinzipien des fairen Handels wie faire Bezahlung, keine Kinderarbeit, Transparenz, Sorge um die Umwelt und vieles mehr kontrolliert.<\/h3>\n<h3>Der fair gehandelte Bio-Kakao kommt aus vielen unterschiedlichen L\u00e4ndern, z.B. Peru, Bolivien, Nicaragua, Panama, Ecuador, Dominikanische Republik usw. Er wird in Mischkultur angepflanzt und ist wichtig f\u00fcr den Erhalt von indigenen Kulturen und einer intakten Umwelt.<\/h3>\n<h3>\nDie Zotter-Schokolade und die GEPA-Osterschokolade sind<\/h3>\n<h2><span style=\"color: #ff6600\">das FairProdukt des Monats April<\/span> <span style=\"color: #ff6600\">und um 20 % im Preis reduziert <\/span><\/h2>\n<h3><span style=\"color: #000000\">im Wei\u00dfenhorner Weltladen <\/span>\u2013 mitten im Herzen der Fairtrade-Stadt &#8211; zu erwerben. \u2013 Zuhause dann gut verstecken, dann ist die Freude an Ostern um so gr\u00f6\u00dfer!<\/h3>\n","protected":false},"excerpt":{"rendered":"<p>&nbsp; Faire Ostern &nbsp; Die Fastenzeit ist schon halb geschafft und der Blick geht Richtung Ostern. Schokolade und andere S\u00fc\u00dfigkeiten geh\u00f6ren zum Osterfest &#8211; und erfreulicherweise w\u00e4chst das Fairtrade-Angebot. So k\u00f6nnen faire Produktionsbedingungen in den Herkunftsl\u00e4ndern unterst\u00fctzt werden \u2013 zum Beispiel in der Dominikanischen Republik. &nbsp; Die COOPROAGRO (Cooperativa de Productores Agropecuarios) ist eine Kooperative&hellip;<\/p>\n","protected":false},"author":191,"featured_media":0,"comment_status":"closed","ping_status":"closed","sticky":false,"template":"","format":"standard","meta":{"footnotes":""},"categories":[12],"tags":[],"class_list":["post-1061","post","type-post","status-publish","format-standard","hentry","category-produkt-des-monats","category-12","description-off"],"yoast_head":"<!-- This site is optimized with the Yoast SEO plugin v26.8 - https:\/\/yoast.com\/product\/yoast-seo-wordpress\/ -->\n<title>Faire Ostern - Weltladen Wei\u00dfenhorn<\/title>\n<meta name=\"robots\" content=\"index, follow, max-snippet:-1, max-image-preview:large, max-video-preview:-1\" \/>\n<link rel=\"canonical\" href=\"https:\/\/weltlaeden.de\/weissenhorn\/faire-ostern\/\" \/>\n<meta property=\"og:locale\" content=\"de_DE\" \/>\n<meta property=\"og:type\" content=\"article\" \/>\n<meta property=\"og:title\" content=\"Faire Ostern - Weltladen Wei\u00dfenhorn\" \/>\n<meta property=\"og:description\" content=\"&nbsp; Faire Ostern &nbsp; Die Fastenzeit ist schon halb geschafft und der Blick geht Richtung Ostern. Schokolade und andere S\u00fc\u00dfigkeiten geh\u00f6ren zum Osterfest &#8211; und erfreulicherweise w\u00e4chst das Fairtrade-Angebot. So k\u00f6nnen faire Produktionsbedingungen in den Herkunftsl\u00e4ndern unterst\u00fctzt werden \u2013 zum Beispiel in der Dominikanischen Republik. &nbsp; Die COOPROAGRO (Cooperativa de Productores Agropecuarios) ist eine Kooperative&hellip;\" \/>\n<meta property=\"og:url\" content=\"https:\/\/weltlaeden.de\/weissenhorn\/faire-ostern\/\" \/>\n<meta property=\"og:site_name\" content=\"Weltladen Wei\u00dfenhorn\" \/>\n<meta property=\"article:published_time\" content=\"2025-04-01T17:50:45+00:00\" \/>\n<meta name=\"author\" content=\"weissenhorn\" \/>\n<meta name=\"twitter:card\" content=\"summary_large_image\" \/>\n<meta name=\"twitter:label1\" content=\"Verfasst von\" \/>\n\t<meta name=\"twitter:data1\" content=\"weissenhorn\" \/>\n\t<meta name=\"twitter:label2\" content=\"Gesch\u00e4tzte Lesezeit\" \/>\n\t<meta name=\"twitter:data2\" content=\"1\u00a0Minute\" \/>\n<script type=\"application\/ld+json\" class=\"yoast-schema-graph\">{\"@context\":\"https:\/\/schema.org\",\"@graph\":[{\"@type\":\"Article\",\"@id\":\"https:\/\/weltlaeden.de\/weissenhorn\/faire-ostern\/#article\",\"isPartOf\":{\"@id\":\"https:\/\/weltlaeden.de\/weissenhorn\/faire-ostern\/\"},\"author\":{\"name\":\"weissenhorn\",\"@id\":\"https:\/\/weltlaeden.de\/weissenhorn\/#\/schema\/person\/a54ab778984ca172a44d8286c0e76e78\"},\"headline\":\"Faire Ostern\",\"datePublished\":\"2025-04-01T17:50:45+00:00\",\"mainEntityOfPage\":{\"@id\":\"https:\/\/weltlaeden.de\/weissenhorn\/faire-ostern\/\"},\"wordCount\":271,\"articleSection\":[\"Produkt des Monats\"],\"inLanguage\":\"de\"},{\"@type\":\"WebPage\",\"@id\":\"https:\/\/weltlaeden.de\/weissenhorn\/faire-ostern\/\",\"url\":\"https:\/\/weltlaeden.de\/weissenhorn\/faire-ostern\/\",\"name\":\"Faire Ostern - Weltladen Wei\u00dfenhorn\",\"isPartOf\":{\"@id\":\"https:\/\/weltlaeden.de\/weissenhorn\/#website\"},\"datePublished\":\"2025-04-01T17:50:45+00:00\",\"author\":{\"@id\":\"https:\/\/weltlaeden.de\/weissenhorn\/#\/schema\/person\/a54ab778984ca172a44d8286c0e76e78\"},\"breadcrumb\":{\"@id\":\"https:\/\/weltlaeden.de\/weissenhorn\/faire-ostern\/#breadcrumb\"},\"inLanguage\":\"de\",\"potentialAction\":[{\"@type\":\"ReadAction\",\"target\":[\"https:\/\/weltlaeden.de\/weissenhorn\/faire-ostern\/\"]}]},{\"@type\":\"BreadcrumbList\",\"@id\":\"https:\/\/weltlaeden.de\/weissenhorn\/faire-ostern\/#breadcrumb\",\"itemListElement\":[{\"@type\":\"ListItem\",\"position\":1,\"name\":\"Startseite\",\"item\":\"https:\/\/weltlaeden.de\/weissenhorn\/\"},{\"@type\":\"ListItem\",\"position\":2,\"name\":\"Faire Ostern\"}]},{\"@type\":\"WebSite\",\"@id\":\"https:\/\/weltlaeden.de\/weissenhorn\/#website\",\"url\":\"https:\/\/weltlaeden.de\/weissenhorn\/\",\"name\":\"Weltladen Wei\u00dfenhorn\",\"description\":\"Faire Produkte seit 1990\",\"potentialAction\":[{\"@type\":\"SearchAction\",\"target\":{\"@type\":\"EntryPoint\",\"urlTemplate\":\"https:\/\/weltlaeden.de\/weissenhorn\/?s={search_term_string}\"},\"query-input\":{\"@type\":\"PropertyValueSpecification\",\"valueRequired\":true,\"valueName\":\"search_term_string\"}}],\"inLanguage\":\"de\"},{\"@type\":\"Person\",\"@id\":\"https:\/\/weltlaeden.de\/weissenhorn\/#\/schema\/person\/a54ab778984ca172a44d8286c0e76e78\",\"name\":\"weissenhorn\",\"image\":{\"@type\":\"ImageObject\",\"inLanguage\":\"de\",\"@id\":\"https:\/\/weltlaeden.de\/weissenhorn\/#\/schema\/person\/image\/\",\"url\":\"https:\/\/secure.gravatar.com\/avatar\/9094ba6a92e3b50222fd0796b579f81f?s=96&d=mm&r=g\",\"contentUrl\":\"https:\/\/secure.gravatar.com\/avatar\/9094ba6a92e3b50222fd0796b579f81f?s=96&d=mm&r=g\",\"caption\":\"weissenhorn\"}}]}<\/script>\n<!-- \/ Yoast SEO plugin. -->","yoast_head_json":{"title":"Faire Ostern - Weltladen Wei\u00dfenhorn","robots":{"index":"index","follow":"follow","max-snippet":"max-snippet:-1","max-image-preview":"max-image-preview:large","max-video-preview":"max-video-preview:-1"},"canonical":"https:\/\/weltlaeden.de\/weissenhorn\/faire-ostern\/","og_locale":"de_DE","og_type":"article","og_title":"Faire Ostern - Weltladen Wei\u00dfenhorn","og_description":"&nbsp; Faire Ostern &nbsp; Die Fastenzeit ist schon halb geschafft und der Blick geht Richtung Ostern. Schokolade und andere S\u00fc\u00dfigkeiten geh\u00f6ren zum Osterfest &#8211; und erfreulicherweise w\u00e4chst das Fairtrade-Angebot. So k\u00f6nnen faire Produktionsbedingungen in den Herkunftsl\u00e4ndern unterst\u00fctzt werden \u2013 zum Beispiel in der Dominikanischen Republik. &nbsp; Die COOPROAGRO (Cooperativa de Productores Agropecuarios) ist eine Kooperative&hellip;","og_url":"https:\/\/weltlaeden.de\/weissenhorn\/faire-ostern\/","og_site_name":"Weltladen Wei\u00dfenhorn","article_published_time":"2025-04-01T17:50:45+00:00","author":"weissenhorn","twitter_card":"summary_large_image","twitter_misc":{"Verfasst von":"weissenhorn","Gesch\u00e4tzte Lesezeit":"1\u00a0Minute"},"schema":{"@context":"https:\/\/schema.org","@graph":[{"@type":"Article","@id":"https:\/\/weltlaeden.de\/weissenhorn\/faire-ostern\/#article","isPartOf":{"@id":"https:\/\/weltlaeden.de\/weissenhorn\/faire-ostern\/"},"author":{"name":"weissenhorn","@id":"https:\/\/weltlaeden.de\/weissenhorn\/#\/schema\/person\/a54ab778984ca172a44d8286c0e76e78"},"headline":"Faire Ostern","datePublished":"2025-04-01T17:50:45+00:00","mainEntityOfPage":{"@id":"https:\/\/weltlaeden.de\/weissenhorn\/faire-ostern\/"},"wordCount":271,"articleSection":["Produkt des Monats"],"inLanguage":"de"},{"@type":"WebPage","@id":"https:\/\/weltlaeden.de\/weissenhorn\/faire-ostern\/","url":"https:\/\/weltlaeden.de\/weissenhorn\/faire-ostern\/","name":"Faire Ostern - Weltladen Wei\u00dfenhorn","isPartOf":{"@id":"https:\/\/weltlaeden.de\/weissenhorn\/#website"},"datePublished":"2025-04-01T17:50:45+00:00","author":{"@id":"https:\/\/weltlaeden.de\/weissenhorn\/#\/schema\/person\/a54ab778984ca172a44d8286c0e76e78"},"breadcrumb":{"@id":"https:\/\/weltlaeden.de\/weissenhorn\/faire-ostern\/#breadcrumb"},"inLanguage":"de","potentialAction":[{"@type":"ReadAction","target":["https:\/\/weltlaeden.de\/weissenhorn\/faire-ostern\/"]}]},{"@type":"BreadcrumbList","@id":"https:\/\/weltlaeden.de\/weissenhorn\/faire-ostern\/#breadcrumb","itemListElement":[{"@type":"ListItem","position":1,"name":"Startseite","item":"https:\/\/weltlaeden.de\/weissenhorn\/"},{"@type":"ListItem","position":2,"name":"Faire Ostern"}]},{"@type":"WebSite","@id":"https:\/\/weltlaeden.de\/weissenhorn\/#website","url":"https:\/\/weltlaeden.de\/weissenhorn\/","name":"Weltladen Wei\u00dfenhorn","description":"Faire Produkte seit 1990","potentialAction":[{"@type":"SearchAction","target":{"@type":"EntryPoint","urlTemplate":"https:\/\/weltlaeden.de\/weissenhorn\/?s={search_term_string}"},"query-input":{"@type":"PropertyValueSpecification","valueRequired":true,"valueName":"search_term_string"}}],"inLanguage":"de"},{"@type":"Person","@id":"https:\/\/weltlaeden.de\/weissenhorn\/#\/schema\/person\/a54ab778984ca172a44d8286c0e76e78","name":"weissenhorn","image":{"@type":"ImageObject","inLanguage":"de","@id":"https:\/\/weltlaeden.de\/weissenhorn\/#\/schema\/person\/image\/","url":"https:\/\/secure.gravatar.com\/avatar\/9094ba6a92e3b50222fd0796b579f81f?s=96&d=mm&r=g","contentUrl":"https:\/\/secure.gravatar.com\/avatar\/9094ba6a92e3b50222fd0796b579f81f?s=96&d=mm&r=g","caption":"weissenhorn"}}]}},"_links":{"self":[{"href":"https:\/\/weltlaeden.de\/weissenhorn\/wp-json\/wp\/v2\/posts\/1061","targetHints":{"allow":["GET"]}}],"collection":[{"href":"https:\/\/weltlaeden.de\/weissenhorn\/wp-json\/wp\/v2\/posts"}],"about":[{"href":"https:\/\/weltlaeden.de\/weissenhorn\/wp-json\/wp\/v2\/types\/post"}],"author":[{"embeddable":true,"href":"https:\/\/weltlaeden.de\/weissenhorn\/wp-json\/wp\/v2\/users\/191"}],"replies":[{"embeddable":true,"href":"https:\/\/weltlaeden.de\/weissenhorn\/wp-json\/wp\/v2\/comments?post=1061"}],"version-history":[{"count":1,"href":"https:\/\/weltlaeden.de\/weissenhorn\/wp-json\/wp\/v2\/posts\/1061\/revisions"}],"predecessor-version":[{"id":1062,"href":"https:\/\/weltlaeden.de\/weissenhorn\/wp-json\/wp\/v2\/posts\/1061\/revisions\/1062"}],"wp:attachment":[{"href":"https:\/\/weltlaeden.de\/weissenhorn\/wp-json\/wp\/v2\/media?parent=1061"}],"wp:term":[{"taxonomy":"category","embeddable":true,"href":"https:\/\/weltlaeden.de\/weissenhorn\/wp-json\/wp\/v2\/categories?post=1061"},{"taxonomy":"post_tag","embeddable":true,"href":"https:\/\/weltlaeden.de\/weissenhorn\/wp-json\/wp\/v2\/tags?post=1061"}],"curies":[{"name":"wp","href":"https:\/\/api.w.org\/{rel}","templated":true}]}}