{"id":1058,"date":"2025-02-26T08:48:56","date_gmt":"2025-02-26T07:48:56","guid":{"rendered":"https:\/\/weltlaeden.de\/weissenhorn\/?p=1058"},"modified":"2025-02-26T08:48:56","modified_gmt":"2025-02-26T07:48:56","slug":"locker-vom-fairen-hocker","status":"publish","type":"post","link":"https:\/\/weltlaeden.de\/weissenhorn\/locker-vom-fairen-hocker\/","title":{"rendered":"Locker vom fairen Hocker"},"content":{"rendered":"<h1><span style=\"color: #ff6600\"><strong>Locker vom fairen Hocker<\/strong><\/span><\/h1>\n<p>&nbsp;<\/p>\n<h2><span style=\"color: #ff6600\"><strong>Im M\u00e4rz sind edle und formsch\u00f6ne Hocker aus Thailand<\/strong><\/span><\/h2>\n<h2><span style=\"color: #ff6600\"><strong>das FairProdukt des Monats im Wei\u00dfenhorner Weltladen.<\/strong><\/span><\/h2>\n<h4><strong>Im Norden Thailands, in der Provinz Amphore Hang Dong, werden von einer kleine Gruppe von Kunsthandwerkern sch\u00f6ne und stabile Kinderhocker f\u00fcr den fairen Handel gefertigt.<\/strong><\/h4>\n<h4><strong> In der Werkstatt von Kobchai Chinsonthikul sind zwei Tischler und vier Schnitzer angestellt. Weitere vier Mitarbeiter bemalen die Hocker.<\/strong><\/h4>\n<h4><strong> Diese sind aus dem stabilen Holz des Regenbaumes (Samanea Saman) hergestellt. Die Rohlinge werden zun\u00e4chst in einer spezielle Trockenkammer getrocknet. Danach wird das Motiv in Handarbeit in die Sitzfl\u00e4che geschnitzt. <\/strong><\/h4>\n<h4><strong>Als n\u00e4chster Arbeitsschritt erfolgt die Bemalung mit Acrylfarben. Abschlie\u00dfend werden die Hocker gewachst und poliert. \u00dcber die Fairtrade-zertifizierte Firma Lindwurm kommen die Hocker nach Wei\u00dfenhorn. <\/strong><\/h4>\n<h4><strong>\u201eSozial verantwortliches Handeln geht f\u00fcr uns auch immer einher mit \u00f6kologisch nachhaltigem Wirtschaften. <\/strong><\/h4>\n<h4><strong>Dazu geh\u00f6rt, da\u00df unsere Waren langlebig sind, Materialien bewu\u00dft nach Kriterien der Umweltvertr\u00e4glichkeit gew\u00e4hlt werden und sparsam mit Energie und Rohstoffen umgegangen wird. <\/strong><\/h4>\n<h4><strong>Ein weitere Aspekt ist die Belebung alter Handwerkstechniken und somit die F\u00f6rderung der kulturellen Identit\u00e4t,\u201c sagt Monika Meixner, die Vorsitzende des Weltladen-Vereins. <\/strong><\/h4>\n<h2>Die fairen Hocker gibt es im<span style=\"color: #ff6600\"> M\u00e4rz um 20% im Preis reduziert <\/span><\/h2>\n<h2>als FairProdukt des Monats im Wei\u00dfenhorner Weltladen<\/h2>\n<h2>\u2013 mitten im Herzen der Fairtrade-Stadt.<\/h2>\n","protected":false},"excerpt":{"rendered":"<p>Locker vom fairen Hocker &nbsp; Im M\u00e4rz sind edle und formsch\u00f6ne Hocker aus Thailand das FairProdukt des Monats im Wei\u00dfenhorner Weltladen. Im Norden Thailands, in der Provinz Amphore Hang Dong, werden von einer kleine Gruppe von Kunsthandwerkern sch\u00f6ne und stabile Kinderhocker f\u00fcr den fairen Handel gefertigt. In der Werkstatt von Kobchai Chinsonthikul sind zwei Tischler&hellip;<\/p>\n","protected":false},"author":191,"featured_media":0,"comment_status":"closed","ping_status":"closed","sticky":false,"template":"","format":"standard","meta":{"footnotes":""},"categories":[12],"tags":[],"class_list":["post-1058","post","type-post","status-publish","format-standard","hentry","category-produkt-des-monats","category-12","description-off"],"yoast_head":"<!-- This site is optimized with the Yoast SEO plugin v26.8 - https:\/\/yoast.com\/product\/yoast-seo-wordpress\/ -->\n<title>Locker vom fairen Hocker - Weltladen Wei\u00dfenhorn<\/title>\n<meta name=\"robots\" content=\"index, follow, max-snippet:-1, max-image-preview:large, max-video-preview:-1\" \/>\n<link rel=\"canonical\" href=\"https:\/\/weltlaeden.de\/weissenhorn\/locker-vom-fairen-hocker\/\" \/>\n<meta property=\"og:locale\" content=\"de_DE\" \/>\n<meta property=\"og:type\" content=\"article\" \/>\n<meta property=\"og:title\" content=\"Locker vom fairen Hocker - Weltladen Wei\u00dfenhorn\" \/>\n<meta property=\"og:description\" content=\"Locker vom fairen Hocker &nbsp; Im M\u00e4rz sind edle und formsch\u00f6ne Hocker aus Thailand das FairProdukt des Monats im Wei\u00dfenhorner Weltladen. Im Norden Thailands, in der Provinz Amphore Hang Dong, werden von einer kleine Gruppe von Kunsthandwerkern sch\u00f6ne und stabile Kinderhocker f\u00fcr den fairen Handel gefertigt. In der Werkstatt von Kobchai Chinsonthikul sind zwei Tischler&hellip;\" \/>\n<meta property=\"og:url\" content=\"https:\/\/weltlaeden.de\/weissenhorn\/locker-vom-fairen-hocker\/\" \/>\n<meta property=\"og:site_name\" content=\"Weltladen Wei\u00dfenhorn\" \/>\n<meta property=\"article:published_time\" content=\"2025-02-26T07:48:56+00:00\" \/>\n<meta name=\"author\" content=\"weissenhorn\" \/>\n<meta name=\"twitter:card\" content=\"summary_large_image\" \/>\n<meta name=\"twitter:label1\" content=\"Verfasst von\" \/>\n\t<meta name=\"twitter:data1\" content=\"weissenhorn\" \/>\n\t<meta name=\"twitter:label2\" content=\"Gesch\u00e4tzte Lesezeit\" \/>\n\t<meta name=\"twitter:data2\" content=\"1\u00a0Minute\" \/>\n<script type=\"application\/ld+json\" class=\"yoast-schema-graph\">{\"@context\":\"https:\/\/schema.org\",\"@graph\":[{\"@type\":\"Article\",\"@id\":\"https:\/\/weltlaeden.de\/weissenhorn\/locker-vom-fairen-hocker\/#article\",\"isPartOf\":{\"@id\":\"https:\/\/weltlaeden.de\/weissenhorn\/locker-vom-fairen-hocker\/\"},\"author\":{\"name\":\"weissenhorn\",\"@id\":\"https:\/\/weltlaeden.de\/weissenhorn\/#\/schema\/person\/a54ab778984ca172a44d8286c0e76e78\"},\"headline\":\"Locker vom fairen Hocker\",\"datePublished\":\"2025-02-26T07:48:56+00:00\",\"mainEntityOfPage\":{\"@id\":\"https:\/\/weltlaeden.de\/weissenhorn\/locker-vom-fairen-hocker\/\"},\"wordCount\":224,\"articleSection\":[\"Produkt des Monats\"],\"inLanguage\":\"de\"},{\"@type\":\"WebPage\",\"@id\":\"https:\/\/weltlaeden.de\/weissenhorn\/locker-vom-fairen-hocker\/\",\"url\":\"https:\/\/weltlaeden.de\/weissenhorn\/locker-vom-fairen-hocker\/\",\"name\":\"Locker vom fairen Hocker - Weltladen Wei\u00dfenhorn\",\"isPartOf\":{\"@id\":\"https:\/\/weltlaeden.de\/weissenhorn\/#website\"},\"datePublished\":\"2025-02-26T07:48:56+00:00\",\"author\":{\"@id\":\"https:\/\/weltlaeden.de\/weissenhorn\/#\/schema\/person\/a54ab778984ca172a44d8286c0e76e78\"},\"breadcrumb\":{\"@id\":\"https:\/\/weltlaeden.de\/weissenhorn\/locker-vom-fairen-hocker\/#breadcrumb\"},\"inLanguage\":\"de\",\"potentialAction\":[{\"@type\":\"ReadAction\",\"target\":[\"https:\/\/weltlaeden.de\/weissenhorn\/locker-vom-fairen-hocker\/\"]}]},{\"@type\":\"BreadcrumbList\",\"@id\":\"https:\/\/weltlaeden.de\/weissenhorn\/locker-vom-fairen-hocker\/#breadcrumb\",\"itemListElement\":[{\"@type\":\"ListItem\",\"position\":1,\"name\":\"Startseite\",\"item\":\"https:\/\/weltlaeden.de\/weissenhorn\/\"},{\"@type\":\"ListItem\",\"position\":2,\"name\":\"Locker vom fairen Hocker\"}]},{\"@type\":\"WebSite\",\"@id\":\"https:\/\/weltlaeden.de\/weissenhorn\/#website\",\"url\":\"https:\/\/weltlaeden.de\/weissenhorn\/\",\"name\":\"Weltladen Wei\u00dfenhorn\",\"description\":\"Faire Produkte seit 1990\",\"potentialAction\":[{\"@type\":\"SearchAction\",\"target\":{\"@type\":\"EntryPoint\",\"urlTemplate\":\"https:\/\/weltlaeden.de\/weissenhorn\/?s={search_term_string}\"},\"query-input\":{\"@type\":\"PropertyValueSpecification\",\"valueRequired\":true,\"valueName\":\"search_term_string\"}}],\"inLanguage\":\"de\"},{\"@type\":\"Person\",\"@id\":\"https:\/\/weltlaeden.de\/weissenhorn\/#\/schema\/person\/a54ab778984ca172a44d8286c0e76e78\",\"name\":\"weissenhorn\",\"image\":{\"@type\":\"ImageObject\",\"inLanguage\":\"de\",\"@id\":\"https:\/\/weltlaeden.de\/weissenhorn\/#\/schema\/person\/image\/\",\"url\":\"https:\/\/secure.gravatar.com\/avatar\/9094ba6a92e3b50222fd0796b579f81f?s=96&d=mm&r=g\",\"contentUrl\":\"https:\/\/secure.gravatar.com\/avatar\/9094ba6a92e3b50222fd0796b579f81f?s=96&d=mm&r=g\",\"caption\":\"weissenhorn\"}}]}<\/script>\n<!-- \/ Yoast SEO plugin. -->","yoast_head_json":{"title":"Locker vom fairen Hocker - Weltladen Wei\u00dfenhorn","robots":{"index":"index","follow":"follow","max-snippet":"max-snippet:-1","max-image-preview":"max-image-preview:large","max-video-preview":"max-video-preview:-1"},"canonical":"https:\/\/weltlaeden.de\/weissenhorn\/locker-vom-fairen-hocker\/","og_locale":"de_DE","og_type":"article","og_title":"Locker vom fairen Hocker - Weltladen Wei\u00dfenhorn","og_description":"Locker vom fairen Hocker &nbsp; Im M\u00e4rz sind edle und formsch\u00f6ne Hocker aus Thailand das FairProdukt des Monats im Wei\u00dfenhorner Weltladen. Im Norden Thailands, in der Provinz Amphore Hang Dong, werden von einer kleine Gruppe von Kunsthandwerkern sch\u00f6ne und stabile Kinderhocker f\u00fcr den fairen Handel gefertigt. In der Werkstatt von Kobchai Chinsonthikul sind zwei Tischler&hellip;","og_url":"https:\/\/weltlaeden.de\/weissenhorn\/locker-vom-fairen-hocker\/","og_site_name":"Weltladen Wei\u00dfenhorn","article_published_time":"2025-02-26T07:48:56+00:00","author":"weissenhorn","twitter_card":"summary_large_image","twitter_misc":{"Verfasst von":"weissenhorn","Gesch\u00e4tzte Lesezeit":"1\u00a0Minute"},"schema":{"@context":"https:\/\/schema.org","@graph":[{"@type":"Article","@id":"https:\/\/weltlaeden.de\/weissenhorn\/locker-vom-fairen-hocker\/#article","isPartOf":{"@id":"https:\/\/weltlaeden.de\/weissenhorn\/locker-vom-fairen-hocker\/"},"author":{"name":"weissenhorn","@id":"https:\/\/weltlaeden.de\/weissenhorn\/#\/schema\/person\/a54ab778984ca172a44d8286c0e76e78"},"headline":"Locker vom fairen Hocker","datePublished":"2025-02-26T07:48:56+00:00","mainEntityOfPage":{"@id":"https:\/\/weltlaeden.de\/weissenhorn\/locker-vom-fairen-hocker\/"},"wordCount":224,"articleSection":["Produkt des Monats"],"inLanguage":"de"},{"@type":"WebPage","@id":"https:\/\/weltlaeden.de\/weissenhorn\/locker-vom-fairen-hocker\/","url":"https:\/\/weltlaeden.de\/weissenhorn\/locker-vom-fairen-hocker\/","name":"Locker vom fairen Hocker - Weltladen Wei\u00dfenhorn","isPartOf":{"@id":"https:\/\/weltlaeden.de\/weissenhorn\/#website"},"datePublished":"2025-02-26T07:48:56+00:00","author":{"@id":"https:\/\/weltlaeden.de\/weissenhorn\/#\/schema\/person\/a54ab778984ca172a44d8286c0e76e78"},"breadcrumb":{"@id":"https:\/\/weltlaeden.de\/weissenhorn\/locker-vom-fairen-hocker\/#breadcrumb"},"inLanguage":"de","potentialAction":[{"@type":"ReadAction","target":["https:\/\/weltlaeden.de\/weissenhorn\/locker-vom-fairen-hocker\/"]}]},{"@type":"BreadcrumbList","@id":"https:\/\/weltlaeden.de\/weissenhorn\/locker-vom-fairen-hocker\/#breadcrumb","itemListElement":[{"@type":"ListItem","position":1,"name":"Startseite","item":"https:\/\/weltlaeden.de\/weissenhorn\/"},{"@type":"ListItem","position":2,"name":"Locker vom fairen Hocker"}]},{"@type":"WebSite","@id":"https:\/\/weltlaeden.de\/weissenhorn\/#website","url":"https:\/\/weltlaeden.de\/weissenhorn\/","name":"Weltladen Wei\u00dfenhorn","description":"Faire Produkte seit 1990","potentialAction":[{"@type":"SearchAction","target":{"@type":"EntryPoint","urlTemplate":"https:\/\/weltlaeden.de\/weissenhorn\/?s={search_term_string}"},"query-input":{"@type":"PropertyValueSpecification","valueRequired":true,"valueName":"search_term_string"}}],"inLanguage":"de"},{"@type":"Person","@id":"https:\/\/weltlaeden.de\/weissenhorn\/#\/schema\/person\/a54ab778984ca172a44d8286c0e76e78","name":"weissenhorn","image":{"@type":"ImageObject","inLanguage":"de","@id":"https:\/\/weltlaeden.de\/weissenhorn\/#\/schema\/person\/image\/","url":"https:\/\/secure.gravatar.com\/avatar\/9094ba6a92e3b50222fd0796b579f81f?s=96&d=mm&r=g","contentUrl":"https:\/\/secure.gravatar.com\/avatar\/9094ba6a92e3b50222fd0796b579f81f?s=96&d=mm&r=g","caption":"weissenhorn"}}]}},"_links":{"self":[{"href":"https:\/\/weltlaeden.de\/weissenhorn\/wp-json\/wp\/v2\/posts\/1058","targetHints":{"allow":["GET"]}}],"collection":[{"href":"https:\/\/weltlaeden.de\/weissenhorn\/wp-json\/wp\/v2\/posts"}],"about":[{"href":"https:\/\/weltlaeden.de\/weissenhorn\/wp-json\/wp\/v2\/types\/post"}],"author":[{"embeddable":true,"href":"https:\/\/weltlaeden.de\/weissenhorn\/wp-json\/wp\/v2\/users\/191"}],"replies":[{"embeddable":true,"href":"https:\/\/weltlaeden.de\/weissenhorn\/wp-json\/wp\/v2\/comments?post=1058"}],"version-history":[{"count":1,"href":"https:\/\/weltlaeden.de\/weissenhorn\/wp-json\/wp\/v2\/posts\/1058\/revisions"}],"predecessor-version":[{"id":1059,"href":"https:\/\/weltlaeden.de\/weissenhorn\/wp-json\/wp\/v2\/posts\/1058\/revisions\/1059"}],"wp:attachment":[{"href":"https:\/\/weltlaeden.de\/weissenhorn\/wp-json\/wp\/v2\/media?parent=1058"}],"wp:term":[{"taxonomy":"category","embeddable":true,"href":"https:\/\/weltlaeden.de\/weissenhorn\/wp-json\/wp\/v2\/categories?post=1058"},{"taxonomy":"post_tag","embeddable":true,"href":"https:\/\/weltlaeden.de\/weissenhorn\/wp-json\/wp\/v2\/tags?post=1058"}],"curies":[{"name":"wp","href":"https:\/\/api.w.org\/{rel}","templated":true}]}}