{"id":1055,"date":"2025-01-30T06:51:02","date_gmt":"2025-01-30T05:51:02","guid":{"rendered":"https:\/\/weltlaeden.de\/weissenhorn\/?p=1055"},"modified":"2025-01-30T06:51:02","modified_gmt":"2025-01-30T05:51:02","slug":"giessdir-bluehende-oasen-auf","status":"publish","type":"post","link":"https:\/\/weltlaeden.de\/weissenhorn\/giessdir-bluehende-oasen-auf\/","title":{"rendered":"Gie\u00df`Dir bl\u00fchende Oasen auf!"},"content":{"rendered":"<h1 style=\"font-weight: 400\"><span style=\"color: #ff6600\"><strong>Gie\u00df` Dir bl\u00fchende Oasen auf!<\/strong><\/span><\/h1>\n<h1 style=\"font-weight: 400\"><span style=\"color: #ff6600\"><strong><br \/>\nTee aus \u00c4gypten ist FairProdukt des Monats im Februar<\/strong><\/span><\/h1>\n<p style=\"font-weight: 400\">\n<h3 style=\"font-weight: 400\"><strong>\u201eF\u00fchl\u00b4 Dich leicht\u201c <\/strong><strong>und \u201eKomm\u00b4 zur Ruhe!\u201c so hei\u00dfen zwei der neuen Teesorten aus \u00c4gypten, die der Weltladen Wei\u00dfenhorn als FairProdukt des Monats Februar anbietet.<\/strong><\/h3>\n<p style=\"font-weight: 400\">\n<h4 style=\"font-weight: 400\"><strong>Die Tees kommen von der \u00e4gyptischen SEKEM-Organisation. 1977 gr\u00fcndete\u00a0Dr. Ibrahim Abouleish die SEKEM-Initiative auf einem\u00a0unber\u00fchrten Teil der \u00e4gyptischen W\u00fcste (70 Hektar), 60 km nord\u00f6stlich von Kairo. <\/strong><\/h4>\n<h4 style=\"font-weight: 400\"><strong>Mit biologisch-dynamischer Landwirtschaft machte er den W\u00fcstenboden fruchtbar und gr\u00fcndete Unternehmen, in denen die Felderzeugnisse verarbeitet werden. <\/strong><\/h4>\n<h4 style=\"font-weight: 400\"><strong>Im Laufe der Jahre entstanden immer mehr Firmen und Bildungseinrichtungen, in denen stets die menschliche Entwicklung im Vordergrund steht.<\/strong><\/h4>\n<h4 style=\"font-weight: 400\"><strong> SEKEM ist heute als eines der weltweit f\u00fchrenden Sozialunternehmen bekannt. Hier werden Tees in Demeter-Qualit\u00e4t produziert und damit Bio- und Fairtrade-Konzepte miteinander verbunden. <\/strong><\/h4>\n<h4 style=\"font-weight: 400\"><strong>Neben der Bewirtschaftung von W\u00fcstenland hat SEKEM auch Kinderg\u00e4rten, Schulen, ein Berufsbildungszentrum und die Heliopolis Universit\u00e4t errichtet. 20.000 Menschen erhalten so erweiterte Arbeits- und Lebensperspektiven.<\/strong><\/h4>\n<h2 style=\"font-weight: 400\">\n<span style=\"color: #ff6600\">Die Tees von SEKEM gibt es<span style=\"color: #000000\"> um 20% im Preis reduziert<\/span> als FairProdukt des<\/span><\/h2>\n<h2 style=\"font-weight: 400\"><span style=\"color: #ff6600\"> Monats im Wei\u00dfenhorner Weltladen \u2013 mitten im Herzen der Fairtrade-Stadt.<\/span><\/h2>\n","protected":false},"excerpt":{"rendered":"<p>Gie\u00df` Dir bl\u00fchende Oasen auf! Tee aus \u00c4gypten ist FairProdukt des Monats im Februar \u201eF\u00fchl\u00b4 Dich leicht\u201c und \u201eKomm\u00b4 zur Ruhe!\u201c so hei\u00dfen zwei der neuen Teesorten aus \u00c4gypten, die der Weltladen Wei\u00dfenhorn als FairProdukt des Monats Februar anbietet. Die Tees kommen von der \u00e4gyptischen SEKEM-Organisation. 1977 gr\u00fcndete\u00a0Dr. Ibrahim Abouleish die SEKEM-Initiative auf einem\u00a0unber\u00fchrten Teil&hellip;<\/p>\n","protected":false},"author":191,"featured_media":0,"comment_status":"closed","ping_status":"closed","sticky":false,"template":"","format":"standard","meta":{"footnotes":""},"categories":[12],"tags":[],"class_list":["post-1055","post","type-post","status-publish","format-standard","hentry","category-produkt-des-monats","category-12","description-off"],"yoast_head":"<!-- This site is optimized with the Yoast SEO plugin v26.8 - https:\/\/yoast.com\/product\/yoast-seo-wordpress\/ -->\n<title>Gie\u00df`Dir bl\u00fchende Oasen auf! - Weltladen Wei\u00dfenhorn<\/title>\n<meta name=\"robots\" content=\"index, follow, max-snippet:-1, max-image-preview:large, max-video-preview:-1\" \/>\n<link rel=\"canonical\" href=\"https:\/\/weltlaeden.de\/weissenhorn\/giessdir-bluehende-oasen-auf\/\" \/>\n<meta property=\"og:locale\" content=\"de_DE\" \/>\n<meta property=\"og:type\" content=\"article\" \/>\n<meta property=\"og:title\" content=\"Gie\u00df`Dir bl\u00fchende Oasen auf! - Weltladen Wei\u00dfenhorn\" \/>\n<meta property=\"og:description\" content=\"Gie\u00df` Dir bl\u00fchende Oasen auf! Tee aus \u00c4gypten ist FairProdukt des Monats im Februar \u201eF\u00fchl\u00b4 Dich leicht\u201c und \u201eKomm\u00b4 zur Ruhe!\u201c so hei\u00dfen zwei der neuen Teesorten aus \u00c4gypten, die der Weltladen Wei\u00dfenhorn als FairProdukt des Monats Februar anbietet. Die Tees kommen von der \u00e4gyptischen SEKEM-Organisation. 1977 gr\u00fcndete\u00a0Dr. Ibrahim Abouleish die SEKEM-Initiative auf einem\u00a0unber\u00fchrten Teil&hellip;\" \/>\n<meta property=\"og:url\" content=\"https:\/\/weltlaeden.de\/weissenhorn\/giessdir-bluehende-oasen-auf\/\" \/>\n<meta property=\"og:site_name\" content=\"Weltladen Wei\u00dfenhorn\" \/>\n<meta property=\"article:published_time\" content=\"2025-01-30T05:51:02+00:00\" \/>\n<meta name=\"author\" content=\"weissenhorn\" \/>\n<meta name=\"twitter:card\" content=\"summary_large_image\" \/>\n<meta name=\"twitter:label1\" content=\"Verfasst von\" \/>\n\t<meta name=\"twitter:data1\" content=\"weissenhorn\" \/>\n\t<meta name=\"twitter:label2\" content=\"Gesch\u00e4tzte Lesezeit\" \/>\n\t<meta name=\"twitter:data2\" content=\"1\u00a0Minute\" \/>\n<script type=\"application\/ld+json\" class=\"yoast-schema-graph\">{\"@context\":\"https:\/\/schema.org\",\"@graph\":[{\"@type\":\"Article\",\"@id\":\"https:\/\/weltlaeden.de\/weissenhorn\/giessdir-bluehende-oasen-auf\/#article\",\"isPartOf\":{\"@id\":\"https:\/\/weltlaeden.de\/weissenhorn\/giessdir-bluehende-oasen-auf\/\"},\"author\":{\"name\":\"weissenhorn\",\"@id\":\"https:\/\/weltlaeden.de\/weissenhorn\/#\/schema\/person\/a54ab778984ca172a44d8286c0e76e78\"},\"headline\":\"Gie\u00df`Dir bl\u00fchende Oasen auf!\",\"datePublished\":\"2025-01-30T05:51:02+00:00\",\"mainEntityOfPage\":{\"@id\":\"https:\/\/weltlaeden.de\/weissenhorn\/giessdir-bluehende-oasen-auf\/\"},\"wordCount\":191,\"articleSection\":[\"Produkt des Monats\"],\"inLanguage\":\"de\"},{\"@type\":\"WebPage\",\"@id\":\"https:\/\/weltlaeden.de\/weissenhorn\/giessdir-bluehende-oasen-auf\/\",\"url\":\"https:\/\/weltlaeden.de\/weissenhorn\/giessdir-bluehende-oasen-auf\/\",\"name\":\"Gie\u00df`Dir bl\u00fchende Oasen auf! - Weltladen Wei\u00dfenhorn\",\"isPartOf\":{\"@id\":\"https:\/\/weltlaeden.de\/weissenhorn\/#website\"},\"datePublished\":\"2025-01-30T05:51:02+00:00\",\"author\":{\"@id\":\"https:\/\/weltlaeden.de\/weissenhorn\/#\/schema\/person\/a54ab778984ca172a44d8286c0e76e78\"},\"breadcrumb\":{\"@id\":\"https:\/\/weltlaeden.de\/weissenhorn\/giessdir-bluehende-oasen-auf\/#breadcrumb\"},\"inLanguage\":\"de\",\"potentialAction\":[{\"@type\":\"ReadAction\",\"target\":[\"https:\/\/weltlaeden.de\/weissenhorn\/giessdir-bluehende-oasen-auf\/\"]}]},{\"@type\":\"BreadcrumbList\",\"@id\":\"https:\/\/weltlaeden.de\/weissenhorn\/giessdir-bluehende-oasen-auf\/#breadcrumb\",\"itemListElement\":[{\"@type\":\"ListItem\",\"position\":1,\"name\":\"Startseite\",\"item\":\"https:\/\/weltlaeden.de\/weissenhorn\/\"},{\"@type\":\"ListItem\",\"position\":2,\"name\":\"Gie\u00df`Dir bl\u00fchende Oasen auf!\"}]},{\"@type\":\"WebSite\",\"@id\":\"https:\/\/weltlaeden.de\/weissenhorn\/#website\",\"url\":\"https:\/\/weltlaeden.de\/weissenhorn\/\",\"name\":\"Weltladen Wei\u00dfenhorn\",\"description\":\"Faire Produkte seit 1990\",\"potentialAction\":[{\"@type\":\"SearchAction\",\"target\":{\"@type\":\"EntryPoint\",\"urlTemplate\":\"https:\/\/weltlaeden.de\/weissenhorn\/?s={search_term_string}\"},\"query-input\":{\"@type\":\"PropertyValueSpecification\",\"valueRequired\":true,\"valueName\":\"search_term_string\"}}],\"inLanguage\":\"de\"},{\"@type\":\"Person\",\"@id\":\"https:\/\/weltlaeden.de\/weissenhorn\/#\/schema\/person\/a54ab778984ca172a44d8286c0e76e78\",\"name\":\"weissenhorn\",\"image\":{\"@type\":\"ImageObject\",\"inLanguage\":\"de\",\"@id\":\"https:\/\/weltlaeden.de\/weissenhorn\/#\/schema\/person\/image\/\",\"url\":\"https:\/\/secure.gravatar.com\/avatar\/9094ba6a92e3b50222fd0796b579f81f?s=96&d=mm&r=g\",\"contentUrl\":\"https:\/\/secure.gravatar.com\/avatar\/9094ba6a92e3b50222fd0796b579f81f?s=96&d=mm&r=g\",\"caption\":\"weissenhorn\"}}]}<\/script>\n<!-- \/ Yoast SEO plugin. -->","yoast_head_json":{"title":"Gie\u00df`Dir bl\u00fchende Oasen auf! - Weltladen Wei\u00dfenhorn","robots":{"index":"index","follow":"follow","max-snippet":"max-snippet:-1","max-image-preview":"max-image-preview:large","max-video-preview":"max-video-preview:-1"},"canonical":"https:\/\/weltlaeden.de\/weissenhorn\/giessdir-bluehende-oasen-auf\/","og_locale":"de_DE","og_type":"article","og_title":"Gie\u00df`Dir bl\u00fchende Oasen auf! - Weltladen Wei\u00dfenhorn","og_description":"Gie\u00df` Dir bl\u00fchende Oasen auf! Tee aus \u00c4gypten ist FairProdukt des Monats im Februar \u201eF\u00fchl\u00b4 Dich leicht\u201c und \u201eKomm\u00b4 zur Ruhe!\u201c so hei\u00dfen zwei der neuen Teesorten aus \u00c4gypten, die der Weltladen Wei\u00dfenhorn als FairProdukt des Monats Februar anbietet. Die Tees kommen von der \u00e4gyptischen SEKEM-Organisation. 1977 gr\u00fcndete\u00a0Dr. Ibrahim Abouleish die SEKEM-Initiative auf einem\u00a0unber\u00fchrten Teil&hellip;","og_url":"https:\/\/weltlaeden.de\/weissenhorn\/giessdir-bluehende-oasen-auf\/","og_site_name":"Weltladen Wei\u00dfenhorn","article_published_time":"2025-01-30T05:51:02+00:00","author":"weissenhorn","twitter_card":"summary_large_image","twitter_misc":{"Verfasst von":"weissenhorn","Gesch\u00e4tzte Lesezeit":"1\u00a0Minute"},"schema":{"@context":"https:\/\/schema.org","@graph":[{"@type":"Article","@id":"https:\/\/weltlaeden.de\/weissenhorn\/giessdir-bluehende-oasen-auf\/#article","isPartOf":{"@id":"https:\/\/weltlaeden.de\/weissenhorn\/giessdir-bluehende-oasen-auf\/"},"author":{"name":"weissenhorn","@id":"https:\/\/weltlaeden.de\/weissenhorn\/#\/schema\/person\/a54ab778984ca172a44d8286c0e76e78"},"headline":"Gie\u00df`Dir bl\u00fchende Oasen auf!","datePublished":"2025-01-30T05:51:02+00:00","mainEntityOfPage":{"@id":"https:\/\/weltlaeden.de\/weissenhorn\/giessdir-bluehende-oasen-auf\/"},"wordCount":191,"articleSection":["Produkt des Monats"],"inLanguage":"de"},{"@type":"WebPage","@id":"https:\/\/weltlaeden.de\/weissenhorn\/giessdir-bluehende-oasen-auf\/","url":"https:\/\/weltlaeden.de\/weissenhorn\/giessdir-bluehende-oasen-auf\/","name":"Gie\u00df`Dir bl\u00fchende Oasen auf! - Weltladen Wei\u00dfenhorn","isPartOf":{"@id":"https:\/\/weltlaeden.de\/weissenhorn\/#website"},"datePublished":"2025-01-30T05:51:02+00:00","author":{"@id":"https:\/\/weltlaeden.de\/weissenhorn\/#\/schema\/person\/a54ab778984ca172a44d8286c0e76e78"},"breadcrumb":{"@id":"https:\/\/weltlaeden.de\/weissenhorn\/giessdir-bluehende-oasen-auf\/#breadcrumb"},"inLanguage":"de","potentialAction":[{"@type":"ReadAction","target":["https:\/\/weltlaeden.de\/weissenhorn\/giessdir-bluehende-oasen-auf\/"]}]},{"@type":"BreadcrumbList","@id":"https:\/\/weltlaeden.de\/weissenhorn\/giessdir-bluehende-oasen-auf\/#breadcrumb","itemListElement":[{"@type":"ListItem","position":1,"name":"Startseite","item":"https:\/\/weltlaeden.de\/weissenhorn\/"},{"@type":"ListItem","position":2,"name":"Gie\u00df`Dir bl\u00fchende Oasen auf!"}]},{"@type":"WebSite","@id":"https:\/\/weltlaeden.de\/weissenhorn\/#website","url":"https:\/\/weltlaeden.de\/weissenhorn\/","name":"Weltladen Wei\u00dfenhorn","description":"Faire Produkte seit 1990","potentialAction":[{"@type":"SearchAction","target":{"@type":"EntryPoint","urlTemplate":"https:\/\/weltlaeden.de\/weissenhorn\/?s={search_term_string}"},"query-input":{"@type":"PropertyValueSpecification","valueRequired":true,"valueName":"search_term_string"}}],"inLanguage":"de"},{"@type":"Person","@id":"https:\/\/weltlaeden.de\/weissenhorn\/#\/schema\/person\/a54ab778984ca172a44d8286c0e76e78","name":"weissenhorn","image":{"@type":"ImageObject","inLanguage":"de","@id":"https:\/\/weltlaeden.de\/weissenhorn\/#\/schema\/person\/image\/","url":"https:\/\/secure.gravatar.com\/avatar\/9094ba6a92e3b50222fd0796b579f81f?s=96&d=mm&r=g","contentUrl":"https:\/\/secure.gravatar.com\/avatar\/9094ba6a92e3b50222fd0796b579f81f?s=96&d=mm&r=g","caption":"weissenhorn"}}]}},"_links":{"self":[{"href":"https:\/\/weltlaeden.de\/weissenhorn\/wp-json\/wp\/v2\/posts\/1055","targetHints":{"allow":["GET"]}}],"collection":[{"href":"https:\/\/weltlaeden.de\/weissenhorn\/wp-json\/wp\/v2\/posts"}],"about":[{"href":"https:\/\/weltlaeden.de\/weissenhorn\/wp-json\/wp\/v2\/types\/post"}],"author":[{"embeddable":true,"href":"https:\/\/weltlaeden.de\/weissenhorn\/wp-json\/wp\/v2\/users\/191"}],"replies":[{"embeddable":true,"href":"https:\/\/weltlaeden.de\/weissenhorn\/wp-json\/wp\/v2\/comments?post=1055"}],"version-history":[{"count":1,"href":"https:\/\/weltlaeden.de\/weissenhorn\/wp-json\/wp\/v2\/posts\/1055\/revisions"}],"predecessor-version":[{"id":1056,"href":"https:\/\/weltlaeden.de\/weissenhorn\/wp-json\/wp\/v2\/posts\/1055\/revisions\/1056"}],"wp:attachment":[{"href":"https:\/\/weltlaeden.de\/weissenhorn\/wp-json\/wp\/v2\/media?parent=1055"}],"wp:term":[{"taxonomy":"category","embeddable":true,"href":"https:\/\/weltlaeden.de\/weissenhorn\/wp-json\/wp\/v2\/categories?post=1055"},{"taxonomy":"post_tag","embeddable":true,"href":"https:\/\/weltlaeden.de\/weissenhorn\/wp-json\/wp\/v2\/tags?post=1055"}],"curies":[{"name":"wp","href":"https:\/\/api.w.org\/{rel}","templated":true}]}}