{"id":1039,"date":"2024-11-01T11:13:39","date_gmt":"2024-11-01T10:13:39","guid":{"rendered":"https:\/\/weltlaeden.de\/weissenhorn\/?p=1039"},"modified":"2024-11-01T11:13:39","modified_gmt":"2024-11-01T10:13:39","slug":"fair-gestrickt","status":"publish","type":"post","link":"https:\/\/weltlaeden.de\/weissenhorn\/fair-gestrickt\/","title":{"rendered":"Fair gestrickt"},"content":{"rendered":"<h1><span style=\"color: #ff6600\"><strong>FAIR gestrickt<\/strong><\/span><\/h1>\n<h1><span style=\"color: #ff6600\"><strong><br \/>\nDas FairProdukt des Monats November h\u00e4lt warm<\/strong><\/span><\/h1>\n<p>&nbsp;<\/p>\n<h2><strong>Aus Nepal und Peru kommen fair gehandelte Strickwaren f\u00fcr die kalte<\/strong><\/h2>\n<h2><strong> Jahreszeit. Im November sind sie das FairProdukts des Monats im<\/strong><\/h2>\n<h2><strong> Wei\u00dfenhorner Weltladen.<\/strong><\/h2>\n<p>&nbsp;<\/p>\n<h3><span style=\"color: #ff6600\">KTS \u2013 die Kumbeshwar Technical School<\/span> &#8211; ist ein Bildungs- und Berufsbildungszentrum mit Sitz in Kathmandu, das \u00fcber 2000 Handwerkerinnen und Handwerker besch\u00e4ftigt.<\/h3>\n<h3>Anf\u00e4nglich wurde KTS gegr\u00fcndet, um die Lebenssituation der wenig angesehenen Kaste der Pode (Stra\u00dfenkehrer) zu verbessern.<\/h3>\n<h3>Heute gibt es bei KTS Ausbildungsprogramme im Stricken, Teppichweben und Schreinern sowie verschiedene Projekte f\u00fcr Kinder, wie kostenlosen Grundschulunterricht, ein Waisenhaus und eine Tagesst\u00e4tte f\u00fcr Kinder aus einkommensschwachen Familien.<\/h3>\n<h3>Daneben werden zinsfreie Darlehen f\u00fcr selbstst\u00e4ndige Handwerker angeboten, die dadurch eigene Werkst\u00e4tten er\u00f6ffnen und weitere Arbeitspl\u00e4tze schaffen k\u00f6nnen.<\/h3>\n<h3>Ebenfalls in Nepal gibt es die Manufaktur <span style=\"color: #ff6600\">Nepalaya Craft.<\/span> Sie produziert zu 100 % Fair Trade Produkte.<\/h3>\n<h3>Menschen verschiedener religi\u00f6ser und sozialer Zugeh\u00f6rigkeit arbeiten hier miteinander. Aus- und Weiterbildung ist besonders f\u00fcr die Frauen wichtig, um sie zu f\u00f6rdern und zu st\u00e4rken.<\/h3>\n<h3>Ein wichtiger Schritt ist die Qualifizierung. Das bedeutet, im Arbeitsleben Verantwortung zu \u00fcbernehmen und so auch Chancen auf dem Arbeitsmarkt au\u00dferhalb von Nepalaya Craft zu bekommen.<\/h3>\n<h3>Neben einem \u00fcberdurchschnittlichen Lohn gibt es eine Krankenversicherung, Unfallversicherung, Altersvorsorge und Schulgeld f\u00fcr die Kinder.<\/h3>\n<h3>In der N\u00e4he von Concepci\u00f3n \u2013 im peruanischen Andenhochland- entstehen in kunsthandwerklicher Produktion Ponchos, Schals, Stolen, M\u00fctzen, Pulsw\u00e4rmer und Stulpen aus feinen Naturfasern wie Alpaka-, Lama- und Schurwolle.<\/h3>\n<h3>Die <span style=\"color: #ff6600\">Organisation Suritex<\/span> arbeitet nach den Grunds\u00e4tzen des fairen Handels und ist seit 2020 anerkanntes Mitglied der WFTO. Alle Mitarbeitenden, haupts\u00e4chlich Familienm\u00fctter, haben einen Arbeitsvertrag, sind krankenversichert und haben Urlaubsanspruch.<\/h3>\n<h3>Auch behinderte Menschen, insbesondere geh\u00f6rlose, werden dort besch\u00e4ftigt. Im Produktionszentrum wird Kinderbetreuung angeboten sowie kostenloses Fr\u00fchst\u00fcck und Mittagessen f\u00fcr die Angestellten.<\/h3>\n<h2>\n<span style=\"color: #ff6600\">Das Wei\u00dfenhorner Weltladen-Team ist froh, \u00fcber den fairen Handel mit<\/span><\/h2>\n<h2><span style=\"color: #ff6600\"> diesen Organisationen in Nepal und Peru verbunden zu sein und die dort<\/span><\/h2>\n<h2><span style=\"color: #ff6600\"> entstehenden wertvollen Produkte bei uns anbieten zu k\u00f6nnen. <\/span><\/h2>\n<h1>Alle diese Strickwaren gibt es im November<\/h1>\n<h1>um <span style=\"color: #ff6600\">20%<\/span> im Preis reduziert<\/h1>\n<h1>im<\/h1>\n<h2>Wei\u00dfenhorner Weltladen \u2013 mitten im Herzen der Fairtrade-Stadt.<\/h2>\n","protected":false},"excerpt":{"rendered":"<p>FAIR gestrickt Das FairProdukt des Monats November h\u00e4lt warm &nbsp; Aus Nepal und Peru kommen fair gehandelte Strickwaren f\u00fcr die kalte Jahreszeit. Im November sind sie das FairProdukts des Monats im Wei\u00dfenhorner Weltladen. &nbsp; KTS \u2013 die Kumbeshwar Technical School &#8211; ist ein Bildungs- und Berufsbildungszentrum mit Sitz in Kathmandu, das \u00fcber 2000 Handwerkerinnen und&hellip;<\/p>\n","protected":false},"author":191,"featured_media":0,"comment_status":"closed","ping_status":"closed","sticky":false,"template":"","format":"standard","meta":{"footnotes":""},"categories":[12],"tags":[],"class_list":["post-1039","post","type-post","status-publish","format-standard","hentry","category-produkt-des-monats","category-12","description-off"],"yoast_head":"<!-- This site is optimized with the Yoast SEO plugin v26.8 - https:\/\/yoast.com\/product\/yoast-seo-wordpress\/ -->\n<title>Fair gestrickt - Weltladen Wei\u00dfenhorn<\/title>\n<meta name=\"robots\" content=\"index, follow, max-snippet:-1, max-image-preview:large, max-video-preview:-1\" \/>\n<link rel=\"canonical\" href=\"https:\/\/weltlaeden.de\/weissenhorn\/fair-gestrickt\/\" \/>\n<meta property=\"og:locale\" content=\"de_DE\" \/>\n<meta property=\"og:type\" content=\"article\" \/>\n<meta property=\"og:title\" content=\"Fair gestrickt - Weltladen Wei\u00dfenhorn\" \/>\n<meta property=\"og:description\" content=\"FAIR gestrickt Das FairProdukt des Monats November h\u00e4lt warm &nbsp; Aus Nepal und Peru kommen fair gehandelte Strickwaren f\u00fcr die kalte Jahreszeit. Im November sind sie das FairProdukts des Monats im Wei\u00dfenhorner Weltladen. &nbsp; KTS \u2013 die Kumbeshwar Technical School &#8211; ist ein Bildungs- und Berufsbildungszentrum mit Sitz in Kathmandu, das \u00fcber 2000 Handwerkerinnen und&hellip;\" \/>\n<meta property=\"og:url\" content=\"https:\/\/weltlaeden.de\/weissenhorn\/fair-gestrickt\/\" \/>\n<meta property=\"og:site_name\" content=\"Weltladen Wei\u00dfenhorn\" \/>\n<meta property=\"article:published_time\" content=\"2024-11-01T10:13:39+00:00\" \/>\n<meta name=\"author\" content=\"weissenhorn\" \/>\n<meta name=\"twitter:card\" content=\"summary_large_image\" \/>\n<meta name=\"twitter:label1\" content=\"Verfasst von\" \/>\n\t<meta name=\"twitter:data1\" content=\"weissenhorn\" \/>\n\t<meta name=\"twitter:label2\" content=\"Gesch\u00e4tzte Lesezeit\" \/>\n\t<meta name=\"twitter:data2\" content=\"2\u00a0Minuten\" \/>\n<script type=\"application\/ld+json\" class=\"yoast-schema-graph\">{\"@context\":\"https:\/\/schema.org\",\"@graph\":[{\"@type\":\"Article\",\"@id\":\"https:\/\/weltlaeden.de\/weissenhorn\/fair-gestrickt\/#article\",\"isPartOf\":{\"@id\":\"https:\/\/weltlaeden.de\/weissenhorn\/fair-gestrickt\/\"},\"author\":{\"name\":\"weissenhorn\",\"@id\":\"https:\/\/weltlaeden.de\/weissenhorn\/#\/schema\/person\/a54ab778984ca172a44d8286c0e76e78\"},\"headline\":\"Fair gestrickt\",\"datePublished\":\"2024-11-01T10:13:39+00:00\",\"mainEntityOfPage\":{\"@id\":\"https:\/\/weltlaeden.de\/weissenhorn\/fair-gestrickt\/\"},\"wordCount\":365,\"articleSection\":[\"Produkt des Monats\"],\"inLanguage\":\"de\"},{\"@type\":\"WebPage\",\"@id\":\"https:\/\/weltlaeden.de\/weissenhorn\/fair-gestrickt\/\",\"url\":\"https:\/\/weltlaeden.de\/weissenhorn\/fair-gestrickt\/\",\"name\":\"Fair gestrickt - Weltladen Wei\u00dfenhorn\",\"isPartOf\":{\"@id\":\"https:\/\/weltlaeden.de\/weissenhorn\/#website\"},\"datePublished\":\"2024-11-01T10:13:39+00:00\",\"author\":{\"@id\":\"https:\/\/weltlaeden.de\/weissenhorn\/#\/schema\/person\/a54ab778984ca172a44d8286c0e76e78\"},\"breadcrumb\":{\"@id\":\"https:\/\/weltlaeden.de\/weissenhorn\/fair-gestrickt\/#breadcrumb\"},\"inLanguage\":\"de\",\"potentialAction\":[{\"@type\":\"ReadAction\",\"target\":[\"https:\/\/weltlaeden.de\/weissenhorn\/fair-gestrickt\/\"]}]},{\"@type\":\"BreadcrumbList\",\"@id\":\"https:\/\/weltlaeden.de\/weissenhorn\/fair-gestrickt\/#breadcrumb\",\"itemListElement\":[{\"@type\":\"ListItem\",\"position\":1,\"name\":\"Startseite\",\"item\":\"https:\/\/weltlaeden.de\/weissenhorn\/\"},{\"@type\":\"ListItem\",\"position\":2,\"name\":\"Fair gestrickt\"}]},{\"@type\":\"WebSite\",\"@id\":\"https:\/\/weltlaeden.de\/weissenhorn\/#website\",\"url\":\"https:\/\/weltlaeden.de\/weissenhorn\/\",\"name\":\"Weltladen Wei\u00dfenhorn\",\"description\":\"Faire Produkte seit 1990\",\"potentialAction\":[{\"@type\":\"SearchAction\",\"target\":{\"@type\":\"EntryPoint\",\"urlTemplate\":\"https:\/\/weltlaeden.de\/weissenhorn\/?s={search_term_string}\"},\"query-input\":{\"@type\":\"PropertyValueSpecification\",\"valueRequired\":true,\"valueName\":\"search_term_string\"}}],\"inLanguage\":\"de\"},{\"@type\":\"Person\",\"@id\":\"https:\/\/weltlaeden.de\/weissenhorn\/#\/schema\/person\/a54ab778984ca172a44d8286c0e76e78\",\"name\":\"weissenhorn\",\"image\":{\"@type\":\"ImageObject\",\"inLanguage\":\"de\",\"@id\":\"https:\/\/weltlaeden.de\/weissenhorn\/#\/schema\/person\/image\/\",\"url\":\"https:\/\/secure.gravatar.com\/avatar\/9094ba6a92e3b50222fd0796b579f81f?s=96&d=mm&r=g\",\"contentUrl\":\"https:\/\/secure.gravatar.com\/avatar\/9094ba6a92e3b50222fd0796b579f81f?s=96&d=mm&r=g\",\"caption\":\"weissenhorn\"}}]}<\/script>\n<!-- \/ Yoast SEO plugin. -->","yoast_head_json":{"title":"Fair gestrickt - Weltladen Wei\u00dfenhorn","robots":{"index":"index","follow":"follow","max-snippet":"max-snippet:-1","max-image-preview":"max-image-preview:large","max-video-preview":"max-video-preview:-1"},"canonical":"https:\/\/weltlaeden.de\/weissenhorn\/fair-gestrickt\/","og_locale":"de_DE","og_type":"article","og_title":"Fair gestrickt - Weltladen Wei\u00dfenhorn","og_description":"FAIR gestrickt Das FairProdukt des Monats November h\u00e4lt warm &nbsp; Aus Nepal und Peru kommen fair gehandelte Strickwaren f\u00fcr die kalte Jahreszeit. Im November sind sie das FairProdukts des Monats im Wei\u00dfenhorner Weltladen. &nbsp; KTS \u2013 die Kumbeshwar Technical School &#8211; ist ein Bildungs- und Berufsbildungszentrum mit Sitz in Kathmandu, das \u00fcber 2000 Handwerkerinnen und&hellip;","og_url":"https:\/\/weltlaeden.de\/weissenhorn\/fair-gestrickt\/","og_site_name":"Weltladen Wei\u00dfenhorn","article_published_time":"2024-11-01T10:13:39+00:00","author":"weissenhorn","twitter_card":"summary_large_image","twitter_misc":{"Verfasst von":"weissenhorn","Gesch\u00e4tzte Lesezeit":"2\u00a0Minuten"},"schema":{"@context":"https:\/\/schema.org","@graph":[{"@type":"Article","@id":"https:\/\/weltlaeden.de\/weissenhorn\/fair-gestrickt\/#article","isPartOf":{"@id":"https:\/\/weltlaeden.de\/weissenhorn\/fair-gestrickt\/"},"author":{"name":"weissenhorn","@id":"https:\/\/weltlaeden.de\/weissenhorn\/#\/schema\/person\/a54ab778984ca172a44d8286c0e76e78"},"headline":"Fair gestrickt","datePublished":"2024-11-01T10:13:39+00:00","mainEntityOfPage":{"@id":"https:\/\/weltlaeden.de\/weissenhorn\/fair-gestrickt\/"},"wordCount":365,"articleSection":["Produkt des Monats"],"inLanguage":"de"},{"@type":"WebPage","@id":"https:\/\/weltlaeden.de\/weissenhorn\/fair-gestrickt\/","url":"https:\/\/weltlaeden.de\/weissenhorn\/fair-gestrickt\/","name":"Fair gestrickt - Weltladen Wei\u00dfenhorn","isPartOf":{"@id":"https:\/\/weltlaeden.de\/weissenhorn\/#website"},"datePublished":"2024-11-01T10:13:39+00:00","author":{"@id":"https:\/\/weltlaeden.de\/weissenhorn\/#\/schema\/person\/a54ab778984ca172a44d8286c0e76e78"},"breadcrumb":{"@id":"https:\/\/weltlaeden.de\/weissenhorn\/fair-gestrickt\/#breadcrumb"},"inLanguage":"de","potentialAction":[{"@type":"ReadAction","target":["https:\/\/weltlaeden.de\/weissenhorn\/fair-gestrickt\/"]}]},{"@type":"BreadcrumbList","@id":"https:\/\/weltlaeden.de\/weissenhorn\/fair-gestrickt\/#breadcrumb","itemListElement":[{"@type":"ListItem","position":1,"name":"Startseite","item":"https:\/\/weltlaeden.de\/weissenhorn\/"},{"@type":"ListItem","position":2,"name":"Fair gestrickt"}]},{"@type":"WebSite","@id":"https:\/\/weltlaeden.de\/weissenhorn\/#website","url":"https:\/\/weltlaeden.de\/weissenhorn\/","name":"Weltladen Wei\u00dfenhorn","description":"Faire Produkte seit 1990","potentialAction":[{"@type":"SearchAction","target":{"@type":"EntryPoint","urlTemplate":"https:\/\/weltlaeden.de\/weissenhorn\/?s={search_term_string}"},"query-input":{"@type":"PropertyValueSpecification","valueRequired":true,"valueName":"search_term_string"}}],"inLanguage":"de"},{"@type":"Person","@id":"https:\/\/weltlaeden.de\/weissenhorn\/#\/schema\/person\/a54ab778984ca172a44d8286c0e76e78","name":"weissenhorn","image":{"@type":"ImageObject","inLanguage":"de","@id":"https:\/\/weltlaeden.de\/weissenhorn\/#\/schema\/person\/image\/","url":"https:\/\/secure.gravatar.com\/avatar\/9094ba6a92e3b50222fd0796b579f81f?s=96&d=mm&r=g","contentUrl":"https:\/\/secure.gravatar.com\/avatar\/9094ba6a92e3b50222fd0796b579f81f?s=96&d=mm&r=g","caption":"weissenhorn"}}]}},"_links":{"self":[{"href":"https:\/\/weltlaeden.de\/weissenhorn\/wp-json\/wp\/v2\/posts\/1039","targetHints":{"allow":["GET"]}}],"collection":[{"href":"https:\/\/weltlaeden.de\/weissenhorn\/wp-json\/wp\/v2\/posts"}],"about":[{"href":"https:\/\/weltlaeden.de\/weissenhorn\/wp-json\/wp\/v2\/types\/post"}],"author":[{"embeddable":true,"href":"https:\/\/weltlaeden.de\/weissenhorn\/wp-json\/wp\/v2\/users\/191"}],"replies":[{"embeddable":true,"href":"https:\/\/weltlaeden.de\/weissenhorn\/wp-json\/wp\/v2\/comments?post=1039"}],"version-history":[{"count":1,"href":"https:\/\/weltlaeden.de\/weissenhorn\/wp-json\/wp\/v2\/posts\/1039\/revisions"}],"predecessor-version":[{"id":1040,"href":"https:\/\/weltlaeden.de\/weissenhorn\/wp-json\/wp\/v2\/posts\/1039\/revisions\/1040"}],"wp:attachment":[{"href":"https:\/\/weltlaeden.de\/weissenhorn\/wp-json\/wp\/v2\/media?parent=1039"}],"wp:term":[{"taxonomy":"category","embeddable":true,"href":"https:\/\/weltlaeden.de\/weissenhorn\/wp-json\/wp\/v2\/categories?post=1039"},{"taxonomy":"post_tag","embeddable":true,"href":"https:\/\/weltlaeden.de\/weissenhorn\/wp-json\/wp\/v2\/tags?post=1039"}],"curies":[{"name":"wp","href":"https:\/\/api.w.org\/{rel}","templated":true}]}}