{"id":1033,"date":"2024-09-09T13:32:53","date_gmt":"2024-09-09T11:32:53","guid":{"rendered":"https:\/\/weltlaeden.de\/weissenhorn\/?p=1033"},"modified":"2024-09-09T13:32:53","modified_gmt":"2024-09-09T11:32:53","slug":"olivenoel-100-rumi-pesto-kuerbiskern-pesto-tomaten-fairprodukt-des-monats-september","status":"publish","type":"post","link":"https:\/\/weltlaeden.de\/weissenhorn\/olivenoel-100-rumi-pesto-kuerbiskern-pesto-tomaten-fairprodukt-des-monats-september\/","title":{"rendered":"Oliven\u00f6l 100% Rumi &#8211; Pesto K\u00fcrbiskern &#8211; Pesto Tomaten  FairProdukt des Monats September"},"content":{"rendered":"<blockquote>\n<div dir=\"ltr\">\n<p>&nbsp;<\/p>\n<h1 class=\"moz-forward-container\"><span style=\"font-size: large;color: #ff9900\">Oliven\u00f6l 100 % Rumi &#8211; Pesto K\u00fcrbiskern &#8211; Pesto mit Tomate<\/span><\/h1>\n<div class=\"moz-forward-container\">\n<p>&nbsp;<\/p>\n<h3><span style=\"font-size: large\">Schon zu Zeiten des R\u00f6mischen Reiches sch\u00e4tzten die Menschen in Pal\u00e4stina Fr\u00fcchte und Oliven\u00f6l des Rumi Baumes. <\/span><\/h3>\n<h3><span style=\"font-size: large\">Von Generation zu Generation weitervererbt, sind die \u00e4ltesten Rumi-B\u00e4ume heute \u00fcber 1000 Jahre alt und werden ausschlie\u00dflich von Hand gepflegt und geerntet.<\/span><\/h3>\n<h3><span style=\"font-size: large\">Das Bio-Oliven\u00f6l, Pesto K\u00fcrbiskern und Pesto mit Tomaten stammen von Kleinbauern der Fairhandelsorganisation Canaan Fair Trade in Pal\u00e4stina, die benachteiligte pal\u00e4stinensische l\u00e4ndliche Gemeinschaften unterst\u00fctzt.<\/span><\/h3>\n<h3><span style=\"font-size: large\">\u00dcber 2000 Kleinbauernfamilien k\u00f6nnen dadurch ihren Lebensunterhalt und ihre Kultur aufrechterhalten.<\/span><\/h3>\n<h3><span style=\"font-size: large\">Mit fairen Preisen entlang der Wertsch\u00f6pfungskette erm\u00f6glicht Canaan eine nachhaltige Verbesserung des Lebensstandards.<\/span><\/h3>\n<h1><span style=\"font-size: large;color: #ff9900\">Diese Produkte sind das um 20 % im Preis reduzierte FairProdukt des Monats im Wei\u00dfenhorner Weltladen mitten in der guten Stube der Fairtrade-Stadt<\/span><\/h1>\n<\/div>\n<\/div>\n<\/blockquote>\n","protected":false},"excerpt":{"rendered":"<p>&nbsp; Oliven\u00f6l 100 % Rumi &#8211; Pesto K\u00fcrbiskern &#8211; Pesto mit Tomate &nbsp; Schon zu Zeiten des R\u00f6mischen Reiches sch\u00e4tzten die Menschen in Pal\u00e4stina Fr\u00fcchte und Oliven\u00f6l des Rumi Baumes. Von Generation zu Generation weitervererbt, sind die \u00e4ltesten Rumi-B\u00e4ume heute \u00fcber 1000 Jahre alt und werden ausschlie\u00dflich von Hand gepflegt und geerntet. Das Bio-Oliven\u00f6l, Pesto&hellip;<\/p>\n","protected":false},"author":191,"featured_media":0,"comment_status":"closed","ping_status":"closed","sticky":false,"template":"","format":"standard","meta":{"footnotes":""},"categories":[12],"tags":[],"class_list":["post-1033","post","type-post","status-publish","format-standard","hentry","category-produkt-des-monats","category-12","description-off"],"yoast_head":"<!-- This site is optimized with the Yoast SEO plugin v26.8 - https:\/\/yoast.com\/product\/yoast-seo-wordpress\/ -->\n<title>Oliven\u00f6l 100% Rumi - Pesto K\u00fcrbiskern - Pesto Tomaten FairProdukt des Monats September - Weltladen Wei\u00dfenhorn<\/title>\n<meta name=\"robots\" content=\"index, follow, max-snippet:-1, max-image-preview:large, max-video-preview:-1\" \/>\n<link rel=\"canonical\" href=\"https:\/\/weltlaeden.de\/weissenhorn\/olivenoel-100-rumi-pesto-kuerbiskern-pesto-tomaten-fairprodukt-des-monats-september\/\" \/>\n<meta property=\"og:locale\" content=\"de_DE\" \/>\n<meta property=\"og:type\" content=\"article\" \/>\n<meta property=\"og:title\" content=\"Oliven\u00f6l 100% Rumi - Pesto K\u00fcrbiskern - Pesto Tomaten FairProdukt des Monats September - Weltladen Wei\u00dfenhorn\" \/>\n<meta property=\"og:description\" content=\"&nbsp; Oliven\u00f6l 100 % Rumi &#8211; Pesto K\u00fcrbiskern &#8211; Pesto mit Tomate &nbsp; Schon zu Zeiten des R\u00f6mischen Reiches sch\u00e4tzten die Menschen in Pal\u00e4stina Fr\u00fcchte und Oliven\u00f6l des Rumi Baumes. Von Generation zu Generation weitervererbt, sind die \u00e4ltesten Rumi-B\u00e4ume heute \u00fcber 1000 Jahre alt und werden ausschlie\u00dflich von Hand gepflegt und geerntet. Das Bio-Oliven\u00f6l, Pesto&hellip;\" \/>\n<meta property=\"og:url\" content=\"https:\/\/weltlaeden.de\/weissenhorn\/olivenoel-100-rumi-pesto-kuerbiskern-pesto-tomaten-fairprodukt-des-monats-september\/\" \/>\n<meta property=\"og:site_name\" content=\"Weltladen Wei\u00dfenhorn\" \/>\n<meta property=\"article:published_time\" content=\"2024-09-09T11:32:53+00:00\" \/>\n<meta name=\"author\" content=\"weissenhorn\" \/>\n<meta name=\"twitter:card\" content=\"summary_large_image\" \/>\n<meta name=\"twitter:label1\" content=\"Verfasst von\" \/>\n\t<meta name=\"twitter:data1\" content=\"weissenhorn\" \/>\n\t<meta name=\"twitter:label2\" content=\"Gesch\u00e4tzte Lesezeit\" \/>\n\t<meta name=\"twitter:data2\" content=\"1\u00a0Minute\" \/>\n<script type=\"application\/ld+json\" class=\"yoast-schema-graph\">{\"@context\":\"https:\/\/schema.org\",\"@graph\":[{\"@type\":\"Article\",\"@id\":\"https:\/\/weltlaeden.de\/weissenhorn\/olivenoel-100-rumi-pesto-kuerbiskern-pesto-tomaten-fairprodukt-des-monats-september\/#article\",\"isPartOf\":{\"@id\":\"https:\/\/weltlaeden.de\/weissenhorn\/olivenoel-100-rumi-pesto-kuerbiskern-pesto-tomaten-fairprodukt-des-monats-september\/\"},\"author\":{\"name\":\"weissenhorn\",\"@id\":\"https:\/\/weltlaeden.de\/weissenhorn\/#\/schema\/person\/a54ab778984ca172a44d8286c0e76e78\"},\"headline\":\"Oliven\u00f6l 100% Rumi &#8211; Pesto K\u00fcrbiskern &#8211; Pesto Tomaten FairProdukt des Monats September\",\"datePublished\":\"2024-09-09T11:32:53+00:00\",\"mainEntityOfPage\":{\"@id\":\"https:\/\/weltlaeden.de\/weissenhorn\/olivenoel-100-rumi-pesto-kuerbiskern-pesto-tomaten-fairprodukt-des-monats-september\/\"},\"wordCount\":150,\"articleSection\":[\"Produkt des Monats\"],\"inLanguage\":\"de\"},{\"@type\":\"WebPage\",\"@id\":\"https:\/\/weltlaeden.de\/weissenhorn\/olivenoel-100-rumi-pesto-kuerbiskern-pesto-tomaten-fairprodukt-des-monats-september\/\",\"url\":\"https:\/\/weltlaeden.de\/weissenhorn\/olivenoel-100-rumi-pesto-kuerbiskern-pesto-tomaten-fairprodukt-des-monats-september\/\",\"name\":\"Oliven\u00f6l 100% Rumi - Pesto K\u00fcrbiskern - Pesto Tomaten FairProdukt des Monats September - Weltladen Wei\u00dfenhorn\",\"isPartOf\":{\"@id\":\"https:\/\/weltlaeden.de\/weissenhorn\/#website\"},\"datePublished\":\"2024-09-09T11:32:53+00:00\",\"author\":{\"@id\":\"https:\/\/weltlaeden.de\/weissenhorn\/#\/schema\/person\/a54ab778984ca172a44d8286c0e76e78\"},\"breadcrumb\":{\"@id\":\"https:\/\/weltlaeden.de\/weissenhorn\/olivenoel-100-rumi-pesto-kuerbiskern-pesto-tomaten-fairprodukt-des-monats-september\/#breadcrumb\"},\"inLanguage\":\"de\",\"potentialAction\":[{\"@type\":\"ReadAction\",\"target\":[\"https:\/\/weltlaeden.de\/weissenhorn\/olivenoel-100-rumi-pesto-kuerbiskern-pesto-tomaten-fairprodukt-des-monats-september\/\"]}]},{\"@type\":\"BreadcrumbList\",\"@id\":\"https:\/\/weltlaeden.de\/weissenhorn\/olivenoel-100-rumi-pesto-kuerbiskern-pesto-tomaten-fairprodukt-des-monats-september\/#breadcrumb\",\"itemListElement\":[{\"@type\":\"ListItem\",\"position\":1,\"name\":\"Startseite\",\"item\":\"https:\/\/weltlaeden.de\/weissenhorn\/\"},{\"@type\":\"ListItem\",\"position\":2,\"name\":\"Oliven\u00f6l 100% Rumi &#8211; Pesto K\u00fcrbiskern &#8211; Pesto Tomaten FairProdukt des Monats September\"}]},{\"@type\":\"WebSite\",\"@id\":\"https:\/\/weltlaeden.de\/weissenhorn\/#website\",\"url\":\"https:\/\/weltlaeden.de\/weissenhorn\/\",\"name\":\"Weltladen Wei\u00dfenhorn\",\"description\":\"Faire Produkte seit 1990\",\"potentialAction\":[{\"@type\":\"SearchAction\",\"target\":{\"@type\":\"EntryPoint\",\"urlTemplate\":\"https:\/\/weltlaeden.de\/weissenhorn\/?s={search_term_string}\"},\"query-input\":{\"@type\":\"PropertyValueSpecification\",\"valueRequired\":true,\"valueName\":\"search_term_string\"}}],\"inLanguage\":\"de\"},{\"@type\":\"Person\",\"@id\":\"https:\/\/weltlaeden.de\/weissenhorn\/#\/schema\/person\/a54ab778984ca172a44d8286c0e76e78\",\"name\":\"weissenhorn\",\"image\":{\"@type\":\"ImageObject\",\"inLanguage\":\"de\",\"@id\":\"https:\/\/weltlaeden.de\/weissenhorn\/#\/schema\/person\/image\/\",\"url\":\"https:\/\/secure.gravatar.com\/avatar\/9094ba6a92e3b50222fd0796b579f81f?s=96&d=mm&r=g\",\"contentUrl\":\"https:\/\/secure.gravatar.com\/avatar\/9094ba6a92e3b50222fd0796b579f81f?s=96&d=mm&r=g\",\"caption\":\"weissenhorn\"}}]}<\/script>\n<!-- \/ Yoast SEO plugin. -->","yoast_head_json":{"title":"Oliven\u00f6l 100% Rumi - Pesto K\u00fcrbiskern - Pesto Tomaten FairProdukt des Monats September - Weltladen Wei\u00dfenhorn","robots":{"index":"index","follow":"follow","max-snippet":"max-snippet:-1","max-image-preview":"max-image-preview:large","max-video-preview":"max-video-preview:-1"},"canonical":"https:\/\/weltlaeden.de\/weissenhorn\/olivenoel-100-rumi-pesto-kuerbiskern-pesto-tomaten-fairprodukt-des-monats-september\/","og_locale":"de_DE","og_type":"article","og_title":"Oliven\u00f6l 100% Rumi - Pesto K\u00fcrbiskern - Pesto Tomaten FairProdukt des Monats September - Weltladen Wei\u00dfenhorn","og_description":"&nbsp; Oliven\u00f6l 100 % Rumi &#8211; Pesto K\u00fcrbiskern &#8211; Pesto mit Tomate &nbsp; Schon zu Zeiten des R\u00f6mischen Reiches sch\u00e4tzten die Menschen in Pal\u00e4stina Fr\u00fcchte und Oliven\u00f6l des Rumi Baumes. Von Generation zu Generation weitervererbt, sind die \u00e4ltesten Rumi-B\u00e4ume heute \u00fcber 1000 Jahre alt und werden ausschlie\u00dflich von Hand gepflegt und geerntet. Das Bio-Oliven\u00f6l, Pesto&hellip;","og_url":"https:\/\/weltlaeden.de\/weissenhorn\/olivenoel-100-rumi-pesto-kuerbiskern-pesto-tomaten-fairprodukt-des-monats-september\/","og_site_name":"Weltladen Wei\u00dfenhorn","article_published_time":"2024-09-09T11:32:53+00:00","author":"weissenhorn","twitter_card":"summary_large_image","twitter_misc":{"Verfasst von":"weissenhorn","Gesch\u00e4tzte Lesezeit":"1\u00a0Minute"},"schema":{"@context":"https:\/\/schema.org","@graph":[{"@type":"Article","@id":"https:\/\/weltlaeden.de\/weissenhorn\/olivenoel-100-rumi-pesto-kuerbiskern-pesto-tomaten-fairprodukt-des-monats-september\/#article","isPartOf":{"@id":"https:\/\/weltlaeden.de\/weissenhorn\/olivenoel-100-rumi-pesto-kuerbiskern-pesto-tomaten-fairprodukt-des-monats-september\/"},"author":{"name":"weissenhorn","@id":"https:\/\/weltlaeden.de\/weissenhorn\/#\/schema\/person\/a54ab778984ca172a44d8286c0e76e78"},"headline":"Oliven\u00f6l 100% Rumi &#8211; Pesto K\u00fcrbiskern &#8211; Pesto Tomaten FairProdukt des Monats September","datePublished":"2024-09-09T11:32:53+00:00","mainEntityOfPage":{"@id":"https:\/\/weltlaeden.de\/weissenhorn\/olivenoel-100-rumi-pesto-kuerbiskern-pesto-tomaten-fairprodukt-des-monats-september\/"},"wordCount":150,"articleSection":["Produkt des Monats"],"inLanguage":"de"},{"@type":"WebPage","@id":"https:\/\/weltlaeden.de\/weissenhorn\/olivenoel-100-rumi-pesto-kuerbiskern-pesto-tomaten-fairprodukt-des-monats-september\/","url":"https:\/\/weltlaeden.de\/weissenhorn\/olivenoel-100-rumi-pesto-kuerbiskern-pesto-tomaten-fairprodukt-des-monats-september\/","name":"Oliven\u00f6l 100% Rumi - Pesto K\u00fcrbiskern - Pesto Tomaten FairProdukt des Monats September - Weltladen Wei\u00dfenhorn","isPartOf":{"@id":"https:\/\/weltlaeden.de\/weissenhorn\/#website"},"datePublished":"2024-09-09T11:32:53+00:00","author":{"@id":"https:\/\/weltlaeden.de\/weissenhorn\/#\/schema\/person\/a54ab778984ca172a44d8286c0e76e78"},"breadcrumb":{"@id":"https:\/\/weltlaeden.de\/weissenhorn\/olivenoel-100-rumi-pesto-kuerbiskern-pesto-tomaten-fairprodukt-des-monats-september\/#breadcrumb"},"inLanguage":"de","potentialAction":[{"@type":"ReadAction","target":["https:\/\/weltlaeden.de\/weissenhorn\/olivenoel-100-rumi-pesto-kuerbiskern-pesto-tomaten-fairprodukt-des-monats-september\/"]}]},{"@type":"BreadcrumbList","@id":"https:\/\/weltlaeden.de\/weissenhorn\/olivenoel-100-rumi-pesto-kuerbiskern-pesto-tomaten-fairprodukt-des-monats-september\/#breadcrumb","itemListElement":[{"@type":"ListItem","position":1,"name":"Startseite","item":"https:\/\/weltlaeden.de\/weissenhorn\/"},{"@type":"ListItem","position":2,"name":"Oliven\u00f6l 100% Rumi &#8211; Pesto K\u00fcrbiskern &#8211; Pesto Tomaten FairProdukt des Monats September"}]},{"@type":"WebSite","@id":"https:\/\/weltlaeden.de\/weissenhorn\/#website","url":"https:\/\/weltlaeden.de\/weissenhorn\/","name":"Weltladen Wei\u00dfenhorn","description":"Faire Produkte seit 1990","potentialAction":[{"@type":"SearchAction","target":{"@type":"EntryPoint","urlTemplate":"https:\/\/weltlaeden.de\/weissenhorn\/?s={search_term_string}"},"query-input":{"@type":"PropertyValueSpecification","valueRequired":true,"valueName":"search_term_string"}}],"inLanguage":"de"},{"@type":"Person","@id":"https:\/\/weltlaeden.de\/weissenhorn\/#\/schema\/person\/a54ab778984ca172a44d8286c0e76e78","name":"weissenhorn","image":{"@type":"ImageObject","inLanguage":"de","@id":"https:\/\/weltlaeden.de\/weissenhorn\/#\/schema\/person\/image\/","url":"https:\/\/secure.gravatar.com\/avatar\/9094ba6a92e3b50222fd0796b579f81f?s=96&d=mm&r=g","contentUrl":"https:\/\/secure.gravatar.com\/avatar\/9094ba6a92e3b50222fd0796b579f81f?s=96&d=mm&r=g","caption":"weissenhorn"}}]}},"_links":{"self":[{"href":"https:\/\/weltlaeden.de\/weissenhorn\/wp-json\/wp\/v2\/posts\/1033","targetHints":{"allow":["GET"]}}],"collection":[{"href":"https:\/\/weltlaeden.de\/weissenhorn\/wp-json\/wp\/v2\/posts"}],"about":[{"href":"https:\/\/weltlaeden.de\/weissenhorn\/wp-json\/wp\/v2\/types\/post"}],"author":[{"embeddable":true,"href":"https:\/\/weltlaeden.de\/weissenhorn\/wp-json\/wp\/v2\/users\/191"}],"replies":[{"embeddable":true,"href":"https:\/\/weltlaeden.de\/weissenhorn\/wp-json\/wp\/v2\/comments?post=1033"}],"version-history":[{"count":1,"href":"https:\/\/weltlaeden.de\/weissenhorn\/wp-json\/wp\/v2\/posts\/1033\/revisions"}],"predecessor-version":[{"id":1034,"href":"https:\/\/weltlaeden.de\/weissenhorn\/wp-json\/wp\/v2\/posts\/1033\/revisions\/1034"}],"wp:attachment":[{"href":"https:\/\/weltlaeden.de\/weissenhorn\/wp-json\/wp\/v2\/media?parent=1033"}],"wp:term":[{"taxonomy":"category","embeddable":true,"href":"https:\/\/weltlaeden.de\/weissenhorn\/wp-json\/wp\/v2\/categories?post=1033"},{"taxonomy":"post_tag","embeddable":true,"href":"https:\/\/weltlaeden.de\/weissenhorn\/wp-json\/wp\/v2\/tags?post=1033"}],"curies":[{"name":"wp","href":"https:\/\/api.w.org\/{rel}","templated":true}]}}