{"id":1015,"date":"2024-08-03T10:16:55","date_gmt":"2024-08-03T08:16:55","guid":{"rendered":"https:\/\/weltlaeden.de\/weissenhorn\/?p=1015"},"modified":"2024-08-03T10:18:01","modified_gmt":"2024-08-03T08:18:01","slug":"make-the-world-a-little-bighter-sonnenglas-classic-und-mini","status":"publish","type":"post","link":"https:\/\/weltlaeden.de\/weissenhorn\/make-the-world-a-little-bighter-sonnenglas-classic-und-mini\/","title":{"rendered":"Make the world a little bighter !  Sonnenglas classic und mini"},"content":{"rendered":"<h2><\/h2>\n<h2><span style=\"color: #ff6600\">Sonnenglas classic und Sonnenglas mini <\/span><\/h2>\n<h2><span style=\"color: #ff6600\">sind die FairProdukte des Monats August\u00a0<\/span><\/h2>\n<h3>SONNENGLAS\u00ae ist mehr als eine innovative Lichtquelle. Die Leuchte ist<br \/>\nunmittelbar mit dem Schicksal der Menschen verbunden, die sie herstellen:<br \/>\nMenschen, die mit ihrer unbeugsamen Lebensfreude das Beste aus dem machen,<br \/>\nwas sie haben.<\/h3>\n<h3>Genau das ist die Seele von Sonnenglas:<\/h3>\n<h3>Ein Licht, das auf viele Arten leuchtet.<\/h3>\n<h3>Im Herzen S\u00fcdafrikas, wo t\u00e4gliche Stromausf\u00e4lle die Norm sind, wurde von<br \/>\nder Sonnenglas GmbH eine nachhaltige Lichtquelle geschaffen.<\/h3>\n<h3>Die FAIR TRADE Produktionsst\u00e4tte in Johannesburg ist der Ort, an dem das Sonnenglas<br \/>\nhergestellt wird \u2013 aber auch das Herzst\u00fcck des Engagements f\u00fcr<br \/>\nNachhaltigkeit und soziale Verantwortung.<\/h3>\n<h3>In Zusammenarbeit mit dem Partner Timbuktu in The Valley wird die Produktion sorgf\u00e4ltig \u00fcberwacht, umerstklassige Qualit\u00e4t und Nachhaltigkeit zu gew\u00e4hrleisten.<\/h3>\n<h3>Das Prinzip Sonnenglasist so genial wie simpel:<\/h3>\n<h3>Am Tag speichert die Solarlampe im Deckel des Einmachglases Energie, die sie nachts als Licht wieder abgibt.<br \/>\nDiese Methode der Lichterzeugung ist nachhaltig, umweltbewusst \u2013 und sieht<br \/>\ndabei auch noch gro\u00dfartig aus.<\/h3>\n<h3>Diese Methode der Lichterzeugung stellt einen einfachen Weg dar, umweltbewusst zu leben und macht einfach Spa\u00df, denn das Innere der Solarlaterne l\u00e4sst sich ganz nach individuellen<br \/>\nW\u00fcnschen dekorieren.<\/h3>\n<h3>Ideal als Gartenbeleuchtung, f\u00fcr den romantisch<br \/>\ngedeckten Tisch, Grillpartys, Camping, zur Dekoration, oder bei<br \/>\nOutdoor-Aktivit\u00e4ten Und das Beste: Auch in seinen Produktionsbedingungen<br \/>\nist das Glas durch und durch transparent: SONNENGLAS\u00ae ist sozial nachhaltig<br \/>\nund konsequent nach Fair Trade-Standards produziert.<\/h3>\n<h3>Mittlerweile k\u00f6nnen 65 zuvor arbeitslose Menschen aus Alexandra und Soweto in Vollzeit besch\u00e4ftigt werden \u2013 und dank dieser s\u00fcdafrikanischen Erfolgsgeschichte werden es noch<br \/>\nmehr.<\/h3>\n<h2><span style=\"color: #ff6600\">Die Sonnengl\u00e4ser aus S\u00fcdafrika gibt es als FairProdukt <\/span><\/h2>\n<h2><span style=\"color: #ff6600\">des Monats August <\/span><\/h2>\n<h2><span style=\"color: #000000\">um 20 % im Preis reduziert <\/span><\/h2>\n<h2><span style=\"color: #ff6600\">im Wei\u00dfenhorner Weltladen \u2013 mitten im Herzen der <\/span><br \/>\n<span style=\"color: #ff6600\">Fairtrade-Stad<\/span><\/h2>\n","protected":false},"excerpt":{"rendered":"<p>Sonnenglas classic und Sonnenglas mini sind die FairProdukte des Monats August\u00a0 SONNENGLAS\u00ae ist mehr als eine innovative Lichtquelle. Die Leuchte ist unmittelbar mit dem Schicksal der Menschen verbunden, die sie herstellen: Menschen, die mit ihrer unbeugsamen Lebensfreude das Beste aus dem machen, was sie haben. Genau das ist die Seele von Sonnenglas: Ein Licht, das&hellip;<\/p>\n","protected":false},"author":191,"featured_media":0,"comment_status":"closed","ping_status":"closed","sticky":false,"template":"","format":"standard","meta":{"footnotes":""},"categories":[12],"tags":[],"class_list":["post-1015","post","type-post","status-publish","format-standard","hentry","category-produkt-des-monats","category-12","description-off"],"yoast_head":"<!-- This site is optimized with the Yoast SEO plugin v26.8 - https:\/\/yoast.com\/product\/yoast-seo-wordpress\/ -->\n<title>Make the world a little bighter ! Sonnenglas classic und mini - Weltladen Wei\u00dfenhorn<\/title>\n<meta name=\"robots\" content=\"index, follow, max-snippet:-1, max-image-preview:large, max-video-preview:-1\" \/>\n<link rel=\"canonical\" href=\"https:\/\/weltlaeden.de\/weissenhorn\/make-the-world-a-little-bighter-sonnenglas-classic-und-mini\/\" \/>\n<meta property=\"og:locale\" content=\"de_DE\" \/>\n<meta property=\"og:type\" content=\"article\" \/>\n<meta property=\"og:title\" content=\"Make the world a little bighter ! Sonnenglas classic und mini - Weltladen Wei\u00dfenhorn\" \/>\n<meta property=\"og:description\" content=\"Sonnenglas classic und Sonnenglas mini sind die FairProdukte des Monats August\u00a0 SONNENGLAS\u00ae ist mehr als eine innovative Lichtquelle. Die Leuchte ist unmittelbar mit dem Schicksal der Menschen verbunden, die sie herstellen: Menschen, die mit ihrer unbeugsamen Lebensfreude das Beste aus dem machen, was sie haben. Genau das ist die Seele von Sonnenglas: Ein Licht, das&hellip;\" \/>\n<meta property=\"og:url\" content=\"https:\/\/weltlaeden.de\/weissenhorn\/make-the-world-a-little-bighter-sonnenglas-classic-und-mini\/\" \/>\n<meta property=\"og:site_name\" content=\"Weltladen Wei\u00dfenhorn\" \/>\n<meta property=\"article:published_time\" content=\"2024-08-03T08:16:55+00:00\" \/>\n<meta property=\"article:modified_time\" content=\"2024-08-03T08:18:01+00:00\" \/>\n<meta name=\"author\" content=\"weissenhorn\" \/>\n<meta name=\"twitter:card\" content=\"summary_large_image\" \/>\n<meta name=\"twitter:label1\" content=\"Verfasst von\" \/>\n\t<meta name=\"twitter:data1\" content=\"weissenhorn\" \/>\n\t<meta name=\"twitter:label2\" content=\"Gesch\u00e4tzte Lesezeit\" \/>\n\t<meta name=\"twitter:data2\" content=\"1\u00a0Minute\" \/>\n<script type=\"application\/ld+json\" class=\"yoast-schema-graph\">{\"@context\":\"https:\/\/schema.org\",\"@graph\":[{\"@type\":\"Article\",\"@id\":\"https:\/\/weltlaeden.de\/weissenhorn\/make-the-world-a-little-bighter-sonnenglas-classic-und-mini\/#article\",\"isPartOf\":{\"@id\":\"https:\/\/weltlaeden.de\/weissenhorn\/make-the-world-a-little-bighter-sonnenglas-classic-und-mini\/\"},\"author\":{\"name\":\"weissenhorn\",\"@id\":\"https:\/\/weltlaeden.de\/weissenhorn\/#\/schema\/person\/a54ab778984ca172a44d8286c0e76e78\"},\"headline\":\"Make the world a little bighter ! Sonnenglas classic und mini\",\"datePublished\":\"2024-08-03T08:16:55+00:00\",\"dateModified\":\"2024-08-03T08:18:01+00:00\",\"mainEntityOfPage\":{\"@id\":\"https:\/\/weltlaeden.de\/weissenhorn\/make-the-world-a-little-bighter-sonnenglas-classic-und-mini\/\"},\"wordCount\":303,\"articleSection\":[\"Produkt des Monats\"],\"inLanguage\":\"de\"},{\"@type\":\"WebPage\",\"@id\":\"https:\/\/weltlaeden.de\/weissenhorn\/make-the-world-a-little-bighter-sonnenglas-classic-und-mini\/\",\"url\":\"https:\/\/weltlaeden.de\/weissenhorn\/make-the-world-a-little-bighter-sonnenglas-classic-und-mini\/\",\"name\":\"Make the world a little bighter ! Sonnenglas classic und mini - Weltladen Wei\u00dfenhorn\",\"isPartOf\":{\"@id\":\"https:\/\/weltlaeden.de\/weissenhorn\/#website\"},\"datePublished\":\"2024-08-03T08:16:55+00:00\",\"dateModified\":\"2024-08-03T08:18:01+00:00\",\"author\":{\"@id\":\"https:\/\/weltlaeden.de\/weissenhorn\/#\/schema\/person\/a54ab778984ca172a44d8286c0e76e78\"},\"breadcrumb\":{\"@id\":\"https:\/\/weltlaeden.de\/weissenhorn\/make-the-world-a-little-bighter-sonnenglas-classic-und-mini\/#breadcrumb\"},\"inLanguage\":\"de\",\"potentialAction\":[{\"@type\":\"ReadAction\",\"target\":[\"https:\/\/weltlaeden.de\/weissenhorn\/make-the-world-a-little-bighter-sonnenglas-classic-und-mini\/\"]}]},{\"@type\":\"BreadcrumbList\",\"@id\":\"https:\/\/weltlaeden.de\/weissenhorn\/make-the-world-a-little-bighter-sonnenglas-classic-und-mini\/#breadcrumb\",\"itemListElement\":[{\"@type\":\"ListItem\",\"position\":1,\"name\":\"Startseite\",\"item\":\"https:\/\/weltlaeden.de\/weissenhorn\/\"},{\"@type\":\"ListItem\",\"position\":2,\"name\":\"Make the world a little bighter ! Sonnenglas classic und mini\"}]},{\"@type\":\"WebSite\",\"@id\":\"https:\/\/weltlaeden.de\/weissenhorn\/#website\",\"url\":\"https:\/\/weltlaeden.de\/weissenhorn\/\",\"name\":\"Weltladen Wei\u00dfenhorn\",\"description\":\"Faire Produkte seit 1990\",\"potentialAction\":[{\"@type\":\"SearchAction\",\"target\":{\"@type\":\"EntryPoint\",\"urlTemplate\":\"https:\/\/weltlaeden.de\/weissenhorn\/?s={search_term_string}\"},\"query-input\":{\"@type\":\"PropertyValueSpecification\",\"valueRequired\":true,\"valueName\":\"search_term_string\"}}],\"inLanguage\":\"de\"},{\"@type\":\"Person\",\"@id\":\"https:\/\/weltlaeden.de\/weissenhorn\/#\/schema\/person\/a54ab778984ca172a44d8286c0e76e78\",\"name\":\"weissenhorn\",\"image\":{\"@type\":\"ImageObject\",\"inLanguage\":\"de\",\"@id\":\"https:\/\/weltlaeden.de\/weissenhorn\/#\/schema\/person\/image\/\",\"url\":\"https:\/\/secure.gravatar.com\/avatar\/9094ba6a92e3b50222fd0796b579f81f?s=96&d=mm&r=g\",\"contentUrl\":\"https:\/\/secure.gravatar.com\/avatar\/9094ba6a92e3b50222fd0796b579f81f?s=96&d=mm&r=g\",\"caption\":\"weissenhorn\"}}]}<\/script>\n<!-- \/ Yoast SEO plugin. -->","yoast_head_json":{"title":"Make the world a little bighter ! Sonnenglas classic und mini - Weltladen Wei\u00dfenhorn","robots":{"index":"index","follow":"follow","max-snippet":"max-snippet:-1","max-image-preview":"max-image-preview:large","max-video-preview":"max-video-preview:-1"},"canonical":"https:\/\/weltlaeden.de\/weissenhorn\/make-the-world-a-little-bighter-sonnenglas-classic-und-mini\/","og_locale":"de_DE","og_type":"article","og_title":"Make the world a little bighter ! Sonnenglas classic und mini - Weltladen Wei\u00dfenhorn","og_description":"Sonnenglas classic und Sonnenglas mini sind die FairProdukte des Monats August\u00a0 SONNENGLAS\u00ae ist mehr als eine innovative Lichtquelle. Die Leuchte ist unmittelbar mit dem Schicksal der Menschen verbunden, die sie herstellen: Menschen, die mit ihrer unbeugsamen Lebensfreude das Beste aus dem machen, was sie haben. Genau das ist die Seele von Sonnenglas: Ein Licht, das&hellip;","og_url":"https:\/\/weltlaeden.de\/weissenhorn\/make-the-world-a-little-bighter-sonnenglas-classic-und-mini\/","og_site_name":"Weltladen Wei\u00dfenhorn","article_published_time":"2024-08-03T08:16:55+00:00","article_modified_time":"2024-08-03T08:18:01+00:00","author":"weissenhorn","twitter_card":"summary_large_image","twitter_misc":{"Verfasst von":"weissenhorn","Gesch\u00e4tzte Lesezeit":"1\u00a0Minute"},"schema":{"@context":"https:\/\/schema.org","@graph":[{"@type":"Article","@id":"https:\/\/weltlaeden.de\/weissenhorn\/make-the-world-a-little-bighter-sonnenglas-classic-und-mini\/#article","isPartOf":{"@id":"https:\/\/weltlaeden.de\/weissenhorn\/make-the-world-a-little-bighter-sonnenglas-classic-und-mini\/"},"author":{"name":"weissenhorn","@id":"https:\/\/weltlaeden.de\/weissenhorn\/#\/schema\/person\/a54ab778984ca172a44d8286c0e76e78"},"headline":"Make the world a little bighter ! Sonnenglas classic und mini","datePublished":"2024-08-03T08:16:55+00:00","dateModified":"2024-08-03T08:18:01+00:00","mainEntityOfPage":{"@id":"https:\/\/weltlaeden.de\/weissenhorn\/make-the-world-a-little-bighter-sonnenglas-classic-und-mini\/"},"wordCount":303,"articleSection":["Produkt des Monats"],"inLanguage":"de"},{"@type":"WebPage","@id":"https:\/\/weltlaeden.de\/weissenhorn\/make-the-world-a-little-bighter-sonnenglas-classic-und-mini\/","url":"https:\/\/weltlaeden.de\/weissenhorn\/make-the-world-a-little-bighter-sonnenglas-classic-und-mini\/","name":"Make the world a little bighter ! Sonnenglas classic und mini - Weltladen Wei\u00dfenhorn","isPartOf":{"@id":"https:\/\/weltlaeden.de\/weissenhorn\/#website"},"datePublished":"2024-08-03T08:16:55+00:00","dateModified":"2024-08-03T08:18:01+00:00","author":{"@id":"https:\/\/weltlaeden.de\/weissenhorn\/#\/schema\/person\/a54ab778984ca172a44d8286c0e76e78"},"breadcrumb":{"@id":"https:\/\/weltlaeden.de\/weissenhorn\/make-the-world-a-little-bighter-sonnenglas-classic-und-mini\/#breadcrumb"},"inLanguage":"de","potentialAction":[{"@type":"ReadAction","target":["https:\/\/weltlaeden.de\/weissenhorn\/make-the-world-a-little-bighter-sonnenglas-classic-und-mini\/"]}]},{"@type":"BreadcrumbList","@id":"https:\/\/weltlaeden.de\/weissenhorn\/make-the-world-a-little-bighter-sonnenglas-classic-und-mini\/#breadcrumb","itemListElement":[{"@type":"ListItem","position":1,"name":"Startseite","item":"https:\/\/weltlaeden.de\/weissenhorn\/"},{"@type":"ListItem","position":2,"name":"Make the world a little bighter ! Sonnenglas classic und mini"}]},{"@type":"WebSite","@id":"https:\/\/weltlaeden.de\/weissenhorn\/#website","url":"https:\/\/weltlaeden.de\/weissenhorn\/","name":"Weltladen Wei\u00dfenhorn","description":"Faire Produkte seit 1990","potentialAction":[{"@type":"SearchAction","target":{"@type":"EntryPoint","urlTemplate":"https:\/\/weltlaeden.de\/weissenhorn\/?s={search_term_string}"},"query-input":{"@type":"PropertyValueSpecification","valueRequired":true,"valueName":"search_term_string"}}],"inLanguage":"de"},{"@type":"Person","@id":"https:\/\/weltlaeden.de\/weissenhorn\/#\/schema\/person\/a54ab778984ca172a44d8286c0e76e78","name":"weissenhorn","image":{"@type":"ImageObject","inLanguage":"de","@id":"https:\/\/weltlaeden.de\/weissenhorn\/#\/schema\/person\/image\/","url":"https:\/\/secure.gravatar.com\/avatar\/9094ba6a92e3b50222fd0796b579f81f?s=96&d=mm&r=g","contentUrl":"https:\/\/secure.gravatar.com\/avatar\/9094ba6a92e3b50222fd0796b579f81f?s=96&d=mm&r=g","caption":"weissenhorn"}}]}},"_links":{"self":[{"href":"https:\/\/weltlaeden.de\/weissenhorn\/wp-json\/wp\/v2\/posts\/1015","targetHints":{"allow":["GET"]}}],"collection":[{"href":"https:\/\/weltlaeden.de\/weissenhorn\/wp-json\/wp\/v2\/posts"}],"about":[{"href":"https:\/\/weltlaeden.de\/weissenhorn\/wp-json\/wp\/v2\/types\/post"}],"author":[{"embeddable":true,"href":"https:\/\/weltlaeden.de\/weissenhorn\/wp-json\/wp\/v2\/users\/191"}],"replies":[{"embeddable":true,"href":"https:\/\/weltlaeden.de\/weissenhorn\/wp-json\/wp\/v2\/comments?post=1015"}],"version-history":[{"count":3,"href":"https:\/\/weltlaeden.de\/weissenhorn\/wp-json\/wp\/v2\/posts\/1015\/revisions"}],"predecessor-version":[{"id":1018,"href":"https:\/\/weltlaeden.de\/weissenhorn\/wp-json\/wp\/v2\/posts\/1015\/revisions\/1018"}],"wp:attachment":[{"href":"https:\/\/weltlaeden.de\/weissenhorn\/wp-json\/wp\/v2\/media?parent=1015"}],"wp:term":[{"taxonomy":"category","embeddable":true,"href":"https:\/\/weltlaeden.de\/weissenhorn\/wp-json\/wp\/v2\/categories?post=1015"},{"taxonomy":"post_tag","embeddable":true,"href":"https:\/\/weltlaeden.de\/weissenhorn\/wp-json\/wp\/v2\/tags?post=1015"}],"curies":[{"name":"wp","href":"https:\/\/api.w.org\/{rel}","templated":true}]}}