{"id":1011,"date":"2024-07-01T12:36:18","date_gmt":"2024-07-01T10:36:18","guid":{"rendered":"https:\/\/weltlaeden.de\/weissenhorn\/?p=1011"},"modified":"2024-07-01T12:48:32","modified_gmt":"2024-07-01T10:48:32","slug":"landtagsabgeordneter-thorsten-freudenberger-besucht-den-lokalen-garanten-fuer-fairen-handel","status":"publish","type":"post","link":"https:\/\/weltlaeden.de\/weissenhorn\/landtagsabgeordneter-thorsten-freudenberger-besucht-den-lokalen-garanten-fuer-fairen-handel\/","title":{"rendered":"Landtagsabgeordneter Thorsten Freudenberger besucht den lokalen Garanten f\u00fcr fairen Handel"},"content":{"rendered":"<h2 align=\"JUSTIFY\"><span style=\"color: #ff6600\"><strong>Weltladen Wei\u00dfenhorn &#8211; Landtagsabgeordneter Thorsten Freudenberger besucht den lokalen Garanten f\u00fcr fairen Handel<\/strong><\/span><\/h2>\n<p align=\"JUSTIFY\"><strong>Seit 22 Jahren schon bietet der Weltladen Wei\u00dfenhorn fair gehandelte Produkte in der Fuggerstadt an.<\/strong><\/p>\n<p align=\"JUSTIFY\"><strong> Von Ehrenamtlichen getragen, leistet er einen lokalen Beitrag zur globalen Gerechtigkeit. <\/strong><\/p>\n<p align=\"JUSTIFY\"><strong>Landtagsabgeordneter Thorsten Freudenberger informierte sich nun vor Ort \u00fcber das langj\u00e4hrige Engagement. <\/strong><\/p>\n<p align=\"JUSTIFY\"><strong>Im Mittelpunkt des Austauschs standen Fragen rund um den fairen Handel von Produkten entlang der globalen Lieferketten.<\/strong><\/p>\n<h4 align=\"JUSTIFY\">So ist es ein wichtiges Anliegen, dass \u00f6ffentliche Einrichtungen wie Kommunen, aber auch der Landtag oder Ministerien bei der Beschaffung auf fair gehandelte Produkte besonderen Wert legen.<\/h4>\n<h4 align=\"JUSTIFY\">Auch beim Kantinenessen m\u00fcssten fair gehandelte Zutaten selbstverst\u00e4ndlich sein.<\/h4>\n<h4 align=\"JUSTIFY\">Freudenberger pflichtete dem bei und sagte zu, sich \u00fcber die aktuelle Handhabung in M\u00fcnchen zu informieren und f\u00fcr fairen Handel zu werben.<\/h4>\n<h4 align=\"JUSTIFY\">\u201eFair gehandelte Produkte sind ein wichtiger Beitrag zur sozialen und \u00f6kologischen Gerechtigkeit auf unserem Planeten und ich danke den ehrenamtlichen Mitarbeitern f\u00fcr ihr gro\u00dfes Engagement in diesem Bereich\u201c, erkl\u00e4rte Thorsten Freudenberger.<\/h4>\n<h4 align=\"JUSTIFY\">Schon w\u00e4hrend seiner Zeit als Landrat sei es ein wichtiges Anliegen gewesen, den Landkreis Neu-Ulm zu einem zertifizierten fairen Landkreis zu machen. Dies ist dank eines breiten gesellschaftlichen und kommunalen Engagements auch gelungen.<\/h4>\n<h4 align=\"JUSTIFY\">Die Weltl\u00e4den bieten eine gro\u00dfe Produktvielfalt an Lebensmitteln, handwerklichen Produkten und Textilien auf Fair-Trade-Basis, damit alle Personen entlang der Lieferketten von den gehandelten Produkten ein ausreichendes Einkommen generieren k\u00f6nnen, um sich und ihre Familien zu ern\u00e4hren.<\/h4>\n<h4 align=\"JUSTIFY\"><span style=\"color: #ff6600\">\u201cUnser Angebot in Wei\u00dfenhorn wird gut angenommen. Wir freuen uns aber nat\u00fcrlich immer \u00fcber neue Kundinnen und Kunden. Besonders freuen wir uns auch \u00fcber das Interesse vieler Schulklassen. Kinder fr\u00fch f\u00fcr weltweite Fairness zu sensibilisieren, ist uns sehr wichtig\u201d, erl\u00e4uterte Franz Snehotta, der dem Weltladen-Verein vorsteht.<\/span><\/h4>\n<p>&nbsp;<\/p>\n<p><img loading=\"lazy\" decoding=\"async\" class=\"alignnone wp-image-1012\" src=\"https:\/\/weltlaeden.de\/weissenhorn\/wp-content\/uploads\/sites\/129\/2024\/07\/C487076F-7190-4F5E-8865-87C175F8A901-300x200.jpeg\" alt=\"\" width=\"417\" height=\"278\" srcset=\"https:\/\/weltlaeden.de\/weissenhorn\/wp-content\/uploads\/sites\/129\/2024\/07\/C487076F-7190-4F5E-8865-87C175F8A901-300x200.jpeg 300w, https:\/\/weltlaeden.de\/weissenhorn\/wp-content\/uploads\/sites\/129\/2024\/07\/C487076F-7190-4F5E-8865-87C175F8A901-1024x681.jpeg 1024w, https:\/\/weltlaeden.de\/weissenhorn\/wp-content\/uploads\/sites\/129\/2024\/07\/C487076F-7190-4F5E-8865-87C175F8A901-768x511.jpeg 768w, https:\/\/weltlaeden.de\/weissenhorn\/wp-content\/uploads\/sites\/129\/2024\/07\/C487076F-7190-4F5E-8865-87C175F8A901-1536x1022.jpeg 1536w, https:\/\/weltlaeden.de\/weissenhorn\/wp-content\/uploads\/sites\/129\/2024\/07\/C487076F-7190-4F5E-8865-87C175F8A901.jpeg 2048w\" sizes=\"auto, (max-width: 417px) 100vw, 417px\" \/><\/p>\n","protected":false},"excerpt":{"rendered":"<p>Weltladen Wei\u00dfenhorn &#8211; Landtagsabgeordneter Thorsten Freudenberger besucht den lokalen Garanten f\u00fcr fairen Handel Seit 22 Jahren schon bietet der Weltladen Wei\u00dfenhorn fair gehandelte Produkte in der Fuggerstadt an. Von Ehrenamtlichen getragen, leistet er einen lokalen Beitrag zur globalen Gerechtigkeit. Landtagsabgeordneter Thorsten Freudenberger informierte sich nun vor Ort \u00fcber das langj\u00e4hrige Engagement. Im Mittelpunkt des Austauschs&hellip;<\/p>\n","protected":false},"author":191,"featured_media":0,"comment_status":"closed","ping_status":"closed","sticky":false,"template":"","format":"standard","meta":{"footnotes":""},"categories":[8],"tags":[],"class_list":["post-1011","post","type-post","status-publish","format-standard","hentry","category-neues","category-8","description-off"],"yoast_head":"<!-- This site is optimized with the Yoast SEO plugin v26.8 - https:\/\/yoast.com\/product\/yoast-seo-wordpress\/ -->\n<title>Landtagsabgeordneter Thorsten Freudenberger besucht den lokalen Garanten f\u00fcr fairen Handel - Weltladen Wei\u00dfenhorn<\/title>\n<meta name=\"robots\" content=\"index, follow, max-snippet:-1, max-image-preview:large, max-video-preview:-1\" \/>\n<link rel=\"canonical\" href=\"https:\/\/weltlaeden.de\/weissenhorn\/landtagsabgeordneter-thorsten-freudenberger-besucht-den-lokalen-garanten-fuer-fairen-handel\/\" \/>\n<meta property=\"og:locale\" content=\"de_DE\" \/>\n<meta property=\"og:type\" content=\"article\" \/>\n<meta property=\"og:title\" content=\"Landtagsabgeordneter Thorsten Freudenberger besucht den lokalen Garanten f\u00fcr fairen Handel - Weltladen Wei\u00dfenhorn\" \/>\n<meta property=\"og:description\" content=\"Weltladen Wei\u00dfenhorn &#8211; Landtagsabgeordneter Thorsten Freudenberger besucht den lokalen Garanten f\u00fcr fairen Handel Seit 22 Jahren schon bietet der Weltladen Wei\u00dfenhorn fair gehandelte Produkte in der Fuggerstadt an. Von Ehrenamtlichen getragen, leistet er einen lokalen Beitrag zur globalen Gerechtigkeit. Landtagsabgeordneter Thorsten Freudenberger informierte sich nun vor Ort \u00fcber das langj\u00e4hrige Engagement. Im Mittelpunkt des Austauschs&hellip;\" \/>\n<meta property=\"og:url\" content=\"https:\/\/weltlaeden.de\/weissenhorn\/landtagsabgeordneter-thorsten-freudenberger-besucht-den-lokalen-garanten-fuer-fairen-handel\/\" \/>\n<meta property=\"og:site_name\" content=\"Weltladen Wei\u00dfenhorn\" \/>\n<meta property=\"article:published_time\" content=\"2024-07-01T10:36:18+00:00\" \/>\n<meta property=\"article:modified_time\" content=\"2024-07-01T10:48:32+00:00\" \/>\n<meta property=\"og:image\" content=\"https:\/\/weltlaeden.de\/weissenhorn\/wp-content\/uploads\/sites\/129\/2024\/07\/C487076F-7190-4F5E-8865-87C175F8A901-300x200.jpeg\" \/>\n<meta name=\"author\" content=\"weissenhorn\" \/>\n<meta name=\"twitter:card\" content=\"summary_large_image\" \/>\n<meta name=\"twitter:label1\" content=\"Verfasst von\" \/>\n\t<meta name=\"twitter:data1\" content=\"weissenhorn\" \/>\n\t<meta name=\"twitter:label2\" content=\"Gesch\u00e4tzte Lesezeit\" \/>\n\t<meta name=\"twitter:data2\" content=\"1\u00a0Minute\" \/>\n<script type=\"application\/ld+json\" class=\"yoast-schema-graph\">{\"@context\":\"https:\/\/schema.org\",\"@graph\":[{\"@type\":\"Article\",\"@id\":\"https:\/\/weltlaeden.de\/weissenhorn\/landtagsabgeordneter-thorsten-freudenberger-besucht-den-lokalen-garanten-fuer-fairen-handel\/#article\",\"isPartOf\":{\"@id\":\"https:\/\/weltlaeden.de\/weissenhorn\/landtagsabgeordneter-thorsten-freudenberger-besucht-den-lokalen-garanten-fuer-fairen-handel\/\"},\"author\":{\"name\":\"weissenhorn\",\"@id\":\"https:\/\/weltlaeden.de\/weissenhorn\/#\/schema\/person\/a54ab778984ca172a44d8286c0e76e78\"},\"headline\":\"Landtagsabgeordneter Thorsten Freudenberger besucht den lokalen Garanten f\u00fcr fairen Handel\",\"datePublished\":\"2024-07-01T10:36:18+00:00\",\"dateModified\":\"2024-07-01T10:48:32+00:00\",\"mainEntityOfPage\":{\"@id\":\"https:\/\/weltlaeden.de\/weissenhorn\/landtagsabgeordneter-thorsten-freudenberger-besucht-den-lokalen-garanten-fuer-fairen-handel\/\"},\"wordCount\":304,\"image\":{\"@id\":\"https:\/\/weltlaeden.de\/weissenhorn\/landtagsabgeordneter-thorsten-freudenberger-besucht-den-lokalen-garanten-fuer-fairen-handel\/#primaryimage\"},\"thumbnailUrl\":\"https:\/\/weltlaeden.de\/weissenhorn\/wp-content\/uploads\/sites\/129\/2024\/07\/C487076F-7190-4F5E-8865-87C175F8A901-300x200.jpeg\",\"articleSection\":[\"Neuigkeiten\"],\"inLanguage\":\"de\"},{\"@type\":\"WebPage\",\"@id\":\"https:\/\/weltlaeden.de\/weissenhorn\/landtagsabgeordneter-thorsten-freudenberger-besucht-den-lokalen-garanten-fuer-fairen-handel\/\",\"url\":\"https:\/\/weltlaeden.de\/weissenhorn\/landtagsabgeordneter-thorsten-freudenberger-besucht-den-lokalen-garanten-fuer-fairen-handel\/\",\"name\":\"Landtagsabgeordneter Thorsten Freudenberger besucht den lokalen Garanten f\u00fcr fairen Handel - Weltladen Wei\u00dfenhorn\",\"isPartOf\":{\"@id\":\"https:\/\/weltlaeden.de\/weissenhorn\/#website\"},\"primaryImageOfPage\":{\"@id\":\"https:\/\/weltlaeden.de\/weissenhorn\/landtagsabgeordneter-thorsten-freudenberger-besucht-den-lokalen-garanten-fuer-fairen-handel\/#primaryimage\"},\"image\":{\"@id\":\"https:\/\/weltlaeden.de\/weissenhorn\/landtagsabgeordneter-thorsten-freudenberger-besucht-den-lokalen-garanten-fuer-fairen-handel\/#primaryimage\"},\"thumbnailUrl\":\"https:\/\/weltlaeden.de\/weissenhorn\/wp-content\/uploads\/sites\/129\/2024\/07\/C487076F-7190-4F5E-8865-87C175F8A901-300x200.jpeg\",\"datePublished\":\"2024-07-01T10:36:18+00:00\",\"dateModified\":\"2024-07-01T10:48:32+00:00\",\"author\":{\"@id\":\"https:\/\/weltlaeden.de\/weissenhorn\/#\/schema\/person\/a54ab778984ca172a44d8286c0e76e78\"},\"breadcrumb\":{\"@id\":\"https:\/\/weltlaeden.de\/weissenhorn\/landtagsabgeordneter-thorsten-freudenberger-besucht-den-lokalen-garanten-fuer-fairen-handel\/#breadcrumb\"},\"inLanguage\":\"de\",\"potentialAction\":[{\"@type\":\"ReadAction\",\"target\":[\"https:\/\/weltlaeden.de\/weissenhorn\/landtagsabgeordneter-thorsten-freudenberger-besucht-den-lokalen-garanten-fuer-fairen-handel\/\"]}]},{\"@type\":\"ImageObject\",\"inLanguage\":\"de\",\"@id\":\"https:\/\/weltlaeden.de\/weissenhorn\/landtagsabgeordneter-thorsten-freudenberger-besucht-den-lokalen-garanten-fuer-fairen-handel\/#primaryimage\",\"url\":\"https:\/\/weltlaeden.de\/weissenhorn\/wp-content\/uploads\/sites\/129\/2024\/07\/C487076F-7190-4F5E-8865-87C175F8A901.jpeg\",\"contentUrl\":\"https:\/\/weltlaeden.de\/weissenhorn\/wp-content\/uploads\/sites\/129\/2024\/07\/C487076F-7190-4F5E-8865-87C175F8A901.jpeg\",\"width\":2048,\"height\":1362},{\"@type\":\"BreadcrumbList\",\"@id\":\"https:\/\/weltlaeden.de\/weissenhorn\/landtagsabgeordneter-thorsten-freudenberger-besucht-den-lokalen-garanten-fuer-fairen-handel\/#breadcrumb\",\"itemListElement\":[{\"@type\":\"ListItem\",\"position\":1,\"name\":\"Startseite\",\"item\":\"https:\/\/weltlaeden.de\/weissenhorn\/\"},{\"@type\":\"ListItem\",\"position\":2,\"name\":\"Landtagsabgeordneter Thorsten Freudenberger besucht den lokalen Garanten f\u00fcr fairen Handel\"}]},{\"@type\":\"WebSite\",\"@id\":\"https:\/\/weltlaeden.de\/weissenhorn\/#website\",\"url\":\"https:\/\/weltlaeden.de\/weissenhorn\/\",\"name\":\"Weltladen Wei\u00dfenhorn\",\"description\":\"Faire Produkte seit 1990\",\"potentialAction\":[{\"@type\":\"SearchAction\",\"target\":{\"@type\":\"EntryPoint\",\"urlTemplate\":\"https:\/\/weltlaeden.de\/weissenhorn\/?s={search_term_string}\"},\"query-input\":{\"@type\":\"PropertyValueSpecification\",\"valueRequired\":true,\"valueName\":\"search_term_string\"}}],\"inLanguage\":\"de\"},{\"@type\":\"Person\",\"@id\":\"https:\/\/weltlaeden.de\/weissenhorn\/#\/schema\/person\/a54ab778984ca172a44d8286c0e76e78\",\"name\":\"weissenhorn\",\"image\":{\"@type\":\"ImageObject\",\"inLanguage\":\"de\",\"@id\":\"https:\/\/weltlaeden.de\/weissenhorn\/#\/schema\/person\/image\/\",\"url\":\"https:\/\/secure.gravatar.com\/avatar\/9094ba6a92e3b50222fd0796b579f81f?s=96&d=mm&r=g\",\"contentUrl\":\"https:\/\/secure.gravatar.com\/avatar\/9094ba6a92e3b50222fd0796b579f81f?s=96&d=mm&r=g\",\"caption\":\"weissenhorn\"}}]}<\/script>\n<!-- \/ Yoast SEO plugin. -->","yoast_head_json":{"title":"Landtagsabgeordneter Thorsten Freudenberger besucht den lokalen Garanten f\u00fcr fairen Handel - Weltladen Wei\u00dfenhorn","robots":{"index":"index","follow":"follow","max-snippet":"max-snippet:-1","max-image-preview":"max-image-preview:large","max-video-preview":"max-video-preview:-1"},"canonical":"https:\/\/weltlaeden.de\/weissenhorn\/landtagsabgeordneter-thorsten-freudenberger-besucht-den-lokalen-garanten-fuer-fairen-handel\/","og_locale":"de_DE","og_type":"article","og_title":"Landtagsabgeordneter Thorsten Freudenberger besucht den lokalen Garanten f\u00fcr fairen Handel - Weltladen Wei\u00dfenhorn","og_description":"Weltladen Wei\u00dfenhorn &#8211; Landtagsabgeordneter Thorsten Freudenberger besucht den lokalen Garanten f\u00fcr fairen Handel Seit 22 Jahren schon bietet der Weltladen Wei\u00dfenhorn fair gehandelte Produkte in der Fuggerstadt an. Von Ehrenamtlichen getragen, leistet er einen lokalen Beitrag zur globalen Gerechtigkeit. Landtagsabgeordneter Thorsten Freudenberger informierte sich nun vor Ort \u00fcber das langj\u00e4hrige Engagement. Im Mittelpunkt des Austauschs&hellip;","og_url":"https:\/\/weltlaeden.de\/weissenhorn\/landtagsabgeordneter-thorsten-freudenberger-besucht-den-lokalen-garanten-fuer-fairen-handel\/","og_site_name":"Weltladen Wei\u00dfenhorn","article_published_time":"2024-07-01T10:36:18+00:00","article_modified_time":"2024-07-01T10:48:32+00:00","og_image":[{"url":"https:\/\/weltlaeden.de\/weissenhorn\/wp-content\/uploads\/sites\/129\/2024\/07\/C487076F-7190-4F5E-8865-87C175F8A901-300x200.jpeg","type":"","width":"","height":""}],"author":"weissenhorn","twitter_card":"summary_large_image","twitter_misc":{"Verfasst von":"weissenhorn","Gesch\u00e4tzte Lesezeit":"1\u00a0Minute"},"schema":{"@context":"https:\/\/schema.org","@graph":[{"@type":"Article","@id":"https:\/\/weltlaeden.de\/weissenhorn\/landtagsabgeordneter-thorsten-freudenberger-besucht-den-lokalen-garanten-fuer-fairen-handel\/#article","isPartOf":{"@id":"https:\/\/weltlaeden.de\/weissenhorn\/landtagsabgeordneter-thorsten-freudenberger-besucht-den-lokalen-garanten-fuer-fairen-handel\/"},"author":{"name":"weissenhorn","@id":"https:\/\/weltlaeden.de\/weissenhorn\/#\/schema\/person\/a54ab778984ca172a44d8286c0e76e78"},"headline":"Landtagsabgeordneter Thorsten Freudenberger besucht den lokalen Garanten f\u00fcr fairen Handel","datePublished":"2024-07-01T10:36:18+00:00","dateModified":"2024-07-01T10:48:32+00:00","mainEntityOfPage":{"@id":"https:\/\/weltlaeden.de\/weissenhorn\/landtagsabgeordneter-thorsten-freudenberger-besucht-den-lokalen-garanten-fuer-fairen-handel\/"},"wordCount":304,"image":{"@id":"https:\/\/weltlaeden.de\/weissenhorn\/landtagsabgeordneter-thorsten-freudenberger-besucht-den-lokalen-garanten-fuer-fairen-handel\/#primaryimage"},"thumbnailUrl":"https:\/\/weltlaeden.de\/weissenhorn\/wp-content\/uploads\/sites\/129\/2024\/07\/C487076F-7190-4F5E-8865-87C175F8A901-300x200.jpeg","articleSection":["Neuigkeiten"],"inLanguage":"de"},{"@type":"WebPage","@id":"https:\/\/weltlaeden.de\/weissenhorn\/landtagsabgeordneter-thorsten-freudenberger-besucht-den-lokalen-garanten-fuer-fairen-handel\/","url":"https:\/\/weltlaeden.de\/weissenhorn\/landtagsabgeordneter-thorsten-freudenberger-besucht-den-lokalen-garanten-fuer-fairen-handel\/","name":"Landtagsabgeordneter Thorsten Freudenberger besucht den lokalen Garanten f\u00fcr fairen Handel - Weltladen Wei\u00dfenhorn","isPartOf":{"@id":"https:\/\/weltlaeden.de\/weissenhorn\/#website"},"primaryImageOfPage":{"@id":"https:\/\/weltlaeden.de\/weissenhorn\/landtagsabgeordneter-thorsten-freudenberger-besucht-den-lokalen-garanten-fuer-fairen-handel\/#primaryimage"},"image":{"@id":"https:\/\/weltlaeden.de\/weissenhorn\/landtagsabgeordneter-thorsten-freudenberger-besucht-den-lokalen-garanten-fuer-fairen-handel\/#primaryimage"},"thumbnailUrl":"https:\/\/weltlaeden.de\/weissenhorn\/wp-content\/uploads\/sites\/129\/2024\/07\/C487076F-7190-4F5E-8865-87C175F8A901-300x200.jpeg","datePublished":"2024-07-01T10:36:18+00:00","dateModified":"2024-07-01T10:48:32+00:00","author":{"@id":"https:\/\/weltlaeden.de\/weissenhorn\/#\/schema\/person\/a54ab778984ca172a44d8286c0e76e78"},"breadcrumb":{"@id":"https:\/\/weltlaeden.de\/weissenhorn\/landtagsabgeordneter-thorsten-freudenberger-besucht-den-lokalen-garanten-fuer-fairen-handel\/#breadcrumb"},"inLanguage":"de","potentialAction":[{"@type":"ReadAction","target":["https:\/\/weltlaeden.de\/weissenhorn\/landtagsabgeordneter-thorsten-freudenberger-besucht-den-lokalen-garanten-fuer-fairen-handel\/"]}]},{"@type":"ImageObject","inLanguage":"de","@id":"https:\/\/weltlaeden.de\/weissenhorn\/landtagsabgeordneter-thorsten-freudenberger-besucht-den-lokalen-garanten-fuer-fairen-handel\/#primaryimage","url":"https:\/\/weltlaeden.de\/weissenhorn\/wp-content\/uploads\/sites\/129\/2024\/07\/C487076F-7190-4F5E-8865-87C175F8A901.jpeg","contentUrl":"https:\/\/weltlaeden.de\/weissenhorn\/wp-content\/uploads\/sites\/129\/2024\/07\/C487076F-7190-4F5E-8865-87C175F8A901.jpeg","width":2048,"height":1362},{"@type":"BreadcrumbList","@id":"https:\/\/weltlaeden.de\/weissenhorn\/landtagsabgeordneter-thorsten-freudenberger-besucht-den-lokalen-garanten-fuer-fairen-handel\/#breadcrumb","itemListElement":[{"@type":"ListItem","position":1,"name":"Startseite","item":"https:\/\/weltlaeden.de\/weissenhorn\/"},{"@type":"ListItem","position":2,"name":"Landtagsabgeordneter Thorsten Freudenberger besucht den lokalen Garanten f\u00fcr fairen Handel"}]},{"@type":"WebSite","@id":"https:\/\/weltlaeden.de\/weissenhorn\/#website","url":"https:\/\/weltlaeden.de\/weissenhorn\/","name":"Weltladen Wei\u00dfenhorn","description":"Faire Produkte seit 1990","potentialAction":[{"@type":"SearchAction","target":{"@type":"EntryPoint","urlTemplate":"https:\/\/weltlaeden.de\/weissenhorn\/?s={search_term_string}"},"query-input":{"@type":"PropertyValueSpecification","valueRequired":true,"valueName":"search_term_string"}}],"inLanguage":"de"},{"@type":"Person","@id":"https:\/\/weltlaeden.de\/weissenhorn\/#\/schema\/person\/a54ab778984ca172a44d8286c0e76e78","name":"weissenhorn","image":{"@type":"ImageObject","inLanguage":"de","@id":"https:\/\/weltlaeden.de\/weissenhorn\/#\/schema\/person\/image\/","url":"https:\/\/secure.gravatar.com\/avatar\/9094ba6a92e3b50222fd0796b579f81f?s=96&d=mm&r=g","contentUrl":"https:\/\/secure.gravatar.com\/avatar\/9094ba6a92e3b50222fd0796b579f81f?s=96&d=mm&r=g","caption":"weissenhorn"}}]}},"_links":{"self":[{"href":"https:\/\/weltlaeden.de\/weissenhorn\/wp-json\/wp\/v2\/posts\/1011","targetHints":{"allow":["GET"]}}],"collection":[{"href":"https:\/\/weltlaeden.de\/weissenhorn\/wp-json\/wp\/v2\/posts"}],"about":[{"href":"https:\/\/weltlaeden.de\/weissenhorn\/wp-json\/wp\/v2\/types\/post"}],"author":[{"embeddable":true,"href":"https:\/\/weltlaeden.de\/weissenhorn\/wp-json\/wp\/v2\/users\/191"}],"replies":[{"embeddable":true,"href":"https:\/\/weltlaeden.de\/weissenhorn\/wp-json\/wp\/v2\/comments?post=1011"}],"version-history":[{"count":2,"href":"https:\/\/weltlaeden.de\/weissenhorn\/wp-json\/wp\/v2\/posts\/1011\/revisions"}],"predecessor-version":[{"id":1014,"href":"https:\/\/weltlaeden.de\/weissenhorn\/wp-json\/wp\/v2\/posts\/1011\/revisions\/1014"}],"wp:attachment":[{"href":"https:\/\/weltlaeden.de\/weissenhorn\/wp-json\/wp\/v2\/media?parent=1011"}],"wp:term":[{"taxonomy":"category","embeddable":true,"href":"https:\/\/weltlaeden.de\/weissenhorn\/wp-json\/wp\/v2\/categories?post=1011"},{"taxonomy":"post_tag","embeddable":true,"href":"https:\/\/weltlaeden.de\/weissenhorn\/wp-json\/wp\/v2\/tags?post=1011"}],"curies":[{"name":"wp","href":"https:\/\/api.w.org\/{rel}","templated":true}]}}