{"id":1003,"date":"2024-05-30T10:45:32","date_gmt":"2024-05-30T08:45:32","guid":{"rendered":"https:\/\/weltlaeden.de\/weissenhorn\/?p=1003"},"modified":"2024-05-30T10:45:32","modified_gmt":"2024-05-30T08:45:32","slug":"mangos-fuer-kinderrechte-fairprodukt-des-monats","status":"publish","type":"post","link":"https:\/\/weltlaeden.de\/weissenhorn\/mangos-fuer-kinderrechte-fairprodukt-des-monats\/","title":{"rendered":"Mangos f\u00fcr Kinderrechte  &#8211; FairProdukt des Monats"},"content":{"rendered":"<p>&nbsp;<\/p>\n<h1><span style=\"color: #ff6600\"><strong>\u00a0<\/strong><strong>Mangos f\u00fcr Kinderrechte<\/strong><\/span><\/h1>\n<p>&nbsp;<\/p>\n<h2><span style=\"color: #ff6600\">Die philippinische Kinderschutzorganisation PREDA um Pater Shay Cullen<\/span><\/h2>\n<h2><span style=\"color: #ff6600\"> k\u00e4mpft bereits seit einem halben Jahrhundert unerm\u00fcdlich f\u00fcr die Rechte<\/span><\/h2>\n<h2><span style=\"color: #ff6600\"> von Kindern und Jugendlichen und f\u00f6rdert den Fairen Handel. <\/span><\/h2>\n<h2><span style=\"color: #ff6600\">Als langj\u00e4hriger Partner von PREDA gratuliert der Wei\u00dfenhorner Weltladen<\/span><\/h2>\n<h2><span style=\"color: #ff6600\"> zu diesem besonderen Meilenstein und bietet seine \u201ePREDA-Mangos\u201c als <\/span><\/h2>\n<h2><span style=\"color: #ff6600\">FairProdukt des Monats im Juni an<\/span><\/h2>\n<p><strong>Seit Jahrzehnten gibt es eine besondere Partnerschaft des Fairen Handels mit PREDA auf den Philippinen, die seitdem einen bedeutenden Unterschied im Leben tausender Menschen ausgemacht hat.Durch das FairTrade-Mango-Projekt konnte nicht nur die Lebensgrundlage von Kleinbauernfamilien gest\u00e4rkt werden, sondern es wurden auch Kinder vor Ausbeutung bewahrt.<\/strong><\/p>\n<p><strong>Die Partnerschaft mit PREDA steht f\u00fcr gemeinsame Werte und den Glauben an eine bessere Zukunft f\u00fcr alle. Mit den getrockneten, fair gehandelten Mangos gelang es PREDA und den fairen Handelspartnern auch das Bewusstsein f\u00fcr die Rechte von Kindern auf den Philippinen und Kampagnen gegen sexuelle Ausbeutung dort zu schaffen.<\/strong><\/p>\n<p><strong>So zeigt diese Zusammenarbeit, wie Kinderschutzarbeit und Fairer Handel Hand in Hand gehen k\u00f6nnen und Fairtrade mehr ist als die blo\u00dfe Zahlung gerechter Preise. Die Vision von PREDA, ihre Entschlossenheit und ihr leidenschaftliches Engagement haben unz\u00e4hligen Kindern und Aeta-Kleinbauernfamilien neue Hoffnung und eine bessere Zukunft geschenkt.<\/strong><\/p>\n<p><strong>\u201eIhre Inspiration und ihr Engagement sind eine Quelle der Hoffnung und des Wandels f\u00fcr uns alle,\u201c sagt Weltladen-Vorsitzender Franz Snehotta: \u201ezu dieser herausragenden Arbeit und den entsprechenden Erfolgen gratulieren wir herzlich! M\u00f6ge PREDA weiterhin Licht in die Dunkelheit bringen und vielen Menschen eine bessere Zukunft erm\u00f6glichen.\u201c<\/strong><\/p>\n<p><strong>Alle Informationen zum fairen Handel mit Mangos, zu Anbau, Ernte und Verarbeitung und den Kinderrechtskampagnen von PREDA und WeltPartner finden sich in der Infobrosch\u00fcre \u201eMangos f\u00fcr Kinderrechte\u201c, die im Weltladen eingesehen werden kann Menschen ausgemacht hat. <\/strong><\/p>\n<p>.<\/p>\n<h3><span style=\"color: #ff6600\">Getrocknete Carabo Mango mit und ohne Zuckerzusatz, Bio-Mango-\u00c4ffchen, Bio-Mango-Engel, Mango-Brotaufstrich und alle weiteren Mango-Produkte von PREDA <\/span><\/h3>\n<h2><span style=\"color: #ff6600\">sind das um 20% im Preis reduzierte FairProdukt des Monats im Wei\u00dfenhorner Weltladen <\/span><\/h2>\n<h3><span style=\"color: #ff6600\">mitten in der guten Stube der Fairtrade-Stadt.<\/span><\/h3>\n<h3>Hier kann man das ein oder andere Mango-Produkt auch einfach mal probieren.<\/h3>\n","protected":false},"excerpt":{"rendered":"<p>&nbsp; \u00a0Mangos f\u00fcr Kinderrechte &nbsp; Die philippinische Kinderschutzorganisation PREDA um Pater Shay Cullen k\u00e4mpft bereits seit einem halben Jahrhundert unerm\u00fcdlich f\u00fcr die Rechte von Kindern und Jugendlichen und f\u00f6rdert den Fairen Handel. Als langj\u00e4hriger Partner von PREDA gratuliert der Wei\u00dfenhorner Weltladen zu diesem besonderen Meilenstein und bietet seine \u201ePREDA-Mangos\u201c als FairProdukt des Monats im Juni&hellip;<\/p>\n","protected":false},"author":191,"featured_media":1004,"comment_status":"closed","ping_status":"closed","sticky":false,"template":"","format":"standard","meta":{"footnotes":""},"categories":[12],"tags":[],"class_list":["post-1003","post","type-post","status-publish","format-standard","has-post-thumbnail","hentry","category-produkt-des-monats","category-12","description-off"],"yoast_head":"<!-- This site is optimized with the Yoast SEO plugin v26.8 - https:\/\/yoast.com\/product\/yoast-seo-wordpress\/ -->\n<title>Mangos f\u00fcr Kinderrechte - FairProdukt des Monats - Weltladen Wei\u00dfenhorn<\/title>\n<meta name=\"robots\" content=\"index, follow, max-snippet:-1, max-image-preview:large, max-video-preview:-1\" \/>\n<link rel=\"canonical\" href=\"https:\/\/weltlaeden.de\/weissenhorn\/mangos-fuer-kinderrechte-fairprodukt-des-monats\/\" \/>\n<meta property=\"og:locale\" content=\"de_DE\" \/>\n<meta property=\"og:type\" content=\"article\" \/>\n<meta property=\"og:title\" content=\"Mangos f\u00fcr Kinderrechte - FairProdukt des Monats - Weltladen Wei\u00dfenhorn\" \/>\n<meta property=\"og:description\" content=\"&nbsp; \u00a0Mangos f\u00fcr Kinderrechte &nbsp; Die philippinische Kinderschutzorganisation PREDA um Pater Shay Cullen k\u00e4mpft bereits seit einem halben Jahrhundert unerm\u00fcdlich f\u00fcr die Rechte von Kindern und Jugendlichen und f\u00f6rdert den Fairen Handel. Als langj\u00e4hriger Partner von PREDA gratuliert der Wei\u00dfenhorner Weltladen zu diesem besonderen Meilenstein und bietet seine \u201ePREDA-Mangos\u201c als FairProdukt des Monats im Juni&hellip;\" \/>\n<meta property=\"og:url\" content=\"https:\/\/weltlaeden.de\/weissenhorn\/mangos-fuer-kinderrechte-fairprodukt-des-monats\/\" \/>\n<meta property=\"og:site_name\" content=\"Weltladen Wei\u00dfenhorn\" \/>\n<meta property=\"article:published_time\" content=\"2024-05-30T08:45:32+00:00\" \/>\n<meta property=\"og:image\" content=\"https:\/\/weltlaeden.de\/weissenhorn\/wp-content\/uploads\/sites\/129\/2024\/05\/WeltPartner-Mango-und-Aufforstung1.jpg\" \/>\n\t<meta property=\"og:image:width\" content=\"1600\" \/>\n\t<meta property=\"og:image:height\" content=\"1200\" \/>\n\t<meta property=\"og:image:type\" content=\"image\/jpeg\" \/>\n<meta name=\"author\" content=\"weissenhorn\" \/>\n<meta name=\"twitter:card\" content=\"summary_large_image\" \/>\n<meta name=\"twitter:label1\" content=\"Verfasst von\" \/>\n\t<meta name=\"twitter:data1\" content=\"weissenhorn\" \/>\n\t<meta name=\"twitter:label2\" content=\"Gesch\u00e4tzte Lesezeit\" \/>\n\t<meta name=\"twitter:data2\" content=\"2\u00a0Minuten\" \/>\n<script type=\"application\/ld+json\" class=\"yoast-schema-graph\">{\"@context\":\"https:\/\/schema.org\",\"@graph\":[{\"@type\":\"Article\",\"@id\":\"https:\/\/weltlaeden.de\/weissenhorn\/mangos-fuer-kinderrechte-fairprodukt-des-monats\/#article\",\"isPartOf\":{\"@id\":\"https:\/\/weltlaeden.de\/weissenhorn\/mangos-fuer-kinderrechte-fairprodukt-des-monats\/\"},\"author\":{\"name\":\"weissenhorn\",\"@id\":\"https:\/\/weltlaeden.de\/weissenhorn\/#\/schema\/person\/a54ab778984ca172a44d8286c0e76e78\"},\"headline\":\"Mangos f\u00fcr Kinderrechte &#8211; FairProdukt des Monats\",\"datePublished\":\"2024-05-30T08:45:32+00:00\",\"mainEntityOfPage\":{\"@id\":\"https:\/\/weltlaeden.de\/weissenhorn\/mangos-fuer-kinderrechte-fairprodukt-des-monats\/\"},\"wordCount\":355,\"image\":{\"@id\":\"https:\/\/weltlaeden.de\/weissenhorn\/mangos-fuer-kinderrechte-fairprodukt-des-monats\/#primaryimage\"},\"thumbnailUrl\":\"https:\/\/weltlaeden.de\/weissenhorn\/wp-content\/uploads\/sites\/129\/2024\/05\/WeltPartner-Mango-und-Aufforstung1.jpg\",\"articleSection\":[\"Produkt des Monats\"],\"inLanguage\":\"de\"},{\"@type\":\"WebPage\",\"@id\":\"https:\/\/weltlaeden.de\/weissenhorn\/mangos-fuer-kinderrechte-fairprodukt-des-monats\/\",\"url\":\"https:\/\/weltlaeden.de\/weissenhorn\/mangos-fuer-kinderrechte-fairprodukt-des-monats\/\",\"name\":\"Mangos f\u00fcr Kinderrechte - FairProdukt des Monats - Weltladen Wei\u00dfenhorn\",\"isPartOf\":{\"@id\":\"https:\/\/weltlaeden.de\/weissenhorn\/#website\"},\"primaryImageOfPage\":{\"@id\":\"https:\/\/weltlaeden.de\/weissenhorn\/mangos-fuer-kinderrechte-fairprodukt-des-monats\/#primaryimage\"},\"image\":{\"@id\":\"https:\/\/weltlaeden.de\/weissenhorn\/mangos-fuer-kinderrechte-fairprodukt-des-monats\/#primaryimage\"},\"thumbnailUrl\":\"https:\/\/weltlaeden.de\/weissenhorn\/wp-content\/uploads\/sites\/129\/2024\/05\/WeltPartner-Mango-und-Aufforstung1.jpg\",\"datePublished\":\"2024-05-30T08:45:32+00:00\",\"author\":{\"@id\":\"https:\/\/weltlaeden.de\/weissenhorn\/#\/schema\/person\/a54ab778984ca172a44d8286c0e76e78\"},\"breadcrumb\":{\"@id\":\"https:\/\/weltlaeden.de\/weissenhorn\/mangos-fuer-kinderrechte-fairprodukt-des-monats\/#breadcrumb\"},\"inLanguage\":\"de\",\"potentialAction\":[{\"@type\":\"ReadAction\",\"target\":[\"https:\/\/weltlaeden.de\/weissenhorn\/mangos-fuer-kinderrechte-fairprodukt-des-monats\/\"]}]},{\"@type\":\"ImageObject\",\"inLanguage\":\"de\",\"@id\":\"https:\/\/weltlaeden.de\/weissenhorn\/mangos-fuer-kinderrechte-fairprodukt-des-monats\/#primaryimage\",\"url\":\"https:\/\/weltlaeden.de\/weissenhorn\/wp-content\/uploads\/sites\/129\/2024\/05\/WeltPartner-Mango-und-Aufforstung1.jpg\",\"contentUrl\":\"https:\/\/weltlaeden.de\/weissenhorn\/wp-content\/uploads\/sites\/129\/2024\/05\/WeltPartner-Mango-und-Aufforstung1.jpg\",\"width\":1600,\"height\":1200},{\"@type\":\"BreadcrumbList\",\"@id\":\"https:\/\/weltlaeden.de\/weissenhorn\/mangos-fuer-kinderrechte-fairprodukt-des-monats\/#breadcrumb\",\"itemListElement\":[{\"@type\":\"ListItem\",\"position\":1,\"name\":\"Startseite\",\"item\":\"https:\/\/weltlaeden.de\/weissenhorn\/\"},{\"@type\":\"ListItem\",\"position\":2,\"name\":\"Mangos f\u00fcr Kinderrechte &#8211; FairProdukt des Monats\"}]},{\"@type\":\"WebSite\",\"@id\":\"https:\/\/weltlaeden.de\/weissenhorn\/#website\",\"url\":\"https:\/\/weltlaeden.de\/weissenhorn\/\",\"name\":\"Weltladen Wei\u00dfenhorn\",\"description\":\"Faire Produkte seit 1990\",\"potentialAction\":[{\"@type\":\"SearchAction\",\"target\":{\"@type\":\"EntryPoint\",\"urlTemplate\":\"https:\/\/weltlaeden.de\/weissenhorn\/?s={search_term_string}\"},\"query-input\":{\"@type\":\"PropertyValueSpecification\",\"valueRequired\":true,\"valueName\":\"search_term_string\"}}],\"inLanguage\":\"de\"},{\"@type\":\"Person\",\"@id\":\"https:\/\/weltlaeden.de\/weissenhorn\/#\/schema\/person\/a54ab778984ca172a44d8286c0e76e78\",\"name\":\"weissenhorn\",\"image\":{\"@type\":\"ImageObject\",\"inLanguage\":\"de\",\"@id\":\"https:\/\/weltlaeden.de\/weissenhorn\/#\/schema\/person\/image\/\",\"url\":\"https:\/\/secure.gravatar.com\/avatar\/9094ba6a92e3b50222fd0796b579f81f?s=96&d=mm&r=g\",\"contentUrl\":\"https:\/\/secure.gravatar.com\/avatar\/9094ba6a92e3b50222fd0796b579f81f?s=96&d=mm&r=g\",\"caption\":\"weissenhorn\"}}]}<\/script>\n<!-- \/ Yoast SEO plugin. -->","yoast_head_json":{"title":"Mangos f\u00fcr Kinderrechte - FairProdukt des Monats - Weltladen Wei\u00dfenhorn","robots":{"index":"index","follow":"follow","max-snippet":"max-snippet:-1","max-image-preview":"max-image-preview:large","max-video-preview":"max-video-preview:-1"},"canonical":"https:\/\/weltlaeden.de\/weissenhorn\/mangos-fuer-kinderrechte-fairprodukt-des-monats\/","og_locale":"de_DE","og_type":"article","og_title":"Mangos f\u00fcr Kinderrechte - FairProdukt des Monats - Weltladen Wei\u00dfenhorn","og_description":"&nbsp; \u00a0Mangos f\u00fcr Kinderrechte &nbsp; Die philippinische Kinderschutzorganisation PREDA um Pater Shay Cullen k\u00e4mpft bereits seit einem halben Jahrhundert unerm\u00fcdlich f\u00fcr die Rechte von Kindern und Jugendlichen und f\u00f6rdert den Fairen Handel. Als langj\u00e4hriger Partner von PREDA gratuliert der Wei\u00dfenhorner Weltladen zu diesem besonderen Meilenstein und bietet seine \u201ePREDA-Mangos\u201c als FairProdukt des Monats im Juni&hellip;","og_url":"https:\/\/weltlaeden.de\/weissenhorn\/mangos-fuer-kinderrechte-fairprodukt-des-monats\/","og_site_name":"Weltladen Wei\u00dfenhorn","article_published_time":"2024-05-30T08:45:32+00:00","og_image":[{"width":1600,"height":1200,"url":"https:\/\/weltlaeden.de\/weissenhorn\/wp-content\/uploads\/sites\/129\/2024\/05\/WeltPartner-Mango-und-Aufforstung1.jpg","type":"image\/jpeg"}],"author":"weissenhorn","twitter_card":"summary_large_image","twitter_misc":{"Verfasst von":"weissenhorn","Gesch\u00e4tzte Lesezeit":"2\u00a0Minuten"},"schema":{"@context":"https:\/\/schema.org","@graph":[{"@type":"Article","@id":"https:\/\/weltlaeden.de\/weissenhorn\/mangos-fuer-kinderrechte-fairprodukt-des-monats\/#article","isPartOf":{"@id":"https:\/\/weltlaeden.de\/weissenhorn\/mangos-fuer-kinderrechte-fairprodukt-des-monats\/"},"author":{"name":"weissenhorn","@id":"https:\/\/weltlaeden.de\/weissenhorn\/#\/schema\/person\/a54ab778984ca172a44d8286c0e76e78"},"headline":"Mangos f\u00fcr Kinderrechte &#8211; FairProdukt des Monats","datePublished":"2024-05-30T08:45:32+00:00","mainEntityOfPage":{"@id":"https:\/\/weltlaeden.de\/weissenhorn\/mangos-fuer-kinderrechte-fairprodukt-des-monats\/"},"wordCount":355,"image":{"@id":"https:\/\/weltlaeden.de\/weissenhorn\/mangos-fuer-kinderrechte-fairprodukt-des-monats\/#primaryimage"},"thumbnailUrl":"https:\/\/weltlaeden.de\/weissenhorn\/wp-content\/uploads\/sites\/129\/2024\/05\/WeltPartner-Mango-und-Aufforstung1.jpg","articleSection":["Produkt des Monats"],"inLanguage":"de"},{"@type":"WebPage","@id":"https:\/\/weltlaeden.de\/weissenhorn\/mangos-fuer-kinderrechte-fairprodukt-des-monats\/","url":"https:\/\/weltlaeden.de\/weissenhorn\/mangos-fuer-kinderrechte-fairprodukt-des-monats\/","name":"Mangos f\u00fcr Kinderrechte - FairProdukt des Monats - Weltladen Wei\u00dfenhorn","isPartOf":{"@id":"https:\/\/weltlaeden.de\/weissenhorn\/#website"},"primaryImageOfPage":{"@id":"https:\/\/weltlaeden.de\/weissenhorn\/mangos-fuer-kinderrechte-fairprodukt-des-monats\/#primaryimage"},"image":{"@id":"https:\/\/weltlaeden.de\/weissenhorn\/mangos-fuer-kinderrechte-fairprodukt-des-monats\/#primaryimage"},"thumbnailUrl":"https:\/\/weltlaeden.de\/weissenhorn\/wp-content\/uploads\/sites\/129\/2024\/05\/WeltPartner-Mango-und-Aufforstung1.jpg","datePublished":"2024-05-30T08:45:32+00:00","author":{"@id":"https:\/\/weltlaeden.de\/weissenhorn\/#\/schema\/person\/a54ab778984ca172a44d8286c0e76e78"},"breadcrumb":{"@id":"https:\/\/weltlaeden.de\/weissenhorn\/mangos-fuer-kinderrechte-fairprodukt-des-monats\/#breadcrumb"},"inLanguage":"de","potentialAction":[{"@type":"ReadAction","target":["https:\/\/weltlaeden.de\/weissenhorn\/mangos-fuer-kinderrechte-fairprodukt-des-monats\/"]}]},{"@type":"ImageObject","inLanguage":"de","@id":"https:\/\/weltlaeden.de\/weissenhorn\/mangos-fuer-kinderrechte-fairprodukt-des-monats\/#primaryimage","url":"https:\/\/weltlaeden.de\/weissenhorn\/wp-content\/uploads\/sites\/129\/2024\/05\/WeltPartner-Mango-und-Aufforstung1.jpg","contentUrl":"https:\/\/weltlaeden.de\/weissenhorn\/wp-content\/uploads\/sites\/129\/2024\/05\/WeltPartner-Mango-und-Aufforstung1.jpg","width":1600,"height":1200},{"@type":"BreadcrumbList","@id":"https:\/\/weltlaeden.de\/weissenhorn\/mangos-fuer-kinderrechte-fairprodukt-des-monats\/#breadcrumb","itemListElement":[{"@type":"ListItem","position":1,"name":"Startseite","item":"https:\/\/weltlaeden.de\/weissenhorn\/"},{"@type":"ListItem","position":2,"name":"Mangos f\u00fcr Kinderrechte &#8211; FairProdukt des Monats"}]},{"@type":"WebSite","@id":"https:\/\/weltlaeden.de\/weissenhorn\/#website","url":"https:\/\/weltlaeden.de\/weissenhorn\/","name":"Weltladen Wei\u00dfenhorn","description":"Faire Produkte seit 1990","potentialAction":[{"@type":"SearchAction","target":{"@type":"EntryPoint","urlTemplate":"https:\/\/weltlaeden.de\/weissenhorn\/?s={search_term_string}"},"query-input":{"@type":"PropertyValueSpecification","valueRequired":true,"valueName":"search_term_string"}}],"inLanguage":"de"},{"@type":"Person","@id":"https:\/\/weltlaeden.de\/weissenhorn\/#\/schema\/person\/a54ab778984ca172a44d8286c0e76e78","name":"weissenhorn","image":{"@type":"ImageObject","inLanguage":"de","@id":"https:\/\/weltlaeden.de\/weissenhorn\/#\/schema\/person\/image\/","url":"https:\/\/secure.gravatar.com\/avatar\/9094ba6a92e3b50222fd0796b579f81f?s=96&d=mm&r=g","contentUrl":"https:\/\/secure.gravatar.com\/avatar\/9094ba6a92e3b50222fd0796b579f81f?s=96&d=mm&r=g","caption":"weissenhorn"}}]}},"_links":{"self":[{"href":"https:\/\/weltlaeden.de\/weissenhorn\/wp-json\/wp\/v2\/posts\/1003","targetHints":{"allow":["GET"]}}],"collection":[{"href":"https:\/\/weltlaeden.de\/weissenhorn\/wp-json\/wp\/v2\/posts"}],"about":[{"href":"https:\/\/weltlaeden.de\/weissenhorn\/wp-json\/wp\/v2\/types\/post"}],"author":[{"embeddable":true,"href":"https:\/\/weltlaeden.de\/weissenhorn\/wp-json\/wp\/v2\/users\/191"}],"replies":[{"embeddable":true,"href":"https:\/\/weltlaeden.de\/weissenhorn\/wp-json\/wp\/v2\/comments?post=1003"}],"version-history":[{"count":1,"href":"https:\/\/weltlaeden.de\/weissenhorn\/wp-json\/wp\/v2\/posts\/1003\/revisions"}],"predecessor-version":[{"id":1005,"href":"https:\/\/weltlaeden.de\/weissenhorn\/wp-json\/wp\/v2\/posts\/1003\/revisions\/1005"}],"wp:featuredmedia":[{"embeddable":true,"href":"https:\/\/weltlaeden.de\/weissenhorn\/wp-json\/wp\/v2\/media\/1004"}],"wp:attachment":[{"href":"https:\/\/weltlaeden.de\/weissenhorn\/wp-json\/wp\/v2\/media?parent=1003"}],"wp:term":[{"taxonomy":"category","embeddable":true,"href":"https:\/\/weltlaeden.de\/weissenhorn\/wp-json\/wp\/v2\/categories?post=1003"},{"taxonomy":"post_tag","embeddable":true,"href":"https:\/\/weltlaeden.de\/weissenhorn\/wp-json\/wp\/v2\/tags?post=1003"}],"curies":[{"name":"wp","href":"https:\/\/api.w.org\/{rel}","templated":true}]}}