{"id":873,"date":"2020-12-14T20:27:12","date_gmt":"2020-12-14T19:27:12","guid":{"rendered":"https:\/\/weltlaeden.de\/waltrop\/?p=873"},"modified":"2021-01-23T19:03:48","modified_gmt":"2021-01-23T18:03:48","slug":"geaenderte-oeffnungszeiten-zum-jahresende","status":"publish","type":"post","link":"https:\/\/weltlaeden.de\/waltrop\/geaenderte-oeffnungszeiten-zum-jahresende\/","title":{"rendered":"Ge\u00e4nderte \u00d6ffnungszeiten zum Jahresende"},"content":{"rendered":"<p>Liebe Kunden!<\/p>\n<p>Aufgrund der Ausbreitung des Corona-Virus und des erneuten Lockdowns sehen wir uns leider gezwungen,<br \/>\nunseren Weltladen<\/p>\n<p>von <b>Mittwoch, den 16. Dezember 2020 bis Ende des Lockdowns<br \/>\n<\/b><\/p>\n<p>zu schlie\u00dfen.<\/p>\n<p>Bei speziellen Nachfragen zu Lebensmitteln k\u00f6nnen Sie uns aber unter der Handy-Nr 0176 9611 4393 erreichen.<\/p>\n<p>Sie haben Fragen zu unserem Kunsthandwerk, m\u00f6chten etwas bestellen, oder speziell ein Produkt, was Sie im<br \/>\nWeltladen oder auf unserer Website weltladen-waltrop.de gesehen haben, kaufen?<br \/>\nDann kontaktieren Sie mich \u00fcber folgende E-Mail:<\/p>\n<p><a href=\"mailto:kunsthandwerk.weltladen@wehmeyer.me\">kunsthandwerk.weltladen@wehmeyer.me<\/a><\/p>\n<p>Bitte geben Sie auch unbedingt Ihre Telefonnummer an.<br \/>\nIch setze mich dann kurzfristig mit Ihnen in Verbindung.<\/p>\n<p>Wir w\u00fcnschen Ihnen und uns, dass wir diese Pandemie unbeschadet \u00fcberstehen.<br \/>\nEbenso w\u00fcnschen wir Ihnen ein besinnliches Weihnachtsfest und ein besseres Jahr 2021.<\/p>\n<p>Im Namen des gesamten Teams des Weltladen Waltrop<\/p>\n<p>Petra Wehmeyer<\/p>\n","protected":false},"excerpt":{"rendered":"<p>Liebe Kunden! Aufgrund der Ausbreitung des Corona-Virus und des erneuten Lockdowns sehen wir uns leider gezwungen, unseren Weltladen von Mittwoch, den 16. Dezember 2020 bis Ende des Lockdowns zu schlie\u00dfen. Bei speziellen Nachfragen zu Lebensmitteln k\u00f6nnen Sie uns aber unter der Handy-Nr 0176 9611 4393 erreichen. Sie haben Fragen zu unserem Kunsthandwerk, m\u00f6chten etwas bestellen,&hellip;<\/p>\n","protected":false},"author":129,"featured_media":0,"comment_status":"closed","ping_status":"closed","sticky":false,"template":"","format":"standard","meta":{"footnotes":""},"categories":[8],"tags":[],"class_list":["post-873","post","type-post","status-publish","format-standard","hentry","category-neues","category-8","description-off"],"yoast_head":"<!-- This site is optimized with the Yoast SEO plugin v26.8 - https:\/\/yoast.com\/product\/yoast-seo-wordpress\/ -->\n<title>Ge\u00e4nderte \u00d6ffnungszeiten zum Jahresende - Weltladen Waltrop<\/title>\n<meta name=\"robots\" content=\"index, follow, max-snippet:-1, max-image-preview:large, max-video-preview:-1\" \/>\n<link rel=\"canonical\" href=\"https:\/\/weltlaeden.de\/waltrop\/geaenderte-oeffnungszeiten-zum-jahresende\/\" \/>\n<meta property=\"og:locale\" content=\"de_DE\" \/>\n<meta property=\"og:type\" content=\"article\" \/>\n<meta property=\"og:title\" content=\"Ge\u00e4nderte \u00d6ffnungszeiten zum Jahresende - Weltladen Waltrop\" \/>\n<meta property=\"og:description\" content=\"Liebe Kunden! Aufgrund der Ausbreitung des Corona-Virus und des erneuten Lockdowns sehen wir uns leider gezwungen, unseren Weltladen von Mittwoch, den 16. Dezember 2020 bis Ende des Lockdowns zu schlie\u00dfen. Bei speziellen Nachfragen zu Lebensmitteln k\u00f6nnen Sie uns aber unter der Handy-Nr 0176 9611 4393 erreichen. Sie haben Fragen zu unserem Kunsthandwerk, m\u00f6chten etwas bestellen,&hellip;\" \/>\n<meta property=\"og:url\" content=\"https:\/\/weltlaeden.de\/waltrop\/geaenderte-oeffnungszeiten-zum-jahresende\/\" \/>\n<meta property=\"og:site_name\" content=\"Weltladen Waltrop\" \/>\n<meta property=\"article:published_time\" content=\"2020-12-14T19:27:12+00:00\" \/>\n<meta property=\"article:modified_time\" content=\"2021-01-23T18:03:48+00:00\" \/>\n<meta name=\"author\" content=\"waltrop\" \/>\n<meta name=\"twitter:card\" content=\"summary_large_image\" \/>\n<meta name=\"twitter:label1\" content=\"Verfasst von\" \/>\n\t<meta name=\"twitter:data1\" content=\"waltrop\" \/>\n\t<meta name=\"twitter:label2\" content=\"Gesch\u00e4tzte Lesezeit\" \/>\n\t<meta name=\"twitter:data2\" content=\"1\u00a0Minute\" \/>\n<script type=\"application\/ld+json\" class=\"yoast-schema-graph\">{\"@context\":\"https:\/\/schema.org\",\"@graph\":[{\"@type\":\"Article\",\"@id\":\"https:\/\/weltlaeden.de\/waltrop\/geaenderte-oeffnungszeiten-zum-jahresende\/#article\",\"isPartOf\":{\"@id\":\"https:\/\/weltlaeden.de\/waltrop\/geaenderte-oeffnungszeiten-zum-jahresende\/\"},\"author\":{\"name\":\"waltrop\",\"@id\":\"https:\/\/weltlaeden.de\/waltrop\/#\/schema\/person\/2dad671ea3cd406233728265409f5a50\"},\"headline\":\"Ge\u00e4nderte \u00d6ffnungszeiten zum Jahresende\",\"datePublished\":\"2020-12-14T19:27:12+00:00\",\"dateModified\":\"2021-01-23T18:03:48+00:00\",\"mainEntityOfPage\":{\"@id\":\"https:\/\/weltlaeden.de\/waltrop\/geaenderte-oeffnungszeiten-zum-jahresende\/\"},\"wordCount\":137,\"articleSection\":[\"Neuigkeiten\"],\"inLanguage\":\"de\"},{\"@type\":\"WebPage\",\"@id\":\"https:\/\/weltlaeden.de\/waltrop\/geaenderte-oeffnungszeiten-zum-jahresende\/\",\"url\":\"https:\/\/weltlaeden.de\/waltrop\/geaenderte-oeffnungszeiten-zum-jahresende\/\",\"name\":\"Ge\u00e4nderte \u00d6ffnungszeiten zum Jahresende - Weltladen Waltrop\",\"isPartOf\":{\"@id\":\"https:\/\/weltlaeden.de\/waltrop\/#website\"},\"datePublished\":\"2020-12-14T19:27:12+00:00\",\"dateModified\":\"2021-01-23T18:03:48+00:00\",\"author\":{\"@id\":\"https:\/\/weltlaeden.de\/waltrop\/#\/schema\/person\/2dad671ea3cd406233728265409f5a50\"},\"breadcrumb\":{\"@id\":\"https:\/\/weltlaeden.de\/waltrop\/geaenderte-oeffnungszeiten-zum-jahresende\/#breadcrumb\"},\"inLanguage\":\"de\",\"potentialAction\":[{\"@type\":\"ReadAction\",\"target\":[\"https:\/\/weltlaeden.de\/waltrop\/geaenderte-oeffnungszeiten-zum-jahresende\/\"]}]},{\"@type\":\"BreadcrumbList\",\"@id\":\"https:\/\/weltlaeden.de\/waltrop\/geaenderte-oeffnungszeiten-zum-jahresende\/#breadcrumb\",\"itemListElement\":[{\"@type\":\"ListItem\",\"position\":1,\"name\":\"Startseite\",\"item\":\"https:\/\/weltlaeden.de\/waltrop\/\"},{\"@type\":\"ListItem\",\"position\":2,\"name\":\"Ge\u00e4nderte \u00d6ffnungszeiten zum Jahresende\"}]},{\"@type\":\"WebSite\",\"@id\":\"https:\/\/weltlaeden.de\/waltrop\/#website\",\"url\":\"https:\/\/weltlaeden.de\/waltrop\/\",\"name\":\"Weltladen Waltrop\",\"description\":\"Faire Produkte seit 1990\",\"potentialAction\":[{\"@type\":\"SearchAction\",\"target\":{\"@type\":\"EntryPoint\",\"urlTemplate\":\"https:\/\/weltlaeden.de\/waltrop\/?s={search_term_string}\"},\"query-input\":{\"@type\":\"PropertyValueSpecification\",\"valueRequired\":true,\"valueName\":\"search_term_string\"}}],\"inLanguage\":\"de\"},{\"@type\":\"Person\",\"@id\":\"https:\/\/weltlaeden.de\/waltrop\/#\/schema\/person\/2dad671ea3cd406233728265409f5a50\",\"name\":\"waltrop\",\"image\":{\"@type\":\"ImageObject\",\"inLanguage\":\"de\",\"@id\":\"https:\/\/weltlaeden.de\/waltrop\/#\/schema\/person\/image\/\",\"url\":\"https:\/\/secure.gravatar.com\/avatar\/2aeb53b1ac904dc21a21296b36f8988b?s=96&d=mm&r=g\",\"contentUrl\":\"https:\/\/secure.gravatar.com\/avatar\/2aeb53b1ac904dc21a21296b36f8988b?s=96&d=mm&r=g\",\"caption\":\"waltrop\"}}]}<\/script>\n<!-- \/ Yoast SEO plugin. -->","yoast_head_json":{"title":"Ge\u00e4nderte \u00d6ffnungszeiten zum Jahresende - Weltladen Waltrop","robots":{"index":"index","follow":"follow","max-snippet":"max-snippet:-1","max-image-preview":"max-image-preview:large","max-video-preview":"max-video-preview:-1"},"canonical":"https:\/\/weltlaeden.de\/waltrop\/geaenderte-oeffnungszeiten-zum-jahresende\/","og_locale":"de_DE","og_type":"article","og_title":"Ge\u00e4nderte \u00d6ffnungszeiten zum Jahresende - Weltladen Waltrop","og_description":"Liebe Kunden! Aufgrund der Ausbreitung des Corona-Virus und des erneuten Lockdowns sehen wir uns leider gezwungen, unseren Weltladen von Mittwoch, den 16. Dezember 2020 bis Ende des Lockdowns zu schlie\u00dfen. Bei speziellen Nachfragen zu Lebensmitteln k\u00f6nnen Sie uns aber unter der Handy-Nr 0176 9611 4393 erreichen. Sie haben Fragen zu unserem Kunsthandwerk, m\u00f6chten etwas bestellen,&hellip;","og_url":"https:\/\/weltlaeden.de\/waltrop\/geaenderte-oeffnungszeiten-zum-jahresende\/","og_site_name":"Weltladen Waltrop","article_published_time":"2020-12-14T19:27:12+00:00","article_modified_time":"2021-01-23T18:03:48+00:00","author":"waltrop","twitter_card":"summary_large_image","twitter_misc":{"Verfasst von":"waltrop","Gesch\u00e4tzte Lesezeit":"1\u00a0Minute"},"schema":{"@context":"https:\/\/schema.org","@graph":[{"@type":"Article","@id":"https:\/\/weltlaeden.de\/waltrop\/geaenderte-oeffnungszeiten-zum-jahresende\/#article","isPartOf":{"@id":"https:\/\/weltlaeden.de\/waltrop\/geaenderte-oeffnungszeiten-zum-jahresende\/"},"author":{"name":"waltrop","@id":"https:\/\/weltlaeden.de\/waltrop\/#\/schema\/person\/2dad671ea3cd406233728265409f5a50"},"headline":"Ge\u00e4nderte \u00d6ffnungszeiten zum Jahresende","datePublished":"2020-12-14T19:27:12+00:00","dateModified":"2021-01-23T18:03:48+00:00","mainEntityOfPage":{"@id":"https:\/\/weltlaeden.de\/waltrop\/geaenderte-oeffnungszeiten-zum-jahresende\/"},"wordCount":137,"articleSection":["Neuigkeiten"],"inLanguage":"de"},{"@type":"WebPage","@id":"https:\/\/weltlaeden.de\/waltrop\/geaenderte-oeffnungszeiten-zum-jahresende\/","url":"https:\/\/weltlaeden.de\/waltrop\/geaenderte-oeffnungszeiten-zum-jahresende\/","name":"Ge\u00e4nderte \u00d6ffnungszeiten zum Jahresende - Weltladen Waltrop","isPartOf":{"@id":"https:\/\/weltlaeden.de\/waltrop\/#website"},"datePublished":"2020-12-14T19:27:12+00:00","dateModified":"2021-01-23T18:03:48+00:00","author":{"@id":"https:\/\/weltlaeden.de\/waltrop\/#\/schema\/person\/2dad671ea3cd406233728265409f5a50"},"breadcrumb":{"@id":"https:\/\/weltlaeden.de\/waltrop\/geaenderte-oeffnungszeiten-zum-jahresende\/#breadcrumb"},"inLanguage":"de","potentialAction":[{"@type":"ReadAction","target":["https:\/\/weltlaeden.de\/waltrop\/geaenderte-oeffnungszeiten-zum-jahresende\/"]}]},{"@type":"BreadcrumbList","@id":"https:\/\/weltlaeden.de\/waltrop\/geaenderte-oeffnungszeiten-zum-jahresende\/#breadcrumb","itemListElement":[{"@type":"ListItem","position":1,"name":"Startseite","item":"https:\/\/weltlaeden.de\/waltrop\/"},{"@type":"ListItem","position":2,"name":"Ge\u00e4nderte \u00d6ffnungszeiten zum Jahresende"}]},{"@type":"WebSite","@id":"https:\/\/weltlaeden.de\/waltrop\/#website","url":"https:\/\/weltlaeden.de\/waltrop\/","name":"Weltladen Waltrop","description":"Faire Produkte seit 1990","potentialAction":[{"@type":"SearchAction","target":{"@type":"EntryPoint","urlTemplate":"https:\/\/weltlaeden.de\/waltrop\/?s={search_term_string}"},"query-input":{"@type":"PropertyValueSpecification","valueRequired":true,"valueName":"search_term_string"}}],"inLanguage":"de"},{"@type":"Person","@id":"https:\/\/weltlaeden.de\/waltrop\/#\/schema\/person\/2dad671ea3cd406233728265409f5a50","name":"waltrop","image":{"@type":"ImageObject","inLanguage":"de","@id":"https:\/\/weltlaeden.de\/waltrop\/#\/schema\/person\/image\/","url":"https:\/\/secure.gravatar.com\/avatar\/2aeb53b1ac904dc21a21296b36f8988b?s=96&d=mm&r=g","contentUrl":"https:\/\/secure.gravatar.com\/avatar\/2aeb53b1ac904dc21a21296b36f8988b?s=96&d=mm&r=g","caption":"waltrop"}}]}},"_links":{"self":[{"href":"https:\/\/weltlaeden.de\/waltrop\/wp-json\/wp\/v2\/posts\/873","targetHints":{"allow":["GET"]}}],"collection":[{"href":"https:\/\/weltlaeden.de\/waltrop\/wp-json\/wp\/v2\/posts"}],"about":[{"href":"https:\/\/weltlaeden.de\/waltrop\/wp-json\/wp\/v2\/types\/post"}],"author":[{"embeddable":true,"href":"https:\/\/weltlaeden.de\/waltrop\/wp-json\/wp\/v2\/users\/129"}],"replies":[{"embeddable":true,"href":"https:\/\/weltlaeden.de\/waltrop\/wp-json\/wp\/v2\/comments?post=873"}],"version-history":[{"count":3,"href":"https:\/\/weltlaeden.de\/waltrop\/wp-json\/wp\/v2\/posts\/873\/revisions"}],"predecessor-version":[{"id":877,"href":"https:\/\/weltlaeden.de\/waltrop\/wp-json\/wp\/v2\/posts\/873\/revisions\/877"}],"wp:attachment":[{"href":"https:\/\/weltlaeden.de\/waltrop\/wp-json\/wp\/v2\/media?parent=873"}],"wp:term":[{"taxonomy":"category","embeddable":true,"href":"https:\/\/weltlaeden.de\/waltrop\/wp-json\/wp\/v2\/categories?post=873"},{"taxonomy":"post_tag","embeddable":true,"href":"https:\/\/weltlaeden.de\/waltrop\/wp-json\/wp\/v2\/tags?post=873"}],"curies":[{"name":"wp","href":"https:\/\/api.w.org\/{rel}","templated":true}]}}