{"id":1449,"date":"2023-11-05T19:41:45","date_gmt":"2023-11-05T18:41:45","guid":{"rendered":"https:\/\/weltlaeden.de\/waltrop\/?p=1449"},"modified":"2023-11-05T19:41:45","modified_gmt":"2023-11-05T18:41:45","slug":"weltladen-weihnachten-2023","status":"publish","type":"post","link":"https:\/\/weltlaeden.de\/waltrop\/weltladen-weihnachten-2023\/","title":{"rendered":"Weltladen Weihnachten 2023"},"content":{"rendered":"<h2>Weltladen Weihnachten 2023<\/h2>\n<p>Liebe Kundinnen und Kunden!<\/p>\n<p>Langsam aber sicher n\u00e4hern wir uns der Advents- und Weihnachtszeit.<\/p>\n<p>Wenn die Temperaturen fallen, macht es einfach Freude, sich an Kerzenschein und sch\u00f6nen Dingen zu erfreuen.<br \/>\nIst die Wohnung behaglich eingerichtet und dampft eine gute Tasse Tee auf dem Tisch, sind die Voraussetzungen schon da, zumindest f\u00fcr einige Stunden die Weltlage zu vergessen.<\/p>\n<p>Gef\u00fchlt \u00fcberall auf der Welt passieren aktuell schlimme Dinge, die mit furchtbarem menschlichen Leid verbunden sind.<br \/>\nDirekt \u00e4ndern k\u00f6nnen wir das nicht. Aber mit dem Kauf von Produkten aus dem fairen Handel helfen Sie gezielt Menschen auf der ganzen Welt, die deswegen ihre Hoffnung nicht verlieren und eine Perspektive f\u00fcr ihr Leben erhalten. <\/p>\n<p>Auch dieses Jahr habe ich eine Vielzahl von ungew\u00f6hnlichen und sch\u00f6nen Produkten zusammen gestellt.<br \/>\nKommen Sie in unseren Weltladen und st\u00f6bern Sie nach Herzenslust!<br \/>\nEgal ob modern, klassisch, recycelt,verspielt\u2026alle Richtungen sind vertreten. Auch unser beliebtes Weihnachtsgeschirr \u201eSternenhimmel\u201c steht bereit, kuschelige Wollschals ebenso wie die s\u00fc\u00dfen Leckereien und ganz neu: im hinteren Teil des Ladens gibt es ein Angebotsfenster, das immer wieder aufgef\u00fcllt wird.<\/p>\n<p>Ich w\u00fcnsche Ihnen und allen Menschen ein friedvolles Weihnachtsfest.<\/p>\n<p>Im Namen des gesamten Weltladen-Teams Waltrop<\/p>\n<p>Petra Wehmeyer<\/p>\n<p><a href=\"https:\/\/weltlaeden.de\/waltrop\/weihnachten-2023\/\" target=\"_blank\" rel=\"noopener\">hier erfahren Sie mehr&#8230;<\/a><\/p>\n","protected":false},"excerpt":{"rendered":"<p>Weltladen Weihnachten 2023 Liebe Kundinnen und Kunden! Langsam aber sicher n\u00e4hern wir uns der Advents- und Weihnachtszeit. Wenn die Temperaturen fallen, macht es einfach Freude, sich an Kerzenschein und sch\u00f6nen Dingen zu erfreuen. Ist die Wohnung behaglich eingerichtet und dampft eine gute Tasse Tee auf dem Tisch, sind die Voraussetzungen schon da, zumindest f\u00fcr einige&hellip;<\/p>\n","protected":false},"author":129,"featured_media":0,"comment_status":"closed","ping_status":"closed","sticky":false,"template":"","format":"standard","meta":{"footnotes":""},"categories":[8],"tags":[],"class_list":["post-1449","post","type-post","status-publish","format-standard","hentry","category-neues","category-8","description-off"],"yoast_head":"<!-- This site is optimized with the Yoast SEO plugin v26.8 - https:\/\/yoast.com\/product\/yoast-seo-wordpress\/ -->\n<title>Weltladen Weihnachten 2023 - Weltladen Waltrop<\/title>\n<meta name=\"robots\" content=\"index, follow, max-snippet:-1, max-image-preview:large, max-video-preview:-1\" \/>\n<link rel=\"canonical\" href=\"https:\/\/weltlaeden.de\/waltrop\/weltladen-weihnachten-2023\/\" \/>\n<meta property=\"og:locale\" content=\"de_DE\" \/>\n<meta property=\"og:type\" content=\"article\" \/>\n<meta property=\"og:title\" content=\"Weltladen Weihnachten 2023 - Weltladen Waltrop\" \/>\n<meta property=\"og:description\" content=\"Weltladen Weihnachten 2023 Liebe Kundinnen und Kunden! Langsam aber sicher n\u00e4hern wir uns der Advents- und Weihnachtszeit. Wenn die Temperaturen fallen, macht es einfach Freude, sich an Kerzenschein und sch\u00f6nen Dingen zu erfreuen. Ist die Wohnung behaglich eingerichtet und dampft eine gute Tasse Tee auf dem Tisch, sind die Voraussetzungen schon da, zumindest f\u00fcr einige&hellip;\" \/>\n<meta property=\"og:url\" content=\"https:\/\/weltlaeden.de\/waltrop\/weltladen-weihnachten-2023\/\" \/>\n<meta property=\"og:site_name\" content=\"Weltladen Waltrop\" \/>\n<meta property=\"article:published_time\" content=\"2023-11-05T18:41:45+00:00\" \/>\n<meta property=\"og:image\" content=\"https:\/\/weltlaeden.de\/waltrop\/wp-content\/uploads\/sites\/86\/2023\/11\/IMG_7469.jpeg\" \/>\n\t<meta property=\"og:image:width\" content=\"1536\" \/>\n\t<meta property=\"og:image:height\" content=\"2048\" \/>\n\t<meta property=\"og:image:type\" content=\"image\/jpeg\" \/>\n<meta name=\"author\" content=\"waltrop\" \/>\n<meta name=\"twitter:card\" content=\"summary_large_image\" \/>\n<meta name=\"twitter:label1\" content=\"Verfasst von\" \/>\n\t<meta name=\"twitter:data1\" content=\"waltrop\" \/>\n\t<meta name=\"twitter:label2\" content=\"Gesch\u00e4tzte Lesezeit\" \/>\n\t<meta name=\"twitter:data2\" content=\"1\u00a0Minute\" \/>\n<script type=\"application\/ld+json\" class=\"yoast-schema-graph\">{\"@context\":\"https:\/\/schema.org\",\"@graph\":[{\"@type\":\"Article\",\"@id\":\"https:\/\/weltlaeden.de\/waltrop\/weltladen-weihnachten-2023\/#article\",\"isPartOf\":{\"@id\":\"https:\/\/weltlaeden.de\/waltrop\/weltladen-weihnachten-2023\/\"},\"author\":{\"name\":\"waltrop\",\"@id\":\"https:\/\/weltlaeden.de\/waltrop\/#\/schema\/person\/2dad671ea3cd406233728265409f5a50\"},\"headline\":\"Weltladen Weihnachten 2023\",\"datePublished\":\"2023-11-05T18:41:45+00:00\",\"mainEntityOfPage\":{\"@id\":\"https:\/\/weltlaeden.de\/waltrop\/weltladen-weihnachten-2023\/\"},\"wordCount\":212,\"articleSection\":[\"Neuigkeiten\"],\"inLanguage\":\"de\"},{\"@type\":\"WebPage\",\"@id\":\"https:\/\/weltlaeden.de\/waltrop\/weltladen-weihnachten-2023\/\",\"url\":\"https:\/\/weltlaeden.de\/waltrop\/weltladen-weihnachten-2023\/\",\"name\":\"Weltladen Weihnachten 2023 - Weltladen Waltrop\",\"isPartOf\":{\"@id\":\"https:\/\/weltlaeden.de\/waltrop\/#website\"},\"datePublished\":\"2023-11-05T18:41:45+00:00\",\"author\":{\"@id\":\"https:\/\/weltlaeden.de\/waltrop\/#\/schema\/person\/2dad671ea3cd406233728265409f5a50\"},\"breadcrumb\":{\"@id\":\"https:\/\/weltlaeden.de\/waltrop\/weltladen-weihnachten-2023\/#breadcrumb\"},\"inLanguage\":\"de\",\"potentialAction\":[{\"@type\":\"ReadAction\",\"target\":[\"https:\/\/weltlaeden.de\/waltrop\/weltladen-weihnachten-2023\/\"]}]},{\"@type\":\"BreadcrumbList\",\"@id\":\"https:\/\/weltlaeden.de\/waltrop\/weltladen-weihnachten-2023\/#breadcrumb\",\"itemListElement\":[{\"@type\":\"ListItem\",\"position\":1,\"name\":\"Startseite\",\"item\":\"https:\/\/weltlaeden.de\/waltrop\/\"},{\"@type\":\"ListItem\",\"position\":2,\"name\":\"Weltladen Weihnachten 2023\"}]},{\"@type\":\"WebSite\",\"@id\":\"https:\/\/weltlaeden.de\/waltrop\/#website\",\"url\":\"https:\/\/weltlaeden.de\/waltrop\/\",\"name\":\"Weltladen Waltrop\",\"description\":\"Faire Produkte seit 1990\",\"potentialAction\":[{\"@type\":\"SearchAction\",\"target\":{\"@type\":\"EntryPoint\",\"urlTemplate\":\"https:\/\/weltlaeden.de\/waltrop\/?s={search_term_string}\"},\"query-input\":{\"@type\":\"PropertyValueSpecification\",\"valueRequired\":true,\"valueName\":\"search_term_string\"}}],\"inLanguage\":\"de\"},{\"@type\":\"Person\",\"@id\":\"https:\/\/weltlaeden.de\/waltrop\/#\/schema\/person\/2dad671ea3cd406233728265409f5a50\",\"name\":\"waltrop\",\"image\":{\"@type\":\"ImageObject\",\"inLanguage\":\"de\",\"@id\":\"https:\/\/weltlaeden.de\/waltrop\/#\/schema\/person\/image\/\",\"url\":\"https:\/\/secure.gravatar.com\/avatar\/2aeb53b1ac904dc21a21296b36f8988b?s=96&d=mm&r=g\",\"contentUrl\":\"https:\/\/secure.gravatar.com\/avatar\/2aeb53b1ac904dc21a21296b36f8988b?s=96&d=mm&r=g\",\"caption\":\"waltrop\"}}]}<\/script>\n<!-- \/ Yoast SEO plugin. -->","yoast_head_json":{"title":"Weltladen Weihnachten 2023 - Weltladen Waltrop","robots":{"index":"index","follow":"follow","max-snippet":"max-snippet:-1","max-image-preview":"max-image-preview:large","max-video-preview":"max-video-preview:-1"},"canonical":"https:\/\/weltlaeden.de\/waltrop\/weltladen-weihnachten-2023\/","og_locale":"de_DE","og_type":"article","og_title":"Weltladen Weihnachten 2023 - Weltladen Waltrop","og_description":"Weltladen Weihnachten 2023 Liebe Kundinnen und Kunden! Langsam aber sicher n\u00e4hern wir uns der Advents- und Weihnachtszeit. Wenn die Temperaturen fallen, macht es einfach Freude, sich an Kerzenschein und sch\u00f6nen Dingen zu erfreuen. Ist die Wohnung behaglich eingerichtet und dampft eine gute Tasse Tee auf dem Tisch, sind die Voraussetzungen schon da, zumindest f\u00fcr einige&hellip;","og_url":"https:\/\/weltlaeden.de\/waltrop\/weltladen-weihnachten-2023\/","og_site_name":"Weltladen Waltrop","article_published_time":"2023-11-05T18:41:45+00:00","og_image":[{"width":1536,"height":2048,"url":"https:\/\/weltlaeden.de\/waltrop\/wp-content\/uploads\/sites\/86\/2023\/11\/IMG_7469.jpeg","type":"image\/jpeg"}],"author":"waltrop","twitter_card":"summary_large_image","twitter_misc":{"Verfasst von":"waltrop","Gesch\u00e4tzte Lesezeit":"1\u00a0Minute"},"schema":{"@context":"https:\/\/schema.org","@graph":[{"@type":"Article","@id":"https:\/\/weltlaeden.de\/waltrop\/weltladen-weihnachten-2023\/#article","isPartOf":{"@id":"https:\/\/weltlaeden.de\/waltrop\/weltladen-weihnachten-2023\/"},"author":{"name":"waltrop","@id":"https:\/\/weltlaeden.de\/waltrop\/#\/schema\/person\/2dad671ea3cd406233728265409f5a50"},"headline":"Weltladen Weihnachten 2023","datePublished":"2023-11-05T18:41:45+00:00","mainEntityOfPage":{"@id":"https:\/\/weltlaeden.de\/waltrop\/weltladen-weihnachten-2023\/"},"wordCount":212,"articleSection":["Neuigkeiten"],"inLanguage":"de"},{"@type":"WebPage","@id":"https:\/\/weltlaeden.de\/waltrop\/weltladen-weihnachten-2023\/","url":"https:\/\/weltlaeden.de\/waltrop\/weltladen-weihnachten-2023\/","name":"Weltladen Weihnachten 2023 - Weltladen Waltrop","isPartOf":{"@id":"https:\/\/weltlaeden.de\/waltrop\/#website"},"datePublished":"2023-11-05T18:41:45+00:00","author":{"@id":"https:\/\/weltlaeden.de\/waltrop\/#\/schema\/person\/2dad671ea3cd406233728265409f5a50"},"breadcrumb":{"@id":"https:\/\/weltlaeden.de\/waltrop\/weltladen-weihnachten-2023\/#breadcrumb"},"inLanguage":"de","potentialAction":[{"@type":"ReadAction","target":["https:\/\/weltlaeden.de\/waltrop\/weltladen-weihnachten-2023\/"]}]},{"@type":"BreadcrumbList","@id":"https:\/\/weltlaeden.de\/waltrop\/weltladen-weihnachten-2023\/#breadcrumb","itemListElement":[{"@type":"ListItem","position":1,"name":"Startseite","item":"https:\/\/weltlaeden.de\/waltrop\/"},{"@type":"ListItem","position":2,"name":"Weltladen Weihnachten 2023"}]},{"@type":"WebSite","@id":"https:\/\/weltlaeden.de\/waltrop\/#website","url":"https:\/\/weltlaeden.de\/waltrop\/","name":"Weltladen Waltrop","description":"Faire Produkte seit 1990","potentialAction":[{"@type":"SearchAction","target":{"@type":"EntryPoint","urlTemplate":"https:\/\/weltlaeden.de\/waltrop\/?s={search_term_string}"},"query-input":{"@type":"PropertyValueSpecification","valueRequired":true,"valueName":"search_term_string"}}],"inLanguage":"de"},{"@type":"Person","@id":"https:\/\/weltlaeden.de\/waltrop\/#\/schema\/person\/2dad671ea3cd406233728265409f5a50","name":"waltrop","image":{"@type":"ImageObject","inLanguage":"de","@id":"https:\/\/weltlaeden.de\/waltrop\/#\/schema\/person\/image\/","url":"https:\/\/secure.gravatar.com\/avatar\/2aeb53b1ac904dc21a21296b36f8988b?s=96&d=mm&r=g","contentUrl":"https:\/\/secure.gravatar.com\/avatar\/2aeb53b1ac904dc21a21296b36f8988b?s=96&d=mm&r=g","caption":"waltrop"}}]}},"_links":{"self":[{"href":"https:\/\/weltlaeden.de\/waltrop\/wp-json\/wp\/v2\/posts\/1449","targetHints":{"allow":["GET"]}}],"collection":[{"href":"https:\/\/weltlaeden.de\/waltrop\/wp-json\/wp\/v2\/posts"}],"about":[{"href":"https:\/\/weltlaeden.de\/waltrop\/wp-json\/wp\/v2\/types\/post"}],"author":[{"embeddable":true,"href":"https:\/\/weltlaeden.de\/waltrop\/wp-json\/wp\/v2\/users\/129"}],"replies":[{"embeddable":true,"href":"https:\/\/weltlaeden.de\/waltrop\/wp-json\/wp\/v2\/comments?post=1449"}],"version-history":[{"count":1,"href":"https:\/\/weltlaeden.de\/waltrop\/wp-json\/wp\/v2\/posts\/1449\/revisions"}],"predecessor-version":[{"id":1451,"href":"https:\/\/weltlaeden.de\/waltrop\/wp-json\/wp\/v2\/posts\/1449\/revisions\/1451"}],"wp:attachment":[{"href":"https:\/\/weltlaeden.de\/waltrop\/wp-json\/wp\/v2\/media?parent=1449"}],"wp:term":[{"taxonomy":"category","embeddable":true,"href":"https:\/\/weltlaeden.de\/waltrop\/wp-json\/wp\/v2\/categories?post=1449"},{"taxonomy":"post_tag","embeddable":true,"href":"https:\/\/weltlaeden.de\/waltrop\/wp-json\/wp\/v2\/tags?post=1449"}],"curies":[{"name":"wp","href":"https:\/\/api.w.org\/{rel}","templated":true}]}}