{"id":1134,"date":"2022-02-06T21:45:57","date_gmt":"2022-02-06T20:45:57","guid":{"rendered":"https:\/\/weltlaeden.de\/waltrop\/?p=1134"},"modified":"2022-02-06T21:45:57","modified_gmt":"2022-02-06T20:45:57","slug":"den-fruehling-locken","status":"publish","type":"post","link":"https:\/\/weltlaeden.de\/waltrop\/den-fruehling-locken\/","title":{"rendered":"Den Fr\u00fchling locken"},"content":{"rendered":"<h2>Den Fr\u00fchling locken&#8230;<\/h2>\n<p>\u2026.mit Dekoartikeln aus Ihrem Weltladen!<\/p>\n<p>Obwohl das Wetter noch zu w\u00fcnschen \u00fcbrig l\u00e4sst, steht uns allen der Sinn nach fr\u00fchlingsfrischen Deko-Ideen.<\/p>\n<p>Kommen Sie in unseren Weltladen und st\u00f6bern Sie in aller Ruhe. Viele neue Produkte warten auf ihre Entdeckung, und gelegentlich hat sich auch schon der Osterhase blicken lassen.<\/p>\n<p>Viel Spa\u00df w\u00fcnscht Ihnen <\/p>\n<p>Petra Wehmeyer<\/p>\n<p><a href=\"https:\/\/weltlaeden.de\/waltrop\/fruehling-locken\/\" target=\"_blank\" rel=\"noopener\">hier erfahren Sie mehr&#8230;<\/a><\/p>\n","protected":false},"excerpt":{"rendered":"<p>Den Fr\u00fchling locken&#8230; \u2026.mit Dekoartikeln aus Ihrem Weltladen! Obwohl das Wetter noch zu w\u00fcnschen \u00fcbrig l\u00e4sst, steht uns allen der Sinn nach fr\u00fchlingsfrischen Deko-Ideen. Kommen Sie in unseren Weltladen und st\u00f6bern Sie in aller Ruhe. Viele neue Produkte warten auf ihre Entdeckung, und gelegentlich hat sich auch schon der Osterhase blicken lassen. Viel Spa\u00df w\u00fcnscht&hellip;<\/p>\n","protected":false},"author":129,"featured_media":0,"comment_status":"closed","ping_status":"closed","sticky":false,"template":"","format":"standard","meta":{"footnotes":""},"categories":[8],"tags":[],"class_list":["post-1134","post","type-post","status-publish","format-standard","hentry","category-neues","category-8","description-off"],"yoast_head":"<!-- This site is optimized with the Yoast SEO plugin v26.8 - https:\/\/yoast.com\/product\/yoast-seo-wordpress\/ -->\n<title>Den Fr\u00fchling locken - Weltladen Waltrop<\/title>\n<meta name=\"robots\" content=\"index, follow, max-snippet:-1, max-image-preview:large, max-video-preview:-1\" \/>\n<link rel=\"canonical\" href=\"https:\/\/weltlaeden.de\/waltrop\/den-fruehling-locken\/\" \/>\n<meta property=\"og:locale\" content=\"de_DE\" \/>\n<meta property=\"og:type\" content=\"article\" \/>\n<meta property=\"og:title\" content=\"Den Fr\u00fchling locken - Weltladen Waltrop\" \/>\n<meta property=\"og:description\" content=\"Den Fr\u00fchling locken&#8230; \u2026.mit Dekoartikeln aus Ihrem Weltladen! Obwohl das Wetter noch zu w\u00fcnschen \u00fcbrig l\u00e4sst, steht uns allen der Sinn nach fr\u00fchlingsfrischen Deko-Ideen. Kommen Sie in unseren Weltladen und st\u00f6bern Sie in aller Ruhe. Viele neue Produkte warten auf ihre Entdeckung, und gelegentlich hat sich auch schon der Osterhase blicken lassen. Viel Spa\u00df w\u00fcnscht&hellip;\" \/>\n<meta property=\"og:url\" content=\"https:\/\/weltlaeden.de\/waltrop\/den-fruehling-locken\/\" \/>\n<meta property=\"og:site_name\" content=\"Weltladen Waltrop\" \/>\n<meta property=\"article:published_time\" content=\"2022-02-06T20:45:57+00:00\" \/>\n<meta property=\"og:image\" content=\"https:\/\/weltlaeden.de\/waltrop\/wp-content\/uploads\/sites\/86\/2022\/02\/20220202_161940-scaled.jpg\" \/>\n\t<meta property=\"og:image:width\" content=\"1920\" \/>\n\t<meta property=\"og:image:height\" content=\"1440\" \/>\n\t<meta property=\"og:image:type\" content=\"image\/jpeg\" \/>\n<meta name=\"author\" content=\"waltrop\" \/>\n<meta name=\"twitter:card\" content=\"summary_large_image\" \/>\n<meta name=\"twitter:label1\" content=\"Verfasst von\" \/>\n\t<meta name=\"twitter:data1\" content=\"waltrop\" \/>\n<script type=\"application\/ld+json\" class=\"yoast-schema-graph\">{\"@context\":\"https:\/\/schema.org\",\"@graph\":[{\"@type\":\"Article\",\"@id\":\"https:\/\/weltlaeden.de\/waltrop\/den-fruehling-locken\/#article\",\"isPartOf\":{\"@id\":\"https:\/\/weltlaeden.de\/waltrop\/den-fruehling-locken\/\"},\"author\":{\"name\":\"waltrop\",\"@id\":\"https:\/\/weltlaeden.de\/waltrop\/#\/schema\/person\/2dad671ea3cd406233728265409f5a50\"},\"headline\":\"Den Fr\u00fchling locken\",\"datePublished\":\"2022-02-06T20:45:57+00:00\",\"mainEntityOfPage\":{\"@id\":\"https:\/\/weltlaeden.de\/waltrop\/den-fruehling-locken\/\"},\"wordCount\":72,\"articleSection\":[\"Neuigkeiten\"],\"inLanguage\":\"de\"},{\"@type\":\"WebPage\",\"@id\":\"https:\/\/weltlaeden.de\/waltrop\/den-fruehling-locken\/\",\"url\":\"https:\/\/weltlaeden.de\/waltrop\/den-fruehling-locken\/\",\"name\":\"Den Fr\u00fchling locken - Weltladen Waltrop\",\"isPartOf\":{\"@id\":\"https:\/\/weltlaeden.de\/waltrop\/#website\"},\"datePublished\":\"2022-02-06T20:45:57+00:00\",\"author\":{\"@id\":\"https:\/\/weltlaeden.de\/waltrop\/#\/schema\/person\/2dad671ea3cd406233728265409f5a50\"},\"breadcrumb\":{\"@id\":\"https:\/\/weltlaeden.de\/waltrop\/den-fruehling-locken\/#breadcrumb\"},\"inLanguage\":\"de\",\"potentialAction\":[{\"@type\":\"ReadAction\",\"target\":[\"https:\/\/weltlaeden.de\/waltrop\/den-fruehling-locken\/\"]}]},{\"@type\":\"BreadcrumbList\",\"@id\":\"https:\/\/weltlaeden.de\/waltrop\/den-fruehling-locken\/#breadcrumb\",\"itemListElement\":[{\"@type\":\"ListItem\",\"position\":1,\"name\":\"Startseite\",\"item\":\"https:\/\/weltlaeden.de\/waltrop\/\"},{\"@type\":\"ListItem\",\"position\":2,\"name\":\"Den Fr\u00fchling locken\"}]},{\"@type\":\"WebSite\",\"@id\":\"https:\/\/weltlaeden.de\/waltrop\/#website\",\"url\":\"https:\/\/weltlaeden.de\/waltrop\/\",\"name\":\"Weltladen Waltrop\",\"description\":\"Faire Produkte seit 1990\",\"potentialAction\":[{\"@type\":\"SearchAction\",\"target\":{\"@type\":\"EntryPoint\",\"urlTemplate\":\"https:\/\/weltlaeden.de\/waltrop\/?s={search_term_string}\"},\"query-input\":{\"@type\":\"PropertyValueSpecification\",\"valueRequired\":true,\"valueName\":\"search_term_string\"}}],\"inLanguage\":\"de\"},{\"@type\":\"Person\",\"@id\":\"https:\/\/weltlaeden.de\/waltrop\/#\/schema\/person\/2dad671ea3cd406233728265409f5a50\",\"name\":\"waltrop\",\"image\":{\"@type\":\"ImageObject\",\"inLanguage\":\"de\",\"@id\":\"https:\/\/weltlaeden.de\/waltrop\/#\/schema\/person\/image\/\",\"url\":\"https:\/\/secure.gravatar.com\/avatar\/2aeb53b1ac904dc21a21296b36f8988b?s=96&d=mm&r=g\",\"contentUrl\":\"https:\/\/secure.gravatar.com\/avatar\/2aeb53b1ac904dc21a21296b36f8988b?s=96&d=mm&r=g\",\"caption\":\"waltrop\"}}]}<\/script>\n<!-- \/ Yoast SEO plugin. -->","yoast_head_json":{"title":"Den Fr\u00fchling locken - Weltladen Waltrop","robots":{"index":"index","follow":"follow","max-snippet":"max-snippet:-1","max-image-preview":"max-image-preview:large","max-video-preview":"max-video-preview:-1"},"canonical":"https:\/\/weltlaeden.de\/waltrop\/den-fruehling-locken\/","og_locale":"de_DE","og_type":"article","og_title":"Den Fr\u00fchling locken - Weltladen Waltrop","og_description":"Den Fr\u00fchling locken&#8230; \u2026.mit Dekoartikeln aus Ihrem Weltladen! Obwohl das Wetter noch zu w\u00fcnschen \u00fcbrig l\u00e4sst, steht uns allen der Sinn nach fr\u00fchlingsfrischen Deko-Ideen. Kommen Sie in unseren Weltladen und st\u00f6bern Sie in aller Ruhe. Viele neue Produkte warten auf ihre Entdeckung, und gelegentlich hat sich auch schon der Osterhase blicken lassen. Viel Spa\u00df w\u00fcnscht&hellip;","og_url":"https:\/\/weltlaeden.de\/waltrop\/den-fruehling-locken\/","og_site_name":"Weltladen Waltrop","article_published_time":"2022-02-06T20:45:57+00:00","og_image":[{"width":1920,"height":1440,"url":"https:\/\/weltlaeden.de\/waltrop\/wp-content\/uploads\/sites\/86\/2022\/02\/20220202_161940-scaled.jpg","type":"image\/jpeg"}],"author":"waltrop","twitter_card":"summary_large_image","twitter_misc":{"Verfasst von":"waltrop"},"schema":{"@context":"https:\/\/schema.org","@graph":[{"@type":"Article","@id":"https:\/\/weltlaeden.de\/waltrop\/den-fruehling-locken\/#article","isPartOf":{"@id":"https:\/\/weltlaeden.de\/waltrop\/den-fruehling-locken\/"},"author":{"name":"waltrop","@id":"https:\/\/weltlaeden.de\/waltrop\/#\/schema\/person\/2dad671ea3cd406233728265409f5a50"},"headline":"Den Fr\u00fchling locken","datePublished":"2022-02-06T20:45:57+00:00","mainEntityOfPage":{"@id":"https:\/\/weltlaeden.de\/waltrop\/den-fruehling-locken\/"},"wordCount":72,"articleSection":["Neuigkeiten"],"inLanguage":"de"},{"@type":"WebPage","@id":"https:\/\/weltlaeden.de\/waltrop\/den-fruehling-locken\/","url":"https:\/\/weltlaeden.de\/waltrop\/den-fruehling-locken\/","name":"Den Fr\u00fchling locken - Weltladen Waltrop","isPartOf":{"@id":"https:\/\/weltlaeden.de\/waltrop\/#website"},"datePublished":"2022-02-06T20:45:57+00:00","author":{"@id":"https:\/\/weltlaeden.de\/waltrop\/#\/schema\/person\/2dad671ea3cd406233728265409f5a50"},"breadcrumb":{"@id":"https:\/\/weltlaeden.de\/waltrop\/den-fruehling-locken\/#breadcrumb"},"inLanguage":"de","potentialAction":[{"@type":"ReadAction","target":["https:\/\/weltlaeden.de\/waltrop\/den-fruehling-locken\/"]}]},{"@type":"BreadcrumbList","@id":"https:\/\/weltlaeden.de\/waltrop\/den-fruehling-locken\/#breadcrumb","itemListElement":[{"@type":"ListItem","position":1,"name":"Startseite","item":"https:\/\/weltlaeden.de\/waltrop\/"},{"@type":"ListItem","position":2,"name":"Den Fr\u00fchling locken"}]},{"@type":"WebSite","@id":"https:\/\/weltlaeden.de\/waltrop\/#website","url":"https:\/\/weltlaeden.de\/waltrop\/","name":"Weltladen Waltrop","description":"Faire Produkte seit 1990","potentialAction":[{"@type":"SearchAction","target":{"@type":"EntryPoint","urlTemplate":"https:\/\/weltlaeden.de\/waltrop\/?s={search_term_string}"},"query-input":{"@type":"PropertyValueSpecification","valueRequired":true,"valueName":"search_term_string"}}],"inLanguage":"de"},{"@type":"Person","@id":"https:\/\/weltlaeden.de\/waltrop\/#\/schema\/person\/2dad671ea3cd406233728265409f5a50","name":"waltrop","image":{"@type":"ImageObject","inLanguage":"de","@id":"https:\/\/weltlaeden.de\/waltrop\/#\/schema\/person\/image\/","url":"https:\/\/secure.gravatar.com\/avatar\/2aeb53b1ac904dc21a21296b36f8988b?s=96&d=mm&r=g","contentUrl":"https:\/\/secure.gravatar.com\/avatar\/2aeb53b1ac904dc21a21296b36f8988b?s=96&d=mm&r=g","caption":"waltrop"}}]}},"_links":{"self":[{"href":"https:\/\/weltlaeden.de\/waltrop\/wp-json\/wp\/v2\/posts\/1134","targetHints":{"allow":["GET"]}}],"collection":[{"href":"https:\/\/weltlaeden.de\/waltrop\/wp-json\/wp\/v2\/posts"}],"about":[{"href":"https:\/\/weltlaeden.de\/waltrop\/wp-json\/wp\/v2\/types\/post"}],"author":[{"embeddable":true,"href":"https:\/\/weltlaeden.de\/waltrop\/wp-json\/wp\/v2\/users\/129"}],"replies":[{"embeddable":true,"href":"https:\/\/weltlaeden.de\/waltrop\/wp-json\/wp\/v2\/comments?post=1134"}],"version-history":[{"count":1,"href":"https:\/\/weltlaeden.de\/waltrop\/wp-json\/wp\/v2\/posts\/1134\/revisions"}],"predecessor-version":[{"id":1136,"href":"https:\/\/weltlaeden.de\/waltrop\/wp-json\/wp\/v2\/posts\/1134\/revisions\/1136"}],"wp:attachment":[{"href":"https:\/\/weltlaeden.de\/waltrop\/wp-json\/wp\/v2\/media?parent=1134"}],"wp:term":[{"taxonomy":"category","embeddable":true,"href":"https:\/\/weltlaeden.de\/waltrop\/wp-json\/wp\/v2\/categories?post=1134"},{"taxonomy":"post_tag","embeddable":true,"href":"https:\/\/weltlaeden.de\/waltrop\/wp-json\/wp\/v2\/tags?post=1134"}],"curies":[{"name":"wp","href":"https:\/\/api.w.org\/{rel}","templated":true}]}}