{"id":2213,"date":"2026-09-01T17:34:49","date_gmt":"2026-09-01T15:34:49","guid":{"rendered":"https:\/\/weltlaeden.de\/walluf\/?p=2213"},"modified":"2026-09-01T17:34:49","modified_gmt":"2026-09-01T15:34:49","slug":"fair-snack-metallkunst-am-faesschen","status":"publish","type":"post","link":"https:\/\/weltlaeden.de\/walluf\/fair-snack-metallkunst-am-faesschen\/","title":{"rendered":"Fair-Snack &amp; Metallkunst am F\u00e4sschen"},"content":{"rendered":"<div class=\"wpb-content-wrapper\" id=\"wpb-content-root\"><p>[vc_row][vc_column width=&#8220;1\/2&#8243;][vc_btn title=&#8220;Komm vorbei und genie\u00dfe!&#8220; shape=&#8220;round&#8220; align=&#8220;center&#8220; size=&#8220;lg&#8220; style=&#8220;3d&#8220; custom_background=&#8220;#81D742&#8243; custom_text=&#8220;#1E73BE&#8220; custom_border=&#8220;#DD9933&#8243;][vc_single_image onclick=&#8220;img_link_large&#8220; image=&#8220;2193&#8243; img_size=&#8220;medium&#8220; alignment=&#8220;center&#8220;][\/vc_column][vc_column width=&#8220;1\/2&#8243;][vc_column_text]<\/p>\n<h4>Genie\u00dfen Sie eine Auswahl an leckeren Speisen aus fair gehandelten Zutaten. Anl\u00e4sslich der \u201eFairen Woche\u201c m\u00f6chten wir Sie verw\u00f6hnen und inspirieren. Verschiedene Snacks &amp; eine Pr\u00e4sentation von Metallkunst aus Haiti erwarten Sie.<br \/>\nBesuchen Sie unseren Stand am Weinprobierstand in Niederwalluf und lassen Sie sich \u00dcberraschen.<\/h4>\n<h2><span style=\"color: #00ff00\"><strong>Freitag, 11. September 2026\u00a0 ab 16.30 Uhr\u00a0 <\/strong><\/span><\/h2>\n<h2><span style=\"color: #00ff00\"><strong>am F\u00e4sschen am Wallufer Rheinufer<\/strong><\/span><\/h2>\n<p>[\/vc_column_text][\/vc_column][\/vc_row]<\/p>\n<\/div>","protected":false},"excerpt":{"rendered":"<p>[vc_row][vc_column width=&#8220;1\/2&#8243;][vc_btn title=&#8220;Komm vorbei und genie\u00dfe!&#8220; shape=&#8220;round&#8220; align=&#8220;center&#8220; size=&#8220;lg&#8220; style=&#8220;3d&#8220; custom_background=&#8220;#81D742&#8243; custom_text=&#8220;#1E73BE&#8220; custom_border=&#8220;#DD9933&#8243;][vc_single_image onclick=&#8220;img_link_large&#8220; image=&#8220;2193&#8243; img_size=&#8220;medium&#8220; alignment=&#8220;center&#8220;][\/vc_column][vc_column width=&#8220;1\/2&#8243;][vc_column_text] Genie\u00dfen Sie eine Auswahl an leckeren Speisen aus fair gehandelten Zutaten. Anl\u00e4sslich der \u201eFairen Woche\u201c m\u00f6chten wir Sie verw\u00f6hnen und inspirieren. Verschiedene Snacks &amp; eine Pr\u00e4sentation von Metallkunst aus Haiti erwarten Sie. Besuchen Sie unseren Stand am&hellip;<\/p>\n","protected":false},"author":228,"featured_media":2193,"comment_status":"closed","ping_status":"closed","sticky":false,"template":"","format":"standard","meta":{"footnotes":""},"categories":[1],"tags":[],"class_list":["post-2213","post","type-post","status-publish","format-standard","has-post-thumbnail","hentry","category-news","category-1","description-off"],"yoast_head":"<!-- This site is optimized with the Yoast SEO plugin v26.8 - https:\/\/yoast.com\/product\/yoast-seo-wordpress\/ -->\n<title>Fair-Snack &amp; Metallkunst am F\u00e4sschen - Weltladen Walluf<\/title>\n<meta name=\"robots\" content=\"index, follow, max-snippet:-1, max-image-preview:large, max-video-preview:-1\" \/>\n<link rel=\"canonical\" href=\"https:\/\/weltlaeden.de\/walluf\/fair-snack-metallkunst-am-faesschen\/\" \/>\n<meta property=\"og:locale\" content=\"de_DE\" \/>\n<meta property=\"og:type\" content=\"article\" \/>\n<meta property=\"og:title\" content=\"Fair-Snack &amp; Metallkunst am F\u00e4sschen - Weltladen Walluf\" \/>\n<meta property=\"og:description\" content=\"[vc_row][vc_column width=&#8220;1\/2&#8243;][vc_btn title=&#8220;Komm vorbei und genie\u00dfe!&#8220; shape=&#8220;round&#8220; align=&#8220;center&#8220; size=&#8220;lg&#8220; style=&#8220;3d&#8220; custom_background=&#8220;#81D742&#8243; custom_text=&#8220;#1E73BE&#8220; custom_border=&#8220;#DD9933&#8243;][vc_single_image onclick=&#8220;img_link_large&#8220; image=&#8220;2193&#8243; img_size=&#8220;medium&#8220; alignment=&#8220;center&#8220;][\/vc_column][vc_column width=&#8220;1\/2&#8243;][vc_column_text] Genie\u00dfen Sie eine Auswahl an leckeren Speisen aus fair gehandelten Zutaten. Anl\u00e4sslich der \u201eFairen Woche\u201c m\u00f6chten wir Sie verw\u00f6hnen und inspirieren. Verschiedene Snacks &amp; eine Pr\u00e4sentation von Metallkunst aus Haiti erwarten Sie. Besuchen Sie unseren Stand am&hellip;\" \/>\n<meta property=\"og:url\" content=\"https:\/\/weltlaeden.de\/walluf\/fair-snack-metallkunst-am-faesschen\/\" \/>\n<meta property=\"og:site_name\" content=\"Weltladen Walluf\" \/>\n<meta property=\"article:published_time\" content=\"2026-09-01T15:34:49+00:00\" \/>\n<meta property=\"og:image\" content=\"https:\/\/weltlaeden.de\/walluf\/wp-content\/uploads\/sites\/159\/2026\/08\/Fair-Snack-1.4-A5-11-e1788275928754.png\" \/>\n\t<meta property=\"og:image:width\" content=\"989\" \/>\n\t<meta property=\"og:image:height\" content=\"740\" \/>\n\t<meta property=\"og:image:type\" content=\"image\/png\" \/>\n<meta name=\"author\" content=\"walluf\" \/>\n<meta name=\"twitter:card\" content=\"summary_large_image\" \/>\n<meta name=\"twitter:label1\" content=\"Verfasst von\" \/>\n\t<meta name=\"twitter:data1\" content=\"walluf\" \/>\n\t<meta name=\"twitter:label2\" content=\"Gesch\u00e4tzte Lesezeit\" \/>\n\t<meta name=\"twitter:data2\" content=\"1\u00a0Minute\" \/>\n<script type=\"application\/ld+json\" class=\"yoast-schema-graph\">{\"@context\":\"https:\/\/schema.org\",\"@graph\":[{\"@type\":\"Article\",\"@id\":\"https:\/\/weltlaeden.de\/walluf\/fair-snack-metallkunst-am-faesschen\/#article\",\"isPartOf\":{\"@id\":\"https:\/\/weltlaeden.de\/walluf\/fair-snack-metallkunst-am-faesschen\/\"},\"author\":{\"name\":\"walluf\",\"@id\":\"https:\/\/weltlaeden.de\/walluf\/#\/schema\/person\/1ff8ebdd750ba1122ddc2427f7720d5c\"},\"headline\":\"Fair-Snack &amp; Metallkunst am F\u00e4sschen\",\"datePublished\":\"2026-09-01T15:34:49+00:00\",\"mainEntityOfPage\":{\"@id\":\"https:\/\/weltlaeden.de\/walluf\/fair-snack-metallkunst-am-faesschen\/\"},\"wordCount\":125,\"publisher\":{\"@id\":\"https:\/\/weltlaeden.de\/walluf\/#organization\"},\"image\":{\"@id\":\"https:\/\/weltlaeden.de\/walluf\/fair-snack-metallkunst-am-faesschen\/#primaryimage\"},\"thumbnailUrl\":\"https:\/\/weltlaeden.de\/walluf\/wp-content\/uploads\/sites\/159\/2026\/08\/Fair-Snack-1.4-A5-11-e1788275928754.png\",\"articleSection\":[\"News\"],\"inLanguage\":\"de\"},{\"@type\":\"WebPage\",\"@id\":\"https:\/\/weltlaeden.de\/walluf\/fair-snack-metallkunst-am-faesschen\/\",\"url\":\"https:\/\/weltlaeden.de\/walluf\/fair-snack-metallkunst-am-faesschen\/\",\"name\":\"Fair-Snack &amp; Metallkunst am F\u00e4sschen - Weltladen Walluf\",\"isPartOf\":{\"@id\":\"https:\/\/weltlaeden.de\/walluf\/#website\"},\"primaryImageOfPage\":{\"@id\":\"https:\/\/weltlaeden.de\/walluf\/fair-snack-metallkunst-am-faesschen\/#primaryimage\"},\"image\":{\"@id\":\"https:\/\/weltlaeden.de\/walluf\/fair-snack-metallkunst-am-faesschen\/#primaryimage\"},\"thumbnailUrl\":\"https:\/\/weltlaeden.de\/walluf\/wp-content\/uploads\/sites\/159\/2026\/08\/Fair-Snack-1.4-A5-11-e1788275928754.png\",\"datePublished\":\"2026-09-01T15:34:49+00:00\",\"breadcrumb\":{\"@id\":\"https:\/\/weltlaeden.de\/walluf\/fair-snack-metallkunst-am-faesschen\/#breadcrumb\"},\"inLanguage\":\"de\",\"potentialAction\":[{\"@type\":\"ReadAction\",\"target\":[\"https:\/\/weltlaeden.de\/walluf\/fair-snack-metallkunst-am-faesschen\/\"]}]},{\"@type\":\"ImageObject\",\"inLanguage\":\"de\",\"@id\":\"https:\/\/weltlaeden.de\/walluf\/fair-snack-metallkunst-am-faesschen\/#primaryimage\",\"url\":\"https:\/\/weltlaeden.de\/walluf\/wp-content\/uploads\/sites\/159\/2026\/08\/Fair-Snack-1.4-A5-11-e1788275928754.png\",\"contentUrl\":\"https:\/\/weltlaeden.de\/walluf\/wp-content\/uploads\/sites\/159\/2026\/08\/Fair-Snack-1.4-A5-11-e1788275928754.png\",\"width\":989,\"height\":740},{\"@type\":\"BreadcrumbList\",\"@id\":\"https:\/\/weltlaeden.de\/walluf\/fair-snack-metallkunst-am-faesschen\/#breadcrumb\",\"itemListElement\":[{\"@type\":\"ListItem\",\"position\":1,\"name\":\"Startseite\",\"item\":\"https:\/\/weltlaeden.de\/walluf\/\"},{\"@type\":\"ListItem\",\"position\":2,\"name\":\"Fair-Snack &amp; Metallkunst am F\u00e4sschen\"}]},{\"@type\":\"WebSite\",\"@id\":\"https:\/\/weltlaeden.de\/walluf\/#website\",\"url\":\"https:\/\/weltlaeden.de\/walluf\/\",\"name\":\"Weltladen Walluf\",\"description\":\"Fair Handeln - Schmecken - Genie\u00dfen\",\"publisher\":{\"@id\":\"https:\/\/weltlaeden.de\/walluf\/#organization\"},\"potentialAction\":[{\"@type\":\"SearchAction\",\"target\":{\"@type\":\"EntryPoint\",\"urlTemplate\":\"https:\/\/weltlaeden.de\/walluf\/?s={search_term_string}\"},\"query-input\":{\"@type\":\"PropertyValueSpecification\",\"valueRequired\":true,\"valueName\":\"search_term_string\"}}],\"inLanguage\":\"de\"},{\"@type\":\"Organization\",\"@id\":\"https:\/\/weltlaeden.de\/walluf\/#organization\",\"name\":\"Weltladen Walluf \/ FAIR-TREFF Walluf e.V.\",\"url\":\"https:\/\/weltlaeden.de\/walluf\/\",\"logo\":{\"@type\":\"ImageObject\",\"inLanguage\":\"de\",\"@id\":\"https:\/\/weltlaeden.de\/walluf\/#\/schema\/logo\/image\/\",\"url\":\"https:\/\/weltlaeden.de\/walluf\/wp-content\/uploads\/sites\/159\/2021\/03\/WLFH_cmyk_300dpi_MK-e1621515039297.jpg\",\"contentUrl\":\"https:\/\/weltlaeden.de\/walluf\/wp-content\/uploads\/sites\/159\/2021\/03\/WLFH_cmyk_300dpi_MK-e1621515039297.jpg\",\"width\":150,\"height\":67,\"caption\":\"Weltladen Walluf \/ FAIR-TREFF Walluf e.V.\"},\"image\":{\"@id\":\"https:\/\/weltlaeden.de\/walluf\/#\/schema\/logo\/image\/\"}},{\"@type\":\"Person\",\"@id\":\"https:\/\/weltlaeden.de\/walluf\/#\/schema\/person\/1ff8ebdd750ba1122ddc2427f7720d5c\",\"name\":\"walluf\",\"image\":{\"@type\":\"ImageObject\",\"inLanguage\":\"de\",\"@id\":\"https:\/\/weltlaeden.de\/walluf\/#\/schema\/person\/image\/\",\"url\":\"https:\/\/secure.gravatar.com\/avatar\/be0332a667d674a9dfb9eaea38f7984e?s=96&d=mm&r=g\",\"contentUrl\":\"https:\/\/secure.gravatar.com\/avatar\/be0332a667d674a9dfb9eaea38f7984e?s=96&d=mm&r=g\",\"caption\":\"walluf\"},\"sameAs\":[\"http:\/\/www.weltladen-walluf.org\"],\"url\":\"https:\/\/weltlaeden.de\/walluf\/author\/walluf\/\"}]}<\/script>\n<!-- \/ Yoast SEO plugin. -->","yoast_head_json":{"title":"Fair-Snack &amp; Metallkunst am F\u00e4sschen - Weltladen Walluf","robots":{"index":"index","follow":"follow","max-snippet":"max-snippet:-1","max-image-preview":"max-image-preview:large","max-video-preview":"max-video-preview:-1"},"canonical":"https:\/\/weltlaeden.de\/walluf\/fair-snack-metallkunst-am-faesschen\/","og_locale":"de_DE","og_type":"article","og_title":"Fair-Snack &amp; Metallkunst am F\u00e4sschen - Weltladen Walluf","og_description":"[vc_row][vc_column width=&#8220;1\/2&#8243;][vc_btn title=&#8220;Komm vorbei und genie\u00dfe!&#8220; shape=&#8220;round&#8220; align=&#8220;center&#8220; size=&#8220;lg&#8220; style=&#8220;3d&#8220; custom_background=&#8220;#81D742&#8243; custom_text=&#8220;#1E73BE&#8220; custom_border=&#8220;#DD9933&#8243;][vc_single_image onclick=&#8220;img_link_large&#8220; image=&#8220;2193&#8243; img_size=&#8220;medium&#8220; alignment=&#8220;center&#8220;][\/vc_column][vc_column width=&#8220;1\/2&#8243;][vc_column_text] Genie\u00dfen Sie eine Auswahl an leckeren Speisen aus fair gehandelten Zutaten. Anl\u00e4sslich der \u201eFairen Woche\u201c m\u00f6chten wir Sie verw\u00f6hnen und inspirieren. Verschiedene Snacks &amp; eine Pr\u00e4sentation von Metallkunst aus Haiti erwarten Sie. Besuchen Sie unseren Stand am&hellip;","og_url":"https:\/\/weltlaeden.de\/walluf\/fair-snack-metallkunst-am-faesschen\/","og_site_name":"Weltladen Walluf","article_published_time":"2026-09-01T15:34:49+00:00","og_image":[{"width":989,"height":740,"url":"https:\/\/weltlaeden.de\/walluf\/wp-content\/uploads\/sites\/159\/2026\/08\/Fair-Snack-1.4-A5-11-e1788275928754.png","type":"image\/png"}],"author":"walluf","twitter_card":"summary_large_image","twitter_misc":{"Verfasst von":"walluf","Gesch\u00e4tzte Lesezeit":"1\u00a0Minute"},"schema":{"@context":"https:\/\/schema.org","@graph":[{"@type":"Article","@id":"https:\/\/weltlaeden.de\/walluf\/fair-snack-metallkunst-am-faesschen\/#article","isPartOf":{"@id":"https:\/\/weltlaeden.de\/walluf\/fair-snack-metallkunst-am-faesschen\/"},"author":{"name":"walluf","@id":"https:\/\/weltlaeden.de\/walluf\/#\/schema\/person\/1ff8ebdd750ba1122ddc2427f7720d5c"},"headline":"Fair-Snack &amp; Metallkunst am F\u00e4sschen","datePublished":"2026-09-01T15:34:49+00:00","mainEntityOfPage":{"@id":"https:\/\/weltlaeden.de\/walluf\/fair-snack-metallkunst-am-faesschen\/"},"wordCount":125,"publisher":{"@id":"https:\/\/weltlaeden.de\/walluf\/#organization"},"image":{"@id":"https:\/\/weltlaeden.de\/walluf\/fair-snack-metallkunst-am-faesschen\/#primaryimage"},"thumbnailUrl":"https:\/\/weltlaeden.de\/walluf\/wp-content\/uploads\/sites\/159\/2026\/08\/Fair-Snack-1.4-A5-11-e1788275928754.png","articleSection":["News"],"inLanguage":"de"},{"@type":"WebPage","@id":"https:\/\/weltlaeden.de\/walluf\/fair-snack-metallkunst-am-faesschen\/","url":"https:\/\/weltlaeden.de\/walluf\/fair-snack-metallkunst-am-faesschen\/","name":"Fair-Snack &amp; Metallkunst am F\u00e4sschen - Weltladen Walluf","isPartOf":{"@id":"https:\/\/weltlaeden.de\/walluf\/#website"},"primaryImageOfPage":{"@id":"https:\/\/weltlaeden.de\/walluf\/fair-snack-metallkunst-am-faesschen\/#primaryimage"},"image":{"@id":"https:\/\/weltlaeden.de\/walluf\/fair-snack-metallkunst-am-faesschen\/#primaryimage"},"thumbnailUrl":"https:\/\/weltlaeden.de\/walluf\/wp-content\/uploads\/sites\/159\/2026\/08\/Fair-Snack-1.4-A5-11-e1788275928754.png","datePublished":"2026-09-01T15:34:49+00:00","breadcrumb":{"@id":"https:\/\/weltlaeden.de\/walluf\/fair-snack-metallkunst-am-faesschen\/#breadcrumb"},"inLanguage":"de","potentialAction":[{"@type":"ReadAction","target":["https:\/\/weltlaeden.de\/walluf\/fair-snack-metallkunst-am-faesschen\/"]}]},{"@type":"ImageObject","inLanguage":"de","@id":"https:\/\/weltlaeden.de\/walluf\/fair-snack-metallkunst-am-faesschen\/#primaryimage","url":"https:\/\/weltlaeden.de\/walluf\/wp-content\/uploads\/sites\/159\/2026\/08\/Fair-Snack-1.4-A5-11-e1788275928754.png","contentUrl":"https:\/\/weltlaeden.de\/walluf\/wp-content\/uploads\/sites\/159\/2026\/08\/Fair-Snack-1.4-A5-11-e1788275928754.png","width":989,"height":740},{"@type":"BreadcrumbList","@id":"https:\/\/weltlaeden.de\/walluf\/fair-snack-metallkunst-am-faesschen\/#breadcrumb","itemListElement":[{"@type":"ListItem","position":1,"name":"Startseite","item":"https:\/\/weltlaeden.de\/walluf\/"},{"@type":"ListItem","position":2,"name":"Fair-Snack &amp; Metallkunst am F\u00e4sschen"}]},{"@type":"WebSite","@id":"https:\/\/weltlaeden.de\/walluf\/#website","url":"https:\/\/weltlaeden.de\/walluf\/","name":"Weltladen Walluf","description":"Fair Handeln - Schmecken - Genie\u00dfen","publisher":{"@id":"https:\/\/weltlaeden.de\/walluf\/#organization"},"potentialAction":[{"@type":"SearchAction","target":{"@type":"EntryPoint","urlTemplate":"https:\/\/weltlaeden.de\/walluf\/?s={search_term_string}"},"query-input":{"@type":"PropertyValueSpecification","valueRequired":true,"valueName":"search_term_string"}}],"inLanguage":"de"},{"@type":"Organization","@id":"https:\/\/weltlaeden.de\/walluf\/#organization","name":"Weltladen Walluf \/ FAIR-TREFF Walluf e.V.","url":"https:\/\/weltlaeden.de\/walluf\/","logo":{"@type":"ImageObject","inLanguage":"de","@id":"https:\/\/weltlaeden.de\/walluf\/#\/schema\/logo\/image\/","url":"https:\/\/weltlaeden.de\/walluf\/wp-content\/uploads\/sites\/159\/2021\/03\/WLFH_cmyk_300dpi_MK-e1621515039297.jpg","contentUrl":"https:\/\/weltlaeden.de\/walluf\/wp-content\/uploads\/sites\/159\/2021\/03\/WLFH_cmyk_300dpi_MK-e1621515039297.jpg","width":150,"height":67,"caption":"Weltladen Walluf \/ FAIR-TREFF Walluf e.V."},"image":{"@id":"https:\/\/weltlaeden.de\/walluf\/#\/schema\/logo\/image\/"}},{"@type":"Person","@id":"https:\/\/weltlaeden.de\/walluf\/#\/schema\/person\/1ff8ebdd750ba1122ddc2427f7720d5c","name":"walluf","image":{"@type":"ImageObject","inLanguage":"de","@id":"https:\/\/weltlaeden.de\/walluf\/#\/schema\/person\/image\/","url":"https:\/\/secure.gravatar.com\/avatar\/be0332a667d674a9dfb9eaea38f7984e?s=96&d=mm&r=g","contentUrl":"https:\/\/secure.gravatar.com\/avatar\/be0332a667d674a9dfb9eaea38f7984e?s=96&d=mm&r=g","caption":"walluf"},"sameAs":["http:\/\/www.weltladen-walluf.org"],"url":"https:\/\/weltlaeden.de\/walluf\/author\/walluf\/"}]}},"_links":{"self":[{"href":"https:\/\/weltlaeden.de\/walluf\/wp-json\/wp\/v2\/posts\/2213","targetHints":{"allow":["GET"]}}],"collection":[{"href":"https:\/\/weltlaeden.de\/walluf\/wp-json\/wp\/v2\/posts"}],"about":[{"href":"https:\/\/weltlaeden.de\/walluf\/wp-json\/wp\/v2\/types\/post"}],"author":[{"embeddable":true,"href":"https:\/\/weltlaeden.de\/walluf\/wp-json\/wp\/v2\/users\/228"}],"replies":[{"embeddable":true,"href":"https:\/\/weltlaeden.de\/walluf\/wp-json\/wp\/v2\/comments?post=2213"}],"version-history":[{"count":5,"href":"https:\/\/weltlaeden.de\/walluf\/wp-json\/wp\/v2\/posts\/2213\/revisions"}],"predecessor-version":[{"id":2218,"href":"https:\/\/weltlaeden.de\/walluf\/wp-json\/wp\/v2\/posts\/2213\/revisions\/2218"}],"wp:featuredmedia":[{"embeddable":true,"href":"https:\/\/weltlaeden.de\/walluf\/wp-json\/wp\/v2\/media\/2193"}],"wp:attachment":[{"href":"https:\/\/weltlaeden.de\/walluf\/wp-json\/wp\/v2\/media?parent=2213"}],"wp:term":[{"taxonomy":"category","embeddable":true,"href":"https:\/\/weltlaeden.de\/walluf\/wp-json\/wp\/v2\/categories?post=2213"},{"taxonomy":"post_tag","embeddable":true,"href":"https:\/\/weltlaeden.de\/walluf\/wp-json\/wp\/v2\/tags?post=2213"}],"curies":[{"name":"wp","href":"https:\/\/api.w.org\/{rel}","templated":true}]}}