{"id":922,"date":"2022-10-09T10:00:02","date_gmt":"2022-10-09T08:00:02","guid":{"rendered":"https:\/\/weltlaeden.de\/volkach\/?p=922"},"modified":"2023-02-03T20:13:49","modified_gmt":"2023-02-03T19:13:49","slug":"30jaehriges-jubilaeum-eine-welt-verein-volkach","status":"publish","type":"post","link":"https:\/\/weltlaeden.de\/volkach\/30jaehriges-jubilaeum-eine-welt-verein-volkach\/","title":{"rendered":"30j\u00e4hriges Jubil\u00e4um Eine-Welt-Verein Volkach"},"content":{"rendered":"<p>Im November feierte der Verein der den Volkacher Weltladen ehrenamtlich betreibt sein 30j\u00e4hriges Bestehen. Es war eine besondere Freude Trudl Wirsing, unsere Gr\u00fcnderin, bei einer internen Feier zu begr\u00fc\u00dfen!<\/p>\n","protected":false},"excerpt":{"rendered":"<p>Im November feierte der Verein der den Volkacher Weltladen ehrenamtlich betreibt sein 30j\u00e4hriges Bestehen. Es war eine besondere Freude Trudl Wirsing, unsere Gr\u00fcnderin, bei einer internen Feier zu begr\u00fc\u00dfen!<\/p>\n","protected":false},"author":176,"featured_media":924,"comment_status":"closed","ping_status":"closed","sticky":false,"template":"","format":"standard","meta":{"footnotes":""},"categories":[1],"tags":[],"class_list":["post-922","post","type-post","status-publish","format-standard","has-post-thumbnail","hentry","category-allgemein","category-1","description-off"],"yoast_head":"<!-- This site is optimized with the Yoast SEO plugin v26.8 - https:\/\/yoast.com\/product\/yoast-seo-wordpress\/ -->\n<title>30j\u00e4hriges Jubil\u00e4um Eine-Welt-Verein Volkach - Weltladen Volkach<\/title>\n<meta name=\"robots\" content=\"index, follow, max-snippet:-1, max-image-preview:large, max-video-preview:-1\" \/>\n<link rel=\"canonical\" href=\"https:\/\/weltlaeden.de\/volkach\/30jaehriges-jubilaeum-eine-welt-verein-volkach\/\" \/>\n<meta property=\"og:locale\" content=\"de_DE\" \/>\n<meta property=\"og:type\" content=\"article\" \/>\n<meta property=\"og:title\" content=\"30j\u00e4hriges Jubil\u00e4um Eine-Welt-Verein Volkach - Weltladen Volkach\" \/>\n<meta property=\"og:description\" content=\"Im November feierte der Verein der den Volkacher Weltladen ehrenamtlich betreibt sein 30j\u00e4hriges Bestehen. Es war eine besondere Freude Trudl Wirsing, unsere Gr\u00fcnderin, bei einer internen Feier zu begr\u00fc\u00dfen!\" \/>\n<meta property=\"og:url\" content=\"https:\/\/weltlaeden.de\/volkach\/30jaehriges-jubilaeum-eine-welt-verein-volkach\/\" \/>\n<meta property=\"og:site_name\" content=\"Weltladen Volkach\" \/>\n<meta property=\"article:published_time\" content=\"2022-10-09T08:00:02+00:00\" \/>\n<meta property=\"article:modified_time\" content=\"2023-02-03T19:13:49+00:00\" \/>\n<meta property=\"og:image\" content=\"https:\/\/weltlaeden.de\/volkach\/wp-content\/uploads\/sites\/115\/2022\/10\/62907FA6-D3F7-4F76-BDBE-C21A56426072.jpeg\" \/>\n\t<meta property=\"og:image:width\" content=\"2048\" \/>\n\t<meta property=\"og:image:height\" content=\"2048\" \/>\n\t<meta property=\"og:image:type\" content=\"image\/jpeg\" \/>\n<meta name=\"author\" content=\"volkach\" \/>\n<meta name=\"twitter:card\" content=\"summary_large_image\" \/>\n<meta name=\"twitter:label1\" content=\"Verfasst von\" \/>\n\t<meta name=\"twitter:data1\" content=\"volkach\" \/>\n<script type=\"application\/ld+json\" class=\"yoast-schema-graph\">{\"@context\":\"https:\/\/schema.org\",\"@graph\":[{\"@type\":\"Article\",\"@id\":\"https:\/\/weltlaeden.de\/volkach\/30jaehriges-jubilaeum-eine-welt-verein-volkach\/#article\",\"isPartOf\":{\"@id\":\"https:\/\/weltlaeden.de\/volkach\/30jaehriges-jubilaeum-eine-welt-verein-volkach\/\"},\"author\":{\"name\":\"volkach\",\"@id\":\"https:\/\/weltlaeden.de\/volkach\/#\/schema\/person\/042e1c4f8bd78b56294c6bbd71eda2a0\"},\"headline\":\"30j\u00e4hriges Jubil\u00e4um Eine-Welt-Verein Volkach\",\"datePublished\":\"2022-10-09T08:00:02+00:00\",\"dateModified\":\"2023-02-03T19:13:49+00:00\",\"mainEntityOfPage\":{\"@id\":\"https:\/\/weltlaeden.de\/volkach\/30jaehriges-jubilaeum-eine-welt-verein-volkach\/\"},\"wordCount\":38,\"image\":{\"@id\":\"https:\/\/weltlaeden.de\/volkach\/30jaehriges-jubilaeum-eine-welt-verein-volkach\/#primaryimage\"},\"thumbnailUrl\":\"https:\/\/weltlaeden.de\/volkach\/wp-content\/uploads\/sites\/115\/2022\/10\/62907FA6-D3F7-4F76-BDBE-C21A56426072.jpeg\",\"articleSection\":[\"Keine Kategorie\"],\"inLanguage\":\"de\"},{\"@type\":\"WebPage\",\"@id\":\"https:\/\/weltlaeden.de\/volkach\/30jaehriges-jubilaeum-eine-welt-verein-volkach\/\",\"url\":\"https:\/\/weltlaeden.de\/volkach\/30jaehriges-jubilaeum-eine-welt-verein-volkach\/\",\"name\":\"30j\u00e4hriges Jubil\u00e4um Eine-Welt-Verein Volkach - Weltladen Volkach\",\"isPartOf\":{\"@id\":\"https:\/\/weltlaeden.de\/volkach\/#website\"},\"primaryImageOfPage\":{\"@id\":\"https:\/\/weltlaeden.de\/volkach\/30jaehriges-jubilaeum-eine-welt-verein-volkach\/#primaryimage\"},\"image\":{\"@id\":\"https:\/\/weltlaeden.de\/volkach\/30jaehriges-jubilaeum-eine-welt-verein-volkach\/#primaryimage\"},\"thumbnailUrl\":\"https:\/\/weltlaeden.de\/volkach\/wp-content\/uploads\/sites\/115\/2022\/10\/62907FA6-D3F7-4F76-BDBE-C21A56426072.jpeg\",\"datePublished\":\"2022-10-09T08:00:02+00:00\",\"dateModified\":\"2023-02-03T19:13:49+00:00\",\"author\":{\"@id\":\"https:\/\/weltlaeden.de\/volkach\/#\/schema\/person\/042e1c4f8bd78b56294c6bbd71eda2a0\"},\"breadcrumb\":{\"@id\":\"https:\/\/weltlaeden.de\/volkach\/30jaehriges-jubilaeum-eine-welt-verein-volkach\/#breadcrumb\"},\"inLanguage\":\"de\",\"potentialAction\":[{\"@type\":\"ReadAction\",\"target\":[\"https:\/\/weltlaeden.de\/volkach\/30jaehriges-jubilaeum-eine-welt-verein-volkach\/\"]}]},{\"@type\":\"ImageObject\",\"inLanguage\":\"de\",\"@id\":\"https:\/\/weltlaeden.de\/volkach\/30jaehriges-jubilaeum-eine-welt-verein-volkach\/#primaryimage\",\"url\":\"https:\/\/weltlaeden.de\/volkach\/wp-content\/uploads\/sites\/115\/2022\/10\/62907FA6-D3F7-4F76-BDBE-C21A56426072.jpeg\",\"contentUrl\":\"https:\/\/weltlaeden.de\/volkach\/wp-content\/uploads\/sites\/115\/2022\/10\/62907FA6-D3F7-4F76-BDBE-C21A56426072.jpeg\",\"width\":2048,\"height\":2048},{\"@type\":\"BreadcrumbList\",\"@id\":\"https:\/\/weltlaeden.de\/volkach\/30jaehriges-jubilaeum-eine-welt-verein-volkach\/#breadcrumb\",\"itemListElement\":[{\"@type\":\"ListItem\",\"position\":1,\"name\":\"Startseite\",\"item\":\"https:\/\/weltlaeden.de\/volkach\/\"},{\"@type\":\"ListItem\",\"position\":2,\"name\":\"30j\u00e4hriges Jubil\u00e4um Eine-Welt-Verein Volkach\"}]},{\"@type\":\"WebSite\",\"@id\":\"https:\/\/weltlaeden.de\/volkach\/#website\",\"url\":\"https:\/\/weltlaeden.de\/volkach\/\",\"name\":\"Weltladen Volkach\",\"description\":\"Faire Produkte seit 1992\",\"potentialAction\":[{\"@type\":\"SearchAction\",\"target\":{\"@type\":\"EntryPoint\",\"urlTemplate\":\"https:\/\/weltlaeden.de\/volkach\/?s={search_term_string}\"},\"query-input\":{\"@type\":\"PropertyValueSpecification\",\"valueRequired\":true,\"valueName\":\"search_term_string\"}}],\"inLanguage\":\"de\"},{\"@type\":\"Person\",\"@id\":\"https:\/\/weltlaeden.de\/volkach\/#\/schema\/person\/042e1c4f8bd78b56294c6bbd71eda2a0\",\"name\":\"volkach\",\"image\":{\"@type\":\"ImageObject\",\"inLanguage\":\"de\",\"@id\":\"https:\/\/weltlaeden.de\/volkach\/#\/schema\/person\/image\/\",\"url\":\"https:\/\/secure.gravatar.com\/avatar\/576d10ef8c62ffee05b3bf82cd87e8b8?s=96&d=mm&r=g\",\"contentUrl\":\"https:\/\/secure.gravatar.com\/avatar\/576d10ef8c62ffee05b3bf82cd87e8b8?s=96&d=mm&r=g\",\"caption\":\"volkach\"}}]}<\/script>\n<!-- \/ Yoast SEO plugin. -->","yoast_head_json":{"title":"30j\u00e4hriges Jubil\u00e4um Eine-Welt-Verein Volkach - Weltladen Volkach","robots":{"index":"index","follow":"follow","max-snippet":"max-snippet:-1","max-image-preview":"max-image-preview:large","max-video-preview":"max-video-preview:-1"},"canonical":"https:\/\/weltlaeden.de\/volkach\/30jaehriges-jubilaeum-eine-welt-verein-volkach\/","og_locale":"de_DE","og_type":"article","og_title":"30j\u00e4hriges Jubil\u00e4um Eine-Welt-Verein Volkach - Weltladen Volkach","og_description":"Im November feierte der Verein der den Volkacher Weltladen ehrenamtlich betreibt sein 30j\u00e4hriges Bestehen. Es war eine besondere Freude Trudl Wirsing, unsere Gr\u00fcnderin, bei einer internen Feier zu begr\u00fc\u00dfen!","og_url":"https:\/\/weltlaeden.de\/volkach\/30jaehriges-jubilaeum-eine-welt-verein-volkach\/","og_site_name":"Weltladen Volkach","article_published_time":"2022-10-09T08:00:02+00:00","article_modified_time":"2023-02-03T19:13:49+00:00","og_image":[{"width":2048,"height":2048,"url":"https:\/\/weltlaeden.de\/volkach\/wp-content\/uploads\/sites\/115\/2022\/10\/62907FA6-D3F7-4F76-BDBE-C21A56426072.jpeg","type":"image\/jpeg"}],"author":"volkach","twitter_card":"summary_large_image","twitter_misc":{"Verfasst von":"volkach"},"schema":{"@context":"https:\/\/schema.org","@graph":[{"@type":"Article","@id":"https:\/\/weltlaeden.de\/volkach\/30jaehriges-jubilaeum-eine-welt-verein-volkach\/#article","isPartOf":{"@id":"https:\/\/weltlaeden.de\/volkach\/30jaehriges-jubilaeum-eine-welt-verein-volkach\/"},"author":{"name":"volkach","@id":"https:\/\/weltlaeden.de\/volkach\/#\/schema\/person\/042e1c4f8bd78b56294c6bbd71eda2a0"},"headline":"30j\u00e4hriges Jubil\u00e4um Eine-Welt-Verein Volkach","datePublished":"2022-10-09T08:00:02+00:00","dateModified":"2023-02-03T19:13:49+00:00","mainEntityOfPage":{"@id":"https:\/\/weltlaeden.de\/volkach\/30jaehriges-jubilaeum-eine-welt-verein-volkach\/"},"wordCount":38,"image":{"@id":"https:\/\/weltlaeden.de\/volkach\/30jaehriges-jubilaeum-eine-welt-verein-volkach\/#primaryimage"},"thumbnailUrl":"https:\/\/weltlaeden.de\/volkach\/wp-content\/uploads\/sites\/115\/2022\/10\/62907FA6-D3F7-4F76-BDBE-C21A56426072.jpeg","articleSection":["Keine Kategorie"],"inLanguage":"de"},{"@type":"WebPage","@id":"https:\/\/weltlaeden.de\/volkach\/30jaehriges-jubilaeum-eine-welt-verein-volkach\/","url":"https:\/\/weltlaeden.de\/volkach\/30jaehriges-jubilaeum-eine-welt-verein-volkach\/","name":"30j\u00e4hriges Jubil\u00e4um Eine-Welt-Verein Volkach - Weltladen Volkach","isPartOf":{"@id":"https:\/\/weltlaeden.de\/volkach\/#website"},"primaryImageOfPage":{"@id":"https:\/\/weltlaeden.de\/volkach\/30jaehriges-jubilaeum-eine-welt-verein-volkach\/#primaryimage"},"image":{"@id":"https:\/\/weltlaeden.de\/volkach\/30jaehriges-jubilaeum-eine-welt-verein-volkach\/#primaryimage"},"thumbnailUrl":"https:\/\/weltlaeden.de\/volkach\/wp-content\/uploads\/sites\/115\/2022\/10\/62907FA6-D3F7-4F76-BDBE-C21A56426072.jpeg","datePublished":"2022-10-09T08:00:02+00:00","dateModified":"2023-02-03T19:13:49+00:00","author":{"@id":"https:\/\/weltlaeden.de\/volkach\/#\/schema\/person\/042e1c4f8bd78b56294c6bbd71eda2a0"},"breadcrumb":{"@id":"https:\/\/weltlaeden.de\/volkach\/30jaehriges-jubilaeum-eine-welt-verein-volkach\/#breadcrumb"},"inLanguage":"de","potentialAction":[{"@type":"ReadAction","target":["https:\/\/weltlaeden.de\/volkach\/30jaehriges-jubilaeum-eine-welt-verein-volkach\/"]}]},{"@type":"ImageObject","inLanguage":"de","@id":"https:\/\/weltlaeden.de\/volkach\/30jaehriges-jubilaeum-eine-welt-verein-volkach\/#primaryimage","url":"https:\/\/weltlaeden.de\/volkach\/wp-content\/uploads\/sites\/115\/2022\/10\/62907FA6-D3F7-4F76-BDBE-C21A56426072.jpeg","contentUrl":"https:\/\/weltlaeden.de\/volkach\/wp-content\/uploads\/sites\/115\/2022\/10\/62907FA6-D3F7-4F76-BDBE-C21A56426072.jpeg","width":2048,"height":2048},{"@type":"BreadcrumbList","@id":"https:\/\/weltlaeden.de\/volkach\/30jaehriges-jubilaeum-eine-welt-verein-volkach\/#breadcrumb","itemListElement":[{"@type":"ListItem","position":1,"name":"Startseite","item":"https:\/\/weltlaeden.de\/volkach\/"},{"@type":"ListItem","position":2,"name":"30j\u00e4hriges Jubil\u00e4um Eine-Welt-Verein Volkach"}]},{"@type":"WebSite","@id":"https:\/\/weltlaeden.de\/volkach\/#website","url":"https:\/\/weltlaeden.de\/volkach\/","name":"Weltladen Volkach","description":"Faire Produkte seit 1992","potentialAction":[{"@type":"SearchAction","target":{"@type":"EntryPoint","urlTemplate":"https:\/\/weltlaeden.de\/volkach\/?s={search_term_string}"},"query-input":{"@type":"PropertyValueSpecification","valueRequired":true,"valueName":"search_term_string"}}],"inLanguage":"de"},{"@type":"Person","@id":"https:\/\/weltlaeden.de\/volkach\/#\/schema\/person\/042e1c4f8bd78b56294c6bbd71eda2a0","name":"volkach","image":{"@type":"ImageObject","inLanguage":"de","@id":"https:\/\/weltlaeden.de\/volkach\/#\/schema\/person\/image\/","url":"https:\/\/secure.gravatar.com\/avatar\/576d10ef8c62ffee05b3bf82cd87e8b8?s=96&d=mm&r=g","contentUrl":"https:\/\/secure.gravatar.com\/avatar\/576d10ef8c62ffee05b3bf82cd87e8b8?s=96&d=mm&r=g","caption":"volkach"}}]}},"_links":{"self":[{"href":"https:\/\/weltlaeden.de\/volkach\/wp-json\/wp\/v2\/posts\/922","targetHints":{"allow":["GET"]}}],"collection":[{"href":"https:\/\/weltlaeden.de\/volkach\/wp-json\/wp\/v2\/posts"}],"about":[{"href":"https:\/\/weltlaeden.de\/volkach\/wp-json\/wp\/v2\/types\/post"}],"author":[{"embeddable":true,"href":"https:\/\/weltlaeden.de\/volkach\/wp-json\/wp\/v2\/users\/176"}],"replies":[{"embeddable":true,"href":"https:\/\/weltlaeden.de\/volkach\/wp-json\/wp\/v2\/comments?post=922"}],"version-history":[{"count":2,"href":"https:\/\/weltlaeden.de\/volkach\/wp-json\/wp\/v2\/posts\/922\/revisions"}],"predecessor-version":[{"id":925,"href":"https:\/\/weltlaeden.de\/volkach\/wp-json\/wp\/v2\/posts\/922\/revisions\/925"}],"wp:featuredmedia":[{"embeddable":true,"href":"https:\/\/weltlaeden.de\/volkach\/wp-json\/wp\/v2\/media\/924"}],"wp:attachment":[{"href":"https:\/\/weltlaeden.de\/volkach\/wp-json\/wp\/v2\/media?parent=922"}],"wp:term":[{"taxonomy":"category","embeddable":true,"href":"https:\/\/weltlaeden.de\/volkach\/wp-json\/wp\/v2\/categories?post=922"},{"taxonomy":"post_tag","embeddable":true,"href":"https:\/\/weltlaeden.de\/volkach\/wp-json\/wp\/v2\/tags?post=922"}],"curies":[{"name":"wp","href":"https:\/\/api.w.org\/{rel}","templated":true}]}}