{"id":720,"date":"2021-06-21T11:53:42","date_gmt":"2021-06-21T09:53:42","guid":{"rendered":"https:\/\/weltlaeden.de\/viernheim\/?p=720"},"modified":"2021-06-21T11:53:42","modified_gmt":"2021-06-21T09:53:42","slug":"faire-schultuete-aktion-mit-einer-fairen-schultuete-freude-schenken","status":"publish","type":"post","link":"https:\/\/weltlaeden.de\/viernheim\/faire-schultuete-aktion-mit-einer-fairen-schultuete-freude-schenken\/","title":{"rendered":"Faire Schult\u00fcte Aktion &#8211; mit einer fairen Schult\u00fcte Freude schenken"},"content":{"rendered":"<p><span class=\"ng-scope\"><span class=\"default\"><img loading=\"lazy\" decoding=\"async\" class=\"size-medium wp-image-721 alignleft\" src=\"https:\/\/weltlaeden.de\/viernheim\/wp-content\/uploads\/sites\/74\/2021\/06\/Faire-Schult\u00fcte_2019_vorne-Kopie-727x1024-213x300.jpg\" alt=\"\" width=\"213\" height=\"300\" srcset=\"https:\/\/weltlaeden.de\/viernheim\/wp-content\/uploads\/sites\/74\/2021\/06\/Faire-Schult\u00fcte_2019_vorne-Kopie-727x1024-213x300.jpg 213w, https:\/\/weltlaeden.de\/viernheim\/wp-content\/uploads\/sites\/74\/2021\/06\/Faire-Schult\u00fcte_2019_vorne-Kopie-727x1024.jpg 727w\" sizes=\"auto, (max-width: 213px) 100vw, 213px\" \/>Mit einer Schult\u00fcte im Arm das erste Mal den Schulweg antreten, das ist wohl eine Erinnerung,<br \/>\ndie wir unser ganzes Leben lang behalten. Meist sind es die Leckereien, mit denen den Kindern der Start in den Schulalltag vers\u00fc\u00dft wird.<br \/>\nWir m\u00f6chten mit der fairen Schult\u00fcte Aktion allen Tanten, Onkels, Omas, Opas, Nachbarn uvm.<br \/>\ndie M\u00f6glichkeit geben, ein Zeichen f\u00fcr eine gerechtere und damit auch friedlichere Welt zu setzen.<br \/>\nDurch den fairen Handel der Lebensmittel soll sichergestellt werden, dass die Produktion ohne<br \/>\nillegale Kinderarbeit erfolgt und den Kindern ein Schulbesuch erm\u00f6glicht wird.<br \/>\nUnterst\u00fctzten Sie diese Idee, so dass nicht nur Ihre Kinder Bildung erhalten!<\/p>\n<p>Der Weltladen Viernheim bietet hierzu ab Anfang August verschiedene fertig gepackte<br \/>\nkleine Schult\u00fcten mit Leckereien aus fairem Handel an.<\/span><\/span><\/p>\n","protected":false},"excerpt":{"rendered":"<p>Mit einer Schult\u00fcte im Arm das erste Mal den Schulweg antreten, das ist wohl eine Erinnerung, die wir unser ganzes Leben lang behalten. Meist sind es die Leckereien, mit denen den Kindern der Start in den Schulalltag vers\u00fc\u00dft wird. Wir m\u00f6chten mit der fairen Schult\u00fcte Aktion allen Tanten, Onkels, Omas, Opas, Nachbarn uvm. die M\u00f6glichkeit&hellip;<\/p>\n","protected":false},"author":113,"featured_media":0,"comment_status":"closed","ping_status":"closed","sticky":false,"template":"","format":"standard","meta":{"footnotes":""},"categories":[1],"tags":[],"class_list":["post-720","post","type-post","status-publish","format-standard","hentry","category-allgemein","category-1","description-off"],"yoast_head":"<!-- This site is optimized with the Yoast SEO plugin v26.8 - https:\/\/yoast.com\/product\/yoast-seo-wordpress\/ -->\n<title>Faire Schult\u00fcte Aktion - mit einer fairen Schult\u00fcte Freude schenken - Weltladen Viernheim<\/title>\n<meta name=\"robots\" content=\"index, follow, max-snippet:-1, max-image-preview:large, max-video-preview:-1\" \/>\n<link rel=\"canonical\" href=\"https:\/\/weltlaeden.de\/viernheim\/faire-schultuete-aktion-mit-einer-fairen-schultuete-freude-schenken\/\" \/>\n<meta property=\"og:locale\" content=\"de_DE\" \/>\n<meta property=\"og:type\" content=\"article\" \/>\n<meta property=\"og:title\" content=\"Faire Schult\u00fcte Aktion - mit einer fairen Schult\u00fcte Freude schenken - Weltladen Viernheim\" \/>\n<meta property=\"og:description\" content=\"Mit einer Schult\u00fcte im Arm das erste Mal den Schulweg antreten, das ist wohl eine Erinnerung, die wir unser ganzes Leben lang behalten. Meist sind es die Leckereien, mit denen den Kindern der Start in den Schulalltag vers\u00fc\u00dft wird. Wir m\u00f6chten mit der fairen Schult\u00fcte Aktion allen Tanten, Onkels, Omas, Opas, Nachbarn uvm. die M\u00f6glichkeit&hellip;\" \/>\n<meta property=\"og:url\" content=\"https:\/\/weltlaeden.de\/viernheim\/faire-schultuete-aktion-mit-einer-fairen-schultuete-freude-schenken\/\" \/>\n<meta property=\"og:site_name\" content=\"Weltladen Viernheim\" \/>\n<meta property=\"article:published_time\" content=\"2021-06-21T09:53:42+00:00\" \/>\n<meta property=\"og:image\" content=\"https:\/\/weltlaeden.de\/viernheim\/wp-content\/uploads\/sites\/74\/2021\/06\/Faire-Schult\u00fcte_2019_vorne-Kopie-727x1024-213x300.jpg\" \/>\n<meta name=\"author\" content=\"viernheim\" \/>\n<meta name=\"twitter:card\" content=\"summary_large_image\" \/>\n<meta name=\"twitter:label1\" content=\"Verfasst von\" \/>\n\t<meta name=\"twitter:data1\" content=\"viernheim\" \/>\n\t<meta name=\"twitter:label2\" content=\"Gesch\u00e4tzte Lesezeit\" \/>\n\t<meta name=\"twitter:data2\" content=\"1\u00a0Minute\" \/>\n<script type=\"application\/ld+json\" class=\"yoast-schema-graph\">{\"@context\":\"https:\/\/schema.org\",\"@graph\":[{\"@type\":\"Article\",\"@id\":\"https:\/\/weltlaeden.de\/viernheim\/faire-schultuete-aktion-mit-einer-fairen-schultuete-freude-schenken\/#article\",\"isPartOf\":{\"@id\":\"https:\/\/weltlaeden.de\/viernheim\/faire-schultuete-aktion-mit-einer-fairen-schultuete-freude-schenken\/\"},\"author\":{\"name\":\"viernheim\",\"@id\":\"https:\/\/weltlaeden.de\/viernheim\/#\/schema\/person\/49502148db4ef301fa76b0a94538b040\"},\"headline\":\"Faire Schult\u00fcte Aktion &#8211; mit einer fairen Schult\u00fcte Freude schenken\",\"datePublished\":\"2021-06-21T09:53:42+00:00\",\"mainEntityOfPage\":{\"@id\":\"https:\/\/weltlaeden.de\/viernheim\/faire-schultuete-aktion-mit-einer-fairen-schultuete-freude-schenken\/\"},\"wordCount\":143,\"articleSection\":[\"Keine Kategorie\"],\"inLanguage\":\"de\"},{\"@type\":\"WebPage\",\"@id\":\"https:\/\/weltlaeden.de\/viernheim\/faire-schultuete-aktion-mit-einer-fairen-schultuete-freude-schenken\/\",\"url\":\"https:\/\/weltlaeden.de\/viernheim\/faire-schultuete-aktion-mit-einer-fairen-schultuete-freude-schenken\/\",\"name\":\"Faire Schult\u00fcte Aktion - mit einer fairen Schult\u00fcte Freude schenken - Weltladen Viernheim\",\"isPartOf\":{\"@id\":\"https:\/\/weltlaeden.de\/viernheim\/#website\"},\"datePublished\":\"2021-06-21T09:53:42+00:00\",\"author\":{\"@id\":\"https:\/\/weltlaeden.de\/viernheim\/#\/schema\/person\/49502148db4ef301fa76b0a94538b040\"},\"breadcrumb\":{\"@id\":\"https:\/\/weltlaeden.de\/viernheim\/faire-schultuete-aktion-mit-einer-fairen-schultuete-freude-schenken\/#breadcrumb\"},\"inLanguage\":\"de\",\"potentialAction\":[{\"@type\":\"ReadAction\",\"target\":[\"https:\/\/weltlaeden.de\/viernheim\/faire-schultuete-aktion-mit-einer-fairen-schultuete-freude-schenken\/\"]}]},{\"@type\":\"BreadcrumbList\",\"@id\":\"https:\/\/weltlaeden.de\/viernheim\/faire-schultuete-aktion-mit-einer-fairen-schultuete-freude-schenken\/#breadcrumb\",\"itemListElement\":[{\"@type\":\"ListItem\",\"position\":1,\"name\":\"Startseite\",\"item\":\"https:\/\/weltlaeden.de\/viernheim\/\"},{\"@type\":\"ListItem\",\"position\":2,\"name\":\"Faire Schult\u00fcte Aktion &#8211; mit einer fairen Schult\u00fcte Freude schenken\"}]},{\"@type\":\"WebSite\",\"@id\":\"https:\/\/weltlaeden.de\/viernheim\/#website\",\"url\":\"https:\/\/weltlaeden.de\/viernheim\/\",\"name\":\"Weltladen Viernheim\",\"description\":\"Faire Produkte seit 1990\",\"potentialAction\":[{\"@type\":\"SearchAction\",\"target\":{\"@type\":\"EntryPoint\",\"urlTemplate\":\"https:\/\/weltlaeden.de\/viernheim\/?s={search_term_string}\"},\"query-input\":{\"@type\":\"PropertyValueSpecification\",\"valueRequired\":true,\"valueName\":\"search_term_string\"}}],\"inLanguage\":\"de\"},{\"@type\":\"Person\",\"@id\":\"https:\/\/weltlaeden.de\/viernheim\/#\/schema\/person\/49502148db4ef301fa76b0a94538b040\",\"name\":\"viernheim\",\"image\":{\"@type\":\"ImageObject\",\"inLanguage\":\"de\",\"@id\":\"https:\/\/weltlaeden.de\/viernheim\/#\/schema\/person\/image\/\",\"url\":\"https:\/\/secure.gravatar.com\/avatar\/8ac595289ffa52df4ff170d0b3f076e3?s=96&d=mm&r=g\",\"contentUrl\":\"https:\/\/secure.gravatar.com\/avatar\/8ac595289ffa52df4ff170d0b3f076e3?s=96&d=mm&r=g\",\"caption\":\"viernheim\"},\"url\":\"https:\/\/weltlaeden.de\/viernheim\/author\/viernheim\/\"}]}<\/script>\n<!-- \/ Yoast SEO plugin. -->","yoast_head_json":{"title":"Faire Schult\u00fcte Aktion - mit einer fairen Schult\u00fcte Freude schenken - Weltladen Viernheim","robots":{"index":"index","follow":"follow","max-snippet":"max-snippet:-1","max-image-preview":"max-image-preview:large","max-video-preview":"max-video-preview:-1"},"canonical":"https:\/\/weltlaeden.de\/viernheim\/faire-schultuete-aktion-mit-einer-fairen-schultuete-freude-schenken\/","og_locale":"de_DE","og_type":"article","og_title":"Faire Schult\u00fcte Aktion - mit einer fairen Schult\u00fcte Freude schenken - Weltladen Viernheim","og_description":"Mit einer Schult\u00fcte im Arm das erste Mal den Schulweg antreten, das ist wohl eine Erinnerung, die wir unser ganzes Leben lang behalten. Meist sind es die Leckereien, mit denen den Kindern der Start in den Schulalltag vers\u00fc\u00dft wird. Wir m\u00f6chten mit der fairen Schult\u00fcte Aktion allen Tanten, Onkels, Omas, Opas, Nachbarn uvm. die M\u00f6glichkeit&hellip;","og_url":"https:\/\/weltlaeden.de\/viernheim\/faire-schultuete-aktion-mit-einer-fairen-schultuete-freude-schenken\/","og_site_name":"Weltladen Viernheim","article_published_time":"2021-06-21T09:53:42+00:00","og_image":[{"url":"https:\/\/weltlaeden.de\/viernheim\/wp-content\/uploads\/sites\/74\/2021\/06\/Faire-Schult\u00fcte_2019_vorne-Kopie-727x1024-213x300.jpg","type":"","width":"","height":""}],"author":"viernheim","twitter_card":"summary_large_image","twitter_misc":{"Verfasst von":"viernheim","Gesch\u00e4tzte Lesezeit":"1\u00a0Minute"},"schema":{"@context":"https:\/\/schema.org","@graph":[{"@type":"Article","@id":"https:\/\/weltlaeden.de\/viernheim\/faire-schultuete-aktion-mit-einer-fairen-schultuete-freude-schenken\/#article","isPartOf":{"@id":"https:\/\/weltlaeden.de\/viernheim\/faire-schultuete-aktion-mit-einer-fairen-schultuete-freude-schenken\/"},"author":{"name":"viernheim","@id":"https:\/\/weltlaeden.de\/viernheim\/#\/schema\/person\/49502148db4ef301fa76b0a94538b040"},"headline":"Faire Schult\u00fcte Aktion &#8211; mit einer fairen Schult\u00fcte Freude schenken","datePublished":"2021-06-21T09:53:42+00:00","mainEntityOfPage":{"@id":"https:\/\/weltlaeden.de\/viernheim\/faire-schultuete-aktion-mit-einer-fairen-schultuete-freude-schenken\/"},"wordCount":143,"articleSection":["Keine Kategorie"],"inLanguage":"de"},{"@type":"WebPage","@id":"https:\/\/weltlaeden.de\/viernheim\/faire-schultuete-aktion-mit-einer-fairen-schultuete-freude-schenken\/","url":"https:\/\/weltlaeden.de\/viernheim\/faire-schultuete-aktion-mit-einer-fairen-schultuete-freude-schenken\/","name":"Faire Schult\u00fcte Aktion - mit einer fairen Schult\u00fcte Freude schenken - Weltladen Viernheim","isPartOf":{"@id":"https:\/\/weltlaeden.de\/viernheim\/#website"},"datePublished":"2021-06-21T09:53:42+00:00","author":{"@id":"https:\/\/weltlaeden.de\/viernheim\/#\/schema\/person\/49502148db4ef301fa76b0a94538b040"},"breadcrumb":{"@id":"https:\/\/weltlaeden.de\/viernheim\/faire-schultuete-aktion-mit-einer-fairen-schultuete-freude-schenken\/#breadcrumb"},"inLanguage":"de","potentialAction":[{"@type":"ReadAction","target":["https:\/\/weltlaeden.de\/viernheim\/faire-schultuete-aktion-mit-einer-fairen-schultuete-freude-schenken\/"]}]},{"@type":"BreadcrumbList","@id":"https:\/\/weltlaeden.de\/viernheim\/faire-schultuete-aktion-mit-einer-fairen-schultuete-freude-schenken\/#breadcrumb","itemListElement":[{"@type":"ListItem","position":1,"name":"Startseite","item":"https:\/\/weltlaeden.de\/viernheim\/"},{"@type":"ListItem","position":2,"name":"Faire Schult\u00fcte Aktion &#8211; mit einer fairen Schult\u00fcte Freude schenken"}]},{"@type":"WebSite","@id":"https:\/\/weltlaeden.de\/viernheim\/#website","url":"https:\/\/weltlaeden.de\/viernheim\/","name":"Weltladen Viernheim","description":"Faire Produkte seit 1990","potentialAction":[{"@type":"SearchAction","target":{"@type":"EntryPoint","urlTemplate":"https:\/\/weltlaeden.de\/viernheim\/?s={search_term_string}"},"query-input":{"@type":"PropertyValueSpecification","valueRequired":true,"valueName":"search_term_string"}}],"inLanguage":"de"},{"@type":"Person","@id":"https:\/\/weltlaeden.de\/viernheim\/#\/schema\/person\/49502148db4ef301fa76b0a94538b040","name":"viernheim","image":{"@type":"ImageObject","inLanguage":"de","@id":"https:\/\/weltlaeden.de\/viernheim\/#\/schema\/person\/image\/","url":"https:\/\/secure.gravatar.com\/avatar\/8ac595289ffa52df4ff170d0b3f076e3?s=96&d=mm&r=g","contentUrl":"https:\/\/secure.gravatar.com\/avatar\/8ac595289ffa52df4ff170d0b3f076e3?s=96&d=mm&r=g","caption":"viernheim"},"url":"https:\/\/weltlaeden.de\/viernheim\/author\/viernheim\/"}]}},"_links":{"self":[{"href":"https:\/\/weltlaeden.de\/viernheim\/wp-json\/wp\/v2\/posts\/720","targetHints":{"allow":["GET"]}}],"collection":[{"href":"https:\/\/weltlaeden.de\/viernheim\/wp-json\/wp\/v2\/posts"}],"about":[{"href":"https:\/\/weltlaeden.de\/viernheim\/wp-json\/wp\/v2\/types\/post"}],"author":[{"embeddable":true,"href":"https:\/\/weltlaeden.de\/viernheim\/wp-json\/wp\/v2\/users\/113"}],"replies":[{"embeddable":true,"href":"https:\/\/weltlaeden.de\/viernheim\/wp-json\/wp\/v2\/comments?post=720"}],"version-history":[{"count":1,"href":"https:\/\/weltlaeden.de\/viernheim\/wp-json\/wp\/v2\/posts\/720\/revisions"}],"predecessor-version":[{"id":722,"href":"https:\/\/weltlaeden.de\/viernheim\/wp-json\/wp\/v2\/posts\/720\/revisions\/722"}],"wp:attachment":[{"href":"https:\/\/weltlaeden.de\/viernheim\/wp-json\/wp\/v2\/media?parent=720"}],"wp:term":[{"taxonomy":"category","embeddable":true,"href":"https:\/\/weltlaeden.de\/viernheim\/wp-json\/wp\/v2\/categories?post=720"},{"taxonomy":"post_tag","embeddable":true,"href":"https:\/\/weltlaeden.de\/viernheim\/wp-json\/wp\/v2\/tags?post=720"}],"curies":[{"name":"wp","href":"https:\/\/api.w.org\/{rel}","templated":true}]}}