{"id":686,"date":"2020-08-31T16:28:21","date_gmt":"2020-08-31T14:28:21","guid":{"rendered":"https:\/\/weltlaeden.de\/sigmaringen\/?p=686"},"modified":"2020-09-01T19:03:00","modified_gmt":"2020-09-01T17:03:00","slug":"arbeitskreis-eine-welt-e-v-sigmaringen-mit-weltladen-unterstuetzt-rudi-reitinger-in-el-salvador-mit-einer-spende-in-hoehe-von-4000-e","status":"publish","type":"post","link":"https:\/\/weltlaeden.de\/sigmaringen\/arbeitskreis-eine-welt-e-v-sigmaringen-mit-weltladen-unterstuetzt-rudi-reitinger-in-el-salvador-mit-einer-spende-in-hoehe-von-4000-e\/","title":{"rendered":"Arbeitskreis Eine Welt e.V. Sigmaringen mit Weltladen unterst\u00fctzt Rudi Reitinger in El Salvador mit einer Spende in H\u00f6he von 4000 \u20ac"},"content":{"rendered":"<p style=\"text-align: justify\">Einen Hilferuf von Rudi Reitinger aus der der Gemeinde Segundo Monto nahmen die Mitglieder des Arbeitskreises zum Anlass, einen Spendenbetrag in H\u00f6he von 4000 EUR\u00a0 zu \u00fcberweisen. Der Tropensturm &#8222;Amanda&#8220; hatte im Juni schwere Verw\u00fcstungen verursacht. \u00a0Dadurch wurde die prek\u00e4re Lage, die durch das Corona-Virus entstanden war, zus\u00e4tzlich versch\u00e4rft. Es fehlt an allem: an Lebensmitteln, medizinischen Artikeln, Desinfektionsmitteln, uvm.<\/p>\n<p style=\"text-align: justify\">Seit vielen Jahren unterst\u00fctzt der Arbeitskreis Eine Welt\u00a0 e.V. Sigmaringen die Arbeit von Rudi Reitinger, geb\u00fcrtig aus Veringenstadt. Als Entwicklungshelfer half er \u00a0\u00a0beim Aufbau der Gemeinde Segundo Montes. Die Gemeinde befindet sich im \u00e4rmsten Department El Salvadors, in Moraz\u00e1n. Hier in den Bergen w\u00fctete der B\u00fcrgerkrieg zwischen 1980-1991 besonders schlimm, da der Gro\u00dfteil der Bev\u00f6lkerung aus einfachen Campesinos besteht, die unter der Milit\u00e4rdiktatur besonders gelitten haben. Die Armee schlachtete die Einwohner ganzer D\u00f6rfer ab. In El Mozote ver\u00fcbte sie im Dezember 1981 ein Massaker, das heute als das gr\u00f6\u00dfte in der j\u00fcngeren Geschichte Lateinamerikas gilt: In einem drei Tage w\u00e4hrenden Blutrausch wurden die M\u00e4nner erschossen, die Frauen vergewaltigt und erschlagen, die Kinder in eine Kirche gesteckt und zusammen mit dem Gotteshaus verbrannt. Fast tausend Menschen wurden get\u00f6tet.<br \/>\nNach dem Krieg waren die Menschen gezwungen, ihr Leben aus dem Nichts wieder aufzubauen. Und genau dort setzen die vielen Projekte von Rudi Reitinger an.\u00a0 Vor allem die Bildung hat Priorit\u00e4t. Dadurch sollen die Bildungschancen der jungen Menschen in der Region verbessert werden. Daneben gibt es Projekte f\u00fcr alte Menschen, die ihre Angeh\u00f6rigen im Krieg verloren haben und v\u00f6llig auf sich allein gestellt sind. In Zeiten der Pandemie leiden gerade diese Menschen besonders. Sie vor allem sollen mit den 4000 \u20ac unterst\u00fctzt werden, indem sie t\u00e4glich zwei warme Mahlzeiten bekommen und in den drei errichteten Altenzentren betreut werden. Was Rudi Reitinger noch initiiert hat soll kurz erw\u00e4hnt werden: Bau eines Jugendzentrums, Stipendien f\u00fcr Jugendliche aus \u00e4rmeren Familien, damit sie weiterf\u00fchrende Schule besuchen k\u00f6nnen, \u00a0kostenloses Mittagessen f\u00fcr bed\u00fcrftige Kinder, Bau von Klassenr\u00e4umen, Errichtung einer Bibliothek, Universit\u00e4tsstipendien werden durch Spenden erm\u00f6glicht u.v.a.<\/p>\n","protected":false},"excerpt":{"rendered":"<p>Einen Hilferuf von Rudi Reitinger aus der der Gemeinde Segundo Monto nahmen die Mitglieder des Arbeitskreises zum Anlass, einen Spendenbetrag in H\u00f6he von 4000 EUR\u00a0 zu \u00fcberweisen. Der Tropensturm &#8222;Amanda&#8220; hatte im Juni schwere Verw\u00fcstungen verursacht. \u00a0Dadurch wurde die prek\u00e4re Lage, die durch das Corona-Virus entstanden war, zus\u00e4tzlich versch\u00e4rft. Es fehlt an allem: an Lebensmitteln,&hellip;<\/p>\n","protected":false},"author":196,"featured_media":844,"comment_status":"closed","ping_status":"closed","sticky":true,"template":"","format":"standard","meta":{"footnotes":""},"categories":[8],"tags":[],"class_list":["post-686","post","type-post","status-publish","format-standard","has-post-thumbnail","hentry","category-neues","category-8","description-off"],"yoast_head":"<!-- This site is optimized with the Yoast SEO plugin v26.8 - https:\/\/yoast.com\/product\/yoast-seo-wordpress\/ -->\n<title>Arbeitskreis Eine Welt e.V. Sigmaringen mit Weltladen unterst\u00fctzt Rudi Reitinger in El Salvador mit einer Spende in H\u00f6he von 4000 \u20ac - Weltladen Sigmaringen<\/title>\n<meta name=\"robots\" content=\"index, follow, max-snippet:-1, max-image-preview:large, max-video-preview:-1\" \/>\n<link rel=\"canonical\" href=\"https:\/\/weltlaeden.de\/sigmaringen\/arbeitskreis-eine-welt-e-v-sigmaringen-mit-weltladen-unterstuetzt-rudi-reitinger-in-el-salvador-mit-einer-spende-in-hoehe-von-4000-e\/\" \/>\n<meta property=\"og:locale\" content=\"de_DE\" \/>\n<meta property=\"og:type\" content=\"article\" \/>\n<meta property=\"og:title\" content=\"Arbeitskreis Eine Welt e.V. Sigmaringen mit Weltladen unterst\u00fctzt Rudi Reitinger in El Salvador mit einer Spende in H\u00f6he von 4000 \u20ac - Weltladen Sigmaringen\" \/>\n<meta property=\"og:description\" content=\"Einen Hilferuf von Rudi Reitinger aus der der Gemeinde Segundo Monto nahmen die Mitglieder des Arbeitskreises zum Anlass, einen Spendenbetrag in H\u00f6he von 4000 EUR\u00a0 zu \u00fcberweisen. Der Tropensturm &#8222;Amanda&#8220; hatte im Juni schwere Verw\u00fcstungen verursacht. \u00a0Dadurch wurde die prek\u00e4re Lage, die durch das Corona-Virus entstanden war, zus\u00e4tzlich versch\u00e4rft. Es fehlt an allem: an Lebensmitteln,&hellip;\" \/>\n<meta property=\"og:url\" content=\"https:\/\/weltlaeden.de\/sigmaringen\/arbeitskreis-eine-welt-e-v-sigmaringen-mit-weltladen-unterstuetzt-rudi-reitinger-in-el-salvador-mit-einer-spende-in-hoehe-von-4000-e\/\" \/>\n<meta property=\"og:site_name\" content=\"Weltladen Sigmaringen\" \/>\n<meta property=\"article:published_time\" content=\"2020-08-31T14:28:21+00:00\" \/>\n<meta property=\"article:modified_time\" content=\"2020-09-01T17:03:00+00:00\" \/>\n<meta property=\"og:image\" content=\"https:\/\/weltlaeden.de\/sigmaringen\/wp-content\/uploads\/sites\/134\/2020\/08\/Die-ersten-sind-schon-am-Essen.jpg\" \/>\n\t<meta property=\"og:image:width\" content=\"1920\" \/>\n\t<meta property=\"og:image:height\" content=\"1440\" \/>\n\t<meta property=\"og:image:type\" content=\"image\/jpeg\" \/>\n<meta name=\"author\" content=\"sigmaringen\" \/>\n<meta name=\"twitter:card\" content=\"summary_large_image\" \/>\n<meta name=\"twitter:label1\" content=\"Verfasst von\" \/>\n\t<meta name=\"twitter:data1\" content=\"sigmaringen\" \/>\n\t<meta name=\"twitter:label2\" content=\"Gesch\u00e4tzte Lesezeit\" \/>\n\t<meta name=\"twitter:data2\" content=\"2\u00a0Minuten\" \/>\n<script type=\"application\/ld+json\" class=\"yoast-schema-graph\">{\"@context\":\"https:\/\/schema.org\",\"@graph\":[{\"@type\":\"Article\",\"@id\":\"https:\/\/weltlaeden.de\/sigmaringen\/arbeitskreis-eine-welt-e-v-sigmaringen-mit-weltladen-unterstuetzt-rudi-reitinger-in-el-salvador-mit-einer-spende-in-hoehe-von-4000-e\/#article\",\"isPartOf\":{\"@id\":\"https:\/\/weltlaeden.de\/sigmaringen\/arbeitskreis-eine-welt-e-v-sigmaringen-mit-weltladen-unterstuetzt-rudi-reitinger-in-el-salvador-mit-einer-spende-in-hoehe-von-4000-e\/\"},\"author\":{\"name\":\"sigmaringen\",\"@id\":\"https:\/\/weltlaeden.de\/sigmaringen\/#\/schema\/person\/b6807a7b5453b48a7a9b3dc08b7a508f\"},\"headline\":\"Arbeitskreis Eine Welt e.V. Sigmaringen mit Weltladen unterst\u00fctzt Rudi Reitinger in El Salvador mit einer Spende in H\u00f6he von 4000 \u20ac\",\"datePublished\":\"2020-08-31T14:28:21+00:00\",\"dateModified\":\"2020-09-01T17:03:00+00:00\",\"mainEntityOfPage\":{\"@id\":\"https:\/\/weltlaeden.de\/sigmaringen\/arbeitskreis-eine-welt-e-v-sigmaringen-mit-weltladen-unterstuetzt-rudi-reitinger-in-el-salvador-mit-einer-spende-in-hoehe-von-4000-e\/\"},\"wordCount\":382,\"image\":{\"@id\":\"https:\/\/weltlaeden.de\/sigmaringen\/arbeitskreis-eine-welt-e-v-sigmaringen-mit-weltladen-unterstuetzt-rudi-reitinger-in-el-salvador-mit-einer-spende-in-hoehe-von-4000-e\/#primaryimage\"},\"thumbnailUrl\":\"https:\/\/weltlaeden.de\/sigmaringen\/wp-content\/uploads\/sites\/134\/2020\/08\/Die-ersten-sind-schon-am-Essen.jpg\",\"articleSection\":[\"Neuigkeiten\"],\"inLanguage\":\"de\"},{\"@type\":\"WebPage\",\"@id\":\"https:\/\/weltlaeden.de\/sigmaringen\/arbeitskreis-eine-welt-e-v-sigmaringen-mit-weltladen-unterstuetzt-rudi-reitinger-in-el-salvador-mit-einer-spende-in-hoehe-von-4000-e\/\",\"url\":\"https:\/\/weltlaeden.de\/sigmaringen\/arbeitskreis-eine-welt-e-v-sigmaringen-mit-weltladen-unterstuetzt-rudi-reitinger-in-el-salvador-mit-einer-spende-in-hoehe-von-4000-e\/\",\"name\":\"Arbeitskreis Eine Welt e.V. Sigmaringen mit Weltladen unterst\u00fctzt Rudi Reitinger in El Salvador mit einer Spende in H\u00f6he von 4000 \u20ac - Weltladen Sigmaringen\",\"isPartOf\":{\"@id\":\"https:\/\/weltlaeden.de\/sigmaringen\/#website\"},\"primaryImageOfPage\":{\"@id\":\"https:\/\/weltlaeden.de\/sigmaringen\/arbeitskreis-eine-welt-e-v-sigmaringen-mit-weltladen-unterstuetzt-rudi-reitinger-in-el-salvador-mit-einer-spende-in-hoehe-von-4000-e\/#primaryimage\"},\"image\":{\"@id\":\"https:\/\/weltlaeden.de\/sigmaringen\/arbeitskreis-eine-welt-e-v-sigmaringen-mit-weltladen-unterstuetzt-rudi-reitinger-in-el-salvador-mit-einer-spende-in-hoehe-von-4000-e\/#primaryimage\"},\"thumbnailUrl\":\"https:\/\/weltlaeden.de\/sigmaringen\/wp-content\/uploads\/sites\/134\/2020\/08\/Die-ersten-sind-schon-am-Essen.jpg\",\"datePublished\":\"2020-08-31T14:28:21+00:00\",\"dateModified\":\"2020-09-01T17:03:00+00:00\",\"author\":{\"@id\":\"https:\/\/weltlaeden.de\/sigmaringen\/#\/schema\/person\/b6807a7b5453b48a7a9b3dc08b7a508f\"},\"breadcrumb\":{\"@id\":\"https:\/\/weltlaeden.de\/sigmaringen\/arbeitskreis-eine-welt-e-v-sigmaringen-mit-weltladen-unterstuetzt-rudi-reitinger-in-el-salvador-mit-einer-spende-in-hoehe-von-4000-e\/#breadcrumb\"},\"inLanguage\":\"de\",\"potentialAction\":[{\"@type\":\"ReadAction\",\"target\":[\"https:\/\/weltlaeden.de\/sigmaringen\/arbeitskreis-eine-welt-e-v-sigmaringen-mit-weltladen-unterstuetzt-rudi-reitinger-in-el-salvador-mit-einer-spende-in-hoehe-von-4000-e\/\"]}]},{\"@type\":\"ImageObject\",\"inLanguage\":\"de\",\"@id\":\"https:\/\/weltlaeden.de\/sigmaringen\/arbeitskreis-eine-welt-e-v-sigmaringen-mit-weltladen-unterstuetzt-rudi-reitinger-in-el-salvador-mit-einer-spende-in-hoehe-von-4000-e\/#primaryimage\",\"url\":\"https:\/\/weltlaeden.de\/sigmaringen\/wp-content\/uploads\/sites\/134\/2020\/08\/Die-ersten-sind-schon-am-Essen.jpg\",\"contentUrl\":\"https:\/\/weltlaeden.de\/sigmaringen\/wp-content\/uploads\/sites\/134\/2020\/08\/Die-ersten-sind-schon-am-Essen.jpg\",\"width\":1920,\"height\":1440},{\"@type\":\"BreadcrumbList\",\"@id\":\"https:\/\/weltlaeden.de\/sigmaringen\/arbeitskreis-eine-welt-e-v-sigmaringen-mit-weltladen-unterstuetzt-rudi-reitinger-in-el-salvador-mit-einer-spende-in-hoehe-von-4000-e\/#breadcrumb\",\"itemListElement\":[{\"@type\":\"ListItem\",\"position\":1,\"name\":\"Startseite\",\"item\":\"https:\/\/weltlaeden.de\/sigmaringen\/\"},{\"@type\":\"ListItem\",\"position\":2,\"name\":\"Arbeitskreis Eine Welt e.V. Sigmaringen mit Weltladen unterst\u00fctzt Rudi Reitinger in El Salvador mit einer Spende in H\u00f6he von 4000 \u20ac\"}]},{\"@type\":\"WebSite\",\"@id\":\"https:\/\/weltlaeden.de\/sigmaringen\/#website\",\"url\":\"https:\/\/weltlaeden.de\/sigmaringen\/\",\"name\":\"Weltladen Sigmaringen\",\"description\":\"Faire Produkte seit 1990\",\"potentialAction\":[{\"@type\":\"SearchAction\",\"target\":{\"@type\":\"EntryPoint\",\"urlTemplate\":\"https:\/\/weltlaeden.de\/sigmaringen\/?s={search_term_string}\"},\"query-input\":{\"@type\":\"PropertyValueSpecification\",\"valueRequired\":true,\"valueName\":\"search_term_string\"}}],\"inLanguage\":\"de\"},{\"@type\":\"Person\",\"@id\":\"https:\/\/weltlaeden.de\/sigmaringen\/#\/schema\/person\/b6807a7b5453b48a7a9b3dc08b7a508f\",\"name\":\"sigmaringen\",\"image\":{\"@type\":\"ImageObject\",\"inLanguage\":\"de\",\"@id\":\"https:\/\/weltlaeden.de\/sigmaringen\/#\/schema\/person\/image\/\",\"url\":\"https:\/\/secure.gravatar.com\/avatar\/9bde4285cae2f34d16795077f21a8149?s=96&d=mm&r=g\",\"contentUrl\":\"https:\/\/secure.gravatar.com\/avatar\/9bde4285cae2f34d16795077f21a8149?s=96&d=mm&r=g\",\"caption\":\"sigmaringen\"},\"url\":\"https:\/\/weltlaeden.de\/sigmaringen\/author\/sigmaringen\/\"}]}<\/script>\n<!-- \/ Yoast SEO plugin. -->","yoast_head_json":{"title":"Arbeitskreis Eine Welt e.V. Sigmaringen mit Weltladen unterst\u00fctzt Rudi Reitinger in El Salvador mit einer Spende in H\u00f6he von 4000 \u20ac - Weltladen Sigmaringen","robots":{"index":"index","follow":"follow","max-snippet":"max-snippet:-1","max-image-preview":"max-image-preview:large","max-video-preview":"max-video-preview:-1"},"canonical":"https:\/\/weltlaeden.de\/sigmaringen\/arbeitskreis-eine-welt-e-v-sigmaringen-mit-weltladen-unterstuetzt-rudi-reitinger-in-el-salvador-mit-einer-spende-in-hoehe-von-4000-e\/","og_locale":"de_DE","og_type":"article","og_title":"Arbeitskreis Eine Welt e.V. Sigmaringen mit Weltladen unterst\u00fctzt Rudi Reitinger in El Salvador mit einer Spende in H\u00f6he von 4000 \u20ac - Weltladen Sigmaringen","og_description":"Einen Hilferuf von Rudi Reitinger aus der der Gemeinde Segundo Monto nahmen die Mitglieder des Arbeitskreises zum Anlass, einen Spendenbetrag in H\u00f6he von 4000 EUR\u00a0 zu \u00fcberweisen. Der Tropensturm &#8222;Amanda&#8220; hatte im Juni schwere Verw\u00fcstungen verursacht. \u00a0Dadurch wurde die prek\u00e4re Lage, die durch das Corona-Virus entstanden war, zus\u00e4tzlich versch\u00e4rft. Es fehlt an allem: an Lebensmitteln,&hellip;","og_url":"https:\/\/weltlaeden.de\/sigmaringen\/arbeitskreis-eine-welt-e-v-sigmaringen-mit-weltladen-unterstuetzt-rudi-reitinger-in-el-salvador-mit-einer-spende-in-hoehe-von-4000-e\/","og_site_name":"Weltladen Sigmaringen","article_published_time":"2020-08-31T14:28:21+00:00","article_modified_time":"2020-09-01T17:03:00+00:00","og_image":[{"width":1920,"height":1440,"url":"https:\/\/weltlaeden.de\/sigmaringen\/wp-content\/uploads\/sites\/134\/2020\/08\/Die-ersten-sind-schon-am-Essen.jpg","type":"image\/jpeg"}],"author":"sigmaringen","twitter_card":"summary_large_image","twitter_misc":{"Verfasst von":"sigmaringen","Gesch\u00e4tzte Lesezeit":"2\u00a0Minuten"},"schema":{"@context":"https:\/\/schema.org","@graph":[{"@type":"Article","@id":"https:\/\/weltlaeden.de\/sigmaringen\/arbeitskreis-eine-welt-e-v-sigmaringen-mit-weltladen-unterstuetzt-rudi-reitinger-in-el-salvador-mit-einer-spende-in-hoehe-von-4000-e\/#article","isPartOf":{"@id":"https:\/\/weltlaeden.de\/sigmaringen\/arbeitskreis-eine-welt-e-v-sigmaringen-mit-weltladen-unterstuetzt-rudi-reitinger-in-el-salvador-mit-einer-spende-in-hoehe-von-4000-e\/"},"author":{"name":"sigmaringen","@id":"https:\/\/weltlaeden.de\/sigmaringen\/#\/schema\/person\/b6807a7b5453b48a7a9b3dc08b7a508f"},"headline":"Arbeitskreis Eine Welt e.V. Sigmaringen mit Weltladen unterst\u00fctzt Rudi Reitinger in El Salvador mit einer Spende in H\u00f6he von 4000 \u20ac","datePublished":"2020-08-31T14:28:21+00:00","dateModified":"2020-09-01T17:03:00+00:00","mainEntityOfPage":{"@id":"https:\/\/weltlaeden.de\/sigmaringen\/arbeitskreis-eine-welt-e-v-sigmaringen-mit-weltladen-unterstuetzt-rudi-reitinger-in-el-salvador-mit-einer-spende-in-hoehe-von-4000-e\/"},"wordCount":382,"image":{"@id":"https:\/\/weltlaeden.de\/sigmaringen\/arbeitskreis-eine-welt-e-v-sigmaringen-mit-weltladen-unterstuetzt-rudi-reitinger-in-el-salvador-mit-einer-spende-in-hoehe-von-4000-e\/#primaryimage"},"thumbnailUrl":"https:\/\/weltlaeden.de\/sigmaringen\/wp-content\/uploads\/sites\/134\/2020\/08\/Die-ersten-sind-schon-am-Essen.jpg","articleSection":["Neuigkeiten"],"inLanguage":"de"},{"@type":"WebPage","@id":"https:\/\/weltlaeden.de\/sigmaringen\/arbeitskreis-eine-welt-e-v-sigmaringen-mit-weltladen-unterstuetzt-rudi-reitinger-in-el-salvador-mit-einer-spende-in-hoehe-von-4000-e\/","url":"https:\/\/weltlaeden.de\/sigmaringen\/arbeitskreis-eine-welt-e-v-sigmaringen-mit-weltladen-unterstuetzt-rudi-reitinger-in-el-salvador-mit-einer-spende-in-hoehe-von-4000-e\/","name":"Arbeitskreis Eine Welt e.V. Sigmaringen mit Weltladen unterst\u00fctzt Rudi Reitinger in El Salvador mit einer Spende in H\u00f6he von 4000 \u20ac - Weltladen Sigmaringen","isPartOf":{"@id":"https:\/\/weltlaeden.de\/sigmaringen\/#website"},"primaryImageOfPage":{"@id":"https:\/\/weltlaeden.de\/sigmaringen\/arbeitskreis-eine-welt-e-v-sigmaringen-mit-weltladen-unterstuetzt-rudi-reitinger-in-el-salvador-mit-einer-spende-in-hoehe-von-4000-e\/#primaryimage"},"image":{"@id":"https:\/\/weltlaeden.de\/sigmaringen\/arbeitskreis-eine-welt-e-v-sigmaringen-mit-weltladen-unterstuetzt-rudi-reitinger-in-el-salvador-mit-einer-spende-in-hoehe-von-4000-e\/#primaryimage"},"thumbnailUrl":"https:\/\/weltlaeden.de\/sigmaringen\/wp-content\/uploads\/sites\/134\/2020\/08\/Die-ersten-sind-schon-am-Essen.jpg","datePublished":"2020-08-31T14:28:21+00:00","dateModified":"2020-09-01T17:03:00+00:00","author":{"@id":"https:\/\/weltlaeden.de\/sigmaringen\/#\/schema\/person\/b6807a7b5453b48a7a9b3dc08b7a508f"},"breadcrumb":{"@id":"https:\/\/weltlaeden.de\/sigmaringen\/arbeitskreis-eine-welt-e-v-sigmaringen-mit-weltladen-unterstuetzt-rudi-reitinger-in-el-salvador-mit-einer-spende-in-hoehe-von-4000-e\/#breadcrumb"},"inLanguage":"de","potentialAction":[{"@type":"ReadAction","target":["https:\/\/weltlaeden.de\/sigmaringen\/arbeitskreis-eine-welt-e-v-sigmaringen-mit-weltladen-unterstuetzt-rudi-reitinger-in-el-salvador-mit-einer-spende-in-hoehe-von-4000-e\/"]}]},{"@type":"ImageObject","inLanguage":"de","@id":"https:\/\/weltlaeden.de\/sigmaringen\/arbeitskreis-eine-welt-e-v-sigmaringen-mit-weltladen-unterstuetzt-rudi-reitinger-in-el-salvador-mit-einer-spende-in-hoehe-von-4000-e\/#primaryimage","url":"https:\/\/weltlaeden.de\/sigmaringen\/wp-content\/uploads\/sites\/134\/2020\/08\/Die-ersten-sind-schon-am-Essen.jpg","contentUrl":"https:\/\/weltlaeden.de\/sigmaringen\/wp-content\/uploads\/sites\/134\/2020\/08\/Die-ersten-sind-schon-am-Essen.jpg","width":1920,"height":1440},{"@type":"BreadcrumbList","@id":"https:\/\/weltlaeden.de\/sigmaringen\/arbeitskreis-eine-welt-e-v-sigmaringen-mit-weltladen-unterstuetzt-rudi-reitinger-in-el-salvador-mit-einer-spende-in-hoehe-von-4000-e\/#breadcrumb","itemListElement":[{"@type":"ListItem","position":1,"name":"Startseite","item":"https:\/\/weltlaeden.de\/sigmaringen\/"},{"@type":"ListItem","position":2,"name":"Arbeitskreis Eine Welt e.V. Sigmaringen mit Weltladen unterst\u00fctzt Rudi Reitinger in El Salvador mit einer Spende in H\u00f6he von 4000 \u20ac"}]},{"@type":"WebSite","@id":"https:\/\/weltlaeden.de\/sigmaringen\/#website","url":"https:\/\/weltlaeden.de\/sigmaringen\/","name":"Weltladen Sigmaringen","description":"Faire Produkte seit 1990","potentialAction":[{"@type":"SearchAction","target":{"@type":"EntryPoint","urlTemplate":"https:\/\/weltlaeden.de\/sigmaringen\/?s={search_term_string}"},"query-input":{"@type":"PropertyValueSpecification","valueRequired":true,"valueName":"search_term_string"}}],"inLanguage":"de"},{"@type":"Person","@id":"https:\/\/weltlaeden.de\/sigmaringen\/#\/schema\/person\/b6807a7b5453b48a7a9b3dc08b7a508f","name":"sigmaringen","image":{"@type":"ImageObject","inLanguage":"de","@id":"https:\/\/weltlaeden.de\/sigmaringen\/#\/schema\/person\/image\/","url":"https:\/\/secure.gravatar.com\/avatar\/9bde4285cae2f34d16795077f21a8149?s=96&d=mm&r=g","contentUrl":"https:\/\/secure.gravatar.com\/avatar\/9bde4285cae2f34d16795077f21a8149?s=96&d=mm&r=g","caption":"sigmaringen"},"url":"https:\/\/weltlaeden.de\/sigmaringen\/author\/sigmaringen\/"}]}},"_links":{"self":[{"href":"https:\/\/weltlaeden.de\/sigmaringen\/wp-json\/wp\/v2\/posts\/686","targetHints":{"allow":["GET"]}}],"collection":[{"href":"https:\/\/weltlaeden.de\/sigmaringen\/wp-json\/wp\/v2\/posts"}],"about":[{"href":"https:\/\/weltlaeden.de\/sigmaringen\/wp-json\/wp\/v2\/types\/post"}],"author":[{"embeddable":true,"href":"https:\/\/weltlaeden.de\/sigmaringen\/wp-json\/wp\/v2\/users\/196"}],"replies":[{"embeddable":true,"href":"https:\/\/weltlaeden.de\/sigmaringen\/wp-json\/wp\/v2\/comments?post=686"}],"version-history":[{"count":2,"href":"https:\/\/weltlaeden.de\/sigmaringen\/wp-json\/wp\/v2\/posts\/686\/revisions"}],"predecessor-version":[{"id":689,"href":"https:\/\/weltlaeden.de\/sigmaringen\/wp-json\/wp\/v2\/posts\/686\/revisions\/689"}],"wp:featuredmedia":[{"embeddable":true,"href":"https:\/\/weltlaeden.de\/sigmaringen\/wp-json\/wp\/v2\/media\/844"}],"wp:attachment":[{"href":"https:\/\/weltlaeden.de\/sigmaringen\/wp-json\/wp\/v2\/media?parent=686"}],"wp:term":[{"taxonomy":"category","embeddable":true,"href":"https:\/\/weltlaeden.de\/sigmaringen\/wp-json\/wp\/v2\/categories?post=686"},{"taxonomy":"post_tag","embeddable":true,"href":"https:\/\/weltlaeden.de\/sigmaringen\/wp-json\/wp\/v2\/tags?post=686"}],"curies":[{"name":"wp","href":"https:\/\/api.w.org\/{rel}","templated":true}]}}