{"id":1202,"date":"2022-01-27T17:55:10","date_gmt":"2022-01-27T16:55:10","guid":{"rendered":"https:\/\/weltlaeden.de\/sigmaringen\/?p=1202"},"modified":"2022-01-27T17:55:10","modified_gmt":"2022-01-27T16:55:10","slug":"amigo-don-jose-ist-am-5-januar-2022-im-alter-von-85-jahren-in-fernandez-leider-verstorben-und-in-frieden-heimgegangen","status":"publish","type":"post","link":"https:\/\/weltlaeden.de\/sigmaringen\/amigo-don-jose-ist-am-5-januar-2022-im-alter-von-85-jahren-in-fernandez-leider-verstorben-und-in-frieden-heimgegangen\/","title":{"rendered":"Amigo Don Jos\u00e9, ist am 5. Januar 2022 im Alter von 85 Jahren in Fernandez leider verstorben und in Frieden heimgegangen"},"content":{"rendered":"<p style=\"text-align: justify\">18. Januar 2022<br \/>\nMeine besten Gr\u00fc\u00dfe an alle lieben Leserinnen und Leser:<br \/>\nMein Name ist Andr\u00e9s Jos\u00e9 Majer, Ich habe zwei S\u00f6hne Thiago und Nahuel, ich bin der Sohn von Jos\u00e9<br \/>\nMajer und Josefa Torres de Majer, ich habe zwei Schwestern Cristina und Bettina und f\u00fcnf Neffen Andrea,<br \/>\nBianca, Martina, Juan Cruz und Nayara. Seit 2005 bin ich Vorstandsmitglied und seit einigen Jahren der<br \/>\nNachfolger von Jos\u00e9 und Pr\u00e4sident der F.C.C.F.<br \/>\nAus diesem Anlass ist es meine Pflicht, dieses j\u00e4hrliche Rundschreiben f\u00fcr 2021 zu schreiben, was normalerweise<br \/>\nmein Vater getan hat, und \u00fcber die Neuigkeiten des F.C.C.F. zu berichten.<br \/>\nAber zuerst muss ich euch die traurige Nachricht \u00fcberbringen, dass unser geliebter Papa Jos\u00e9 seine letzte Reise<br \/>\nangetreten hat und nun in den Armen unseres himmlischen Vatergottes ruht. Er starb am 5. Januar 2022.<br \/>\nAls wir die Nachricht erhielten, waren wir in den vorangegangen Tagen in unseren H\u00e4usern wegen Covid<br \/>\nisoliert, wegen Einhaltung der vom Gesundheitsministerium unserer Provinz angeordneten pr\u00e4ventiven<br \/>\nIsolation. Normalerweise findet eine \u00f6ffentliche Totenwache und eine Messe in der katholischen Kirche<br \/>\nstatt, das konnte jedoch nicht stattfinden, da das Protokoll wegen Covid dies verbietet.<br \/>\nF\u00fcr einige Familien von Fern\u00e1ndez war es in anderen F\u00e4llen noch trauriger, weil Angeh\u00f6rige ihre<br \/>\nverstorbenen Lieben nicht verabschieden konnten. Der Krankenhausarzt, der unseren Fall behandelte und mit<br \/>\nunserer Familie in Verbindung stand, sprach mit dem Direktor des Krankenhauses und dann genehmigten sie<br \/>\nwenigstens eine Totenwache in unserem Haus nur f\u00fcr zwei Stunden und nur mit der anwesenden Familie (mit<br \/>\nCovid infiziert). Es war nicht m\u00f6glich, andere Menschen zu empfangen, auch eine \u00f6ffentliche Messe<br \/>\nnach katholischer Tradition konnte nicht abgehalten werden.<br \/>\nWir akzeptierten die Vereinbarung und konnten seinen Leichnam in unserem Haus aufbewahren und am<br \/>\nEnde der Totenwache gingen wir zum Friedhof Fern\u00e1ndez. Da kam der Pastor Vicente de la Iglesia de Fern\u00e1ndez,<br \/>\num unter freiem Himmel eine kurze Messe zu halten, er trug einen Kinnriemen und hielt sich auf Abstand.<br \/>\nWir verabschiedeten uns ein letztes Mal von Jos\u00e9 und deponierten seinen Sarg in unserem<br \/>\nFamiliendenkmal auf dem Friedhof.<br \/>\nViele Familie und Freunde wollten dabei sein und sich von \u201eSepp\u201c verabschieden, aber wir mussten<br \/>\naufgrund der Einschr\u00e4nkungen des Covid-Protokolls nein sagen.<br \/>\nTrotz des Schmerzes und der Trauer \u00fcber den Tod unseres Vaters waren wir still, friedlich und vor allem<br \/>\nals Familie vereint. Gl\u00fccklich, einen Teil unseres Lebens mit einem Mann geteilt zu haben, der Vater, Bruder,<br \/>\nEhemann, Gro\u00dfvater, Onkel und Freund war, der alles f\u00fcr seine \u00dcberzeugungen und Glauben gegeben hat.<br \/>\nEr wollte ein Sandkorn sein, um diese Welt zu einem besseren Ort zu machen. Er war eine Br\u00fccke des<br \/>\nLebens, die Menschen, St\u00e4dte und Familien von unz\u00e4hligen Orten verband.<br \/>\nAls \u00fcberzeugter Vertreter von \u00d6kologie und erneuerbarer Energien und besonders seiner geliebten<br \/>\nB\u00e4ume war er manchmal mehr als alles andere sehr empfindlich,<br \/>\nDie B\u00e4ume durften ohne seine Genehmigung nicht ber\u00fchrt werden. Er pflanzte Hunderte von B\u00e4umen,<br \/>\nwo wir leben.<br \/>\nUnerm\u00fcdlich bis zum Schluss, oft mussten wir ihn nachts in seinem Garten suchen, weil er noch<br \/>\narbeitete, f\u00fcr ihn war seine Arbeit noch nicht vollendet.<br \/>\nEr hat einen Teil seines Lebens in Argentinien mit vielen Ureinwohnergemeinschaften aus dem Norden (Santiago<br \/>\ndel Estero, Tucum\u00e1n, Salta und Jujuy) und von der K\u00fcste (Chaco, Formosa, Misiones und Corrientes) geteilt.<br \/>\nIch habe immer noch Kontakt zu vielen ehemaligen Sch\u00fclern von diesen Orten.<br \/>\nEr half Menschen, die seinen Weg kreuzten, Honigproduzenten, befreundete Handwerker, die ihre<br \/>\nhandwerklichen Produkte ins In- und Ausland verschicken konnten, Produzenten von Wollteppichen,<br \/>\nTauschhandel f\u00fcr Honig oder Solaranlagen.<br \/>\nAber seine Inspiration und Hauptaufgabe war es, jungen Menschen aus armen Familien und ung\u00fcnstigen<br \/>\nGegenden zu helfen, zu studieren, sich auszubilden und Arbeit zu haben.<\/p>\n<p>Er gr\u00fcndete die Stiftung, \u201eAMNTENA\u201c- FCCF &#8211; Schule mit Wohnheim und einen Kindergarten mit Kinderkrippe f\u00fcr<br \/>\ndie Bewohner unserer bescheidenen Nachbarschaft, Es kamen Hunderte von jungen Menschen und deutschen<br \/>\nFreunden, um mit dem FCCF zusammenzuarbeiten, sie machten Projekte mit den Sch\u00fclern, sie unterrichteten<br \/>\nEnglisch, Deutsch und sogar Musik, sie spielten fast jeden Tag Ball.<br \/>\nViele Leute haben uns immer wieder gefragt: \u201eWie kommt es, dass junge Leute von so weit her<br \/>\nkommen?\u201c<br \/>\nEine der Antworten ist, dass es seit 1997 mehr als 500 Solaranlagen in ganz Nordargentinien gibt ,<br \/>\ngesponsert von argentinischen und deutschen Organisationen, die helfen konnten und so konnte man auch<br \/>\nanderen Schulen und Gemeinden helfen, in denen es weder Strom noch flie\u00dfendes Wasser gab.<br \/>\nSepp (oder auch \u201cDon Jos\u00e8, der Andenblitz) reiste mit seinen Sch\u00fclern, Lehrern und deutschen Freiwilligen<br \/>\ndorthin, um Solarprojekte durchzuf\u00fchren, und tauschte oft Honig, Tiere f\u00fcr die K\u00fcche der Herberge oder<br \/>\nHolzpf\u00e4hle, was viele junge Menschen aus den von ihm besuchten Orten motivierte, Teil seines Projekts<br \/>\nzu sein und zu k\u00f6nnen an der FCCF zu lernen und zu arbeiten.<br \/>\nWie viele Reisen, wie viele Abenteuer, wie viele Freunde und vor allem wie viele Probleme auf dem Weg<br \/>\ndorthin hat es gegeben. Manchmal sind die Lastwagen auf den unwirtlichen Wegen liegengeblieben. Aber er<br \/>\nfand immer jemanden, der ihm half, so schloss er viele Freundschaften und konnte weitermachen. Er erz\u00e4hlte<br \/>\nimmer die Anekdoten seiner Reisen, besonders von Reisen, bei denen es Probleme gegeben hatte.<br \/>\nDer Weg, den er w\u00e4hlte, war nicht einfach, denn wie wir alle Probleme im Leben haben, hatte er auch<br \/>\nNachteile, und genauso wie er Erfolge hatte, hatte er auch Misserfolge, niemand ist perfekt.<br \/>\nDie Lehre aus diesen Erfahrungen, die er gemacht hat, ist, dass es immer eine L\u00f6sung gibt, dass wir den Glauben<br \/>\nund die Hoffnung auf das Weiterkommen nicht verlieren, denn unser Vater Gott verl\u00e4sst uns nie.<br \/>\nIm Namen unserer Familie m\u00f6chte ich allen Menschen danken, die unseren Vater immer unterst\u00fctzt und<br \/>\ngepflegt hat, besonders am Ende seiner Lebens ,.<br \/>\nEs waren sehr viele, die da waren und die im Laufe der letzten Tage durch Telefonanrufe, Nachrichten<br \/>\nund soziale Netzwerke kommuniziert haben, um ihre Gef\u00fchle auszudr\u00fccken, Beileid aussprechen und ihr<br \/>\nMitgef\u00fchl zum Abschied unseres geliebten \u201eSepp\u201c oder \u201eOpa Jos\u00e9\u201c, wie seine Enkel zu sagen pflegten,<br \/>\naussprechen.<br \/>\nEs waren sehr herzliche Botschaften zu seinem Abschied, aber auch viele der Dankbarkeit daf\u00fcr, dass man ihn<br \/>\nkennengelernt und unterwegs getroffen hat.<br \/>\nHier nun ein R\u00fcckblick auf die Neuigkeiten des F.C.C.F 2021<br \/>\nSchule \u201eAMNTENA\u201c: Wie jedes Jahr begann der Unterricht der Schule im M\u00e4rz und endete im Dezember.<br \/>\nAber nach Anordnung der nationalen Regierung fand der Pr\u00e4senzunterricht von M\u00e4rz bis Mai und von August bis<br \/>\nDezember statt. Im Juni und Juli war der Unterricht virtuell und auf Distanz.<br \/>\nIm November gab es eine j\u00e4hrliche Kontrolle (Stichprobe) aller Bereiche, die in Zusammenarbeit mit der<br \/>\nBerufsschule \u201eAdolfo Alsina\u201c in Fern\u00e1ndez durchgef\u00fchrt wurde, wo die mit den Sch\u00fclern und Lehrern<br \/>\nentwickelten Projekte ausgestellt wurden.<br \/>\nMitte 2021 wurde eine neue Leitung f\u00fcr das Solarenergie-Klassenzimmer fertiggestellt.<br \/>\nIn Planung ist auch , an das Schulgeb\u00e4ude eine gro\u00dfe \u00fcberdachte Terrasse anzubauen, um den Unterricht im<br \/>\nFreien abhalten zu k\u00f6nnen. Die Pl\u00e4ne daf\u00fcr haben wir schon erstellt.<br \/>\nF.C.C.F. Herberge : Es ist seit 2020 wegen der Corona-Pandemie geschlossen, der Rat des F.C.C.F.<br \/>\nentschied damals, es aus zwei Gr\u00fcnden geschlossen zu halten, einer war die Unannehmlichkeit, die durch die<br \/>\nIsolation und Schlie\u00dfung von St\u00e4dten in Argentinien verursacht wurde, es war nicht ratsam, junge Menschen zu<br \/>\nhaben, die nicht in ihre H\u00e4user zur\u00fcckkehren konnten oder die aufgrund der pl\u00f6tzlichen Isolation isoliert wurden<br \/>\nEntscheidungen der nationalen Regierung oder der Provinz in Bezug auf die Covid-Pandemie.<br \/>\nDer andere Grund war, dass bereits 2018 und davor nur wenige junge Menschen aus anderen Bundesl\u00e4ndern in<br \/>\nunsere Herberge kamen,. Das lag daran, dass in den letzten Jahren in<br \/>\nverschiedenen Gebieten hier neue Schulen und Berufsausbildungszentren gebaut wurden, die ihnen<br \/>\ndie M\u00f6glichkeit gaben, diesen jungen Menschen eine Chance zu geben und in der N\u00e4he ihrer Familien zu bleiben<br \/>\nund nicht weit zu gehen, um eine Ausbildung zu bekommen oder zu studieren. Wir denken, dass es f\u00fcr viele<br \/>\nGemeinden eine positive Sache war.<br \/>\nDerzeit ist der Zustand der Geb\u00e4ude der Herberge nicht gut. Wir konnten nur die H\u00e4lfte oder weniger<br \/>\ninstand halten, da es viele Geb\u00e4ude gibt, die nicht genutzt werden k\u00f6nnen. Sogar einige der Strukturen sind nicht<br \/>\nsicher zu benutzen, da sie viele Jahre alt sind und ihre Fundamente oder D\u00e4cher stark besch\u00e4digt sind.<br \/>\nSolarenergie: Im Jahr 2021 konnten wir nicht wie gewohnt Fahrten und Installationen an anderen Orten<br \/>\ndurchf\u00fchren. Nur einige Reparaturen an einigen Orten in der N\u00e4he von Fern\u00e1ndez mit Professor Daniel Condori<br \/>\nund seinen Studenten. Zum einen wegen der Reisebeschr\u00e4nkungen an einen anderen Ort und zum anderen<br \/>\nwegen der hohen Kosten f\u00fcr Solaranlagen, derzeit ist 1 US-Dollar mehr als 200 argentinische Pesos wert, und das<br \/>\nmacht es einer bescheidenen Familie sehr schwer, Solarmodule zu kaufen. Eine Basisinstallation kostet etwa 700<br \/>\nbis 1.100 US-Dollar.<br \/>\nIn diesem Jahr wurde der bestehenden solaren Wasserpumpanlage des F.C.C.F. ein automatisches SolarSchneidsystem hinzugef\u00fcgt, das von Solarenergie-Lehrer Daniel Condori und in Zusammenarbeit mit<br \/>\nElektrizit\u00e4ts-Lehrer Dar\u00edo D\u00edaz geleitet und entworfen wurde. Das urspr\u00fcngliche System erlaubte keine<br \/>\nautomatische Abschaltung vom Solarsystem zum herk\u00f6mmlichen elektrischen System, jetzt funktioniert es<br \/>\nautomatisch.<br \/>\nHonig: Die Erntezeit beginnt immer im September\/Oktober und endet im Februar\/M\u00e4rz des Folgejahres.<br \/>\nViel h\u00e4ngt von den klimatischen Bedingungen der Gegend und extremen Temperaturen oder dem Mangel an<br \/>\nWasser und bl\u00fchenden Knospen ab. Am 1. Januar 2022 waren es mehr als 50 Grad Hitze, viele Imker in der<br \/>\nUmgebung verloren mehr als 50 % ihrer Bienenst\u00f6cke, weil die Hitze den Honig, das Wachs schmolz und am Ende<br \/>\nganze Bienenst\u00f6cke hatte. Gl\u00fccklicherweise wurden unsere Bienenst\u00f6cke von der Hitze an diesem Tag nicht<br \/>\nzerst\u00f6rt und auch weil einige Wochen vor der Honigernte die Bienenst\u00f6cke fast leer waren, war das g\u00fcnstig.<br \/>\nIm Jahr 2021\/2022 werden wir ungef\u00e4hr 1.500 kg Honig ernten, diese Zahl kann je nach \u00e4u\u00dferen<br \/>\nklimatischen Faktoren und anderen variieren. Wir schicken diese Produktion nach Deutschland an unsere<br \/>\nFreunde, die mit dem Kauf eines Glases Honig im Netzwerk von Verkaufsstellen von Freunden und Familie<br \/>\nzusammenarbeiten, die unterst\u00fctzen, damit das Projekt weiter funktioniert. Vielen Dank im Namen des F.C.C.F.<br \/>\nallen f\u00fcr ihre Hilfe und Zusammenarbeit, besonders Gerlinde und Gudrun, die immer in jeder Hinsicht pr\u00e4sent<br \/>\nwaren.<br \/>\nWir haben auch mehr als 18 Bienenst\u00f6cke verloren, was normalerweise passiert, weil die Bienenst\u00f6cke<br \/>\nmanchmal ihre K\u00f6niginnen nicht erneuern und auch durch Wasser- oder Bl\u00fctenmangel in der Saison geschw\u00e4cht<br \/>\nsind. Das Klima beeinflusst diesen Aspekt stark.<br \/>\nIm M\u00e4rz\/April und wie in jedem Jahr wurde die Kur mit biologischen Arzneimitteln gegen Varroa<br \/>\ndurchgef\u00fchrt, die von der SENASA (Lebensmittel\u00fcberwachungsbeh\u00f6rde) zur Gesunderhaltung der Bienenst\u00f6cke<br \/>\nzugelassen sind.<br \/>\nIm Oktober haben wir mit dem Kauf von 30 neuen Bienenst\u00f6cken begonnen und bis heute wurden mehr<br \/>\nals 15 fertiggestellt und der Rest muss noch fertiggestellt werden, da ihre Produktion in dieser Saison<br \/>\nabgeschlossen ist.<br \/>\nWir haben die Erntesaison noch nicht beendet, aber fast mehr als 800 kg Honig von h\u00f6chster Qualit\u00e4t<br \/>\nwurden geerntet und sind bereit f\u00fcr den Versand.<br \/>\nProjekt \u201eBaumpark\u201c: Von Februar 2021 bis heute wurde ein Wiederherstellungs- und Reinigungsprojekt<br \/>\nauf einer Fl\u00e4che von 3,26 Hektar gestartet. Ein Sektor, den Sepp vor mehr als 20 Jahren zusammen mit deutschen<br \/>\nSch\u00fclern, Lehrern und Freiwilligen ins Leben gerufen hat: Sie haben einen Park mit Pappeln,<br \/>\nJohannisbrotb\u00e4umen, Cha\u00f1ales und Obstb\u00e4umen angelegt. Im Laufe der Jahre konnte es nicht gepflegt werden<br \/>\nund die Wege und Pfade des Parks wurden gesperrt.<br \/>\nM\u00f6gliche Prognosen und Planungen f\u00fcr das Jahr 2022:<br \/>\nSchule: Wir haben Pl\u00e4ne f\u00fcr die Renovierung eines Teils der Schule, um den Betrieb und die Organisation<br \/>\nder Trainingsbereiche zu verbessern, und auch, weil ein Teil der Geb\u00e4ude ihren Funktionszyklus bereits<br \/>\nabgeschlossen hat und wir renovieren m\u00fcssen.<br \/>\nIm Jahr 2021 hatte ich ein gemeinsames Treffen mit dem Direktor unserer Schule Luis D\u00edaz und der<br \/>\nSekret\u00e4rin der SPEP Licenciada Luisa Romero (staatliche Stelle, die unsere Schule kontrolliert und unseren<br \/>\nSch\u00fclern Studienzertifikate ausstellt), um einen neuen Kurs f\u00fcr die AMNTENA-Schule in der zu planen Zukunft, da<br \/>\nwir derzeit keine Sch\u00fcler im Wohnheim haben. Der Vorschlag besteht darin, neue Gebiete einzubeziehen<br \/>\noder bestehende zu st\u00e4rken, um den jungen Menschen in Fern\u00e1ndez und den umliegenden Gebieten n\u00fctzliche<br \/>\nAngebote zu machen, da die Ansiedlung neuer Unternehmen und Industrien in unserem Gebiet geplant ist.<br \/>\nIntern wollen wir vor\u00fcbergehend eine ausgebildete Hilfskraft f\u00fcr die Organisation und Kontrolle der Schulleitung<br \/>\neinsetzen .<br \/>\nHerberge : Diese bleibt geschlossen, bis sich die Situation wegend er Pandemie normalisiert oder es<br \/>\nerforderlich ist, es zu \u00f6ffnen, aber es ist wahrscheinlicher, dass sie in Zukunft geschlossen bleibt.<br \/>\nSolarenergie: Es gibt M\u00f6glichkeiten, Allianzen mit anderen Unternehmen oder lokalen Organisationen<br \/>\neinzugehen, damit die Sch\u00fcler unserer Schule an gr\u00f6\u00dferen Projekten und sogar in anderen Provinzen<br \/>\nArgentiniens teilnehmen k\u00f6nnen.<br \/>\nHonig: Um die Honigproduktion zu steigern, aber vor allem um die Qualit\u00e4t zu erhalten, werden mehr<br \/>\nBienenst\u00f6cke in das Projekt \u201eBaumpark\u201c integriert, da daf\u00fcr eine neue Fl\u00e4che zur Verf\u00fcgung steht.<br \/>\nBaumpark &#8211; Projekt : Derzeit ist fast alles sauber und wir werden auch weitere B\u00e4ume in die zu<br \/>\npflanzenden Reihen pflanzen. Die Idee ist, alle B\u00e4ume zu pflegen, mit Wasser zu bew\u00e4ssern, den j\u00e4hrlichen<br \/>\nSchnitt durchzuf\u00fchren, die Wege mit dem Traktor zu reinigen und neue Bienenst\u00f6cke in diesem Park zu<br \/>\nplatzieren. Derzeit gibt es 19 neue Bienenst\u00f6cke. Das bedeutet auch, unsere Honigproduktion zu steigern.<br \/>\nWartung der FCCF: Derzeit und seit einigen Jahren werden Wartungsarbeiten am Grundst\u00fcck, den<br \/>\nStra\u00dfen, Parks mit kleineren B\u00e4umen, Obstb\u00e4umen aus einem anderen Sektor, Obstgarten und Beleuchtung<br \/>\ndurchgef\u00fchrt, leider gab es gestern einen Schwanz eines Zyklons ( \u00e4hnlich einem Tornado). Dieser Sturm hat<br \/>\nviele B\u00e4ume auf dem gesamten FCCF-Campus umgest\u00fcrzt, der jetzt ges\u00e4ubert und mit B\u00e4umen neu bepflanzt<br \/>\nwird.<br \/>\nGel\u00e4nde und Landwirtschaft : Es besteht die M\u00f6glichkeit, und derzeit werden schon neue Parzellen<br \/>\nvorbereitet , die Felder auf der Fundacion . mit Alfalfa \u2013 (Luzerne)kulturen oder anderen landwirtschaftlichen<br \/>\nProdukten ( mit Baumwolle) , zu bewirtschaften .<br \/>\nDie Essenz von allem wird sein, die Fortsetzung der Arbeit, die Jos\u00e9 im F.C.C.F. Schule, \u00d6kologie,<br \/>\nSolarenergie, Honigproduktion, B\u00e4ume pflanzen und andere Projekte.<br \/>\nSicherlich wird es in einigen Aspekten anders sein, aber immer mit der Idee,<br \/>\ndenen zu helfen, die es am meisten brauchen.<br \/>\nIch gr\u00fc\u00dfe Euch alle herzlich und w\u00fcnsche alles Gute f\u00fcr das neue Jahr 2022,<a href=\"https:\/\/weltlaeden.de\/sigmaringen\/wp-content\/uploads\/sites\/134\/2022\/01\/Rundbrief-mit-Bild-21.1.22-.pdf\">Rundbrief mit Bild 21.1.22<\/a><br \/>\nvor allem bei guter Gesundheit,<br \/>\nund wir hoffen auch weiterhin auf Eure Unterst\u00fctzung, ohne die das alles nicht m\u00f6glich sein wird.<br \/>\nVielleicht auf ein Wiedersehen, !<br \/>\nAndr\u00e9s<\/p>\n","protected":false},"excerpt":{"rendered":"<p>18. Januar 2022 Meine besten Gr\u00fc\u00dfe an alle lieben Leserinnen und Leser: Mein Name ist Andr\u00e9s Jos\u00e9 Majer, Ich habe zwei S\u00f6hne Thiago und Nahuel, ich bin der Sohn von Jos\u00e9 Majer und Josefa Torres de Majer, ich habe zwei Schwestern Cristina und Bettina und f\u00fcnf Neffen Andrea, Bianca, Martina, Juan Cruz und Nayara. Seit&hellip;<\/p>\n","protected":false},"author":196,"featured_media":0,"comment_status":"closed","ping_status":"closed","sticky":false,"template":"","format":"standard","meta":{"footnotes":""},"categories":[1],"tags":[],"class_list":["post-1202","post","type-post","status-publish","format-standard","hentry","category-allgemein","category-1","description-off"],"yoast_head":"<!-- This site is optimized with the Yoast SEO plugin v26.8 - https:\/\/yoast.com\/product\/yoast-seo-wordpress\/ -->\n<title>Amigo Don Jos\u00e9, ist am 5. Januar 2022 im Alter von 85 Jahren in Fernandez leider verstorben und in Frieden heimgegangen - Weltladen Sigmaringen<\/title>\n<meta name=\"robots\" content=\"index, follow, max-snippet:-1, max-image-preview:large, max-video-preview:-1\" \/>\n<link rel=\"canonical\" href=\"https:\/\/weltlaeden.de\/sigmaringen\/amigo-don-jose-ist-am-5-januar-2022-im-alter-von-85-jahren-in-fernandez-leider-verstorben-und-in-frieden-heimgegangen\/\" \/>\n<meta property=\"og:locale\" content=\"de_DE\" \/>\n<meta property=\"og:type\" content=\"article\" \/>\n<meta property=\"og:title\" content=\"Amigo Don Jos\u00e9, ist am 5. Januar 2022 im Alter von 85 Jahren in Fernandez leider verstorben und in Frieden heimgegangen - Weltladen Sigmaringen\" \/>\n<meta property=\"og:description\" content=\"18. Januar 2022 Meine besten Gr\u00fc\u00dfe an alle lieben Leserinnen und Leser: Mein Name ist Andr\u00e9s Jos\u00e9 Majer, Ich habe zwei S\u00f6hne Thiago und Nahuel, ich bin der Sohn von Jos\u00e9 Majer und Josefa Torres de Majer, ich habe zwei Schwestern Cristina und Bettina und f\u00fcnf Neffen Andrea, Bianca, Martina, Juan Cruz und Nayara. Seit&hellip;\" \/>\n<meta property=\"og:url\" content=\"https:\/\/weltlaeden.de\/sigmaringen\/amigo-don-jose-ist-am-5-januar-2022-im-alter-von-85-jahren-in-fernandez-leider-verstorben-und-in-frieden-heimgegangen\/\" \/>\n<meta property=\"og:site_name\" content=\"Weltladen Sigmaringen\" \/>\n<meta property=\"article:published_time\" content=\"2022-01-27T16:55:10+00:00\" \/>\n<meta name=\"author\" content=\"sigmaringen\" \/>\n<meta name=\"twitter:card\" content=\"summary_large_image\" \/>\n<meta name=\"twitter:label1\" content=\"Verfasst von\" \/>\n\t<meta name=\"twitter:data1\" content=\"sigmaringen\" \/>\n\t<meta name=\"twitter:label2\" content=\"Gesch\u00e4tzte Lesezeit\" \/>\n\t<meta name=\"twitter:data2\" content=\"12\u00a0Minuten\" \/>\n<script type=\"application\/ld+json\" class=\"yoast-schema-graph\">{\"@context\":\"https:\/\/schema.org\",\"@graph\":[{\"@type\":\"Article\",\"@id\":\"https:\/\/weltlaeden.de\/sigmaringen\/amigo-don-jose-ist-am-5-januar-2022-im-alter-von-85-jahren-in-fernandez-leider-verstorben-und-in-frieden-heimgegangen\/#article\",\"isPartOf\":{\"@id\":\"https:\/\/weltlaeden.de\/sigmaringen\/amigo-don-jose-ist-am-5-januar-2022-im-alter-von-85-jahren-in-fernandez-leider-verstorben-und-in-frieden-heimgegangen\/\"},\"author\":{\"name\":\"sigmaringen\",\"@id\":\"https:\/\/weltlaeden.de\/sigmaringen\/#\/schema\/person\/b6807a7b5453b48a7a9b3dc08b7a508f\"},\"headline\":\"Amigo Don Jos\u00e9, ist am 5. Januar 2022 im Alter von 85 Jahren in Fernandez leider verstorben und in Frieden heimgegangen\",\"datePublished\":\"2022-01-27T16:55:10+00:00\",\"mainEntityOfPage\":{\"@id\":\"https:\/\/weltlaeden.de\/sigmaringen\/amigo-don-jose-ist-am-5-januar-2022-im-alter-von-85-jahren-in-fernandez-leider-verstorben-und-in-frieden-heimgegangen\/\"},\"wordCount\":2485,\"articleSection\":[\"Keine Kategorie\"],\"inLanguage\":\"de\"},{\"@type\":\"WebPage\",\"@id\":\"https:\/\/weltlaeden.de\/sigmaringen\/amigo-don-jose-ist-am-5-januar-2022-im-alter-von-85-jahren-in-fernandez-leider-verstorben-und-in-frieden-heimgegangen\/\",\"url\":\"https:\/\/weltlaeden.de\/sigmaringen\/amigo-don-jose-ist-am-5-januar-2022-im-alter-von-85-jahren-in-fernandez-leider-verstorben-und-in-frieden-heimgegangen\/\",\"name\":\"Amigo Don Jos\u00e9, ist am 5. Januar 2022 im Alter von 85 Jahren in Fernandez leider verstorben und in Frieden heimgegangen - Weltladen Sigmaringen\",\"isPartOf\":{\"@id\":\"https:\/\/weltlaeden.de\/sigmaringen\/#website\"},\"datePublished\":\"2022-01-27T16:55:10+00:00\",\"author\":{\"@id\":\"https:\/\/weltlaeden.de\/sigmaringen\/#\/schema\/person\/b6807a7b5453b48a7a9b3dc08b7a508f\"},\"breadcrumb\":{\"@id\":\"https:\/\/weltlaeden.de\/sigmaringen\/amigo-don-jose-ist-am-5-januar-2022-im-alter-von-85-jahren-in-fernandez-leider-verstorben-und-in-frieden-heimgegangen\/#breadcrumb\"},\"inLanguage\":\"de\",\"potentialAction\":[{\"@type\":\"ReadAction\",\"target\":[\"https:\/\/weltlaeden.de\/sigmaringen\/amigo-don-jose-ist-am-5-januar-2022-im-alter-von-85-jahren-in-fernandez-leider-verstorben-und-in-frieden-heimgegangen\/\"]}]},{\"@type\":\"BreadcrumbList\",\"@id\":\"https:\/\/weltlaeden.de\/sigmaringen\/amigo-don-jose-ist-am-5-januar-2022-im-alter-von-85-jahren-in-fernandez-leider-verstorben-und-in-frieden-heimgegangen\/#breadcrumb\",\"itemListElement\":[{\"@type\":\"ListItem\",\"position\":1,\"name\":\"Startseite\",\"item\":\"https:\/\/weltlaeden.de\/sigmaringen\/\"},{\"@type\":\"ListItem\",\"position\":2,\"name\":\"Amigo Don Jos\u00e9, ist am 5. Januar 2022 im Alter von 85 Jahren in Fernandez leider verstorben und in Frieden heimgegangen\"}]},{\"@type\":\"WebSite\",\"@id\":\"https:\/\/weltlaeden.de\/sigmaringen\/#website\",\"url\":\"https:\/\/weltlaeden.de\/sigmaringen\/\",\"name\":\"Weltladen Sigmaringen\",\"description\":\"Faire Produkte seit 1990\",\"potentialAction\":[{\"@type\":\"SearchAction\",\"target\":{\"@type\":\"EntryPoint\",\"urlTemplate\":\"https:\/\/weltlaeden.de\/sigmaringen\/?s={search_term_string}\"},\"query-input\":{\"@type\":\"PropertyValueSpecification\",\"valueRequired\":true,\"valueName\":\"search_term_string\"}}],\"inLanguage\":\"de\"},{\"@type\":\"Person\",\"@id\":\"https:\/\/weltlaeden.de\/sigmaringen\/#\/schema\/person\/b6807a7b5453b48a7a9b3dc08b7a508f\",\"name\":\"sigmaringen\",\"image\":{\"@type\":\"ImageObject\",\"inLanguage\":\"de\",\"@id\":\"https:\/\/weltlaeden.de\/sigmaringen\/#\/schema\/person\/image\/\",\"url\":\"https:\/\/secure.gravatar.com\/avatar\/9bde4285cae2f34d16795077f21a8149?s=96&d=mm&r=g\",\"contentUrl\":\"https:\/\/secure.gravatar.com\/avatar\/9bde4285cae2f34d16795077f21a8149?s=96&d=mm&r=g\",\"caption\":\"sigmaringen\"},\"url\":\"https:\/\/weltlaeden.de\/sigmaringen\/author\/sigmaringen\/\"}]}<\/script>\n<!-- \/ Yoast SEO plugin. -->","yoast_head_json":{"title":"Amigo Don Jos\u00e9, ist am 5. Januar 2022 im Alter von 85 Jahren in Fernandez leider verstorben und in Frieden heimgegangen - Weltladen Sigmaringen","robots":{"index":"index","follow":"follow","max-snippet":"max-snippet:-1","max-image-preview":"max-image-preview:large","max-video-preview":"max-video-preview:-1"},"canonical":"https:\/\/weltlaeden.de\/sigmaringen\/amigo-don-jose-ist-am-5-januar-2022-im-alter-von-85-jahren-in-fernandez-leider-verstorben-und-in-frieden-heimgegangen\/","og_locale":"de_DE","og_type":"article","og_title":"Amigo Don Jos\u00e9, ist am 5. Januar 2022 im Alter von 85 Jahren in Fernandez leider verstorben und in Frieden heimgegangen - Weltladen Sigmaringen","og_description":"18. Januar 2022 Meine besten Gr\u00fc\u00dfe an alle lieben Leserinnen und Leser: Mein Name ist Andr\u00e9s Jos\u00e9 Majer, Ich habe zwei S\u00f6hne Thiago und Nahuel, ich bin der Sohn von Jos\u00e9 Majer und Josefa Torres de Majer, ich habe zwei Schwestern Cristina und Bettina und f\u00fcnf Neffen Andrea, Bianca, Martina, Juan Cruz und Nayara. Seit&hellip;","og_url":"https:\/\/weltlaeden.de\/sigmaringen\/amigo-don-jose-ist-am-5-januar-2022-im-alter-von-85-jahren-in-fernandez-leider-verstorben-und-in-frieden-heimgegangen\/","og_site_name":"Weltladen Sigmaringen","article_published_time":"2022-01-27T16:55:10+00:00","author":"sigmaringen","twitter_card":"summary_large_image","twitter_misc":{"Verfasst von":"sigmaringen","Gesch\u00e4tzte Lesezeit":"12\u00a0Minuten"},"schema":{"@context":"https:\/\/schema.org","@graph":[{"@type":"Article","@id":"https:\/\/weltlaeden.de\/sigmaringen\/amigo-don-jose-ist-am-5-januar-2022-im-alter-von-85-jahren-in-fernandez-leider-verstorben-und-in-frieden-heimgegangen\/#article","isPartOf":{"@id":"https:\/\/weltlaeden.de\/sigmaringen\/amigo-don-jose-ist-am-5-januar-2022-im-alter-von-85-jahren-in-fernandez-leider-verstorben-und-in-frieden-heimgegangen\/"},"author":{"name":"sigmaringen","@id":"https:\/\/weltlaeden.de\/sigmaringen\/#\/schema\/person\/b6807a7b5453b48a7a9b3dc08b7a508f"},"headline":"Amigo Don Jos\u00e9, ist am 5. Januar 2022 im Alter von 85 Jahren in Fernandez leider verstorben und in Frieden heimgegangen","datePublished":"2022-01-27T16:55:10+00:00","mainEntityOfPage":{"@id":"https:\/\/weltlaeden.de\/sigmaringen\/amigo-don-jose-ist-am-5-januar-2022-im-alter-von-85-jahren-in-fernandez-leider-verstorben-und-in-frieden-heimgegangen\/"},"wordCount":2485,"articleSection":["Keine Kategorie"],"inLanguage":"de"},{"@type":"WebPage","@id":"https:\/\/weltlaeden.de\/sigmaringen\/amigo-don-jose-ist-am-5-januar-2022-im-alter-von-85-jahren-in-fernandez-leider-verstorben-und-in-frieden-heimgegangen\/","url":"https:\/\/weltlaeden.de\/sigmaringen\/amigo-don-jose-ist-am-5-januar-2022-im-alter-von-85-jahren-in-fernandez-leider-verstorben-und-in-frieden-heimgegangen\/","name":"Amigo Don Jos\u00e9, ist am 5. Januar 2022 im Alter von 85 Jahren in Fernandez leider verstorben und in Frieden heimgegangen - Weltladen Sigmaringen","isPartOf":{"@id":"https:\/\/weltlaeden.de\/sigmaringen\/#website"},"datePublished":"2022-01-27T16:55:10+00:00","author":{"@id":"https:\/\/weltlaeden.de\/sigmaringen\/#\/schema\/person\/b6807a7b5453b48a7a9b3dc08b7a508f"},"breadcrumb":{"@id":"https:\/\/weltlaeden.de\/sigmaringen\/amigo-don-jose-ist-am-5-januar-2022-im-alter-von-85-jahren-in-fernandez-leider-verstorben-und-in-frieden-heimgegangen\/#breadcrumb"},"inLanguage":"de","potentialAction":[{"@type":"ReadAction","target":["https:\/\/weltlaeden.de\/sigmaringen\/amigo-don-jose-ist-am-5-januar-2022-im-alter-von-85-jahren-in-fernandez-leider-verstorben-und-in-frieden-heimgegangen\/"]}]},{"@type":"BreadcrumbList","@id":"https:\/\/weltlaeden.de\/sigmaringen\/amigo-don-jose-ist-am-5-januar-2022-im-alter-von-85-jahren-in-fernandez-leider-verstorben-und-in-frieden-heimgegangen\/#breadcrumb","itemListElement":[{"@type":"ListItem","position":1,"name":"Startseite","item":"https:\/\/weltlaeden.de\/sigmaringen\/"},{"@type":"ListItem","position":2,"name":"Amigo Don Jos\u00e9, ist am 5. Januar 2022 im Alter von 85 Jahren in Fernandez leider verstorben und in Frieden heimgegangen"}]},{"@type":"WebSite","@id":"https:\/\/weltlaeden.de\/sigmaringen\/#website","url":"https:\/\/weltlaeden.de\/sigmaringen\/","name":"Weltladen Sigmaringen","description":"Faire Produkte seit 1990","potentialAction":[{"@type":"SearchAction","target":{"@type":"EntryPoint","urlTemplate":"https:\/\/weltlaeden.de\/sigmaringen\/?s={search_term_string}"},"query-input":{"@type":"PropertyValueSpecification","valueRequired":true,"valueName":"search_term_string"}}],"inLanguage":"de"},{"@type":"Person","@id":"https:\/\/weltlaeden.de\/sigmaringen\/#\/schema\/person\/b6807a7b5453b48a7a9b3dc08b7a508f","name":"sigmaringen","image":{"@type":"ImageObject","inLanguage":"de","@id":"https:\/\/weltlaeden.de\/sigmaringen\/#\/schema\/person\/image\/","url":"https:\/\/secure.gravatar.com\/avatar\/9bde4285cae2f34d16795077f21a8149?s=96&d=mm&r=g","contentUrl":"https:\/\/secure.gravatar.com\/avatar\/9bde4285cae2f34d16795077f21a8149?s=96&d=mm&r=g","caption":"sigmaringen"},"url":"https:\/\/weltlaeden.de\/sigmaringen\/author\/sigmaringen\/"}]}},"_links":{"self":[{"href":"https:\/\/weltlaeden.de\/sigmaringen\/wp-json\/wp\/v2\/posts\/1202","targetHints":{"allow":["GET"]}}],"collection":[{"href":"https:\/\/weltlaeden.de\/sigmaringen\/wp-json\/wp\/v2\/posts"}],"about":[{"href":"https:\/\/weltlaeden.de\/sigmaringen\/wp-json\/wp\/v2\/types\/post"}],"author":[{"embeddable":true,"href":"https:\/\/weltlaeden.de\/sigmaringen\/wp-json\/wp\/v2\/users\/196"}],"replies":[{"embeddable":true,"href":"https:\/\/weltlaeden.de\/sigmaringen\/wp-json\/wp\/v2\/comments?post=1202"}],"version-history":[{"count":1,"href":"https:\/\/weltlaeden.de\/sigmaringen\/wp-json\/wp\/v2\/posts\/1202\/revisions"}],"predecessor-version":[{"id":1204,"href":"https:\/\/weltlaeden.de\/sigmaringen\/wp-json\/wp\/v2\/posts\/1202\/revisions\/1204"}],"wp:attachment":[{"href":"https:\/\/weltlaeden.de\/sigmaringen\/wp-json\/wp\/v2\/media?parent=1202"}],"wp:term":[{"taxonomy":"category","embeddable":true,"href":"https:\/\/weltlaeden.de\/sigmaringen\/wp-json\/wp\/v2\/categories?post=1202"},{"taxonomy":"post_tag","embeddable":true,"href":"https:\/\/weltlaeden.de\/sigmaringen\/wp-json\/wp\/v2\/tags?post=1202"}],"curies":[{"name":"wp","href":"https:\/\/api.w.org\/{rel}","templated":true}]}}