{"id":1161,"date":"2021-05-19T15:29:44","date_gmt":"2021-05-19T13:29:44","guid":{"rendered":"https:\/\/weltlaeden.de\/sigmaringen\/?p=1161"},"modified":"2021-05-19T15:29:44","modified_gmt":"2021-05-19T13:29:44","slug":"rudi-reitinger-informiert-und-sammelt-spenden-fuer-das-projekt-in-el-salvador","status":"publish","type":"post","link":"https:\/\/weltlaeden.de\/sigmaringen\/rudi-reitinger-informiert-und-sammelt-spenden-fuer-das-projekt-in-el-salvador\/","title":{"rendered":"Rudi Reitinger informiert und sammelt Spenden f\u00fcr das Projekt in El Salvador"},"content":{"rendered":"<p style=\"text-align: justify\">Lieber Ferdinand und alle Mitglieder des Arbeitskreises,<\/p>\n<p style=\"text-align: justify\">obwohl es bereits eine geraume Weile her ist, dass ich Deine\/Eure e-mail erhalten habe, m\u00f6chte ich mich nachtr\u00e4glich daf\u00fcr bedanken. Inzwischen d\u00fcrftet Ihr ja meinen neuesten Rundbrief vom M\u00e4rz erhalten haben, der leider erst Ende April fertig wurde, in welchem ich \u00fcber die aktuelle Situation vor Ort berichtet habe.<\/p>\n<p style=\"text-align: justify\">Gro\u00dfe Sorgen bereitet uns derzeit vor allem die sehr angespannte politische Situation unter dem vor zwei Jahren gew\u00e4hlten, populistischen Pr\u00e4sidenten, dessen Partei Ende Februar die Wahlen haushoch gewonnen hatte. Im Rundbrief berichtete ich dar\u00fcber. Am 1. Mai, dem Tag, an dem die neu gew\u00e4hlten Abgeordneten ihr Amt antraten, setzten die neuen Abgeordneten auf verfassungswidrige Weise ganz einfach die f\u00fcnf bisherigen Verfassungsrichter ab, sowie den Generalstaatsanwalt und ersetzten alle durch Pr\u00e4sidentennahe Personen. Obwohl der Druck auf den Pr\u00e4sidenten innerhalb des Landes, vor allem aber auch aus dem Ausland sehr stark ist, machte er seine Entscheidungen bisher nicht r\u00fcckg\u00e4ngig. In der deutschen Presse habe ich dar\u00fcber keine Berichte gefunden.<\/p>\n<p style=\"text-align: justify\">Hinsichtlich der Impfungen unserer Senioren kann ich Euch berichten, dass es nach Ostern mit den Impfungen f\u00fcr Senioren ab 80 und danach auch ab 70 Jahren losging. Impfstoff ist der chinesische Impfstoff Sinovac, \u00fcber dessen mangelnden Schutz wir ja bereits im letzten Rundbrief berichtet hatten. Trotzdem haben wir den Senioren geraten, sich impfen zu lassen. Sobald alle Senioren ihre zweite Impfung hinter sich haben wird ACEDIM aufs Neue entscheiden, wie es weitergehen soll. In diesem Zusammenhang muss sicherlich ber\u00fccksichtigt werden, dass sich inzwischen vermehrt auch j\u00fcngere Leute anstecken. Beispielsweise wurden neulich mehrere F\u00e4lle im Gymnasium Segundo Montes bekannt, wo unsere Stipendiaten nach Ostern wieder am Pr\u00e4senzunterricht teilnehmen. Der Unterricht geht trotzdem weiter, als ob nichts passiert w\u00e4re. Der Grund hierf\u00fcr ist wahrscheinlich, dass der Pr\u00e4sident in die Annalen der Geschichte als ein Pr\u00e4sident eingehen m\u00f6chte, der die Pandemie im Lande besiegte. Wir warten daher erst einmal ab, wie sich die Situation im Bereich der Seniorenarbeit entwickelt.<\/p>\n<p style=\"text-align: justify\">Hinsichtlich unseres Bildungsprojekts f\u00fcr Kinder und Jugendliche habe ich weiter oben ja bereits erw\u00e4hnt, dass nach Ostern der Pr\u00e4senzunterricht wieder angefangen hat. Wir wissen noch nicht, wie es finanziell in diesem Jahr weitergehen wird, da die Spenden f\u00fcr unser Projekt, welches wir \u00fcber das Kindermissionswerkt mit verschiedenen Kirchengemeinden bzw. Seelsorgeeinheiten haben, in diesem Jahr ziemlich eingebrochen sind, da die Sternsinger im Januar keine Hausbesuche abstatten konnten. Diese Einbr\u00fcche wollen wir, zumindest partiell, mit den Ersparnissen vom letzten Jahr ausgleichen. Diese hatten sich vor allem deswegen angesammelt, weil im letzten Jahr nur virtuell unterrichtet wurde. Es gab daher Einsparungen beim Schultransport, bei der Schulspeisung, in den Sch\u00fclerwohnheimen etc.<\/p>\n<p style=\"text-align: justify\">Allerdings haben wir ein Finanzproblem in unserer Bibliothek. Im vergangenen Jahr schickten wir an die Rottweiler Dritte Welt Gruppe ein Projekt f\u00fcr den Kauf von 50 B\u00fccherregalen f\u00fcr unsere Bibliothek. Diese Anschaffung war notwendig geworden, da sich der B\u00fccherbestand in den letzten Jahren gewaltig erh\u00f6ht hatte. Diese, im Grunde genommen erfreuliche Tatsache, f\u00fchrte jedoch dazu, dass wir inzwischen keinen Platz mehr haben, um alle B\u00fccher unterzubringen. Zur Finanzierung des Projekts wurden 6.200 \u20ac ben\u00f6tigt, von denen die Rottweiler Gruppe allerdings\u00a0<em>nur<\/em>\u00a03.000 \u20ac bewilligte. Den Grund hierf\u00fcr kennen wir leider nicht, doch wir nehmen an, dass es wegen der Pandemie, bei den Rottweilern zu einem geringeren Spendenaufkommen kam. ACEDIM wollte urspr\u00fcnglich mit einem Eigenbetrag von 700 \u20ac ebenfalls zur Durchf\u00fchrung dieses Projekts beitragen. Wegen der prek\u00e4ren Situation bei den Senioren mussten wir diese, f\u00fcr den Eigenanteil vorgesehenen 700 \u20ac, f\u00fcr die Altenspeisung ausgeben. Zur geplanten Durchf\u00fchrung des Projekts fehlen uns daher insgesamt 3.200 \u20ac. Von einer solidarischen Gruppe aus Schirgiswalde wurden uns 1.000 \u20ac fest zugesagt, so dass\u00a0<em>nur<\/em>\u00a0noch 2.200 \u20ac ben\u00f6tigen werden. Unser Ziel bleibt weiterhin, m\u00f6glichst bald die ben\u00f6tigten B\u00fccherregale anzuschaffen, die in einer Schreinerei in der Gemeinde hergestellt werden sollen. Daher meine Frage: K\u00f6nntet Ihr eventuell den Restbetrag oder einen Teil des Restbetrags \u00fcbernehmen bzw. zusagen? Bitte informiere mich m\u00f6glichst bald \u00fcber Eure Entscheidung, damit wir eine Planungssicherheit bekommen. Soweit zur aktuellen Projektsituation.<\/p>\n<p style=\"text-align: justify\">Zum Schluss m\u00f6chte ich Euch noch sch\u00f6ne Maitage, vor allem jedoch Gesundheit w\u00fcnschen.<\/p>\n<p style=\"text-align: justify\">Es gr\u00fc\u00dft Euch ganz herzlich,<\/p>\n<p style=\"text-align: justify\">Rudi Reitinger<\/p>\n","protected":false},"excerpt":{"rendered":"<p>Lieber Ferdinand und alle Mitglieder des Arbeitskreises, obwohl es bereits eine geraume Weile her ist, dass ich Deine\/Eure e-mail erhalten habe, m\u00f6chte ich mich nachtr\u00e4glich daf\u00fcr bedanken. Inzwischen d\u00fcrftet Ihr ja meinen neuesten Rundbrief vom M\u00e4rz erhalten haben, der leider erst Ende April fertig wurde, in welchem ich \u00fcber die aktuelle Situation vor Ort berichtet&hellip;<\/p>\n","protected":false},"author":196,"featured_media":0,"comment_status":"closed","ping_status":"closed","sticky":false,"template":"","format":"standard","meta":{"footnotes":""},"categories":[1],"tags":[],"class_list":["post-1161","post","type-post","status-publish","format-standard","hentry","category-allgemein","category-1","description-off"],"yoast_head":"<!-- This site is optimized with the Yoast SEO plugin v26.8 - https:\/\/yoast.com\/product\/yoast-seo-wordpress\/ -->\n<title>Rudi Reitinger informiert und sammelt Spenden f\u00fcr das Projekt in El Salvador - Weltladen Sigmaringen<\/title>\n<meta name=\"robots\" content=\"index, follow, max-snippet:-1, max-image-preview:large, max-video-preview:-1\" \/>\n<link rel=\"canonical\" href=\"https:\/\/weltlaeden.de\/sigmaringen\/rudi-reitinger-informiert-und-sammelt-spenden-fuer-das-projekt-in-el-salvador\/\" \/>\n<meta property=\"og:locale\" content=\"de_DE\" \/>\n<meta property=\"og:type\" content=\"article\" \/>\n<meta property=\"og:title\" content=\"Rudi Reitinger informiert und sammelt Spenden f\u00fcr das Projekt in El Salvador - Weltladen Sigmaringen\" \/>\n<meta property=\"og:description\" content=\"Lieber Ferdinand und alle Mitglieder des Arbeitskreises, obwohl es bereits eine geraume Weile her ist, dass ich Deine\/Eure e-mail erhalten habe, m\u00f6chte ich mich nachtr\u00e4glich daf\u00fcr bedanken. Inzwischen d\u00fcrftet Ihr ja meinen neuesten Rundbrief vom M\u00e4rz erhalten haben, der leider erst Ende April fertig wurde, in welchem ich \u00fcber die aktuelle Situation vor Ort berichtet&hellip;\" \/>\n<meta property=\"og:url\" content=\"https:\/\/weltlaeden.de\/sigmaringen\/rudi-reitinger-informiert-und-sammelt-spenden-fuer-das-projekt-in-el-salvador\/\" \/>\n<meta property=\"og:site_name\" content=\"Weltladen Sigmaringen\" \/>\n<meta property=\"article:published_time\" content=\"2021-05-19T13:29:44+00:00\" \/>\n<meta name=\"author\" content=\"sigmaringen\" \/>\n<meta name=\"twitter:card\" content=\"summary_large_image\" \/>\n<meta name=\"twitter:label1\" content=\"Verfasst von\" \/>\n\t<meta name=\"twitter:data1\" content=\"sigmaringen\" \/>\n\t<meta name=\"twitter:label2\" content=\"Gesch\u00e4tzte Lesezeit\" \/>\n\t<meta name=\"twitter:data2\" content=\"4\u00a0Minuten\" \/>\n<script type=\"application\/ld+json\" class=\"yoast-schema-graph\">{\"@context\":\"https:\/\/schema.org\",\"@graph\":[{\"@type\":\"Article\",\"@id\":\"https:\/\/weltlaeden.de\/sigmaringen\/rudi-reitinger-informiert-und-sammelt-spenden-fuer-das-projekt-in-el-salvador\/#article\",\"isPartOf\":{\"@id\":\"https:\/\/weltlaeden.de\/sigmaringen\/rudi-reitinger-informiert-und-sammelt-spenden-fuer-das-projekt-in-el-salvador\/\"},\"author\":{\"name\":\"sigmaringen\",\"@id\":\"https:\/\/weltlaeden.de\/sigmaringen\/#\/schema\/person\/b6807a7b5453b48a7a9b3dc08b7a508f\"},\"headline\":\"Rudi Reitinger informiert und sammelt Spenden f\u00fcr das Projekt in El Salvador\",\"datePublished\":\"2021-05-19T13:29:44+00:00\",\"mainEntityOfPage\":{\"@id\":\"https:\/\/weltlaeden.de\/sigmaringen\/rudi-reitinger-informiert-und-sammelt-spenden-fuer-das-projekt-in-el-salvador\/\"},\"wordCount\":726,\"articleSection\":[\"Keine Kategorie\"],\"inLanguage\":\"de\"},{\"@type\":\"WebPage\",\"@id\":\"https:\/\/weltlaeden.de\/sigmaringen\/rudi-reitinger-informiert-und-sammelt-spenden-fuer-das-projekt-in-el-salvador\/\",\"url\":\"https:\/\/weltlaeden.de\/sigmaringen\/rudi-reitinger-informiert-und-sammelt-spenden-fuer-das-projekt-in-el-salvador\/\",\"name\":\"Rudi Reitinger informiert und sammelt Spenden f\u00fcr das Projekt in El Salvador - Weltladen Sigmaringen\",\"isPartOf\":{\"@id\":\"https:\/\/weltlaeden.de\/sigmaringen\/#website\"},\"datePublished\":\"2021-05-19T13:29:44+00:00\",\"author\":{\"@id\":\"https:\/\/weltlaeden.de\/sigmaringen\/#\/schema\/person\/b6807a7b5453b48a7a9b3dc08b7a508f\"},\"breadcrumb\":{\"@id\":\"https:\/\/weltlaeden.de\/sigmaringen\/rudi-reitinger-informiert-und-sammelt-spenden-fuer-das-projekt-in-el-salvador\/#breadcrumb\"},\"inLanguage\":\"de\",\"potentialAction\":[{\"@type\":\"ReadAction\",\"target\":[\"https:\/\/weltlaeden.de\/sigmaringen\/rudi-reitinger-informiert-und-sammelt-spenden-fuer-das-projekt-in-el-salvador\/\"]}]},{\"@type\":\"BreadcrumbList\",\"@id\":\"https:\/\/weltlaeden.de\/sigmaringen\/rudi-reitinger-informiert-und-sammelt-spenden-fuer-das-projekt-in-el-salvador\/#breadcrumb\",\"itemListElement\":[{\"@type\":\"ListItem\",\"position\":1,\"name\":\"Startseite\",\"item\":\"https:\/\/weltlaeden.de\/sigmaringen\/\"},{\"@type\":\"ListItem\",\"position\":2,\"name\":\"Rudi Reitinger informiert und sammelt Spenden f\u00fcr das Projekt in El Salvador\"}]},{\"@type\":\"WebSite\",\"@id\":\"https:\/\/weltlaeden.de\/sigmaringen\/#website\",\"url\":\"https:\/\/weltlaeden.de\/sigmaringen\/\",\"name\":\"Weltladen Sigmaringen\",\"description\":\"Faire Produkte seit 1990\",\"potentialAction\":[{\"@type\":\"SearchAction\",\"target\":{\"@type\":\"EntryPoint\",\"urlTemplate\":\"https:\/\/weltlaeden.de\/sigmaringen\/?s={search_term_string}\"},\"query-input\":{\"@type\":\"PropertyValueSpecification\",\"valueRequired\":true,\"valueName\":\"search_term_string\"}}],\"inLanguage\":\"de\"},{\"@type\":\"Person\",\"@id\":\"https:\/\/weltlaeden.de\/sigmaringen\/#\/schema\/person\/b6807a7b5453b48a7a9b3dc08b7a508f\",\"name\":\"sigmaringen\",\"image\":{\"@type\":\"ImageObject\",\"inLanguage\":\"de\",\"@id\":\"https:\/\/weltlaeden.de\/sigmaringen\/#\/schema\/person\/image\/\",\"url\":\"https:\/\/secure.gravatar.com\/avatar\/9bde4285cae2f34d16795077f21a8149?s=96&d=mm&r=g\",\"contentUrl\":\"https:\/\/secure.gravatar.com\/avatar\/9bde4285cae2f34d16795077f21a8149?s=96&d=mm&r=g\",\"caption\":\"sigmaringen\"},\"url\":\"https:\/\/weltlaeden.de\/sigmaringen\/author\/sigmaringen\/\"}]}<\/script>\n<!-- \/ Yoast SEO plugin. -->","yoast_head_json":{"title":"Rudi Reitinger informiert und sammelt Spenden f\u00fcr das Projekt in El Salvador - Weltladen Sigmaringen","robots":{"index":"index","follow":"follow","max-snippet":"max-snippet:-1","max-image-preview":"max-image-preview:large","max-video-preview":"max-video-preview:-1"},"canonical":"https:\/\/weltlaeden.de\/sigmaringen\/rudi-reitinger-informiert-und-sammelt-spenden-fuer-das-projekt-in-el-salvador\/","og_locale":"de_DE","og_type":"article","og_title":"Rudi Reitinger informiert und sammelt Spenden f\u00fcr das Projekt in El Salvador - Weltladen Sigmaringen","og_description":"Lieber Ferdinand und alle Mitglieder des Arbeitskreises, obwohl es bereits eine geraume Weile her ist, dass ich Deine\/Eure e-mail erhalten habe, m\u00f6chte ich mich nachtr\u00e4glich daf\u00fcr bedanken. Inzwischen d\u00fcrftet Ihr ja meinen neuesten Rundbrief vom M\u00e4rz erhalten haben, der leider erst Ende April fertig wurde, in welchem ich \u00fcber die aktuelle Situation vor Ort berichtet&hellip;","og_url":"https:\/\/weltlaeden.de\/sigmaringen\/rudi-reitinger-informiert-und-sammelt-spenden-fuer-das-projekt-in-el-salvador\/","og_site_name":"Weltladen Sigmaringen","article_published_time":"2021-05-19T13:29:44+00:00","author":"sigmaringen","twitter_card":"summary_large_image","twitter_misc":{"Verfasst von":"sigmaringen","Gesch\u00e4tzte Lesezeit":"4\u00a0Minuten"},"schema":{"@context":"https:\/\/schema.org","@graph":[{"@type":"Article","@id":"https:\/\/weltlaeden.de\/sigmaringen\/rudi-reitinger-informiert-und-sammelt-spenden-fuer-das-projekt-in-el-salvador\/#article","isPartOf":{"@id":"https:\/\/weltlaeden.de\/sigmaringen\/rudi-reitinger-informiert-und-sammelt-spenden-fuer-das-projekt-in-el-salvador\/"},"author":{"name":"sigmaringen","@id":"https:\/\/weltlaeden.de\/sigmaringen\/#\/schema\/person\/b6807a7b5453b48a7a9b3dc08b7a508f"},"headline":"Rudi Reitinger informiert und sammelt Spenden f\u00fcr das Projekt in El Salvador","datePublished":"2021-05-19T13:29:44+00:00","mainEntityOfPage":{"@id":"https:\/\/weltlaeden.de\/sigmaringen\/rudi-reitinger-informiert-und-sammelt-spenden-fuer-das-projekt-in-el-salvador\/"},"wordCount":726,"articleSection":["Keine Kategorie"],"inLanguage":"de"},{"@type":"WebPage","@id":"https:\/\/weltlaeden.de\/sigmaringen\/rudi-reitinger-informiert-und-sammelt-spenden-fuer-das-projekt-in-el-salvador\/","url":"https:\/\/weltlaeden.de\/sigmaringen\/rudi-reitinger-informiert-und-sammelt-spenden-fuer-das-projekt-in-el-salvador\/","name":"Rudi Reitinger informiert und sammelt Spenden f\u00fcr das Projekt in El Salvador - Weltladen Sigmaringen","isPartOf":{"@id":"https:\/\/weltlaeden.de\/sigmaringen\/#website"},"datePublished":"2021-05-19T13:29:44+00:00","author":{"@id":"https:\/\/weltlaeden.de\/sigmaringen\/#\/schema\/person\/b6807a7b5453b48a7a9b3dc08b7a508f"},"breadcrumb":{"@id":"https:\/\/weltlaeden.de\/sigmaringen\/rudi-reitinger-informiert-und-sammelt-spenden-fuer-das-projekt-in-el-salvador\/#breadcrumb"},"inLanguage":"de","potentialAction":[{"@type":"ReadAction","target":["https:\/\/weltlaeden.de\/sigmaringen\/rudi-reitinger-informiert-und-sammelt-spenden-fuer-das-projekt-in-el-salvador\/"]}]},{"@type":"BreadcrumbList","@id":"https:\/\/weltlaeden.de\/sigmaringen\/rudi-reitinger-informiert-und-sammelt-spenden-fuer-das-projekt-in-el-salvador\/#breadcrumb","itemListElement":[{"@type":"ListItem","position":1,"name":"Startseite","item":"https:\/\/weltlaeden.de\/sigmaringen\/"},{"@type":"ListItem","position":2,"name":"Rudi Reitinger informiert und sammelt Spenden f\u00fcr das Projekt in El Salvador"}]},{"@type":"WebSite","@id":"https:\/\/weltlaeden.de\/sigmaringen\/#website","url":"https:\/\/weltlaeden.de\/sigmaringen\/","name":"Weltladen Sigmaringen","description":"Faire Produkte seit 1990","potentialAction":[{"@type":"SearchAction","target":{"@type":"EntryPoint","urlTemplate":"https:\/\/weltlaeden.de\/sigmaringen\/?s={search_term_string}"},"query-input":{"@type":"PropertyValueSpecification","valueRequired":true,"valueName":"search_term_string"}}],"inLanguage":"de"},{"@type":"Person","@id":"https:\/\/weltlaeden.de\/sigmaringen\/#\/schema\/person\/b6807a7b5453b48a7a9b3dc08b7a508f","name":"sigmaringen","image":{"@type":"ImageObject","inLanguage":"de","@id":"https:\/\/weltlaeden.de\/sigmaringen\/#\/schema\/person\/image\/","url":"https:\/\/secure.gravatar.com\/avatar\/9bde4285cae2f34d16795077f21a8149?s=96&d=mm&r=g","contentUrl":"https:\/\/secure.gravatar.com\/avatar\/9bde4285cae2f34d16795077f21a8149?s=96&d=mm&r=g","caption":"sigmaringen"},"url":"https:\/\/weltlaeden.de\/sigmaringen\/author\/sigmaringen\/"}]}},"_links":{"self":[{"href":"https:\/\/weltlaeden.de\/sigmaringen\/wp-json\/wp\/v2\/posts\/1161","targetHints":{"allow":["GET"]}}],"collection":[{"href":"https:\/\/weltlaeden.de\/sigmaringen\/wp-json\/wp\/v2\/posts"}],"about":[{"href":"https:\/\/weltlaeden.de\/sigmaringen\/wp-json\/wp\/v2\/types\/post"}],"author":[{"embeddable":true,"href":"https:\/\/weltlaeden.de\/sigmaringen\/wp-json\/wp\/v2\/users\/196"}],"replies":[{"embeddable":true,"href":"https:\/\/weltlaeden.de\/sigmaringen\/wp-json\/wp\/v2\/comments?post=1161"}],"version-history":[{"count":1,"href":"https:\/\/weltlaeden.de\/sigmaringen\/wp-json\/wp\/v2\/posts\/1161\/revisions"}],"predecessor-version":[{"id":1162,"href":"https:\/\/weltlaeden.de\/sigmaringen\/wp-json\/wp\/v2\/posts\/1161\/revisions\/1162"}],"wp:attachment":[{"href":"https:\/\/weltlaeden.de\/sigmaringen\/wp-json\/wp\/v2\/media?parent=1161"}],"wp:term":[{"taxonomy":"category","embeddable":true,"href":"https:\/\/weltlaeden.de\/sigmaringen\/wp-json\/wp\/v2\/categories?post=1161"},{"taxonomy":"post_tag","embeddable":true,"href":"https:\/\/weltlaeden.de\/sigmaringen\/wp-json\/wp\/v2\/tags?post=1161"}],"curies":[{"name":"wp","href":"https:\/\/api.w.org\/{rel}","templated":true}]}}