{"id":1137,"date":"2020-12-23T15:11:00","date_gmt":"2020-12-23T14:11:00","guid":{"rendered":"https:\/\/weltlaeden.de\/sigmaringen\/?p=1137"},"modified":"2020-12-23T15:12:51","modified_gmt":"2020-12-23T14:12:51","slug":"weihnachtsgruesse-von-hubert-kastner-aus-laos","status":"publish","type":"post","link":"https:\/\/weltlaeden.de\/sigmaringen\/weihnachtsgruesse-von-hubert-kastner-aus-laos\/","title":{"rendered":"Weihnachtsgr\u00fc\u00dfe von Hubert Kastner aus Laos"},"content":{"rendered":"<p style=\"text-align: justify\"><img loading=\"lazy\" decoding=\"async\" class=\"size-medium wp-image-1134 aligncenter\" src=\"https:\/\/weltlaeden.de\/sigmaringen\/wp-content\/uploads\/sites\/134\/2020\/12\/20200929_171513-234x300.jpg\" alt=\"\" width=\"234\" height=\"300\" srcset=\"https:\/\/weltlaeden.de\/sigmaringen\/wp-content\/uploads\/sites\/134\/2020\/12\/20200929_171513-234x300.jpg 234w, https:\/\/weltlaeden.de\/sigmaringen\/wp-content\/uploads\/sites\/134\/2020\/12\/20200929_171513.jpg 250w\" sizes=\"auto, (max-width: 234px) 100vw, 234px\" \/><\/p>\n<p style=\"text-align: justify\">Guten Abend liebe Beate, lieber Ferdinand, liebe Freunde vom AK Eine Welt Sigmaringen,<\/p>\n<p style=\"text-align: justify\">es hat mich sehr gefreut, von Euch diese Nachricht erhalten zu haben. Auch hoffe ich sehr, dass Ihr und all Eure Lieben, trotz aller Gefahren, wohlauf seid.<br \/>\nDank der Nachfrage &#8211; mir geht es wieder wesentlich besser.<br \/>\nDie Zeit eilt dahin, und ordentliches Planen ist kaum noch m\u00f6glich. So sollte mein Aufenthalt im Leprakrankenhaus nur ca 2 Monate dauern. Kaum angekommen im Anandaban Hospital, der 1. Lockdown &#8211; dann 5 weitere Male. Das war kein zu gro\u00dfes Problem, da ich auf dem Hospitalgrundst\u00fcck, hoch im Wald, wohnen u. meine Mission durchf\u00fchren konnte.<br \/>\nDennoch nicht einfach, da man in dieser Gegend keine M\u00f6glichkeiten hatte, Wichtiges vor Ort zu erhalten. Durch gute Kontakte konnte ich allm\u00e4hlich Waren und Geschenke f\u00fcr die Leprakranken von Kathmandu besorgen lassen. Neue, interessante Erfahrungen.<\/p>\n<p style=\"text-align: justify\">Urspr\u00fcnglich wollte ich von Nepal zur\u00fcck zur Basis, Laos, um dort alle Freunde auszur\u00fcsten. Die Ausreise war f\u00fcr l\u00e4ngere Zeit nicht m\u00f6glich, eine Einreise zur\u00fcck nach Laos unm\u00f6glich!<br \/>\nErst im Juli erhielt ich die M\u00f6glichkeit mit einem Flugzeug der Quatar Airways, nach Deutschland auszufliegen. Die Coronasituation war bereits Woche f\u00fcr Woche sehr riskant geworden. Das lag auch daran, dass die Nepalesen die Grenzen zu Indien und China nicht sicher kontrollierten und deshalb st\u00e4ndig Menschen illegal die Grenzen passierten.<br \/>\nGott sei es gedankt, hatte ich einen zuverl\u00e4ssigen Kontakt zu einer Amerikanerin in Laos, die seit 12 Jahren mit Kinderprojekten besch\u00e4ftigt war. Ihr konnte ich den Auftrag f\u00fcr die weitere Reisversorgung f\u00fcr unsere Leprafreunde zumuten.<br \/>\nAls ich in Deutschland ankam, verlief nicht alles wie gew\u00fcnscht: Zuerst eine Nasenoperation in Regensburg, kaum verheilt bekam ich Herpes Zoster (Gesichtsrose), l\u00e4ngerer Krankenhausaufenthalt in Augsburg, gleich drauf musste ich zum Zahnchirurgen in Neuburg. Das war etwas zuviel auf einmal! Und sehr schmerzhaft. Bis heute ist der Gesichtsschmerz nicht ganz gewichen. Dann denke ich immer an unsere Leprafreunde, und wieviel Schmerz und Leid diese \u00fcber so viele Jahre ertragen m\u00fcssen &#8211; dann habe ich keinen Grund zu Jammern.<br \/>\nDennoch bin ich sehr damit besch\u00e4ftigt, unseren Freunden in Laos, jetzt zur Weihnachtszeit, wieder eine neue Ration @ 50 kg pro Person, zukommen zu lassen. Da die Amerikanerin nun endlich in ihre Heimat zur\u00fcckreisen konnte, sandte ich das Geld f\u00fcr 1500 kg besten Stickyreis einem Australier aus meiner Kirchengemeinde in Pakse. F\u00fcr die sehr aufwendigen Erledigungen bekommt er auch einen Bonus daf\u00fcr. Gewiss f\u00e4llt es mir \u00fcberhaupt nicht leicht, nicht selbst diese Aufgaben durchzuf\u00fchren, da ich auch seit vielen Jahren Weihnachten und Neujahr in den D\u00f6rfern verbringe und viele extra Geschenke an diese lieben Menschen verteile. Dank Eurer treuen und g\u00fctigen Hilfe! Sonst w\u00e4re das nicht in diesem Masse m\u00f6glich. Wir sch\u00e4tzen dies enorm!<br \/>\nManfred u. der Verein hatte erst vor kurzer Zeit auch wieder mitgeholfen um die neuen Lieferungen zu erm\u00f6glichen. In der Zwischenzeit versuche ich auch noch ein paar kleine Dinge hier in Deutschland zu ver\u00e4ussern, um dann, hoffentlich bald, wieder selbst die Mission durchf\u00fchren zu k\u00f6nnen.<br \/>\nEs w\u00e4re mein grosser Wunsch gewesen, Euch endlich wieder pers\u00f6nlich zu Sehen und zu Sprechen. Momentan ist es leider nicht so ideal ein Treffen zu vereinbaren. Oder?<\/p>\n<p style=\"text-align: justify\">Wie wird es weitergehen? Ich denke, nur Gott weiss dies! Und alles hat einen Grund und Sinn.<br \/>\nSo versuche ich weiterhin Geduld und Demut zu \u00fcben. Und beten wir, dass der Herr eine baldige L\u00f6sung f\u00fcr die gesamte Menschheit bereit h\u00e4lt.<\/p>\n<p style=\"text-align: justify\">Ich w\u00fcnsche Euch, all Euren Lieben und allen Mithelfern des Arbeitskreises Eine Welt Sigmaringen eine gesegnete Weihnachtszeit, mit Freude und Gesundheit erf\u00fcllt.<\/p>\n<p style=\"text-align: justify\">Von Herzen Dank f\u00fcr Eure Teilnahme!<\/p>\n<p style=\"text-align: justify\">Schalom<\/p>\n","protected":false},"excerpt":{"rendered":"<p>Guten Abend liebe Beate, lieber Ferdinand, liebe Freunde vom AK Eine Welt Sigmaringen, es hat mich sehr gefreut, von Euch diese Nachricht erhalten zu haben. Auch hoffe ich sehr, dass Ihr und all Eure Lieben, trotz aller Gefahren, wohlauf seid. Dank der Nachfrage &#8211; mir geht es wieder wesentlich besser. Die Zeit eilt dahin, und&hellip;<\/p>\n","protected":false},"author":196,"featured_media":0,"comment_status":"closed","ping_status":"closed","sticky":false,"template":"","format":"standard","meta":{"footnotes":""},"categories":[1],"tags":[],"class_list":["post-1137","post","type-post","status-publish","format-standard","hentry","category-allgemein","category-1","description-off"],"yoast_head":"<!-- This site is optimized with the Yoast SEO plugin v26.8 - https:\/\/yoast.com\/product\/yoast-seo-wordpress\/ -->\n<title>Weihnachtsgr\u00fc\u00dfe von Hubert Kastner aus Laos - Weltladen Sigmaringen<\/title>\n<meta name=\"robots\" content=\"index, follow, max-snippet:-1, max-image-preview:large, max-video-preview:-1\" \/>\n<link rel=\"canonical\" href=\"https:\/\/weltlaeden.de\/sigmaringen\/weihnachtsgruesse-von-hubert-kastner-aus-laos\/\" \/>\n<meta property=\"og:locale\" content=\"de_DE\" \/>\n<meta property=\"og:type\" content=\"article\" \/>\n<meta property=\"og:title\" content=\"Weihnachtsgr\u00fc\u00dfe von Hubert Kastner aus Laos - Weltladen Sigmaringen\" \/>\n<meta property=\"og:description\" content=\"Guten Abend liebe Beate, lieber Ferdinand, liebe Freunde vom AK Eine Welt Sigmaringen, es hat mich sehr gefreut, von Euch diese Nachricht erhalten zu haben. Auch hoffe ich sehr, dass Ihr und all Eure Lieben, trotz aller Gefahren, wohlauf seid. Dank der Nachfrage &#8211; mir geht es wieder wesentlich besser. Die Zeit eilt dahin, und&hellip;\" \/>\n<meta property=\"og:url\" content=\"https:\/\/weltlaeden.de\/sigmaringen\/weihnachtsgruesse-von-hubert-kastner-aus-laos\/\" \/>\n<meta property=\"og:site_name\" content=\"Weltladen Sigmaringen\" \/>\n<meta property=\"article:published_time\" content=\"2020-12-23T14:11:00+00:00\" \/>\n<meta property=\"article:modified_time\" content=\"2020-12-23T14:12:51+00:00\" \/>\n<meta property=\"og:image\" content=\"https:\/\/weltlaeden.de\/sigmaringen\/wp-content\/uploads\/sites\/134\/2020\/12\/20200929_171513-234x300.jpg\" \/>\n<meta name=\"author\" content=\"sigmaringen\" \/>\n<meta name=\"twitter:card\" content=\"summary_large_image\" \/>\n<meta name=\"twitter:label1\" content=\"Verfasst von\" \/>\n\t<meta name=\"twitter:data1\" content=\"sigmaringen\" \/>\n\t<meta name=\"twitter:label2\" content=\"Gesch\u00e4tzte Lesezeit\" \/>\n\t<meta name=\"twitter:data2\" content=\"3\u00a0Minuten\" \/>\n<script type=\"application\/ld+json\" class=\"yoast-schema-graph\">{\"@context\":\"https:\/\/schema.org\",\"@graph\":[{\"@type\":\"Article\",\"@id\":\"https:\/\/weltlaeden.de\/sigmaringen\/weihnachtsgruesse-von-hubert-kastner-aus-laos\/#article\",\"isPartOf\":{\"@id\":\"https:\/\/weltlaeden.de\/sigmaringen\/weihnachtsgruesse-von-hubert-kastner-aus-laos\/\"},\"author\":{\"name\":\"sigmaringen\",\"@id\":\"https:\/\/weltlaeden.de\/sigmaringen\/#\/schema\/person\/b6807a7b5453b48a7a9b3dc08b7a508f\"},\"headline\":\"Weihnachtsgr\u00fc\u00dfe von Hubert Kastner aus Laos\",\"datePublished\":\"2020-12-23T14:11:00+00:00\",\"dateModified\":\"2020-12-23T14:12:51+00:00\",\"mainEntityOfPage\":{\"@id\":\"https:\/\/weltlaeden.de\/sigmaringen\/weihnachtsgruesse-von-hubert-kastner-aus-laos\/\"},\"wordCount\":636,\"image\":{\"@id\":\"https:\/\/weltlaeden.de\/sigmaringen\/weihnachtsgruesse-von-hubert-kastner-aus-laos\/#primaryimage\"},\"thumbnailUrl\":\"https:\/\/weltlaeden.de\/sigmaringen\/wp-content\/uploads\/sites\/134\/2020\/12\/20200929_171513-234x300.jpg\",\"articleSection\":[\"Keine Kategorie\"],\"inLanguage\":\"de\"},{\"@type\":\"WebPage\",\"@id\":\"https:\/\/weltlaeden.de\/sigmaringen\/weihnachtsgruesse-von-hubert-kastner-aus-laos\/\",\"url\":\"https:\/\/weltlaeden.de\/sigmaringen\/weihnachtsgruesse-von-hubert-kastner-aus-laos\/\",\"name\":\"Weihnachtsgr\u00fc\u00dfe von Hubert Kastner aus Laos - Weltladen Sigmaringen\",\"isPartOf\":{\"@id\":\"https:\/\/weltlaeden.de\/sigmaringen\/#website\"},\"primaryImageOfPage\":{\"@id\":\"https:\/\/weltlaeden.de\/sigmaringen\/weihnachtsgruesse-von-hubert-kastner-aus-laos\/#primaryimage\"},\"image\":{\"@id\":\"https:\/\/weltlaeden.de\/sigmaringen\/weihnachtsgruesse-von-hubert-kastner-aus-laos\/#primaryimage\"},\"thumbnailUrl\":\"https:\/\/weltlaeden.de\/sigmaringen\/wp-content\/uploads\/sites\/134\/2020\/12\/20200929_171513-234x300.jpg\",\"datePublished\":\"2020-12-23T14:11:00+00:00\",\"dateModified\":\"2020-12-23T14:12:51+00:00\",\"author\":{\"@id\":\"https:\/\/weltlaeden.de\/sigmaringen\/#\/schema\/person\/b6807a7b5453b48a7a9b3dc08b7a508f\"},\"breadcrumb\":{\"@id\":\"https:\/\/weltlaeden.de\/sigmaringen\/weihnachtsgruesse-von-hubert-kastner-aus-laos\/#breadcrumb\"},\"inLanguage\":\"de\",\"potentialAction\":[{\"@type\":\"ReadAction\",\"target\":[\"https:\/\/weltlaeden.de\/sigmaringen\/weihnachtsgruesse-von-hubert-kastner-aus-laos\/\"]}]},{\"@type\":\"ImageObject\",\"inLanguage\":\"de\",\"@id\":\"https:\/\/weltlaeden.de\/sigmaringen\/weihnachtsgruesse-von-hubert-kastner-aus-laos\/#primaryimage\",\"url\":\"https:\/\/weltlaeden.de\/sigmaringen\/wp-content\/uploads\/sites\/134\/2020\/12\/20200929_171513.jpg\",\"contentUrl\":\"https:\/\/weltlaeden.de\/sigmaringen\/wp-content\/uploads\/sites\/134\/2020\/12\/20200929_171513.jpg\",\"width\":250,\"height\":320},{\"@type\":\"BreadcrumbList\",\"@id\":\"https:\/\/weltlaeden.de\/sigmaringen\/weihnachtsgruesse-von-hubert-kastner-aus-laos\/#breadcrumb\",\"itemListElement\":[{\"@type\":\"ListItem\",\"position\":1,\"name\":\"Startseite\",\"item\":\"https:\/\/weltlaeden.de\/sigmaringen\/\"},{\"@type\":\"ListItem\",\"position\":2,\"name\":\"Weihnachtsgr\u00fc\u00dfe von Hubert Kastner aus Laos\"}]},{\"@type\":\"WebSite\",\"@id\":\"https:\/\/weltlaeden.de\/sigmaringen\/#website\",\"url\":\"https:\/\/weltlaeden.de\/sigmaringen\/\",\"name\":\"Weltladen Sigmaringen\",\"description\":\"Faire Produkte seit 1990\",\"potentialAction\":[{\"@type\":\"SearchAction\",\"target\":{\"@type\":\"EntryPoint\",\"urlTemplate\":\"https:\/\/weltlaeden.de\/sigmaringen\/?s={search_term_string}\"},\"query-input\":{\"@type\":\"PropertyValueSpecification\",\"valueRequired\":true,\"valueName\":\"search_term_string\"}}],\"inLanguage\":\"de\"},{\"@type\":\"Person\",\"@id\":\"https:\/\/weltlaeden.de\/sigmaringen\/#\/schema\/person\/b6807a7b5453b48a7a9b3dc08b7a508f\",\"name\":\"sigmaringen\",\"image\":{\"@type\":\"ImageObject\",\"inLanguage\":\"de\",\"@id\":\"https:\/\/weltlaeden.de\/sigmaringen\/#\/schema\/person\/image\/\",\"url\":\"https:\/\/secure.gravatar.com\/avatar\/9bde4285cae2f34d16795077f21a8149?s=96&d=mm&r=g\",\"contentUrl\":\"https:\/\/secure.gravatar.com\/avatar\/9bde4285cae2f34d16795077f21a8149?s=96&d=mm&r=g\",\"caption\":\"sigmaringen\"},\"url\":\"https:\/\/weltlaeden.de\/sigmaringen\/author\/sigmaringen\/\"}]}<\/script>\n<!-- \/ Yoast SEO plugin. -->","yoast_head_json":{"title":"Weihnachtsgr\u00fc\u00dfe von Hubert Kastner aus Laos - Weltladen Sigmaringen","robots":{"index":"index","follow":"follow","max-snippet":"max-snippet:-1","max-image-preview":"max-image-preview:large","max-video-preview":"max-video-preview:-1"},"canonical":"https:\/\/weltlaeden.de\/sigmaringen\/weihnachtsgruesse-von-hubert-kastner-aus-laos\/","og_locale":"de_DE","og_type":"article","og_title":"Weihnachtsgr\u00fc\u00dfe von Hubert Kastner aus Laos - Weltladen Sigmaringen","og_description":"Guten Abend liebe Beate, lieber Ferdinand, liebe Freunde vom AK Eine Welt Sigmaringen, es hat mich sehr gefreut, von Euch diese Nachricht erhalten zu haben. Auch hoffe ich sehr, dass Ihr und all Eure Lieben, trotz aller Gefahren, wohlauf seid. Dank der Nachfrage &#8211; mir geht es wieder wesentlich besser. Die Zeit eilt dahin, und&hellip;","og_url":"https:\/\/weltlaeden.de\/sigmaringen\/weihnachtsgruesse-von-hubert-kastner-aus-laos\/","og_site_name":"Weltladen Sigmaringen","article_published_time":"2020-12-23T14:11:00+00:00","article_modified_time":"2020-12-23T14:12:51+00:00","og_image":[{"url":"https:\/\/weltlaeden.de\/sigmaringen\/wp-content\/uploads\/sites\/134\/2020\/12\/20200929_171513-234x300.jpg","type":"","width":"","height":""}],"author":"sigmaringen","twitter_card":"summary_large_image","twitter_misc":{"Verfasst von":"sigmaringen","Gesch\u00e4tzte Lesezeit":"3\u00a0Minuten"},"schema":{"@context":"https:\/\/schema.org","@graph":[{"@type":"Article","@id":"https:\/\/weltlaeden.de\/sigmaringen\/weihnachtsgruesse-von-hubert-kastner-aus-laos\/#article","isPartOf":{"@id":"https:\/\/weltlaeden.de\/sigmaringen\/weihnachtsgruesse-von-hubert-kastner-aus-laos\/"},"author":{"name":"sigmaringen","@id":"https:\/\/weltlaeden.de\/sigmaringen\/#\/schema\/person\/b6807a7b5453b48a7a9b3dc08b7a508f"},"headline":"Weihnachtsgr\u00fc\u00dfe von Hubert Kastner aus Laos","datePublished":"2020-12-23T14:11:00+00:00","dateModified":"2020-12-23T14:12:51+00:00","mainEntityOfPage":{"@id":"https:\/\/weltlaeden.de\/sigmaringen\/weihnachtsgruesse-von-hubert-kastner-aus-laos\/"},"wordCount":636,"image":{"@id":"https:\/\/weltlaeden.de\/sigmaringen\/weihnachtsgruesse-von-hubert-kastner-aus-laos\/#primaryimage"},"thumbnailUrl":"https:\/\/weltlaeden.de\/sigmaringen\/wp-content\/uploads\/sites\/134\/2020\/12\/20200929_171513-234x300.jpg","articleSection":["Keine Kategorie"],"inLanguage":"de"},{"@type":"WebPage","@id":"https:\/\/weltlaeden.de\/sigmaringen\/weihnachtsgruesse-von-hubert-kastner-aus-laos\/","url":"https:\/\/weltlaeden.de\/sigmaringen\/weihnachtsgruesse-von-hubert-kastner-aus-laos\/","name":"Weihnachtsgr\u00fc\u00dfe von Hubert Kastner aus Laos - Weltladen Sigmaringen","isPartOf":{"@id":"https:\/\/weltlaeden.de\/sigmaringen\/#website"},"primaryImageOfPage":{"@id":"https:\/\/weltlaeden.de\/sigmaringen\/weihnachtsgruesse-von-hubert-kastner-aus-laos\/#primaryimage"},"image":{"@id":"https:\/\/weltlaeden.de\/sigmaringen\/weihnachtsgruesse-von-hubert-kastner-aus-laos\/#primaryimage"},"thumbnailUrl":"https:\/\/weltlaeden.de\/sigmaringen\/wp-content\/uploads\/sites\/134\/2020\/12\/20200929_171513-234x300.jpg","datePublished":"2020-12-23T14:11:00+00:00","dateModified":"2020-12-23T14:12:51+00:00","author":{"@id":"https:\/\/weltlaeden.de\/sigmaringen\/#\/schema\/person\/b6807a7b5453b48a7a9b3dc08b7a508f"},"breadcrumb":{"@id":"https:\/\/weltlaeden.de\/sigmaringen\/weihnachtsgruesse-von-hubert-kastner-aus-laos\/#breadcrumb"},"inLanguage":"de","potentialAction":[{"@type":"ReadAction","target":["https:\/\/weltlaeden.de\/sigmaringen\/weihnachtsgruesse-von-hubert-kastner-aus-laos\/"]}]},{"@type":"ImageObject","inLanguage":"de","@id":"https:\/\/weltlaeden.de\/sigmaringen\/weihnachtsgruesse-von-hubert-kastner-aus-laos\/#primaryimage","url":"https:\/\/weltlaeden.de\/sigmaringen\/wp-content\/uploads\/sites\/134\/2020\/12\/20200929_171513.jpg","contentUrl":"https:\/\/weltlaeden.de\/sigmaringen\/wp-content\/uploads\/sites\/134\/2020\/12\/20200929_171513.jpg","width":250,"height":320},{"@type":"BreadcrumbList","@id":"https:\/\/weltlaeden.de\/sigmaringen\/weihnachtsgruesse-von-hubert-kastner-aus-laos\/#breadcrumb","itemListElement":[{"@type":"ListItem","position":1,"name":"Startseite","item":"https:\/\/weltlaeden.de\/sigmaringen\/"},{"@type":"ListItem","position":2,"name":"Weihnachtsgr\u00fc\u00dfe von Hubert Kastner aus Laos"}]},{"@type":"WebSite","@id":"https:\/\/weltlaeden.de\/sigmaringen\/#website","url":"https:\/\/weltlaeden.de\/sigmaringen\/","name":"Weltladen Sigmaringen","description":"Faire Produkte seit 1990","potentialAction":[{"@type":"SearchAction","target":{"@type":"EntryPoint","urlTemplate":"https:\/\/weltlaeden.de\/sigmaringen\/?s={search_term_string}"},"query-input":{"@type":"PropertyValueSpecification","valueRequired":true,"valueName":"search_term_string"}}],"inLanguage":"de"},{"@type":"Person","@id":"https:\/\/weltlaeden.de\/sigmaringen\/#\/schema\/person\/b6807a7b5453b48a7a9b3dc08b7a508f","name":"sigmaringen","image":{"@type":"ImageObject","inLanguage":"de","@id":"https:\/\/weltlaeden.de\/sigmaringen\/#\/schema\/person\/image\/","url":"https:\/\/secure.gravatar.com\/avatar\/9bde4285cae2f34d16795077f21a8149?s=96&d=mm&r=g","contentUrl":"https:\/\/secure.gravatar.com\/avatar\/9bde4285cae2f34d16795077f21a8149?s=96&d=mm&r=g","caption":"sigmaringen"},"url":"https:\/\/weltlaeden.de\/sigmaringen\/author\/sigmaringen\/"}]}},"_links":{"self":[{"href":"https:\/\/weltlaeden.de\/sigmaringen\/wp-json\/wp\/v2\/posts\/1137","targetHints":{"allow":["GET"]}}],"collection":[{"href":"https:\/\/weltlaeden.de\/sigmaringen\/wp-json\/wp\/v2\/posts"}],"about":[{"href":"https:\/\/weltlaeden.de\/sigmaringen\/wp-json\/wp\/v2\/types\/post"}],"author":[{"embeddable":true,"href":"https:\/\/weltlaeden.de\/sigmaringen\/wp-json\/wp\/v2\/users\/196"}],"replies":[{"embeddable":true,"href":"https:\/\/weltlaeden.de\/sigmaringen\/wp-json\/wp\/v2\/comments?post=1137"}],"version-history":[{"count":4,"href":"https:\/\/weltlaeden.de\/sigmaringen\/wp-json\/wp\/v2\/posts\/1137\/revisions"}],"predecessor-version":[{"id":1141,"href":"https:\/\/weltlaeden.de\/sigmaringen\/wp-json\/wp\/v2\/posts\/1137\/revisions\/1141"}],"wp:attachment":[{"href":"https:\/\/weltlaeden.de\/sigmaringen\/wp-json\/wp\/v2\/media?parent=1137"}],"wp:term":[{"taxonomy":"category","embeddable":true,"href":"https:\/\/weltlaeden.de\/sigmaringen\/wp-json\/wp\/v2\/categories?post=1137"},{"taxonomy":"post_tag","embeddable":true,"href":"https:\/\/weltlaeden.de\/sigmaringen\/wp-json\/wp\/v2\/tags?post=1137"}],"curies":[{"name":"wp","href":"https:\/\/api.w.org\/{rel}","templated":true}]}}