{"id":2063,"date":"2024-10-26T19:00:29","date_gmt":"2024-10-26T17:00:29","guid":{"rendered":"https:\/\/weltlaeden.de\/schwaebisch-hall\/?p=2063"},"modified":"2025-03-17T17:01:06","modified_gmt":"2025-03-17T16:01:06","slug":"fashion-show-2","status":"publish","type":"post","link":"https:\/\/weltlaeden.de\/schwaebisch-hall\/fashion-show-2\/","title":{"rendered":"Fr\u00fchlingsgr\u00fc\u00dfe"},"content":{"rendered":"<div class=\"wpb-content-wrapper\"><p>[vc_row][vc_column][vc_column_text css=&#8220;&#8220;]<\/p>\n<h1><\/h1>\n<p>[\/vc_column_text][\/vc_column][\/vc_row][vc_row][vc_column]<div class=\"wl_einzelbild\"><p><img loading=\"lazy\" decoding=\"async\" class=\"alignnone wp-image-2361\" src=\"https:\/\/weltlaeden.de\/schwaebisch-hall\/wp-content\/uploads\/sites\/187\/2025\/03\/IMG_20250228_172148-300x225.jpg\" alt=\"\" width=\"253\" height=\"190\" srcset=\"https:\/\/weltlaeden.de\/schwaebisch-hall\/wp-content\/uploads\/sites\/187\/2025\/03\/IMG_20250228_172148-300x225.jpg 300w, https:\/\/weltlaeden.de\/schwaebisch-hall\/wp-content\/uploads\/sites\/187\/2025\/03\/IMG_20250228_172148.jpg 640w\" sizes=\"auto, (max-width: 253px) 100vw, 253px\" \/><img loading=\"lazy\" decoding=\"async\" class=\"alignnone wp-image-2360\" src=\"https:\/\/weltlaeden.de\/schwaebisch-hall\/wp-content\/uploads\/sites\/187\/2025\/03\/IMG_20250228_172131-300x225.jpg\" alt=\"\" width=\"252\" height=\"189\" srcset=\"https:\/\/weltlaeden.de\/schwaebisch-hall\/wp-content\/uploads\/sites\/187\/2025\/03\/IMG_20250228_172131-300x225.jpg 300w, https:\/\/weltlaeden.de\/schwaebisch-hall\/wp-content\/uploads\/sites\/187\/2025\/03\/IMG_20250228_172131.jpg 640w\" sizes=\"auto, (max-width: 252px) 100vw, 252px\" \/><img loading=\"lazy\" decoding=\"async\" class=\"alignnone wp-image-2384 \" src=\"https:\/\/weltlaeden.de\/schwaebisch-hall\/wp-content\/uploads\/sites\/187\/2024\/10\/IMG_20250228_172123-1-e1742226898611-238x300.jpg\" alt=\"\" width=\"151\" height=\"191\" srcset=\"https:\/\/weltlaeden.de\/schwaebisch-hall\/wp-content\/uploads\/sites\/187\/2024\/10\/IMG_20250228_172123-1-e1742226898611-238x300.jpg 238w, https:\/\/weltlaeden.de\/schwaebisch-hall\/wp-content\/uploads\/sites\/187\/2024\/10\/IMG_20250228_172123-1-e1742226898611.jpg 380w\" sizes=\"auto, (max-width: 151px) 100vw, 151px\" \/><\/p><\/div>[vc_column_text css=&#8220;&#8220;]<\/p>\n<h2>Wie w\u00e4re es mit einem fairen Fr\u00fchlingseinkauf im Weltladen?<br \/>\nWir haben ein gro\u00dfes Angebot an wundersch\u00f6nen Dingen zum<br \/>\nfair-Schenken. Kommen Sie einfach vorbei. Es lohnt sich!<\/h2>\n<p>[\/vc_column_text]<div class=\"wl_einzelbild\"><p><img loading=\"lazy\" decoding=\"async\" class=\" wp-image-2366 alignleft\" src=\"https:\/\/weltlaeden.de\/schwaebisch-hall\/wp-content\/uploads\/sites\/187\/2025\/03\/IMG_20250228_160550-1-225x300.jpg\" alt=\"\" width=\"259\" height=\"346\" srcset=\"https:\/\/weltlaeden.de\/schwaebisch-hall\/wp-content\/uploads\/sites\/187\/2025\/03\/IMG_20250228_160550-1-225x300.jpg 225w, https:\/\/weltlaeden.de\/schwaebisch-hall\/wp-content\/uploads\/sites\/187\/2025\/03\/IMG_20250228_160550-1.jpg 480w\" sizes=\"auto, (max-width: 259px) 100vw, 259px\" \/><img loading=\"lazy\" decoding=\"async\" class=\"wp-image-2364 alignnone\" src=\"https:\/\/weltlaeden.de\/schwaebisch-hall\/wp-content\/uploads\/sites\/187\/2025\/03\/IMG_20250228_174929-225x300.jpg\" alt=\"\" width=\"265\" height=\"354\" srcset=\"https:\/\/weltlaeden.de\/schwaebisch-hall\/wp-content\/uploads\/sites\/187\/2025\/03\/IMG_20250228_174929-225x300.jpg 225w, https:\/\/weltlaeden.de\/schwaebisch-hall\/wp-content\/uploads\/sites\/187\/2025\/03\/IMG_20250228_174929.jpg 480w\" sizes=\"auto, (max-width: 265px) 100vw, 265px\" \/><\/p><\/div><div class=\"wl_einzelbild\"><p><img loading=\"lazy\" decoding=\"async\" class=\" wp-image-2352 alignleft\" src=\"https:\/\/weltlaeden.de\/schwaebisch-hall\/wp-content\/uploads\/sites\/187\/2025\/03\/IMG_20250228_160755-225x300.jpg\" alt=\"\" width=\"260\" height=\"347\" srcset=\"https:\/\/weltlaeden.de\/schwaebisch-hall\/wp-content\/uploads\/sites\/187\/2025\/03\/IMG_20250228_160755-225x300.jpg 225w, https:\/\/weltlaeden.de\/schwaebisch-hall\/wp-content\/uploads\/sites\/187\/2025\/03\/IMG_20250228_160755.jpg 480w\" sizes=\"auto, (max-width: 260px) 100vw, 260px\" \/><img loading=\"lazy\" decoding=\"async\" class=\"alignnone wp-image-2351\" src=\"https:\/\/weltlaeden.de\/schwaebisch-hall\/wp-content\/uploads\/sites\/187\/2025\/03\/IMG_20250228_160657-225x300.jpg\" alt=\"\" width=\"266\" height=\"355\" srcset=\"https:\/\/weltlaeden.de\/schwaebisch-hall\/wp-content\/uploads\/sites\/187\/2025\/03\/IMG_20250228_160657-225x300.jpg 225w, https:\/\/weltlaeden.de\/schwaebisch-hall\/wp-content\/uploads\/sites\/187\/2025\/03\/IMG_20250228_160657.jpg 480w\" sizes=\"auto, (max-width: 266px) 100vw, 266px\" \/><\/p><\/div>[\/vc_column][\/vc_row]<\/p>\n<\/div>","protected":false},"excerpt":{"rendered":"<p>[vc_row][vc_column][vc_column_text css=&#8220;&#8220;] [\/vc_column_text][\/vc_column][\/vc_row][vc_row][vc_column][vc_column_text css=&#8220;&#8220;] Wie w\u00e4re es mit einem fairen Fr\u00fchlingseinkauf im Weltladen? Wir haben ein gro\u00dfes Angebot an wundersch\u00f6nen Dingen zum fair-Schenken. Kommen Sie einfach vorbei. Es lohnt sich! [\/vc_column_text][\/vc_column][\/vc_row]<\/p>\n","protected":false},"author":279,"featured_media":2348,"comment_status":"closed","ping_status":"closed","sticky":false,"template":"","format":"standard","meta":{"footnotes":""},"categories":[8],"tags":[],"class_list":["post-2063","post","type-post","status-publish","format-standard","has-post-thumbnail","hentry","category-neues","category-8","description-off"],"yoast_head":"<!-- This site is optimized with the Yoast SEO plugin v26.8 - https:\/\/yoast.com\/product\/yoast-seo-wordpress\/ -->\n<title>Fr\u00fchlingsgr\u00fc\u00dfe - Weltladen Schw\u00e4bisch Hall<\/title>\n<meta name=\"robots\" content=\"index, follow, max-snippet:-1, max-image-preview:large, max-video-preview:-1\" \/>\n<link rel=\"canonical\" href=\"https:\/\/weltlaeden.de\/schwaebisch-hall\/fashion-show-2\/\" \/>\n<meta property=\"og:locale\" content=\"de_DE\" \/>\n<meta property=\"og:type\" content=\"article\" \/>\n<meta property=\"og:title\" content=\"Fr\u00fchlingsgr\u00fc\u00dfe - Weltladen Schw\u00e4bisch Hall\" \/>\n<meta property=\"og:description\" content=\"[vc_row][vc_column][vc_column_text css=&#8220;&#8220;] [\/vc_column_text][\/vc_column][\/vc_row][vc_row][vc_column][vc_column_text css=&#8220;&#8220;] Wie w\u00e4re es mit einem fairen Fr\u00fchlingseinkauf im Weltladen? Wir haben ein gro\u00dfes Angebot an wundersch\u00f6nen Dingen zum fair-Schenken. Kommen Sie einfach vorbei. Es lohnt sich! [\/vc_column_text][\/vc_column][\/vc_row]\" \/>\n<meta property=\"og:url\" content=\"https:\/\/weltlaeden.de\/schwaebisch-hall\/fashion-show-2\/\" \/>\n<meta property=\"og:site_name\" content=\"Weltladen Schw\u00e4bisch Hall\" \/>\n<meta property=\"article:published_time\" content=\"2024-10-26T17:00:29+00:00\" \/>\n<meta property=\"article:modified_time\" content=\"2025-03-17T16:01:06+00:00\" \/>\n<meta property=\"og:image\" content=\"https:\/\/weltlaeden.de\/schwaebisch-hall\/wp-content\/uploads\/sites\/187\/2025\/03\/IMG_20250228_160539.jpg\" \/>\n\t<meta property=\"og:image:width\" content=\"640\" \/>\n\t<meta property=\"og:image:height\" content=\"480\" \/>\n\t<meta property=\"og:image:type\" content=\"image\/jpeg\" \/>\n<meta name=\"author\" content=\"schwaebisch-hall\" \/>\n<meta name=\"twitter:card\" content=\"summary_large_image\" \/>\n<meta name=\"twitter:label1\" content=\"Verfasst von\" \/>\n\t<meta name=\"twitter:data1\" content=\"schwaebisch-hall\" \/>\n<script type=\"application\/ld+json\" class=\"yoast-schema-graph\">{\"@context\":\"https:\/\/schema.org\",\"@graph\":[{\"@type\":\"Article\",\"@id\":\"https:\/\/weltlaeden.de\/schwaebisch-hall\/fashion-show-2\/#article\",\"isPartOf\":{\"@id\":\"https:\/\/weltlaeden.de\/schwaebisch-hall\/fashion-show-2\/\"},\"author\":{\"name\":\"schwaebisch-hall\",\"@id\":\"https:\/\/weltlaeden.de\/schwaebisch-hall\/#\/schema\/person\/9a814b82e370b91b5096c8b92d3eca5a\"},\"headline\":\"Fr\u00fchlingsgr\u00fc\u00dfe\",\"datePublished\":\"2024-10-26T17:00:29+00:00\",\"dateModified\":\"2025-03-17T16:01:06+00:00\",\"mainEntityOfPage\":{\"@id\":\"https:\/\/weltlaeden.de\/schwaebisch-hall\/fashion-show-2\/\"},\"wordCount\":69,\"image\":{\"@id\":\"https:\/\/weltlaeden.de\/schwaebisch-hall\/fashion-show-2\/#primaryimage\"},\"thumbnailUrl\":\"https:\/\/weltlaeden.de\/schwaebisch-hall\/wp-content\/uploads\/sites\/187\/2025\/03\/IMG_20250228_160539.jpg\",\"articleSection\":[\"Neuigkeiten\"],\"inLanguage\":\"de\"},{\"@type\":\"WebPage\",\"@id\":\"https:\/\/weltlaeden.de\/schwaebisch-hall\/fashion-show-2\/\",\"url\":\"https:\/\/weltlaeden.de\/schwaebisch-hall\/fashion-show-2\/\",\"name\":\"Fr\u00fchlingsgr\u00fc\u00dfe - Weltladen Schw\u00e4bisch Hall\",\"isPartOf\":{\"@id\":\"https:\/\/weltlaeden.de\/schwaebisch-hall\/#website\"},\"primaryImageOfPage\":{\"@id\":\"https:\/\/weltlaeden.de\/schwaebisch-hall\/fashion-show-2\/#primaryimage\"},\"image\":{\"@id\":\"https:\/\/weltlaeden.de\/schwaebisch-hall\/fashion-show-2\/#primaryimage\"},\"thumbnailUrl\":\"https:\/\/weltlaeden.de\/schwaebisch-hall\/wp-content\/uploads\/sites\/187\/2025\/03\/IMG_20250228_160539.jpg\",\"datePublished\":\"2024-10-26T17:00:29+00:00\",\"dateModified\":\"2025-03-17T16:01:06+00:00\",\"author\":{\"@id\":\"https:\/\/weltlaeden.de\/schwaebisch-hall\/#\/schema\/person\/9a814b82e370b91b5096c8b92d3eca5a\"},\"breadcrumb\":{\"@id\":\"https:\/\/weltlaeden.de\/schwaebisch-hall\/fashion-show-2\/#breadcrumb\"},\"inLanguage\":\"de\",\"potentialAction\":[{\"@type\":\"ReadAction\",\"target\":[\"https:\/\/weltlaeden.de\/schwaebisch-hall\/fashion-show-2\/\"]}]},{\"@type\":\"ImageObject\",\"inLanguage\":\"de\",\"@id\":\"https:\/\/weltlaeden.de\/schwaebisch-hall\/fashion-show-2\/#primaryimage\",\"url\":\"https:\/\/weltlaeden.de\/schwaebisch-hall\/wp-content\/uploads\/sites\/187\/2025\/03\/IMG_20250228_160539.jpg\",\"contentUrl\":\"https:\/\/weltlaeden.de\/schwaebisch-hall\/wp-content\/uploads\/sites\/187\/2025\/03\/IMG_20250228_160539.jpg\",\"width\":640,\"height\":480},{\"@type\":\"BreadcrumbList\",\"@id\":\"https:\/\/weltlaeden.de\/schwaebisch-hall\/fashion-show-2\/#breadcrumb\",\"itemListElement\":[{\"@type\":\"ListItem\",\"position\":1,\"name\":\"Startseite\",\"item\":\"https:\/\/weltlaeden.de\/schwaebisch-hall\/\"},{\"@type\":\"ListItem\",\"position\":2,\"name\":\"Fr\u00fchlingsgr\u00fc\u00dfe\"}]},{\"@type\":\"WebSite\",\"@id\":\"https:\/\/weltlaeden.de\/schwaebisch-hall\/#website\",\"url\":\"https:\/\/weltlaeden.de\/schwaebisch-hall\/\",\"name\":\"Weltladen Schw\u00e4bisch Hall\",\"description\":\"Fachhandel f\u00fcr Faire Produkte\",\"potentialAction\":[{\"@type\":\"SearchAction\",\"target\":{\"@type\":\"EntryPoint\",\"urlTemplate\":\"https:\/\/weltlaeden.de\/schwaebisch-hall\/?s={search_term_string}\"},\"query-input\":{\"@type\":\"PropertyValueSpecification\",\"valueRequired\":true,\"valueName\":\"search_term_string\"}}],\"inLanguage\":\"de\"},{\"@type\":\"Person\",\"@id\":\"https:\/\/weltlaeden.de\/schwaebisch-hall\/#\/schema\/person\/9a814b82e370b91b5096c8b92d3eca5a\",\"name\":\"schwaebisch-hall\",\"image\":{\"@type\":\"ImageObject\",\"inLanguage\":\"de\",\"@id\":\"https:\/\/weltlaeden.de\/schwaebisch-hall\/#\/schema\/person\/image\/\",\"url\":\"https:\/\/secure.gravatar.com\/avatar\/c8b98eb23b92db1b13ff7cf3a35e9eb5?s=96&d=mm&r=g\",\"contentUrl\":\"https:\/\/secure.gravatar.com\/avatar\/c8b98eb23b92db1b13ff7cf3a35e9eb5?s=96&d=mm&r=g\",\"caption\":\"schwaebisch-hall\"}}]}<\/script>\n<!-- \/ Yoast SEO plugin. -->","yoast_head_json":{"title":"Fr\u00fchlingsgr\u00fc\u00dfe - Weltladen Schw\u00e4bisch Hall","robots":{"index":"index","follow":"follow","max-snippet":"max-snippet:-1","max-image-preview":"max-image-preview:large","max-video-preview":"max-video-preview:-1"},"canonical":"https:\/\/weltlaeden.de\/schwaebisch-hall\/fashion-show-2\/","og_locale":"de_DE","og_type":"article","og_title":"Fr\u00fchlingsgr\u00fc\u00dfe - Weltladen Schw\u00e4bisch Hall","og_description":"[vc_row][vc_column][vc_column_text css=&#8220;&#8220;] [\/vc_column_text][\/vc_column][\/vc_row][vc_row][vc_column][vc_column_text css=&#8220;&#8220;] Wie w\u00e4re es mit einem fairen Fr\u00fchlingseinkauf im Weltladen? Wir haben ein gro\u00dfes Angebot an wundersch\u00f6nen Dingen zum fair-Schenken. Kommen Sie einfach vorbei. Es lohnt sich! [\/vc_column_text][\/vc_column][\/vc_row]","og_url":"https:\/\/weltlaeden.de\/schwaebisch-hall\/fashion-show-2\/","og_site_name":"Weltladen Schw\u00e4bisch Hall","article_published_time":"2024-10-26T17:00:29+00:00","article_modified_time":"2025-03-17T16:01:06+00:00","og_image":[{"width":640,"height":480,"url":"https:\/\/weltlaeden.de\/schwaebisch-hall\/wp-content\/uploads\/sites\/187\/2025\/03\/IMG_20250228_160539.jpg","type":"image\/jpeg"}],"author":"schwaebisch-hall","twitter_card":"summary_large_image","twitter_misc":{"Verfasst von":"schwaebisch-hall"},"schema":{"@context":"https:\/\/schema.org","@graph":[{"@type":"Article","@id":"https:\/\/weltlaeden.de\/schwaebisch-hall\/fashion-show-2\/#article","isPartOf":{"@id":"https:\/\/weltlaeden.de\/schwaebisch-hall\/fashion-show-2\/"},"author":{"name":"schwaebisch-hall","@id":"https:\/\/weltlaeden.de\/schwaebisch-hall\/#\/schema\/person\/9a814b82e370b91b5096c8b92d3eca5a"},"headline":"Fr\u00fchlingsgr\u00fc\u00dfe","datePublished":"2024-10-26T17:00:29+00:00","dateModified":"2025-03-17T16:01:06+00:00","mainEntityOfPage":{"@id":"https:\/\/weltlaeden.de\/schwaebisch-hall\/fashion-show-2\/"},"wordCount":69,"image":{"@id":"https:\/\/weltlaeden.de\/schwaebisch-hall\/fashion-show-2\/#primaryimage"},"thumbnailUrl":"https:\/\/weltlaeden.de\/schwaebisch-hall\/wp-content\/uploads\/sites\/187\/2025\/03\/IMG_20250228_160539.jpg","articleSection":["Neuigkeiten"],"inLanguage":"de"},{"@type":"WebPage","@id":"https:\/\/weltlaeden.de\/schwaebisch-hall\/fashion-show-2\/","url":"https:\/\/weltlaeden.de\/schwaebisch-hall\/fashion-show-2\/","name":"Fr\u00fchlingsgr\u00fc\u00dfe - Weltladen Schw\u00e4bisch Hall","isPartOf":{"@id":"https:\/\/weltlaeden.de\/schwaebisch-hall\/#website"},"primaryImageOfPage":{"@id":"https:\/\/weltlaeden.de\/schwaebisch-hall\/fashion-show-2\/#primaryimage"},"image":{"@id":"https:\/\/weltlaeden.de\/schwaebisch-hall\/fashion-show-2\/#primaryimage"},"thumbnailUrl":"https:\/\/weltlaeden.de\/schwaebisch-hall\/wp-content\/uploads\/sites\/187\/2025\/03\/IMG_20250228_160539.jpg","datePublished":"2024-10-26T17:00:29+00:00","dateModified":"2025-03-17T16:01:06+00:00","author":{"@id":"https:\/\/weltlaeden.de\/schwaebisch-hall\/#\/schema\/person\/9a814b82e370b91b5096c8b92d3eca5a"},"breadcrumb":{"@id":"https:\/\/weltlaeden.de\/schwaebisch-hall\/fashion-show-2\/#breadcrumb"},"inLanguage":"de","potentialAction":[{"@type":"ReadAction","target":["https:\/\/weltlaeden.de\/schwaebisch-hall\/fashion-show-2\/"]}]},{"@type":"ImageObject","inLanguage":"de","@id":"https:\/\/weltlaeden.de\/schwaebisch-hall\/fashion-show-2\/#primaryimage","url":"https:\/\/weltlaeden.de\/schwaebisch-hall\/wp-content\/uploads\/sites\/187\/2025\/03\/IMG_20250228_160539.jpg","contentUrl":"https:\/\/weltlaeden.de\/schwaebisch-hall\/wp-content\/uploads\/sites\/187\/2025\/03\/IMG_20250228_160539.jpg","width":640,"height":480},{"@type":"BreadcrumbList","@id":"https:\/\/weltlaeden.de\/schwaebisch-hall\/fashion-show-2\/#breadcrumb","itemListElement":[{"@type":"ListItem","position":1,"name":"Startseite","item":"https:\/\/weltlaeden.de\/schwaebisch-hall\/"},{"@type":"ListItem","position":2,"name":"Fr\u00fchlingsgr\u00fc\u00dfe"}]},{"@type":"WebSite","@id":"https:\/\/weltlaeden.de\/schwaebisch-hall\/#website","url":"https:\/\/weltlaeden.de\/schwaebisch-hall\/","name":"Weltladen Schw\u00e4bisch Hall","description":"Fachhandel f\u00fcr Faire Produkte","potentialAction":[{"@type":"SearchAction","target":{"@type":"EntryPoint","urlTemplate":"https:\/\/weltlaeden.de\/schwaebisch-hall\/?s={search_term_string}"},"query-input":{"@type":"PropertyValueSpecification","valueRequired":true,"valueName":"search_term_string"}}],"inLanguage":"de"},{"@type":"Person","@id":"https:\/\/weltlaeden.de\/schwaebisch-hall\/#\/schema\/person\/9a814b82e370b91b5096c8b92d3eca5a","name":"schwaebisch-hall","image":{"@type":"ImageObject","inLanguage":"de","@id":"https:\/\/weltlaeden.de\/schwaebisch-hall\/#\/schema\/person\/image\/","url":"https:\/\/secure.gravatar.com\/avatar\/c8b98eb23b92db1b13ff7cf3a35e9eb5?s=96&d=mm&r=g","contentUrl":"https:\/\/secure.gravatar.com\/avatar\/c8b98eb23b92db1b13ff7cf3a35e9eb5?s=96&d=mm&r=g","caption":"schwaebisch-hall"}}]}},"_links":{"self":[{"href":"https:\/\/weltlaeden.de\/schwaebisch-hall\/wp-json\/wp\/v2\/posts\/2063","targetHints":{"allow":["GET"]}}],"collection":[{"href":"https:\/\/weltlaeden.de\/schwaebisch-hall\/wp-json\/wp\/v2\/posts"}],"about":[{"href":"https:\/\/weltlaeden.de\/schwaebisch-hall\/wp-json\/wp\/v2\/types\/post"}],"author":[{"embeddable":true,"href":"https:\/\/weltlaeden.de\/schwaebisch-hall\/wp-json\/wp\/v2\/users\/279"}],"replies":[{"embeddable":true,"href":"https:\/\/weltlaeden.de\/schwaebisch-hall\/wp-json\/wp\/v2\/comments?post=2063"}],"version-history":[{"count":21,"href":"https:\/\/weltlaeden.de\/schwaebisch-hall\/wp-json\/wp\/v2\/posts\/2063\/revisions"}],"predecessor-version":[{"id":2386,"href":"https:\/\/weltlaeden.de\/schwaebisch-hall\/wp-json\/wp\/v2\/posts\/2063\/revisions\/2386"}],"wp:featuredmedia":[{"embeddable":true,"href":"https:\/\/weltlaeden.de\/schwaebisch-hall\/wp-json\/wp\/v2\/media\/2348"}],"wp:attachment":[{"href":"https:\/\/weltlaeden.de\/schwaebisch-hall\/wp-json\/wp\/v2\/media?parent=2063"}],"wp:term":[{"taxonomy":"category","embeddable":true,"href":"https:\/\/weltlaeden.de\/schwaebisch-hall\/wp-json\/wp\/v2\/categories?post=2063"},{"taxonomy":"post_tag","embeddable":true,"href":"https:\/\/weltlaeden.de\/schwaebisch-hall\/wp-json\/wp\/v2\/tags?post=2063"}],"curies":[{"name":"wp","href":"https:\/\/api.w.org\/{rel}","templated":true}]}}