{"id":1931,"date":"2024-11-05T16:42:21","date_gmt":"2024-11-05T15:42:21","guid":{"rendered":"https:\/\/weltlaeden.de\/schwaebisch-hall\/?p=1931"},"modified":"2025-01-14T16:33:50","modified_gmt":"2025-01-14T15:33:50","slug":"alles-fair","status":"publish","type":"post","link":"https:\/\/weltlaeden.de\/schwaebisch-hall\/alles-fair\/","title":{"rendered":"Alles chic und fair"},"content":{"rendered":"<div class=\"wpb-content-wrapper\"><p>[vc_row][vc_column][vc_column_text css=&#8220;&#8220;]<\/p>\n<h1>Fair einkaufen<\/h1>\n<h2>Kommen Sie einfach vorbei und schauen Sie<br \/>\nwas wir Faires zu bieten haben.<\/h2>\n<p>&nbsp;<\/p>\n<p>&nbsp;<\/p>\n<p>[\/vc_column_text][vc_separator css=&#8220;&#8220;][\/vc_column][\/vc_row][vc_row][vc_column]<div class=\"wl_einzelbild\"><p><img loading=\"lazy\" decoding=\"async\" class=\" wp-image-1921 alignleft\" src=\"https:\/\/weltlaeden.de\/schwaebisch-hall\/wp-content\/uploads\/sites\/187\/2024\/03\/IMG_20240717_115914-300x225.jpg\" alt=\"\" width=\"350\" height=\"263\" srcset=\"https:\/\/weltlaeden.de\/schwaebisch-hall\/wp-content\/uploads\/sites\/187\/2024\/03\/IMG_20240717_115914-300x225.jpg 300w, https:\/\/weltlaeden.de\/schwaebisch-hall\/wp-content\/uploads\/sites\/187\/2024\/03\/IMG_20240717_115914.jpg 640w\" sizes=\"auto, (max-width: 350px) 100vw, 350px\" \/><img loading=\"lazy\" decoding=\"async\" class=\"wp-image-1919 alignleft\" src=\"https:\/\/weltlaeden.de\/schwaebisch-hall\/wp-content\/uploads\/sites\/187\/2024\/03\/IMG_20240717_115838-300x225.jpg\" alt=\"\" width=\"351\" height=\"263\" srcset=\"https:\/\/weltlaeden.de\/schwaebisch-hall\/wp-content\/uploads\/sites\/187\/2024\/03\/IMG_20240717_115838-300x225.jpg 300w, https:\/\/weltlaeden.de\/schwaebisch-hall\/wp-content\/uploads\/sites\/187\/2024\/03\/IMG_20240717_115838.jpg 640w\" sizes=\"auto, (max-width: 351px) 100vw, 351px\" \/><\/p><\/div>[vc_separator css=&#8220;&#8220;][vc_separator css=&#8220;&#8220;][\/vc_column][\/vc_row][vc_row][vc_column]<div class=\"wl_einzelbild\"><p><img loading=\"lazy\" decoding=\"async\" class=\"wp-image-1922 alignleft\" src=\"https:\/\/weltlaeden.de\/schwaebisch-hall\/wp-content\/uploads\/sites\/187\/2024\/03\/IMG_20240717_115924-300x225.jpg\" alt=\"\" width=\"733\" height=\"550\" srcset=\"https:\/\/weltlaeden.de\/schwaebisch-hall\/wp-content\/uploads\/sites\/187\/2024\/03\/IMG_20240717_115924-300x225.jpg 300w, https:\/\/weltlaeden.de\/schwaebisch-hall\/wp-content\/uploads\/sites\/187\/2024\/03\/IMG_20240717_115924.jpg 640w\" sizes=\"auto, (max-width: 733px) 100vw, 733px\" \/><\/p><\/div>[vc_column_text css=&#8220;&#8220;]<\/p>\n<h2>Selbstverst\u00e4ndlich fair!<\/h2>\n<p>&nbsp;<\/p>\n<p>Entdecken Sie das vielf\u00e4ltige Sortiment im Weltladen!<\/p>\n<h3><\/h3>\n<h3>Lebensmittel<\/h3>\n<p>Sie finden ein breit gef\u00e4chertes Sortiment an fair gehandelten Lebensmitteln:<br \/>\nVon Fair Kaffee und BIO-Tee bis zu unserer fairen Schokolade, Honig, Reis, Soucen<br \/>\nund Snacks und vieles mehr.<\/p>\n<h3><\/h3>\n<h3>Mode &#8211; Accessoires<\/h3>\n<p>Entdecken Sie unsere gro\u00dfe Auswahl an Kleidung,<br \/>\nT\u00fcchern und Taschen aus<br \/>\nganz verschiedenen Materialien und selbstverst\u00e4ndlich fair produziert..<\/p>\n<h3><\/h3>\n<h3>Schmuck und handwerkliche Besonderheiten aus aller Welt.<\/h3>\n<p>[\/vc_column_text][\/vc_column][\/vc_row][vc_row][vc_column]<div class=\"wl_einzelbild\"><p><img loading=\"lazy\" decoding=\"async\" class=\" wp-image-2157 alignleft\" src=\"https:\/\/weltlaeden.de\/schwaebisch-hall\/wp-content\/uploads\/sites\/187\/2024\/07\/IMG_20230804_105259-300x225.jpg\" alt=\"\" width=\"350\" height=\"263\" srcset=\"https:\/\/weltlaeden.de\/schwaebisch-hall\/wp-content\/uploads\/sites\/187\/2024\/07\/IMG_20230804_105259-300x225.jpg 300w, https:\/\/weltlaeden.de\/schwaebisch-hall\/wp-content\/uploads\/sites\/187\/2024\/07\/IMG_20230804_105259.jpg 640w\" sizes=\"auto, (max-width: 350px) 100vw, 350px\" \/><img loading=\"lazy\" decoding=\"async\" class=\"wp-image-2151 alignleft\" src=\"https:\/\/weltlaeden.de\/schwaebisch-hall\/wp-content\/uploads\/sites\/187\/2024\/07\/IMG_20230712_142723-300x225.jpg\" alt=\"\" width=\"351\" height=\"263\" srcset=\"https:\/\/weltlaeden.de\/schwaebisch-hall\/wp-content\/uploads\/sites\/187\/2024\/07\/IMG_20230712_142723-300x225.jpg 300w, https:\/\/weltlaeden.de\/schwaebisch-hall\/wp-content\/uploads\/sites\/187\/2024\/07\/IMG_20230712_142723.jpg 640w\" sizes=\"auto, (max-width: 351px) 100vw, 351px\" \/><\/p><\/div>[\/vc_column][\/vc_row]<\/p>\n<\/div>","protected":false},"excerpt":{"rendered":"<p>[vc_row][vc_column][vc_column_text css=&#8220;&#8220;] Fair einkaufen Kommen Sie einfach vorbei und schauen Sie was wir Faires zu bieten haben. &nbsp; &nbsp; [\/vc_column_text][vc_separator css=&#8220;&#8220;][\/vc_column][\/vc_row][vc_row][vc_column][vc_separator css=&#8220;&#8220;][vc_separator css=&#8220;&#8220;][\/vc_column][\/vc_row][vc_row][vc_column][vc_column_text css=&#8220;&#8220;] Selbstverst\u00e4ndlich fair! &nbsp; Entdecken Sie das vielf\u00e4ltige Sortiment im Weltladen! Lebensmittel Sie finden ein breit gef\u00e4chertes Sortiment an fair gehandelten Lebensmitteln: Von Fair Kaffee und BIO-Tee bis zu unserer fairen Schokolade,&hellip;<\/p>\n","protected":false},"author":279,"featured_media":1922,"comment_status":"closed","ping_status":"closed","sticky":false,"template":"","format":"standard","meta":{"footnotes":""},"categories":[8],"tags":[],"class_list":["post-1931","post","type-post","status-publish","format-standard","has-post-thumbnail","hentry","category-neues","category-8","description-off"],"yoast_head":"<!-- This site is optimized with the Yoast SEO plugin v26.8 - https:\/\/yoast.com\/product\/yoast-seo-wordpress\/ -->\n<title>Alles chic und fair - Weltladen Schw\u00e4bisch Hall<\/title>\n<meta name=\"robots\" content=\"index, follow, max-snippet:-1, max-image-preview:large, max-video-preview:-1\" \/>\n<link rel=\"canonical\" href=\"https:\/\/weltlaeden.de\/schwaebisch-hall\/alles-fair\/\" \/>\n<meta property=\"og:locale\" content=\"de_DE\" \/>\n<meta property=\"og:type\" content=\"article\" \/>\n<meta property=\"og:title\" content=\"Alles chic und fair - Weltladen Schw\u00e4bisch Hall\" \/>\n<meta property=\"og:description\" content=\"[vc_row][vc_column][vc_column_text css=&#8220;&#8220;] Fair einkaufen Kommen Sie einfach vorbei und schauen Sie was wir Faires zu bieten haben. &nbsp; &nbsp; [\/vc_column_text][vc_separator css=&#8220;&#8220;][\/vc_column][\/vc_row][vc_row][vc_column][vc_separator css=&#8220;&#8220;][vc_separator css=&#8220;&#8220;][\/vc_column][\/vc_row][vc_row][vc_column][vc_column_text css=&#8220;&#8220;] Selbstverst\u00e4ndlich fair! &nbsp; Entdecken Sie das vielf\u00e4ltige Sortiment im Weltladen! Lebensmittel Sie finden ein breit gef\u00e4chertes Sortiment an fair gehandelten Lebensmitteln: Von Fair Kaffee und BIO-Tee bis zu unserer fairen Schokolade,&hellip;\" \/>\n<meta property=\"og:url\" content=\"https:\/\/weltlaeden.de\/schwaebisch-hall\/alles-fair\/\" \/>\n<meta property=\"og:site_name\" content=\"Weltladen Schw\u00e4bisch Hall\" \/>\n<meta property=\"article:published_time\" content=\"2024-11-05T15:42:21+00:00\" \/>\n<meta property=\"article:modified_time\" content=\"2025-01-14T15:33:50+00:00\" \/>\n<meta property=\"og:image\" content=\"https:\/\/weltlaeden.de\/schwaebisch-hall\/wp-content\/uploads\/sites\/187\/2024\/03\/IMG_20240717_115924.jpg\" \/>\n\t<meta property=\"og:image:width\" content=\"640\" \/>\n\t<meta property=\"og:image:height\" content=\"480\" \/>\n\t<meta property=\"og:image:type\" content=\"image\/jpeg\" \/>\n<meta name=\"author\" content=\"schwaebisch-hall\" \/>\n<meta name=\"twitter:card\" content=\"summary_large_image\" \/>\n<meta name=\"twitter:label1\" content=\"Verfasst von\" \/>\n\t<meta name=\"twitter:data1\" content=\"schwaebisch-hall\" \/>\n\t<meta name=\"twitter:label2\" content=\"Gesch\u00e4tzte Lesezeit\" \/>\n\t<meta name=\"twitter:data2\" content=\"1\u00a0Minute\" \/>\n<script type=\"application\/ld+json\" class=\"yoast-schema-graph\">{\"@context\":\"https:\/\/schema.org\",\"@graph\":[{\"@type\":\"Article\",\"@id\":\"https:\/\/weltlaeden.de\/schwaebisch-hall\/alles-fair\/#article\",\"isPartOf\":{\"@id\":\"https:\/\/weltlaeden.de\/schwaebisch-hall\/alles-fair\/\"},\"author\":{\"name\":\"schwaebisch-hall\",\"@id\":\"https:\/\/weltlaeden.de\/schwaebisch-hall\/#\/schema\/person\/9a814b82e370b91b5096c8b92d3eca5a\"},\"headline\":\"Alles chic und fair\",\"datePublished\":\"2024-11-05T15:42:21+00:00\",\"dateModified\":\"2025-01-14T15:33:50+00:00\",\"mainEntityOfPage\":{\"@id\":\"https:\/\/weltlaeden.de\/schwaebisch-hall\/alles-fair\/\"},\"wordCount\":155,\"image\":{\"@id\":\"https:\/\/weltlaeden.de\/schwaebisch-hall\/alles-fair\/#primaryimage\"},\"thumbnailUrl\":\"https:\/\/weltlaeden.de\/schwaebisch-hall\/wp-content\/uploads\/sites\/187\/2024\/03\/IMG_20240717_115924.jpg\",\"articleSection\":[\"Neuigkeiten\"],\"inLanguage\":\"de\"},{\"@type\":\"WebPage\",\"@id\":\"https:\/\/weltlaeden.de\/schwaebisch-hall\/alles-fair\/\",\"url\":\"https:\/\/weltlaeden.de\/schwaebisch-hall\/alles-fair\/\",\"name\":\"Alles chic und fair - Weltladen Schw\u00e4bisch Hall\",\"isPartOf\":{\"@id\":\"https:\/\/weltlaeden.de\/schwaebisch-hall\/#website\"},\"primaryImageOfPage\":{\"@id\":\"https:\/\/weltlaeden.de\/schwaebisch-hall\/alles-fair\/#primaryimage\"},\"image\":{\"@id\":\"https:\/\/weltlaeden.de\/schwaebisch-hall\/alles-fair\/#primaryimage\"},\"thumbnailUrl\":\"https:\/\/weltlaeden.de\/schwaebisch-hall\/wp-content\/uploads\/sites\/187\/2024\/03\/IMG_20240717_115924.jpg\",\"datePublished\":\"2024-11-05T15:42:21+00:00\",\"dateModified\":\"2025-01-14T15:33:50+00:00\",\"author\":{\"@id\":\"https:\/\/weltlaeden.de\/schwaebisch-hall\/#\/schema\/person\/9a814b82e370b91b5096c8b92d3eca5a\"},\"breadcrumb\":{\"@id\":\"https:\/\/weltlaeden.de\/schwaebisch-hall\/alles-fair\/#breadcrumb\"},\"inLanguage\":\"de\",\"potentialAction\":[{\"@type\":\"ReadAction\",\"target\":[\"https:\/\/weltlaeden.de\/schwaebisch-hall\/alles-fair\/\"]}]},{\"@type\":\"ImageObject\",\"inLanguage\":\"de\",\"@id\":\"https:\/\/weltlaeden.de\/schwaebisch-hall\/alles-fair\/#primaryimage\",\"url\":\"https:\/\/weltlaeden.de\/schwaebisch-hall\/wp-content\/uploads\/sites\/187\/2024\/03\/IMG_20240717_115924.jpg\",\"contentUrl\":\"https:\/\/weltlaeden.de\/schwaebisch-hall\/wp-content\/uploads\/sites\/187\/2024\/03\/IMG_20240717_115924.jpg\",\"width\":640,\"height\":480},{\"@type\":\"BreadcrumbList\",\"@id\":\"https:\/\/weltlaeden.de\/schwaebisch-hall\/alles-fair\/#breadcrumb\",\"itemListElement\":[{\"@type\":\"ListItem\",\"position\":1,\"name\":\"Startseite\",\"item\":\"https:\/\/weltlaeden.de\/schwaebisch-hall\/\"},{\"@type\":\"ListItem\",\"position\":2,\"name\":\"Alles chic und fair\"}]},{\"@type\":\"WebSite\",\"@id\":\"https:\/\/weltlaeden.de\/schwaebisch-hall\/#website\",\"url\":\"https:\/\/weltlaeden.de\/schwaebisch-hall\/\",\"name\":\"Weltladen Schw\u00e4bisch Hall\",\"description\":\"Fachhandel f\u00fcr Faire Produkte\",\"potentialAction\":[{\"@type\":\"SearchAction\",\"target\":{\"@type\":\"EntryPoint\",\"urlTemplate\":\"https:\/\/weltlaeden.de\/schwaebisch-hall\/?s={search_term_string}\"},\"query-input\":{\"@type\":\"PropertyValueSpecification\",\"valueRequired\":true,\"valueName\":\"search_term_string\"}}],\"inLanguage\":\"de\"},{\"@type\":\"Person\",\"@id\":\"https:\/\/weltlaeden.de\/schwaebisch-hall\/#\/schema\/person\/9a814b82e370b91b5096c8b92d3eca5a\",\"name\":\"schwaebisch-hall\",\"image\":{\"@type\":\"ImageObject\",\"inLanguage\":\"de\",\"@id\":\"https:\/\/weltlaeden.de\/schwaebisch-hall\/#\/schema\/person\/image\/\",\"url\":\"https:\/\/secure.gravatar.com\/avatar\/c8b98eb23b92db1b13ff7cf3a35e9eb5?s=96&d=mm&r=g\",\"contentUrl\":\"https:\/\/secure.gravatar.com\/avatar\/c8b98eb23b92db1b13ff7cf3a35e9eb5?s=96&d=mm&r=g\",\"caption\":\"schwaebisch-hall\"}}]}<\/script>\n<!-- \/ Yoast SEO plugin. -->","yoast_head_json":{"title":"Alles chic und fair - Weltladen Schw\u00e4bisch Hall","robots":{"index":"index","follow":"follow","max-snippet":"max-snippet:-1","max-image-preview":"max-image-preview:large","max-video-preview":"max-video-preview:-1"},"canonical":"https:\/\/weltlaeden.de\/schwaebisch-hall\/alles-fair\/","og_locale":"de_DE","og_type":"article","og_title":"Alles chic und fair - Weltladen Schw\u00e4bisch Hall","og_description":"[vc_row][vc_column][vc_column_text css=&#8220;&#8220;] Fair einkaufen Kommen Sie einfach vorbei und schauen Sie was wir Faires zu bieten haben. &nbsp; &nbsp; [\/vc_column_text][vc_separator css=&#8220;&#8220;][\/vc_column][\/vc_row][vc_row][vc_column][vc_separator css=&#8220;&#8220;][vc_separator css=&#8220;&#8220;][\/vc_column][\/vc_row][vc_row][vc_column][vc_column_text css=&#8220;&#8220;] Selbstverst\u00e4ndlich fair! &nbsp; Entdecken Sie das vielf\u00e4ltige Sortiment im Weltladen! Lebensmittel Sie finden ein breit gef\u00e4chertes Sortiment an fair gehandelten Lebensmitteln: Von Fair Kaffee und BIO-Tee bis zu unserer fairen Schokolade,&hellip;","og_url":"https:\/\/weltlaeden.de\/schwaebisch-hall\/alles-fair\/","og_site_name":"Weltladen Schw\u00e4bisch Hall","article_published_time":"2024-11-05T15:42:21+00:00","article_modified_time":"2025-01-14T15:33:50+00:00","og_image":[{"width":640,"height":480,"url":"https:\/\/weltlaeden.de\/schwaebisch-hall\/wp-content\/uploads\/sites\/187\/2024\/03\/IMG_20240717_115924.jpg","type":"image\/jpeg"}],"author":"schwaebisch-hall","twitter_card":"summary_large_image","twitter_misc":{"Verfasst von":"schwaebisch-hall","Gesch\u00e4tzte Lesezeit":"1\u00a0Minute"},"schema":{"@context":"https:\/\/schema.org","@graph":[{"@type":"Article","@id":"https:\/\/weltlaeden.de\/schwaebisch-hall\/alles-fair\/#article","isPartOf":{"@id":"https:\/\/weltlaeden.de\/schwaebisch-hall\/alles-fair\/"},"author":{"name":"schwaebisch-hall","@id":"https:\/\/weltlaeden.de\/schwaebisch-hall\/#\/schema\/person\/9a814b82e370b91b5096c8b92d3eca5a"},"headline":"Alles chic und fair","datePublished":"2024-11-05T15:42:21+00:00","dateModified":"2025-01-14T15:33:50+00:00","mainEntityOfPage":{"@id":"https:\/\/weltlaeden.de\/schwaebisch-hall\/alles-fair\/"},"wordCount":155,"image":{"@id":"https:\/\/weltlaeden.de\/schwaebisch-hall\/alles-fair\/#primaryimage"},"thumbnailUrl":"https:\/\/weltlaeden.de\/schwaebisch-hall\/wp-content\/uploads\/sites\/187\/2024\/03\/IMG_20240717_115924.jpg","articleSection":["Neuigkeiten"],"inLanguage":"de"},{"@type":"WebPage","@id":"https:\/\/weltlaeden.de\/schwaebisch-hall\/alles-fair\/","url":"https:\/\/weltlaeden.de\/schwaebisch-hall\/alles-fair\/","name":"Alles chic und fair - Weltladen Schw\u00e4bisch Hall","isPartOf":{"@id":"https:\/\/weltlaeden.de\/schwaebisch-hall\/#website"},"primaryImageOfPage":{"@id":"https:\/\/weltlaeden.de\/schwaebisch-hall\/alles-fair\/#primaryimage"},"image":{"@id":"https:\/\/weltlaeden.de\/schwaebisch-hall\/alles-fair\/#primaryimage"},"thumbnailUrl":"https:\/\/weltlaeden.de\/schwaebisch-hall\/wp-content\/uploads\/sites\/187\/2024\/03\/IMG_20240717_115924.jpg","datePublished":"2024-11-05T15:42:21+00:00","dateModified":"2025-01-14T15:33:50+00:00","author":{"@id":"https:\/\/weltlaeden.de\/schwaebisch-hall\/#\/schema\/person\/9a814b82e370b91b5096c8b92d3eca5a"},"breadcrumb":{"@id":"https:\/\/weltlaeden.de\/schwaebisch-hall\/alles-fair\/#breadcrumb"},"inLanguage":"de","potentialAction":[{"@type":"ReadAction","target":["https:\/\/weltlaeden.de\/schwaebisch-hall\/alles-fair\/"]}]},{"@type":"ImageObject","inLanguage":"de","@id":"https:\/\/weltlaeden.de\/schwaebisch-hall\/alles-fair\/#primaryimage","url":"https:\/\/weltlaeden.de\/schwaebisch-hall\/wp-content\/uploads\/sites\/187\/2024\/03\/IMG_20240717_115924.jpg","contentUrl":"https:\/\/weltlaeden.de\/schwaebisch-hall\/wp-content\/uploads\/sites\/187\/2024\/03\/IMG_20240717_115924.jpg","width":640,"height":480},{"@type":"BreadcrumbList","@id":"https:\/\/weltlaeden.de\/schwaebisch-hall\/alles-fair\/#breadcrumb","itemListElement":[{"@type":"ListItem","position":1,"name":"Startseite","item":"https:\/\/weltlaeden.de\/schwaebisch-hall\/"},{"@type":"ListItem","position":2,"name":"Alles chic und fair"}]},{"@type":"WebSite","@id":"https:\/\/weltlaeden.de\/schwaebisch-hall\/#website","url":"https:\/\/weltlaeden.de\/schwaebisch-hall\/","name":"Weltladen Schw\u00e4bisch Hall","description":"Fachhandel f\u00fcr Faire Produkte","potentialAction":[{"@type":"SearchAction","target":{"@type":"EntryPoint","urlTemplate":"https:\/\/weltlaeden.de\/schwaebisch-hall\/?s={search_term_string}"},"query-input":{"@type":"PropertyValueSpecification","valueRequired":true,"valueName":"search_term_string"}}],"inLanguage":"de"},{"@type":"Person","@id":"https:\/\/weltlaeden.de\/schwaebisch-hall\/#\/schema\/person\/9a814b82e370b91b5096c8b92d3eca5a","name":"schwaebisch-hall","image":{"@type":"ImageObject","inLanguage":"de","@id":"https:\/\/weltlaeden.de\/schwaebisch-hall\/#\/schema\/person\/image\/","url":"https:\/\/secure.gravatar.com\/avatar\/c8b98eb23b92db1b13ff7cf3a35e9eb5?s=96&d=mm&r=g","contentUrl":"https:\/\/secure.gravatar.com\/avatar\/c8b98eb23b92db1b13ff7cf3a35e9eb5?s=96&d=mm&r=g","caption":"schwaebisch-hall"}}]}},"_links":{"self":[{"href":"https:\/\/weltlaeden.de\/schwaebisch-hall\/wp-json\/wp\/v2\/posts\/1931","targetHints":{"allow":["GET"]}}],"collection":[{"href":"https:\/\/weltlaeden.de\/schwaebisch-hall\/wp-json\/wp\/v2\/posts"}],"about":[{"href":"https:\/\/weltlaeden.de\/schwaebisch-hall\/wp-json\/wp\/v2\/types\/post"}],"author":[{"embeddable":true,"href":"https:\/\/weltlaeden.de\/schwaebisch-hall\/wp-json\/wp\/v2\/users\/279"}],"replies":[{"embeddable":true,"href":"https:\/\/weltlaeden.de\/schwaebisch-hall\/wp-json\/wp\/v2\/comments?post=1931"}],"version-history":[{"count":47,"href":"https:\/\/weltlaeden.de\/schwaebisch-hall\/wp-json\/wp\/v2\/posts\/1931\/revisions"}],"predecessor-version":[{"id":2324,"href":"https:\/\/weltlaeden.de\/schwaebisch-hall\/wp-json\/wp\/v2\/posts\/1931\/revisions\/2324"}],"wp:featuredmedia":[{"embeddable":true,"href":"https:\/\/weltlaeden.de\/schwaebisch-hall\/wp-json\/wp\/v2\/media\/1922"}],"wp:attachment":[{"href":"https:\/\/weltlaeden.de\/schwaebisch-hall\/wp-json\/wp\/v2\/media?parent=1931"}],"wp:term":[{"taxonomy":"category","embeddable":true,"href":"https:\/\/weltlaeden.de\/schwaebisch-hall\/wp-json\/wp\/v2\/categories?post=1931"},{"taxonomy":"post_tag","embeddable":true,"href":"https:\/\/weltlaeden.de\/schwaebisch-hall\/wp-json\/wp\/v2\/tags?post=1931"}],"curies":[{"name":"wp","href":"https:\/\/api.w.org\/{rel}","templated":true}]}}